{"id":6198,"date":"2024-12-02T15:41:46","date_gmt":"2024-12-02T14:41:46","guid":{"rendered":"https:\/\/www.brenne-au-coeur.com\/?p=6198"},"modified":"2024-12-02T15:41:46","modified_gmt":"2024-12-02T14:41:46","slug":"grues-en-vue","status":"publish","type":"post","link":"https:\/\/www.brenne-au-coeur.com\/index.php\/2024\/12\/02\/grues-en-vue\/parc-de-la-brenne\/6198\/","title":{"rendered":"Grues en vue\u00a0!"},"content":{"rendered":"<p><span style=\"font-size: large;\"><a href=\"https:\/\/www.brenne-au-coeur.com\/wp-content\/uploads\/2024\/12\/grues-cendrees-2.jpeg\" rel=\"lightbox[6198]\"><img loading=\"lazy\" decoding=\"async\" class=\"alignleft wp-image-6199\" src=\"https:\/\/www.brenne-au-coeur.com\/wp-content\/uploads\/2024\/12\/grues-cendrees-2.jpeg\" alt=\"\" width=\"377\" height=\"235\" srcset=\"https:\/\/www.brenne-au-coeur.com\/wp-content\/uploads\/2024\/12\/grues-cendrees-2.jpeg 284w, https:\/\/www.brenne-au-coeur.com\/wp-content\/uploads\/2024\/12\/grues-cendrees-2-150x93.jpeg 150w\" sizes=\"auto, (max-width: 377px) 100vw, 377px\" \/><\/a>Vendredi 03 janvier 2025, de 15h00 \u00e0 17h30, le <a href=\"https:\/\/www.parc-naturel-brenne.fr\/\">Parc Naturel R\u00e9gional de la Brenne<\/a> organise une visite accompagn\u00e9e pour aller \u00e0 la rencontre des Grues Cendr\u00e9es. L\u2019animation sera assur\u00e9e par Tony Williams. Le rendez-vous est fix\u00e9 \u00e0 la maison du Parc, au Bouchet.<\/span><\/p>\n<p><span style=\"font-size: large;\">Les Grues cendr\u00e9es visitent la Brenne 2 fois l&rsquo;an&nbsp;: une 1e fois lors de la migration d&rsquo;automne qui les m\u00e8ne des pays scandinaves vers le sud de l&rsquo;Europe et une 2nd fois en fin d&rsquo;hiver, lorsqu&rsquo;elles effectuent ce voyage en sens inverse pour rejoindre leur zone de nidification. Certaines de ces voyageuses s\u00e9journent en Brenne tout l&rsquo;hiver. Le jour, elles s&rsquo;alimentent dans les prairies ou les parcelles de ma\u00efs d\u00e9j\u00e0 r\u00e9colt\u00e9es puis, le soir venu, elles se regroupent en dortoir pour passer la nuit. Les personnes participant aux animations programm\u00e9es le matin verront le d\u00e9placement des grues du dortoir aux lieux de gagnage (nourrissage) et celles participant aux animations programm\u00e9es en fin d&rsquo;apr\u00e8s-midi, verront l&rsquo;inverse, c\u2019est-\u00e0-dire les d\u00e9placements des lieux de gagnage au dortoir.<\/span><\/p>\n<p><span style=\"font-size: large;\">La R\u00e9servation est obligatoire. Mini 1 pers. &#8211; maxi 12 pers. Pr\u00e9voir des chaussures adapt\u00e9es, des bottes si le terrain est humide. Porter des v\u00eatements aux couleurs neutres et chauds adapt\u00e9s \u00e0 la m\u00e9t\u00e9o. D\u00e9placements en v\u00e9hicule personnel sur diff\u00e9rents lieux suivant les derni\u00e8res observations (privil\u00e9gier le co-voiturage). Enfant \u00e0 partir de 8 ans accompagn\u00e9 d&rsquo;un adulte. L\u2019animation peut \u00eatre annul\u00e9e si les grues ne sont pas pr\u00e9sentes en nombre suffisant. Ouverture des r\u00e9servations des sorties \u00e0 partir de d\u00e9but octobre.<\/span><\/p>\n<p><span style=\"font-size: large;\">Tarifs adulte plein tarif&nbsp;: 10 \u20ac, enfant d\u00e8s 8 ans&nbsp;: 5 \u20ac<\/span><\/p>\n<p><span style=\"font-size: large;\">Renseignements \/ R\u00e9servation<\/span><\/p>\n<p><span style=\"font-size: large;\">02 54 28 12 13 (Maison du Parc)<\/span><\/p>\n<p><span style=\"font-size: large;\">02 54 28 20 28 (Destination Brenne)<\/span><\/p>\n<p><span style=\"font-size: large;\">tourisme@parc-naturel-brenne.fr<\/span><\/p>\n<p><span style=\"font-size: large;\">www.parc-naturel-brenne.fr\/observez\/sorties-et-animations-nature\/oiseaux<\/span><\/p>\n","protected":false},"excerpt":{"rendered":"<p>Vendredi 03 janvier 2025, de 15h00 \u00e0 17h30, le Parc Naturel R\u00e9gional de la Brenne organise une visite accompagn\u00e9e pour aller \u00e0 la rencontre des Grues Cendr\u00e9es. L\u2019animation sera assur\u00e9e par Tony Williams. Le rendez-vous est fix\u00e9 \u00e0 la maison du Parc, au Bouchet. Les Grues cendr\u00e9es visitent la Brenne 2 fois l&rsquo;an&nbsp;: une 1e&hellip;&nbsp;<a href=\"https:\/\/www.brenne-au-coeur.com\/index.php\/2024\/12\/02\/grues-en-vue\/parc-de-la-brenne\/6198\/\" rel=\"bookmark\">Lire la suite&nbsp;&raquo;<span class=\"screen-reader-text\">Grues en vue\u00a0!<\/span><\/a><\/p>\n","protected":false},"author":1,"featured_media":6200,"comment_status":"open","ping_status":"open","sticky":false,"template":"","format":"standard","meta":{"rop_custom_images_group":[],"rop_custom_messages_group":[],"rop_publish_now":"initial","rop_publish_now_accounts":[],"rop_publish_now_history":[],"rop_publish_now_status":"pending","_monsterinsights_skip_tracking":false,"_monsterinsights_sitenote_active":false,"_monsterinsights_sitenote_note":"","_monsterinsights_sitenote_category":0,"neve_meta_sidebar":"","neve_meta_container":"","neve_meta_enable_content_width":"off","neve_meta_content_width":70,"neve_meta_title_alignment":"","neve_meta_author_avatar":"","neve_post_elements_order":"","neve_meta_disable_header":"","neve_meta_disable_footer":"","neve_meta_disable_title":"","_jetpack_memberships_contains_paid_content":false,"footnotes":"","jetpack_publicize_message":"","jetpack_publicize_feature_enabled":true,"jetpack_social_post_already_shared":true,"jetpack_social_options":{"image_generator_settings":{"template":"highway","default_image_id":0,"font":"","enabled":false},"version":2}},"categories":[165],"tags":[27],"class_list":["post-6198","post","type-post","status-publish","format-standard","has-post-thumbnail","hentry","category-parc-de-la-brenne","tag-nature"],"aioseo_notices":[],"jetpack_publicize_connections":[],"jetpack_featured_media_url":"https:\/\/www.brenne-au-coeur.com\/wp-content\/uploads\/2024\/12\/grues-cendrees-1.jpeg","jetpack-related-posts":[],"jetpack_sharing_enabled":true,"_links":{"self":[{"href":"https:\/\/www.brenne-au-coeur.com\/index.php\/wp-json\/wp\/v2\/posts\/6198","targetHints":{"allow":["GET"]}}],"collection":[{"href":"https:\/\/www.brenne-au-coeur.com\/index.php\/wp-json\/wp\/v2\/posts"}],"about":[{"href":"https:\/\/www.brenne-au-coeur.com\/index.php\/wp-json\/wp\/v2\/types\/post"}],"author":[{"embeddable":true,"href":"https:\/\/www.brenne-au-coeur.com\/index.php\/wp-json\/wp\/v2\/users\/1"}],"replies":[{"embeddable":true,"href":"https:\/\/www.brenne-au-coeur.com\/index.php\/wp-json\/wp\/v2\/comments?post=6198"}],"version-history":[{"count":1,"href":"https:\/\/www.brenne-au-coeur.com\/index.php\/wp-json\/wp\/v2\/posts\/6198\/revisions"}],"predecessor-version":[{"id":6201,"href":"https:\/\/www.brenne-au-coeur.com\/index.php\/wp-json\/wp\/v2\/posts\/6198\/revisions\/6201"}],"wp:featuredmedia":[{"embeddable":true,"href":"https:\/\/www.brenne-au-coeur.com\/index.php\/wp-json\/wp\/v2\/media\/6200"}],"wp:attachment":[{"href":"https:\/\/www.brenne-au-coeur.com\/index.php\/wp-json\/wp\/v2\/media?parent=6198"}],"wp:term":[{"taxonomy":"category","embeddable":true,"href":"https:\/\/www.brenne-au-coeur.com\/index.php\/wp-json\/wp\/v2\/categories?post=6198"},{"taxonomy":"post_tag","embeddable":true,"href":"https:\/\/www.brenne-au-coeur.com\/index.php\/wp-json\/wp\/v2\/tags?post=6198"}],"curies":[{"name":"wp","href":"https:\/\/api.w.org\/{rel}","templated":true}]}}