{"id":6151,"date":"2024-11-18T15:45:51","date_gmt":"2024-11-18T14:45:51","guid":{"rendered":"https:\/\/www.brenne-au-coeur.com\/?p=6151"},"modified":"2024-11-18T15:45:51","modified_gmt":"2024-11-18T14:45:51","slug":"sauver-gaza","status":"publish","type":"post","link":"https:\/\/www.brenne-au-coeur.com\/index.php\/2024\/11\/18\/sauver-gaza\/mouvement-de-la-paix\/6151\/","title":{"rendered":"Sauver Gaza&nbsp;!"},"content":{"rendered":"<p><span style=\"font-size: large;\">\u00a0<\/span><\/p>\n<p><span style=\"font-size: large;\"><a href=\"https:\/\/www.brenne-au-coeur.com\/wp-content\/uploads\/2024\/11\/gaza-3.jpeg\" rel=\"lightbox[6151]\"><img loading=\"lazy\" decoding=\"async\" class=\"alignleft wp-image-6152\" src=\"https:\/\/www.brenne-au-coeur.com\/wp-content\/uploads\/2024\/11\/gaza-3.jpeg\" alt=\"\" width=\"332\" height=\"221\" srcset=\"https:\/\/www.brenne-au-coeur.com\/wp-content\/uploads\/2024\/11\/gaza-3.jpeg 275w, https:\/\/www.brenne-au-coeur.com\/wp-content\/uploads\/2024\/11\/gaza-3-150x100.jpeg 150w, https:\/\/www.brenne-au-coeur.com\/wp-content\/uploads\/2024\/11\/gaza-3-272x182.jpeg 272w\" sizes=\"auto, (max-width: 332px) 100vw, 332px\" \/><\/a> Depuis un an l&rsquo;horreur atteint des sommets inou\u00efs \u00e0 Gaza en Cisjordanie et \u00e0 J\u00e9rusalem. Isra\u00ebl m\u00e8ne une politique de destruction totale \u00e0 Gaza, de massacres de la population, en majorit\u00e9 des victimes civiles, femmes et enfants. L&rsquo;ONU a d\u00e9nonc\u00e9 un g\u00e9nocide plausible. En Cisjordanie et \u00e0 J\u00e9rusalem, la colonisation et l&rsquo;annexion des territoires se g\u00e9n\u00e9ralisent, au m\u00e9pris des accords et des r\u00e9solutions internationales et de l&rsquo;arr\u00eat de la Cour Internationale de Justice du 19 juillet. Pire encore, les attaques contre le Liban, o\u00f9 m\u00eame des forces de l&rsquo;ONU ont \u00e9t\u00e9 cibl\u00e9es, font maintenant craindre le risque d\u2019un embrasement de tout le Moyen-Orient&nbsp;!<\/span><\/p>\n<p><span style=\"font-size: large;\">Le blocage de convois d&rsquo;aide humanitaire \u00e0 Gaza et l&rsquo;interdiction d\u00e9cid\u00e9e par Isra\u00ebl pour l&rsquo;UNRWA (1) d&rsquo;exercer ses activit\u00e9s en Palestine, abandonnant la population en proie \u00e0 la famine; sans structures sanitaires \u00e0 Gaza. Partout dans le monde l&rsquo;indignation des populations s&rsquo;est fortement exprim\u00e9e, ainsi que des condamnations r\u00e9it\u00e9r\u00e9es de l\u2019ONU et de nombreux gouvernements.<\/span><\/p>\n<p><span style=\"font-size: large;\">Cela ne peut plus durer&nbsp;! Nous nous adressons \u00e0 l\u2019UE pour dire&nbsp;; les discours ne suffisent plus. Il faut des actes pour arr\u00eater la guerre et le risque de destruction totale de la population palestinienne. Des pressions doivent \u00eatre exerc\u00e9es pour stopper Netanyahou et son gouvernement d\u2019extr\u00eame-droite; pr\u00eats \u00e0 jouer la carte du chaos total, y compris d&rsquo;une conflagration mondiale. Que des sanctions soient prises conform\u00e9ment au droit international. Le Mouvement de la paix s&rsquo;est adress\u00e9 au Pr\u00e9sident Macron pour lui demander de \u00ab\u00a0prendre des \u00ab\u00a0initiatives marquantes\u00a0\u00bb pour le cessez-le-feu \u00ab\u00a0pour reconna\u00eetre l\u2019\u00c9tat de Palestine, pour mettre en place les \u00e9l\u00e9ments d&rsquo;une solution politique\u00a0\u00bb qui permettra d&rsquo;arriver \u00e0 une paix juste et durable et \u00e0 la s\u00e9curit\u00e9 des peuples de la r\u00e9gion.<\/span><\/p>\n<p><span style=\"font-size: large;\">Il n&rsquo;y a pas de solution militaire au Moyen-Orient&nbsp;! Le Mouvement de la paix s&rsquo;adresse au Parlement europ\u00e9en avec les organisations d&rsquo;autres pays (Suisse, Allemagne, Luxembourg, Belgique), pour lui demander de briser le mur du silence et d&rsquo;agir&nbsp;!<\/span><\/p>\n<p><span style=\"font-size: large;\">En premier lieu l&rsquo;UE peut reconnaitre l\u2019\u00c9tat de Palestine dans le respect des r\u00e9solutions des Nations unies, dans le cadre de la solution \u00e0 deux \u00c9tats avec un \u00c9tat de Palestine \u00e0 c\u00f4t\u00e9 d&rsquo;Isra\u00ebl sur les fronti\u00e8res de 1967 comme l&rsquo;ont fait d\u00e9j\u00e0 3 \u00e9tats de l&rsquo;UE (Espagne, Irlande, Slov\u00e9nie) et mettre fin \u00e0 l&rsquo;accord d&rsquo;association avec Isra\u00ebl.<\/span><\/p>\n<p><span style=\"font-size: large;\">Et doit agir pour\u00a0:<\/span><\/p>\n<p><span style=\"font-size: large;\">\u00b7 Un cessez-le-feu imm\u00e9diat et p\u00e9renne au Liban et \u00e0 Gaza<\/span><\/p>\n<p><span style=\"font-size: large;\">\u00b7 le retrait de l&rsquo;arm\u00e9e isra\u00e9lienne de Gaza et l&rsquo;ouverture imm\u00e9diate de tous les points de passage \u00e0 l&rsquo;aide humanitaire<\/span><\/p>\n<p><span style=\"font-size: large;\">\u00b7 la fin de l&rsquo;occupation de la Cisjordanie et \u00e0 J\u00e9rusalem comme vient de l\u2019exiger l\u2019Onu par la r\u00e9solution du 18 septembre<\/span><\/p>\n<p><span style=\"font-size: large;\">\u00b7 la cessation de toute coop\u00e9ration militaire avec Isra\u00ebl et un embargo sur les livraisons d\u2019armes et de composants militaires en faveur d\u2019Isra\u00ebl<\/span><\/p>\n<p><span style=\"font-size: large;\">\u00b7 le soutien aux proc\u00e9dures des instances de justice internationale de l&rsquo;ONU concernant les crimes de guerre et crimes contre l&rsquo;humanit\u00e9 pour toutes les parties<\/span><\/p>\n<p><span style=\"font-size: large;\">\u00b7 la lib\u00e9ration des otages d\u00e9tenus par le Hamas et des prisonniers palestiniens<\/span><\/p>\n<p><span style=\"font-size: large;\">\u00b7 le renforcement de la Finul force d\u2019interposition et de paix dans la r\u00e9gion et la mise en place d\u2019une force internationale de protection en Cisjordanie et \u00e0 Gaza.<\/span><\/p>\n<p><span style=\"font-size: large;\">A la veille du 80\u00e8me anniversaire des bombardements atomiques sur Hiroshima et Nagasaki, le Mouvement de la Paix demande que soit remise en d\u00e9bat \u00e0 l&rsquo;ONU la proposition d\u2019\u00e9tablissement d\u2019une ZEAN\/ZEADM(2) dans la r\u00e9gion alors qu\u2019en novembre 2019 les \u00c9tats participant \u00e0 la conf\u00e9rence pour la cr\u00e9ation d\u2019une ZEAN au moyen orient se sont engag\u00e9s, dans une d\u00e9claration politique, \u00e0 poursuivre \u201cde mani\u00e8re ouverture et inclusive\u201d l\u2019\u00e9laboration d\u2019un trait\u00e9 sur une zone exempte d\u2019armes de destruction massive au Moyen-Orient dont le principe a \u00e9t\u00e9 act\u00e9 il y a 49 ans par l\u2019AG de l\u2019ONU.<\/span><\/p>\n<p><span style=\"font-size: large;\">Sur ces fondements le Mouvement de la Paix appelle \u00e0 participer au rassemblement devant le parlement de l&rsquo;Union Europ\u00e9enne \u00e0 Strasbourg le 27 novembre 2024 avec la participation de parlementaires europ\u00e9ens.<\/span><\/p>\n<p><span style=\"font-size: large;\">Le Mouvement de la Paix, le 15 novembre 2024<\/span><\/p>\n<p><span style=\"font-size: large;\">(1) UNRWA&nbsp;: Office de secours et de travaux des Nations Unies pour les r\u00e9fugi\u00e9s de Palestine dans le Proche-Orient. (2) Zone exempte d&rsquo;armes nucl\u00e9aires<\/span><\/p>\n","protected":false},"excerpt":{"rendered":"<p>\u00a0 Depuis un an l&rsquo;horreur atteint des sommets inou\u00efs \u00e0 Gaza en Cisjordanie et \u00e0 J\u00e9rusalem. Isra\u00ebl m\u00e8ne une politique de destruction totale \u00e0 Gaza, de massacres de la population, en majorit\u00e9 des victimes civiles, femmes et enfants. L&rsquo;ONU a d\u00e9nonc\u00e9 un g\u00e9nocide plausible. En Cisjordanie et \u00e0 J\u00e9rusalem, la colonisation et l&rsquo;annexion des territoires&hellip;&nbsp;<a href=\"https:\/\/www.brenne-au-coeur.com\/index.php\/2024\/11\/18\/sauver-gaza\/mouvement-de-la-paix\/6151\/\" rel=\"bookmark\">Lire la suite&nbsp;&raquo;<span class=\"screen-reader-text\">Sauver Gaza&nbsp;!<\/span><\/a><\/p>\n","protected":false},"author":1,"featured_media":6153,"comment_status":"open","ping_status":"open","sticky":false,"template":"","format":"standard","meta":{"rop_custom_images_group":[],"rop_custom_messages_group":[],"rop_publish_now":"initial","rop_publish_now_accounts":[],"rop_publish_now_history":[],"rop_publish_now_status":"pending","_monsterinsights_skip_tracking":false,"_monsterinsights_sitenote_active":false,"_monsterinsights_sitenote_note":"","_monsterinsights_sitenote_category":0,"neve_meta_sidebar":"","neve_meta_container":"","neve_meta_enable_content_width":"off","neve_meta_content_width":70,"neve_meta_title_alignment":"","neve_meta_author_avatar":"","neve_post_elements_order":"","neve_meta_disable_header":"","neve_meta_disable_footer":"","neve_meta_disable_title":"","_jetpack_memberships_contains_paid_content":false,"footnotes":"","jetpack_publicize_message":"","jetpack_publicize_feature_enabled":true,"jetpack_social_post_already_shared":true,"jetpack_social_options":{"image_generator_settings":{"template":"highway","default_image_id":0,"font":"","enabled":false},"version":2}},"categories":[156],"tags":[125],"class_list":["post-6151","post","type-post","status-publish","format-standard","has-post-thumbnail","hentry","category-mouvement-de-la-paix","tag-pacifisme"],"aioseo_notices":[],"jetpack_publicize_connections":[],"jetpack_featured_media_url":"https:\/\/www.brenne-au-coeur.com\/wp-content\/uploads\/2024\/11\/gaza2.jpeg","jetpack-related-posts":[],"jetpack_sharing_enabled":true,"_links":{"self":[{"href":"https:\/\/www.brenne-au-coeur.com\/index.php\/wp-json\/wp\/v2\/posts\/6151","targetHints":{"allow":["GET"]}}],"collection":[{"href":"https:\/\/www.brenne-au-coeur.com\/index.php\/wp-json\/wp\/v2\/posts"}],"about":[{"href":"https:\/\/www.brenne-au-coeur.com\/index.php\/wp-json\/wp\/v2\/types\/post"}],"author":[{"embeddable":true,"href":"https:\/\/www.brenne-au-coeur.com\/index.php\/wp-json\/wp\/v2\/users\/1"}],"replies":[{"embeddable":true,"href":"https:\/\/www.brenne-au-coeur.com\/index.php\/wp-json\/wp\/v2\/comments?post=6151"}],"version-history":[{"count":1,"href":"https:\/\/www.brenne-au-coeur.com\/index.php\/wp-json\/wp\/v2\/posts\/6151\/revisions"}],"predecessor-version":[{"id":6154,"href":"https:\/\/www.brenne-au-coeur.com\/index.php\/wp-json\/wp\/v2\/posts\/6151\/revisions\/6154"}],"wp:featuredmedia":[{"embeddable":true,"href":"https:\/\/www.brenne-au-coeur.com\/index.php\/wp-json\/wp\/v2\/media\/6153"}],"wp:attachment":[{"href":"https:\/\/www.brenne-au-coeur.com\/index.php\/wp-json\/wp\/v2\/media?parent=6151"}],"wp:term":[{"taxonomy":"category","embeddable":true,"href":"https:\/\/www.brenne-au-coeur.com\/index.php\/wp-json\/wp\/v2\/categories?post=6151"},{"taxonomy":"post_tag","embeddable":true,"href":"https:\/\/www.brenne-au-coeur.com\/index.php\/wp-json\/wp\/v2\/tags?post=6151"}],"curies":[{"name":"wp","href":"https:\/\/api.w.org\/{rel}","templated":true}]}}