{"id":6106,"date":"2024-10-22T09:31:57","date_gmt":"2024-10-22T07:31:57","guid":{"rendered":"https:\/\/www.brenne-au-coeur.com\/?p=6106"},"modified":"2024-10-27T19:03:58","modified_gmt":"2024-10-27T18:03:58","slug":"spectacle-vivant-la-crise","status":"publish","type":"post","link":"https:\/\/www.brenne-au-coeur.com\/index.php\/2024\/10\/22\/spectacle-vivant-la-crise\/communes\/6106\/","title":{"rendered":"Spectacle vivant, la crise"},"content":{"rendered":"<p><strong><span style=\"color: #333333;\"><span style=\"font-family: Liberation Serif, serif;\"><span style=\"font-size: large;\">Saisons<\/span><\/span><\/span><span style=\"color: #333333;\"><span style=\"font-family: Liberation Serif, serif;\"><span style=\"font-size: large;\"> raccourcies, projets \u00e0 l\u2019arr\u00eat, budgets en berne, \u00e9lus d\u00e9sireux de reprendre la main sur les programmations\u2026 Le spectacle vivant est en souffrance. De l\u2019Op\u00e9ra de Paris \u00e0 la Com\u00e9die Fran\u00e7aise, du th\u00e9\u00e2tre national de la Colline \u00e0 celui des Amandiers\u2026<\/span><\/span><\/span><\/strong><\/p>\n<p>&nbsp;<\/p>\n<p><strong><span style=\"color: #333333;\"><span style=\"font-family: Liberation Serif, serif;\"><span style=\"font-size: large;\">Les programmes de la saison 2024-2025 ne laissent rien para\u00eetre qui, page apr\u00e8s page, pr\u00e9sentent les spectacles \u00e0 l\u2019affiche dans les th\u00e9\u00e2tres. Pourtant, on remarque soudain que les premiers spectacles qui ouvrent la saison th\u00e9\u00e2trale, dans le service public, sont \u00ab&nbsp;l\u00e9g\u00e8rement&nbsp;\u00bb d\u00e9cal\u00e9s. Un d\u00e9calage \u00e0 peine perceptible \u00e0 l\u2019\u0153il nu. L\u00e0 o\u00f9 la saison d\u00e9marrait dans la premi\u00e8re quinzaine de septembre, voil\u00e0 que les premi\u00e8res ont lieu fin septembre, apr\u00e8s l\u2019arriv\u00e9e de l\u2019automne. Cela fait quelques ann\u00e9es que l\u2019\u00e9rosion a commenc\u00e9 mais, l\u00e0, elle est plus importante que jamais. Ces retards de calendrier sont un indicateur des difficult\u00e9s que rencontrent les th\u00e9\u00e2tres de service public pour assurer leur mission. Ils sont la cons\u00e9quence des \u00e9conomies impos\u00e9es par Bercy au printemps dernier, \u00e9conomies qui s\u2019ajoutent aux pr\u00e9c\u00e9dentes. Depuis le Covid, les th\u00e9\u00e2tres ont d\u00fb faire face \u00e0 l\u2019explosion des co\u00fbts des mati\u00e8res premi\u00e8res et assurer l\u2019augmentation, normale, des salaires, alors que, dans un m\u00eame mouvement, les subventions des collectivit\u00e9s territoriales, principaux bailleurs, \u00e9taient revues \u00e0 la baisse.<\/span><\/span><\/span><\/strong><\/p>\n<p><strong><span style=\"color: #333333;\"><span style=\"font-family: Liberation Serif, serif;\"><span style=\"font-size: large;\">Le vent de l\u2019au<\/span><\/span><\/span><\/strong><strong><span style=\"color: #333333;\"><span style=\"font-family: Liberation Serif, serif;\">s<\/span><\/span><\/strong><strong><span style=\"color: #333333;\"><span style=\"font-family: Liberation Serif, serif;\">t\u00e9rit\u00e9<\/span><\/span><\/strong><\/p>\n<p><span style=\"color: #333333;\"><span style=\"font-family: Liberation Serif, serif;\"><span style=\"font-size: large;\">Un<\/span><\/span><\/span><strong><span style=\"color: #333333;\"><span style=\"font-family: Liberation Serif, serif;\"><span style=\"font-size: large;\"> \u00e9tat des lieux aggrav\u00e9 par des injonctions minist\u00e9rielles, \u00ab&nbsp;mieux produire, mieux diffuser&nbsp;\u00bb, qui, dans les faits, mettent en p\u00e9ril les compagnies les plus fragiles, les plus jeunes, ainsi que la diversit\u00e9, la pluralit\u00e9 des cr\u00e9ations. Jusqu\u2019\u00e0 pr\u00e9sent, on grignotait discr\u00e8tement sur la marge artistique. D\u00e9sormais, cela n\u2019est plus possible. La d\u00e9mission du directeur de l\u2019Od\u00e9on, St\u00e9phane Braunschweig, en d\u00e9cembre 2023, s\u2019est faite dans la quasi-indiff\u00e9rence du secteur. Pourtant, c\u2019\u00e9tait bien son impossibilit\u00e9 de b\u00e2tir une saison artistique digne d\u2019un th\u00e9\u00e2tre national qui en fut la cause. Il a fallu attendre quelques chiffres au printemps dernier \u2013 qui pointaient une baisse, pour l\u2019ann\u00e9e 2024, de 10&nbsp;% du nombre de spectacles diffus\u00e9s dans les centres dramatiques nationaux (CDN) et th\u00e9\u00e2tres nationaux \u2013 pour que la profession s\u2019inqui\u00e8te unanimement.<\/span><\/span><\/span><\/strong><\/p>\n<p><strong><span style=\"color: #333333;\"><span style=\"font-family: Liberation Serif, serif;\"><span style=\"font-size: large;\"><a href=\"https:\/\/www.brenne-au-coeur.com\/wp-content\/uploads\/2024\/10\/crise.jpeg\" rel=\"lightbox[6106]\"><img loading=\"lazy\" decoding=\"async\" class=\"alignleft wp-image-6107\" src=\"https:\/\/www.brenne-au-coeur.com\/wp-content\/uploads\/2024\/10\/crise-300x169.jpeg\" alt=\"\" width=\"369\" height=\"208\" srcset=\"https:\/\/www.brenne-au-coeur.com\/wp-content\/uploads\/2024\/10\/crise-300x169.jpeg 300w, https:\/\/www.brenne-au-coeur.com\/wp-content\/uploads\/2024\/10\/crise-150x84.jpeg 150w, https:\/\/www.brenne-au-coeur.com\/wp-content\/uploads\/2024\/10\/crise-768x432.jpeg 768w, https:\/\/www.brenne-au-coeur.com\/wp-content\/uploads\/2024\/10\/crise.jpeg 896w\" sizes=\"auto, (max-width: 369px) 100vw, 369px\" \/><\/a>Conjointement men\u00e9e par les syndicats employeurs et employ\u00e9s du th\u00e9\u00e2tre public, l\u2019\u00e9tude Lapas annonce fin juin des chiffres alarmants&nbsp;: entre la saison 2018-2019 et 2024-2025, les compagnies qui avaient plus de 100 dates programm\u00e9es par an passeront de 7&nbsp;% \u00e0 4&nbsp;%&nbsp;; entre 50 et 100 dates, de 22&nbsp;% \u00e0 15&nbsp;%&nbsp;; entre 20 et 50, de 39&nbsp;% \u00e0 29&nbsp;% et, tout en bas de l\u2019\u00e9chelle, le nombre de compagnies qui avaient moins de 20 dates par an, passera de 33&nbsp;% \u00e0 52&nbsp;%. Partout, on sent le vent de l\u2019aust\u00e9rit\u00e9 souffler dans les th\u00e9\u00e2tres. La diminution attendue est de 54&nbsp;% du nombre de repr\u00e9sentations entre 2023-2024 et 2024-2025. Un appauvrissement de l\u2019offre culturelle sans pr\u00e9c\u00e9dent qui met en p\u00e9ril l\u2019existence de certaines compagnies. L\u2019\u00e9tude indique que 22&nbsp;% des artistes jusqu\u2019ici accompagn\u00e9s envisagent d\u2019arr\u00eater leur carri\u00e8re ou de dissoudre leur compagnie. 27&nbsp;% des bureaux de production et 40&nbsp;% des compagnies pensent ne pas pouvoir maintenir les emplois administratifs.<\/span><\/span><\/span><\/strong><\/p>\n<p><strong><span style=\"color: #333333;\"><span style=\"font-family: Liberation Serif, serif;\"><span style=\"font-size: large;\">Un plan social qui ne dit pas son nom<\/span><\/span><\/span><\/strong><\/p>\n<p><strong><span style=\"color: #333333;\"><span style=\"font-family: Liberation Serif, serif;\"><span style=\"font-size: large;\"><a href=\"https:\/\/www.brenne-au-coeur.com\/wp-content\/uploads\/2024\/10\/culture1.jpeg\" rel=\"lightbox[6106]\"><img loading=\"lazy\" decoding=\"async\" class=\"alignright wp-image-6108\" src=\"https:\/\/www.brenne-au-coeur.com\/wp-content\/uploads\/2024\/10\/culture1-300x200.jpeg\" alt=\"\" width=\"329\" height=\"219\" srcset=\"https:\/\/www.brenne-au-coeur.com\/wp-content\/uploads\/2024\/10\/culture1-300x200.jpeg 300w, https:\/\/www.brenne-au-coeur.com\/wp-content\/uploads\/2024\/10\/culture1-150x100.jpeg 150w, https:\/\/www.brenne-au-coeur.com\/wp-content\/uploads\/2024\/10\/culture1-768x512.jpeg 768w, https:\/\/www.brenne-au-coeur.com\/wp-content\/uploads\/2024\/10\/culture1-930x620.jpeg 930w, https:\/\/www.brenne-au-coeur.com\/wp-content\/uploads\/2024\/10\/culture1-272x182.jpeg 272w, https:\/\/www.brenne-au-coeur.com\/wp-content\/uploads\/2024\/10\/culture1.jpeg 960w\" sizes=\"auto, (max-width: 329px) 100vw, 329px\" \/><\/a>Ce n\u2019est pas Rachida Dati, renouvel\u00e9e \u00e0 son poste dans le gouvernement Barnier, qui va inverser la tendance, davantage pr\u00e9occup\u00e9e par le patrimoine que par l\u2019art et la cr\u00e9ation contemporaine. Lorsque Bercy annonce, mi-f\u00e9vrier, une \u00e9conomie de 10 milliards, une d\u00e9cision qui se traduit pour la culture par une r\u00e9duction de 200 millions, dont la moiti\u00e9 pour le spectacle vivant, la ministre s\u2019indigne sur les r\u00e9seaux sociaux. Une indignation qui s\u2019arr\u00eate l\u00e0. On ne l\u2019entend plus lorsqu\u2019on apprend, dans la foul\u00e9e, que le budget de l\u2019Op\u00e9ra de Paris est amput\u00e9 de 6 millions d\u2019euros&nbsp;; ceux de la Com\u00e9die-Fran\u00e7aise, de 5 millions&nbsp;; du th\u00e9\u00e2tre national de la Colline et de Chaillot, de 500 000 euros chacun. La locataire de la Rue de Valois a d\u2019autres pr\u00e9occupations, dont la Mairie de Paris, qu\u2019elle convoite sans vergogne.<\/span><\/span><\/span><\/strong><\/p>\n<p><strong><span style=\"color: #333333;\"><span style=\"font-family: Liberation Serif, serif;\"><span style=\"font-size: large;\">Directeur du th\u00e9\u00e2tre des Amandiers, Christophe Rauck l\u2019\u00e9crit dans son \u00e9ditorial de saison&nbsp;: \u00ab&nbsp;Les temps sont difficiles et l\u2019aust\u00e9rit\u00e9 qui nous est promise remet en question le service public de l\u2019art et de la culture pour tous\u00b7tes. Gardons \u00e0 l\u2019esprit qu\u2019il est important de laisser vivre le th\u00e9\u00e2tre, lieu de l\u2019indignation, de la contradiction et de l\u2019esprit critique. Nous sommes comme les lucioles. On pense que si nous disparaissons, le jour va quand m\u00eame se lever. C\u2019est vrai, mais la nuit n\u2019en sera que plus noire&nbsp;\u00bb. D\u00e9j\u00e0, de premi\u00e8res mobilisations pour les services publics ont permis \u00e0 une profession en danger de s\u2019exprimer. En fait, c\u2019est tout le secteur du spectacle vivant qui est menac\u00e9. <\/span><\/span><\/span><\/strong><\/p>\n<p><strong><span style=\"color: #333333;\"><span style=\"font-family: Liberation Serif, serif;\"><span style=\"font-size: large;\">Article de Marie-Jos\u00e9 Sirach, publi\u00e9 chez nos amis de Chantiers de culture<\/span><\/span><\/span><\/strong><\/p>\n","protected":false},"excerpt":{"rendered":"<p>Saisons raccourcies, projets \u00e0 l\u2019arr\u00eat, budgets en berne, \u00e9lus d\u00e9sireux de reprendre la main sur les programmations\u2026 Le spectacle vivant est en souffrance. De l\u2019Op\u00e9ra de Paris \u00e0 la Com\u00e9die Fran\u00e7aise, du th\u00e9\u00e2tre national de la Colline \u00e0 celui des Amandiers\u2026 &nbsp; Les programmes de la saison 2024-2025 ne laissent rien para\u00eetre qui, page apr\u00e8s&hellip;&nbsp;<a href=\"https:\/\/www.brenne-au-coeur.com\/index.php\/2024\/10\/22\/spectacle-vivant-la-crise\/communes\/6106\/\" rel=\"bookmark\">Lire la suite&nbsp;&raquo;<span class=\"screen-reader-text\">Spectacle vivant, la crise<\/span><\/a><\/p>\n","protected":false},"author":1,"featured_media":6109,"comment_status":"open","ping_status":"open","sticky":false,"template":"","format":"standard","meta":{"rop_custom_images_group":[],"rop_custom_messages_group":[],"rop_publish_now":"initial","rop_publish_now_accounts":[],"rop_publish_now_history":[],"rop_publish_now_status":"pending","_monsterinsights_skip_tracking":false,"_monsterinsights_sitenote_active":false,"_monsterinsights_sitenote_note":"","_monsterinsights_sitenote_category":0,"neve_meta_sidebar":"","neve_meta_container":"","neve_meta_enable_content_width":"off","neve_meta_content_width":70,"neve_meta_title_alignment":"","neve_meta_author_avatar":"","neve_post_elements_order":"","neve_meta_disable_header":"","neve_meta_disable_footer":"","neve_meta_disable_title":"","_jetpack_memberships_contains_paid_content":false,"footnotes":"","jetpack_publicize_message":"","jetpack_publicize_feature_enabled":true,"jetpack_social_post_already_shared":true,"jetpack_social_options":{"image_generator_settings":{"template":"highway","default_image_id":0,"font":"","enabled":false},"version":2}},"categories":[8],"tags":[34],"class_list":["post-6106","post","type-post","status-publish","format-standard","has-post-thumbnail","hentry","category-communes","tag-culture"],"aioseo_notices":[],"jetpack_publicize_connections":[],"jetpack_featured_media_url":"https:\/\/www.brenne-au-coeur.com\/wp-content\/uploads\/2024\/10\/culture2-1.jpeg","jetpack-related-posts":[],"jetpack_sharing_enabled":true,"_links":{"self":[{"href":"https:\/\/www.brenne-au-coeur.com\/index.php\/wp-json\/wp\/v2\/posts\/6106","targetHints":{"allow":["GET"]}}],"collection":[{"href":"https:\/\/www.brenne-au-coeur.com\/index.php\/wp-json\/wp\/v2\/posts"}],"about":[{"href":"https:\/\/www.brenne-au-coeur.com\/index.php\/wp-json\/wp\/v2\/types\/post"}],"author":[{"embeddable":true,"href":"https:\/\/www.brenne-au-coeur.com\/index.php\/wp-json\/wp\/v2\/users\/1"}],"replies":[{"embeddable":true,"href":"https:\/\/www.brenne-au-coeur.com\/index.php\/wp-json\/wp\/v2\/comments?post=6106"}],"version-history":[{"count":1,"href":"https:\/\/www.brenne-au-coeur.com\/index.php\/wp-json\/wp\/v2\/posts\/6106\/revisions"}],"predecessor-version":[{"id":6110,"href":"https:\/\/www.brenne-au-coeur.com\/index.php\/wp-json\/wp\/v2\/posts\/6106\/revisions\/6110"}],"wp:featuredmedia":[{"embeddable":true,"href":"https:\/\/www.brenne-au-coeur.com\/index.php\/wp-json\/wp\/v2\/media\/6109"}],"wp:attachment":[{"href":"https:\/\/www.brenne-au-coeur.com\/index.php\/wp-json\/wp\/v2\/media?parent=6106"}],"wp:term":[{"taxonomy":"category","embeddable":true,"href":"https:\/\/www.brenne-au-coeur.com\/index.php\/wp-json\/wp\/v2\/categories?post=6106"},{"taxonomy":"post_tag","embeddable":true,"href":"https:\/\/www.brenne-au-coeur.com\/index.php\/wp-json\/wp\/v2\/tags?post=6106"}],"curies":[{"name":"wp","href":"https:\/\/api.w.org\/{rel}","templated":true}]}}