{"id":6023,"date":"2024-10-20T16:43:48","date_gmt":"2024-10-20T14:43:48","guid":{"rendered":"https:\/\/www.brenne-au-coeur.com\/?p=6023"},"modified":"2024-10-20T16:43:48","modified_gmt":"2024-10-20T14:43:48","slug":"halloween-entre-amis","status":"publish","type":"post","link":"https:\/\/www.brenne-au-coeur.com\/index.php\/2024\/10\/20\/halloween-entre-amis\/le-blanc\/6023\/","title":{"rendered":"Halloween entre amis"},"content":{"rendered":"<p><span style=\"font-size: large;\"><a href=\"https:\/\/www.brenne-au-coeur.com\/wp-content\/uploads\/2024\/10\/amis-du-blanc.jpeg\" rel=\"lightbox[6023]\"><img loading=\"lazy\" decoding=\"async\" class=\"alignleft wp-image-6025 size-full\" src=\"https:\/\/www.brenne-au-coeur.com\/wp-content\/uploads\/2024\/10\/amis-du-blanc.jpeg\" alt=\"\" width=\"264\" height=\"191\" srcset=\"https:\/\/www.brenne-au-coeur.com\/wp-content\/uploads\/2024\/10\/amis-du-blanc.jpeg 264w, https:\/\/www.brenne-au-coeur.com\/wp-content\/uploads\/2024\/10\/amis-du-blanc-150x109.jpeg 150w\" sizes=\"auto, (max-width: 264px) 100vw, 264px\" \/><\/a>Le 31 octobre, de 16h \u00e0 19h, l\u2019association \u00ab&nbsp;Les Amis du Blanc et sa r\u00e9gion&nbsp;\u00bb, offre une soir\u00e9e Halloween, au 11 rue Grande, Ville Haute au Blanc. Au programme&nbsp;: recherche de squelletos, soupe \u00e0 la citrouille et autres r\u00e9jouissances pour petits et grands.<\/span><\/p>\n<p><span style=\"font-size: large;\">L&rsquo;association des Amis du Blanc et de sa r\u00e9gion, cr\u00e9\u00e9e en 1968, a pour mission la pr\u00e9servation, la conservation et la mise en valeur du patrimoine artistique, culturel et \u00e9conomique du Blanc et de sa r\u00e9gion. Elle existe gr\u00e2ce \u00e0 des b\u00e9n\u00e9voles passionn\u00e9s et renouvelant constamment leurs connaissances sur le patrimoine.<\/span><\/p>\n<p><span style=\"font-size: large;\">Le mus\u00e9e des Amis du Blanc et de sa r\u00e9gion est une des activit\u00e9s de l\u2019association. Situ\u00e9 11 Gande Rue de la Ville Haute, vous retrouverez un mus\u00e9e des arts et traditions populaires valorisant la r\u00e9gion.<\/span><\/p>\n<p><span style=\"font-size: large;\"><a href=\"https:\/\/www.brenne-au-coeur.com\/wp-content\/uploads\/2024\/10\/musee-des-amis.jpeg\" rel=\"lightbox[6023]\"><img loading=\"lazy\" decoding=\"async\" class=\"alignright wp-image-6024 size-full\" src=\"https:\/\/www.brenne-au-coeur.com\/wp-content\/uploads\/2024\/10\/musee-des-amis.jpeg\" alt=\"\" width=\"259\" height=\"194\" srcset=\"https:\/\/www.brenne-au-coeur.com\/wp-content\/uploads\/2024\/10\/musee-des-amis.jpeg 259w, https:\/\/www.brenne-au-coeur.com\/wp-content\/uploads\/2024\/10\/musee-des-amis-150x112.jpeg 150w\" sizes=\"auto, (max-width: 259px) 100vw, 259px\" \/><\/a>Install\u00e9, dans une maison du XVe si\u00e8cle, ce petit mus\u00e9e d\u2019arts et traditions populaires \u00e9voque la vie quotidienne du XIXe et du d\u00e9but du XXe si\u00e8cle au village, \u00e0 la ville&#8230; (costumes r\u00e9gionaux, outils) et plus particuli\u00e8rement celle de la cit\u00e9 blancoise&nbsp;: reconstitution d\u2019un int\u00e9rieur berrichon, \u00e9cole d&rsquo;autrefois, artisans, apothicaire, l&rsquo;usine de v\u00e9los DILECTA et v\u00e9lodrome&#8230;En juillet et ao\u00fbt 2024, il \u00e9tait possible de d\u00e9couvrir deux expositions temporaires, l&rsquo;une sur les pompiers d&rsquo;autrefois et d&rsquo;aujourd&rsquo;hui, ainsi que les oeuvres des \u00e9l\u00e8ves de l&rsquo;atelier d&rsquo;art de Laurence DUC.<\/span><\/p>\n<p><span style=\"font-size: large;\">Le mus\u00e9e est ouvert \u00e0 la demande pour les groupes en appelant le 06 01 91 44 90 ou 07 80 12 78 65.<\/span><\/p>\n<p><span style=\"font-size: large;\">Des conf\u00e9rences en lien avec l\u2019Universit\u00e9 Interg\u00e9n\u00e9rations Populaire Blancoise <\/span><\/p>\n<p><span style=\"font-size: large;\">Une revue, <i>\u00ab\u00a0Au fil du temps\u00a0\u00bb<\/i>, est publi\u00e9e une fois par an, ainsi que des ouvrages\u00a0:<\/span><\/p>\n<p><span style=\"font-size: large;\"><i>\u00ab\u00a0La guerre de cent ans, aux confins du Berry et du Poitou\u00a0\u00bb<\/i> et <i>\u00ab\u00a0\u00c9choppes et demeures du 15<\/i><sup><i>e<\/i><\/sup><i> si\u00e8cle au Blanc\u00a0\u00bb<\/i> de Patrick Grosjean<\/span><\/p>\n","protected":false},"excerpt":{"rendered":"<p>Le 31 octobre, de 16h \u00e0 19h, l\u2019association \u00ab&nbsp;Les Amis du Blanc et sa r\u00e9gion&nbsp;\u00bb, offre une soir\u00e9e Halloween, au 11 rue Grande, Ville Haute au Blanc. Au programme&nbsp;: recherche de squelletos, soupe \u00e0 la citrouille et autres r\u00e9jouissances pour petits et grands. L&rsquo;association des Amis du Blanc et de sa r\u00e9gion, cr\u00e9\u00e9e en 1968,&hellip;&nbsp;<a href=\"https:\/\/www.brenne-au-coeur.com\/index.php\/2024\/10\/20\/halloween-entre-amis\/le-blanc\/6023\/\" rel=\"bookmark\">Lire la suite&nbsp;&raquo;<span class=\"screen-reader-text\">Halloween entre amis<\/span><\/a><\/p>\n","protected":false},"author":1,"featured_media":6026,"comment_status":"open","ping_status":"open","sticky":false,"template":"","format":"standard","meta":{"rop_custom_images_group":[],"rop_custom_messages_group":[],"rop_publish_now":"initial","rop_publish_now_accounts":[],"rop_publish_now_history":[],"rop_publish_now_status":"pending","_monsterinsights_skip_tracking":false,"_monsterinsights_sitenote_active":false,"_monsterinsights_sitenote_note":"","_monsterinsights_sitenote_category":0,"neve_meta_sidebar":"","neve_meta_container":"","neve_meta_enable_content_width":"off","neve_meta_content_width":70,"neve_meta_title_alignment":"","neve_meta_author_avatar":"","neve_post_elements_order":"","neve_meta_disable_header":"","neve_meta_disable_footer":"","neve_meta_disable_title":"","_jetpack_memberships_contains_paid_content":false,"footnotes":"","jetpack_publicize_message":"","jetpack_publicize_feature_enabled":true,"jetpack_social_post_already_shared":true,"jetpack_social_options":{"image_generator_settings":{"template":"highway","default_image_id":0,"font":"","enabled":false},"version":2}},"categories":[101],"tags":[71,111],"class_list":["post-6023","post","type-post","status-publish","format-standard","has-post-thumbnail","hentry","category-le-blanc","tag-animation","tag-fetes"],"aioseo_notices":[],"jetpack_publicize_connections":[],"jetpack_featured_media_url":"https:\/\/www.brenne-au-coeur.com\/wp-content\/uploads\/2024\/10\/Soiree-HALLOWEEN-31-10-2024.jpg","jetpack-related-posts":[],"jetpack_sharing_enabled":true,"_links":{"self":[{"href":"https:\/\/www.brenne-au-coeur.com\/index.php\/wp-json\/wp\/v2\/posts\/6023","targetHints":{"allow":["GET"]}}],"collection":[{"href":"https:\/\/www.brenne-au-coeur.com\/index.php\/wp-json\/wp\/v2\/posts"}],"about":[{"href":"https:\/\/www.brenne-au-coeur.com\/index.php\/wp-json\/wp\/v2\/types\/post"}],"author":[{"embeddable":true,"href":"https:\/\/www.brenne-au-coeur.com\/index.php\/wp-json\/wp\/v2\/users\/1"}],"replies":[{"embeddable":true,"href":"https:\/\/www.brenne-au-coeur.com\/index.php\/wp-json\/wp\/v2\/comments?post=6023"}],"version-history":[{"count":1,"href":"https:\/\/www.brenne-au-coeur.com\/index.php\/wp-json\/wp\/v2\/posts\/6023\/revisions"}],"predecessor-version":[{"id":6027,"href":"https:\/\/www.brenne-au-coeur.com\/index.php\/wp-json\/wp\/v2\/posts\/6023\/revisions\/6027"}],"wp:featuredmedia":[{"embeddable":true,"href":"https:\/\/www.brenne-au-coeur.com\/index.php\/wp-json\/wp\/v2\/media\/6026"}],"wp:attachment":[{"href":"https:\/\/www.brenne-au-coeur.com\/index.php\/wp-json\/wp\/v2\/media?parent=6023"}],"wp:term":[{"taxonomy":"category","embeddable":true,"href":"https:\/\/www.brenne-au-coeur.com\/index.php\/wp-json\/wp\/v2\/categories?post=6023"},{"taxonomy":"post_tag","embeddable":true,"href":"https:\/\/www.brenne-au-coeur.com\/index.php\/wp-json\/wp\/v2\/tags?post=6023"}],"curies":[{"name":"wp","href":"https:\/\/api.w.org\/{rel}","templated":true}]}}