{"id":6002,"date":"2024-10-06T15:09:49","date_gmt":"2024-10-06T13:09:49","guid":{"rendered":"https:\/\/www.brenne-au-coeur.com\/?p=6002"},"modified":"2024-10-06T15:09:49","modified_gmt":"2024-10-06T13:09:49","slug":"veronique-despax-sexpose-au-moulin","status":"publish","type":"post","link":"https:\/\/www.brenne-au-coeur.com\/index.php\/2024\/10\/06\/veronique-despax-sexpose-au-moulin\/communes\/mezieres-en-brenne\/6002\/","title":{"rendered":"V\u00e9ronique Despax s\u2019expose au Moulin"},"content":{"rendered":"<p><span style=\"font-size: large;\"><a href=\"https:\/\/www.brenne-au-coeur.com\/wp-content\/uploads\/2024\/10\/IMG_20241004_164800.resized.jpg\" rel=\"lightbox[6002]\"><img loading=\"lazy\" decoding=\"async\" class=\"alignleft wp-image-6001\" src=\"https:\/\/www.brenne-au-coeur.com\/wp-content\/uploads\/2024\/10\/IMG_20241004_164800.resized-300x225.jpg\" alt=\"\" width=\"260\" height=\"195\" srcset=\"https:\/\/www.brenne-au-coeur.com\/wp-content\/uploads\/2024\/10\/IMG_20241004_164800.resized-300x225.jpg 300w, https:\/\/www.brenne-au-coeur.com\/wp-content\/uploads\/2024\/10\/IMG_20241004_164800.resized-150x113.jpg 150w, https:\/\/www.brenne-au-coeur.com\/wp-content\/uploads\/2024\/10\/IMG_20241004_164800.resized.jpg 461w\" sizes=\"auto, (max-width: 260px) 100vw, 260px\" \/><\/a>Le Moulin accueille jusqu\u2019au 31 octobre, les tableaux de V\u00e9ronique Despax. Pourtant, le visiteur pourrait s\u2019y m\u00e9prendre et croire que l\u2019exposition est consacr\u00e9e \u00e0 plusieurs artistes. Tant les univers et les styles de peinture paraissent diff\u00e9rents. En quelques pas, le regard s\u2019attarde dans un univers rose inspir\u00e9 par le corps de la femme puis dans le domaine des bleus aquatiques pour s\u2019\u00e9vader vers des paysages ou des personnages et visages presque photographiques. <\/span><\/p>\n<p><span style=\"font-size: large;\">V\u00e9ronique s\u2019amuse, avec bonheur des possibles, offerts par une aquarelle qu\u2019elle apprivoise depuis peu.<\/span><\/p>\n<p><span style=\"font-size: large;\"><i>\u00ab\u00a0Bien avant d\u2019aborder la peinture, c\u2019est le dessin qui a habit\u00e9 mon enfance. J\u2019ai pu b\u00e9n\u00e9ficier d\u2019apprentissage \u00e0 travers des cours aux cordeliers \u00e0 Ch\u00e2teauroux et durant mes \u00e9tudes, notamment les arts appliqu\u00e9s \u00e0 l\u2019Ecole Sup\u00e9rieure des Arts Appliqu\u00e9s Duperr\u00e9, o\u00f9 je me <a href=\"https:\/\/www.brenne-au-coeur.com\/wp-content\/uploads\/2024\/10\/IMG_20241004_164232.resized.jpg\" rel=\"lightbox[6002]\"><img loading=\"lazy\" decoding=\"async\" class=\"alignright wp-image-6000\" src=\"https:\/\/www.brenne-au-coeur.com\/wp-content\/uploads\/2024\/10\/IMG_20241004_164232.resized-300x225.jpg\" alt=\"\" width=\"243\" height=\"182\" srcset=\"https:\/\/www.brenne-au-coeur.com\/wp-content\/uploads\/2024\/10\/IMG_20241004_164232.resized-300x225.jpg 300w, https:\/\/www.brenne-au-coeur.com\/wp-content\/uploads\/2024\/10\/IMG_20241004_164232.resized-150x113.jpg 150w, https:\/\/www.brenne-au-coeur.com\/wp-content\/uploads\/2024\/10\/IMG_20241004_164232.resized.jpg 461w\" sizes=\"auto, (max-width: 243px) 100vw, 243px\" \/><\/a>destinais au m\u00e9tier de styliste. Apr\u00e8s sept ann\u00e9es dans l\u2019accessoire de mode, le besoin de quitter la capitale et donner un nouveau sens \u00e0 ma vie m\u2019a conduit \u00e0 reprendre mes \u00e9tudes et devenir infirmi\u00e8re. Le travail visuel \u00e9tait toujours l\u00e0, ponctuel, peinture \u00e0 l\u2019huile, linogravure, modelage et toujours quelques croquis. Depuis cinq ans maintenant, j\u2019ai appris la peinture de fa\u00e7on plus assidue en d\u00e9couvrant l\u2019aquarelle qui est maintenant mon activit\u00e9 principale. C\u2019est une pratique qui impose de la r\u00e9serve car il faut garder les \u00ab\u00a0blancs\u00a0\u00bb, travailler la lumi\u00e8re, savoir s\u2019arr\u00eater, tenter de ne pas tout dire. C\u2019est une exploration permanente qui demande de la patience, il faut composer avec l\u2019eau,la r\u00e9sistance du papier, les pigments qui se m\u00ealent, se repoussent, se baladent, peuvent offrir parfois d\u2019heureux hasards.<\/i><\/span><\/p>\n<p><span style=\"font-size: large;\"><i>Car l\u2019aquarelle a son mot \u00e0 dire, elle me dispute un territoire que je voudrais sous contr\u00f4le. Elle ouvre une discussion\u00a0\u00bb, <\/i>explique-t-elle.<\/span><\/p>\n<p><span style=\"font-size: large;\">L\u2019exposition est visible les mardis, mercredis, vendredi de 14h \u00e0 18h, jeudi et samedi de 9h30 \u00e0 12h30 et de 14h \u00e0 18h. <\/span><\/p>\n","protected":false},"excerpt":{"rendered":"<p>Le Moulin accueille jusqu\u2019au 31 octobre, les tableaux de V\u00e9ronique Despax. Pourtant, le visiteur pourrait s\u2019y m\u00e9prendre et croire que l\u2019exposition est consacr\u00e9e \u00e0 plusieurs artistes. Tant les univers et les styles de peinture paraissent diff\u00e9rents. En quelques pas, le regard s\u2019attarde dans un univers rose inspir\u00e9 par le corps de la femme puis dans&hellip;&nbsp;<a href=\"https:\/\/www.brenne-au-coeur.com\/index.php\/2024\/10\/06\/veronique-despax-sexpose-au-moulin\/communes\/mezieres-en-brenne\/6002\/\" rel=\"bookmark\">Lire la suite&nbsp;&raquo;<span class=\"screen-reader-text\">V\u00e9ronique Despax s\u2019expose au Moulin<\/span><\/a><\/p>\n","protected":false},"author":1,"featured_media":5999,"comment_status":"open","ping_status":"open","sticky":false,"template":"","format":"standard","meta":{"rop_custom_images_group":[],"rop_custom_messages_group":[],"rop_publish_now":"initial","rop_publish_now_accounts":[],"rop_publish_now_history":[],"rop_publish_now_status":"pending","_monsterinsights_skip_tracking":false,"_monsterinsights_sitenote_active":false,"_monsterinsights_sitenote_note":"","_monsterinsights_sitenote_category":0,"neve_meta_sidebar":"","neve_meta_container":"","neve_meta_enable_content_width":"off","neve_meta_content_width":70,"neve_meta_title_alignment":"","neve_meta_author_avatar":"","neve_post_elements_order":"","neve_meta_disable_header":"","neve_meta_disable_footer":"","neve_meta_disable_title":"","_jetpack_memberships_contains_paid_content":false,"footnotes":"","jetpack_publicize_message":"","jetpack_publicize_feature_enabled":true,"jetpack_social_post_already_shared":true,"jetpack_social_options":{"image_generator_settings":{"template":"highway","default_image_id":0,"font":"","enabled":false},"version":2}},"categories":[12,54],"tags":[52,46],"class_list":["post-6002","post","type-post","status-publish","format-standard","has-post-thumbnail","hentry","category-mezieres-en-brenne","category-moulin","tag-exposition","tag-peinture"],"aioseo_notices":[],"jetpack_publicize_connections":[],"jetpack_featured_media_url":"https:\/\/www.brenne-au-coeur.com\/wp-content\/uploads\/2024\/10\/IMG_20241004_164405.resized.jpg","jetpack-related-posts":[],"jetpack_sharing_enabled":true,"_links":{"self":[{"href":"https:\/\/www.brenne-au-coeur.com\/index.php\/wp-json\/wp\/v2\/posts\/6002","targetHints":{"allow":["GET"]}}],"collection":[{"href":"https:\/\/www.brenne-au-coeur.com\/index.php\/wp-json\/wp\/v2\/posts"}],"about":[{"href":"https:\/\/www.brenne-au-coeur.com\/index.php\/wp-json\/wp\/v2\/types\/post"}],"author":[{"embeddable":true,"href":"https:\/\/www.brenne-au-coeur.com\/index.php\/wp-json\/wp\/v2\/users\/1"}],"replies":[{"embeddable":true,"href":"https:\/\/www.brenne-au-coeur.com\/index.php\/wp-json\/wp\/v2\/comments?post=6002"}],"version-history":[{"count":1,"href":"https:\/\/www.brenne-au-coeur.com\/index.php\/wp-json\/wp\/v2\/posts\/6002\/revisions"}],"predecessor-version":[{"id":6003,"href":"https:\/\/www.brenne-au-coeur.com\/index.php\/wp-json\/wp\/v2\/posts\/6002\/revisions\/6003"}],"wp:featuredmedia":[{"embeddable":true,"href":"https:\/\/www.brenne-au-coeur.com\/index.php\/wp-json\/wp\/v2\/media\/5999"}],"wp:attachment":[{"href":"https:\/\/www.brenne-au-coeur.com\/index.php\/wp-json\/wp\/v2\/media?parent=6002"}],"wp:term":[{"taxonomy":"category","embeddable":true,"href":"https:\/\/www.brenne-au-coeur.com\/index.php\/wp-json\/wp\/v2\/categories?post=6002"},{"taxonomy":"post_tag","embeddable":true,"href":"https:\/\/www.brenne-au-coeur.com\/index.php\/wp-json\/wp\/v2\/tags?post=6002"}],"curies":[{"name":"wp","href":"https:\/\/api.w.org\/{rel}","templated":true}]}}