{"id":5981,"date":"2024-10-03T14:35:05","date_gmt":"2024-10-03T12:35:05","guid":{"rendered":"https:\/\/www.brenne-au-coeur.com\/?p=5981"},"modified":"2024-10-03T14:35:05","modified_gmt":"2024-10-03T12:35:05","slug":"marie-coutant-a-azay","status":"publish","type":"post","link":"https:\/\/www.brenne-au-coeur.com\/index.php\/2024\/10\/03\/marie-coutant-a-azay\/communes\/azay-le-ferron-communes\/5981\/","title":{"rendered":"Marie Coutant \u00e0 Azay"},"content":{"rendered":"<p><span style=\"font-size: large;\"><a href=\"https:\/\/www.brenne-au-coeur.com\/wp-content\/uploads\/2024\/10\/marie-coutant.resized.jpg\" rel=\"lightbox[5981]\"><img loading=\"lazy\" decoding=\"async\" class=\"alignleft wp-image-5983 size-full\" src=\"https:\/\/www.brenne-au-coeur.com\/wp-content\/uploads\/2024\/10\/marie-coutant.resized.jpg\" alt=\"\" width=\"249\" height=\"250\" srcset=\"https:\/\/www.brenne-au-coeur.com\/wp-content\/uploads\/2024\/10\/marie-coutant.resized.jpg 249w, https:\/\/www.brenne-au-coeur.com\/wp-content\/uploads\/2024\/10\/marie-coutant.resized-150x150.jpg 150w, https:\/\/www.brenne-au-coeur.com\/wp-content\/uploads\/2024\/10\/marie-coutant.resized-45x45.jpg 45w\" sizes=\"auto, (max-width: 249px) 100vw, 249px\" \/><\/a>La chanteuse se produira, vendredi 18 octobre \u00e0 20h30, \u00e0 la salle des f\u00eates d\u2019Azay-le-Ferron. Elle sera accompagn\u00e9e par Romain Lev\u00eaque \u00e0 la batterie, Bruno Pasquet \u00e0 la basse et Anthony Allorent, \u00e0 la r\u00e9gie son. Une premi\u00e8re partie sera assur\u00e9e par le groupe Luxe Communal Duo.<\/span><\/p>\n<p><span style=\"font-size: large;\">Marie Coutant, comme elle se pr\u00e9sente sur son <a href=\"https:\/\/mariecoutant.com\/\">site internet<\/a>, chante et s\u2019accompagne \u00e0 la guitare depuis l\u2019\u00e2ge de 20 ans. Autrice compositrice interpr\u00e8te, elle poss\u00e8de une voix puissante tr\u00e8s singuli\u00e8re, un charisme sur sc\u00e8ne \u00e9vident et authentique, une \u00e9criture au talent incontestable. Elle a eu l\u2019honneur de partager la sc\u00e8ne en premi\u00e8re partie d\u2019artistes renomm\u00e9s&nbsp;; Tri Yann, Fabienne Thibault, Nilda Fernandez, La Tordue, Lhasa De Sela, Linda Lemay, Sapho, Renaud, Zacchary Richard, Thomas Fersen et son \u00ab&nbsp;idole&nbsp;\u00bb Jacques Higelin. Elle a fait de nombreux concerts dans l\u2019Indre (son d\u00e9partement de r\u00e9sidence), en R\u00e9gion Centre Val de Loire, \u00e0 Tours, Orl\u00e9ans, Bourges, Issoudun, \u00e0 Poitiers, Bordeaux, Bayonne, St L\u00f4, Le Mans, en Bretagne, en Corse, en Occitanie, en Nouvelle-Aquitaine, en Belgique, Allemagne, Pologne, Turquie\u2026 Elle s\u2019est form\u00e9e au Studio des Vari\u00e9t\u00e9s \u00e0 Paris (chant, danse, \u00e9criture, improvisation), au Cifap \u00e0 Montreuil (production musicale, communication, vente), avec le cabinet Harmoniques (coaching vocal et sc\u00e9nique) \u00e0 Paris et a \u00e9t\u00e9 rep\u00e9r\u00e9 dans ses d\u00e9buts par Jean-Claude Marchet (les Bains Douches \u00e0 Ligni\u00e8res), Pierre Barouh (Saravah), Jean-Claude Barens (Eurosc\u00e8ne Ev\u00e8nements). Elle a enregistr\u00e9 plusieurs albums et a collabor\u00e9 avec d\u2019autres artistes ou musiciens sur de nombreux projets&nbsp;: L\u00e9andre Boizeau, Kent, Debout sur le Zinc, S\u00e9bastien Mic Macher, Karine Gauthier, Cyrille Peltier, Arnaud M\u00e9thivier, Pierre Ch\u00e9r\u00e8ze, Cwerwony Tulipan, Romain L\u00e9v\u00eaque, Jean-Charles Bavouzet, Gr\u00e9gory Jolivet, Daniel Langlois, S\u00e9verin Vali\u00e8re, J\u00e9r\u00f4me Sall\u00e9 et les photographes Francis Vernhet, Gilles Guillemain, Alexandra P\u00e9ala, Dorothy Shoes, Jean Fr\u00e9miot, Paul Da Silva, Morgan Brisson. Elle collabore aujourd\u2019hui sur de nombreux projets de cr\u00e9ation musicale et tourne son spectacle en solo \u00ab&nbsp;Aux femmes du monde&nbsp;\u00bb ou accompagn\u00e9e de Bruno Pasquet \u00e0 la basse, Romain L\u00e9v\u00eaque \u00e0 la batterie et Anthony Allorent \u00e0 la r\u00e9gie son.<\/span><\/p>\n<div class=\"nv-iframe-embed\"><div class=\"lyte-wrapper fourthree\" title=\"Documentaire | Marie Coutant, chanteuse du Berry\" style=\"width:420px;max-width:100%;margin:5px auto;\"><div class=\"lyMe hidef\" id=\"WYL__VEFK6DfMmU\" itemprop=\"video\" itemscope itemtype=\"https:\/\/schema.org\/VideoObject\"><div><meta itemprop=\"thumbnailUrl\" content=\"https:\/\/www.brenne-au-coeur.com\/wp-content\/plugins\/wp-youtube-lyte\/lyteCache.php?origThumbUrl=https%3A%2F%2Fi.ytimg.com%2Fvi%2F_VEFK6DfMmU%2Fmaxresdefault.jpg\" \/><meta itemprop=\"embedURL\" content=\"https:\/\/www.youtube.com\/embed\/_VEFK6DfMmU\" \/><meta itemprop=\"duration\" content=\"PT9M41S\" \/><meta itemprop=\"uploadDate\" content=\"2023-01-24T19:49:55Z\" \/><\/div><div id=\"lyte__VEFK6DfMmU\" data-src=\"https:\/\/www.brenne-au-coeur.com\/wp-content\/plugins\/wp-youtube-lyte\/lyteCache.php?origThumbUrl=https%3A%2F%2Fi.ytimg.com%2Fvi%2F_VEFK6DfMmU%2Fmaxresdefault.jpg\" class=\"pL\"><div class=\"tC\"><div class=\"tT\" itemprop=\"name\">Documentaire | Marie Coutant, chanteuse du Berry<\/div><\/div><div class=\"play\"><\/div><div class=\"ctrl\"><div class=\"Lctrl\"><\/div><div class=\"Rctrl\"><\/div><\/div><\/div><noscript><a href=\"https:\/\/youtu.be\/_VEFK6DfMmU\" rel=\"nofollow\"><img loading=\"lazy\" decoding=\"async\" src=\"https:\/\/www.brenne-au-coeur.com\/wp-content\/plugins\/wp-youtube-lyte\/lyteCache.php?origThumbUrl=https%3A%2F%2Fi.ytimg.com%2Fvi%2F_VEFK6DfMmU%2F0.jpg\" alt=\"Documentaire | Marie Coutant, chanteuse du Berry\" width=\"420\" height=\"295\" \/><br \/>Lire cette vid\u00e9o sur YouTube<\/a><\/noscript><meta itemprop=\"description\" content=\"Marie Coutant - Chanteuse du Berry. Production : Global Arts Indre \/ Global Arts Production R\u00e9alisation : Pierre Frink \/ Christopher Kordun Cam\u00e9ra additionnelle : Corentin Ferrero. #berry #BerryProvince #indre #documentaire #film #portrait #chateauroux #chanteuse #musicienne\"><\/div><\/div><div class=\"lL\" style=\"max-width:100%;width:420px;margin:5px auto;\"><\/div><\/div>\n<p><span style=\"font-size: large;\"><a href=\"https:\/\/www.brenne-au-coeur.com\/wp-content\/uploads\/2024\/10\/Illustration-Luxe-communal-duo.resized.jpg\" rel=\"lightbox[5981]\"><img loading=\"lazy\" decoding=\"async\" class=\"alignright wp-image-5984 size-medium\" src=\"https:\/\/www.brenne-au-coeur.com\/wp-content\/uploads\/2024\/10\/Illustration-Luxe-communal-duo.resized-282x300.jpg\" alt=\"\" width=\"282\" height=\"300\" srcset=\"https:\/\/www.brenne-au-coeur.com\/wp-content\/uploads\/2024\/10\/Illustration-Luxe-communal-duo.resized-282x300.jpg 282w, https:\/\/www.brenne-au-coeur.com\/wp-content\/uploads\/2024\/10\/Illustration-Luxe-communal-duo.resized-141x150.jpg 141w, https:\/\/www.brenne-au-coeur.com\/wp-content\/uploads\/2024\/10\/Illustration-Luxe-communal-duo.resized.jpg 412w\" sizes=\"auto, (max-width: 282px) 100vw, 282px\" \/><\/a>Luxe Communal Duo pr\u00e9sentera son concert-histoire sur la Commune de Paris de 1871. Caroline, accompagn\u00e9e au clavier, par Sylvain, interpr\u00e9tera des chansons en m\u00e9moire des communards. \u00ab\u00a0Le but est de faire revivre les moments forts de cet \u00e9v\u00e9nement historique. Nous avons r\u00e9alis\u00e9 ce spectacle \u00e0 partir de textes d\u2019auteurs impliqu\u00e9s dans ce combat. Comme celui de Jules Vall\u00e8s \u00ab\u00a028 mai\u00a0\u00bb qui narre sa derni\u00e8re journ\u00e9e pass\u00e9e sur les barricades. Mais aussi de personnes moins connues.\u00a0\u00bb, explique Caroline. Des chansons, \u00e9crites et compos\u00e9es pour ce tour de chant, des textes dits et des commentaires historiques. Un hommage vibrant pour toutes ces personnes qui se sont battues contre l\u2019oppression, pour les libert\u00e9s, la d\u00e9mocratie, les conqu\u00eates sociales. Une volont\u00e9 aussi de mettre \u00e0 l\u2019honneur, les femmes qui ont tenu les premiers r\u00f4les. Louise Michel, bien s\u00fbr, mais \u00e9galement Andr\u00e9 L\u00e9o et bien d\u2019autres. Les textes sont graves, lourds de sens, impr\u00e9gn\u00e9s de destins poignants, de la souffrance des gens du peuple, de la f\u00e9rocit\u00e9 de la r\u00e9pression. Ils portent cependant l\u2019enthousiasme des id\u00e9aux d\u00e9fendus par les communards. L\u2019\u0153uvre musicale donne \u00e0 cette \u00e9vocation une dimension \u00e9motionnelle, po\u00e9tique et parfois humoristique qui rend l\u2019ensemble \u00e0 la fois captivant et s\u00e9duisant. La m\u00e9moire commune est ainsi entretenue par la cr\u00e9ation artistique. Un sujet au c\u0153ur m\u00eame du combat de 1871. Le nom de \u00ab\u00a0Luxe Communal\u00a0\u00bb port\u00e9 par le duo, est une expression \u00e9crite par Eug\u00e8ne Pottier. Elle synth\u00e9tise les principes de la Commune de Paris qui, sous la houlette de Gustave Courbet revendiquait un art d\u00e9gag\u00e9 de la tutelle de l\u2019\u00c9tat, rapproch\u00e9 du peuple jusque dans les plus petits villages et bien commun de l\u2019humanit\u00e9.<\/span><\/p>\n<p>Spectacle gratuit.<\/p>\n<p>&nbsp;<\/p>\n","protected":false},"excerpt":{"rendered":"<p>La chanteuse se produira, vendredi 18 octobre \u00e0 20h30, \u00e0 la salle des f\u00eates d\u2019Azay-le-Ferron. Elle sera accompagn\u00e9e par Romain Lev\u00eaque \u00e0 la batterie, Bruno Pasquet \u00e0 la basse et Anthony Allorent, \u00e0 la r\u00e9gie son. Une premi\u00e8re partie sera assur\u00e9e par le groupe Luxe Communal Duo. Marie Coutant, comme elle se pr\u00e9sente sur son&hellip;&nbsp;<a href=\"https:\/\/www.brenne-au-coeur.com\/index.php\/2024\/10\/03\/marie-coutant-a-azay\/communes\/azay-le-ferron-communes\/5981\/\" rel=\"bookmark\">Lire la suite&nbsp;&raquo;<span class=\"screen-reader-text\">Marie Coutant \u00e0 Azay<\/span><\/a><\/p>\n","protected":false},"author":1,"featured_media":5982,"comment_status":"open","ping_status":"open","sticky":false,"template":"","format":"standard","meta":{"rop_custom_images_group":[],"rop_custom_messages_group":[],"rop_publish_now":"initial","rop_publish_now_accounts":[],"rop_publish_now_history":[],"rop_publish_now_status":"pending","_monsterinsights_skip_tracking":false,"_monsterinsights_sitenote_active":false,"_monsterinsights_sitenote_note":"","_monsterinsights_sitenote_category":0,"neve_meta_sidebar":"","neve_meta_container":"","neve_meta_enable_content_width":"off","neve_meta_content_width":70,"neve_meta_title_alignment":"","neve_meta_author_avatar":"","neve_post_elements_order":"","neve_meta_disable_header":"","neve_meta_disable_footer":"","neve_meta_disable_title":"","_jetpack_memberships_contains_paid_content":false,"footnotes":"","jetpack_publicize_message":"","jetpack_publicize_feature_enabled":true,"jetpack_social_post_already_shared":true,"jetpack_social_options":{"image_generator_settings":{"template":"highway","default_image_id":0,"font":"","enabled":false},"version":2}},"categories":[10],"tags":[104,64],"class_list":["post-5981","post","type-post","status-publish","format-standard","has-post-thumbnail","hentry","category-azay-le-ferron-communes","tag-chansons","tag-concert"],"aioseo_notices":[],"jetpack_publicize_connections":[],"jetpack_featured_media_url":"https:\/\/www.brenne-au-coeur.com\/wp-content\/uploads\/2024\/10\/marie-coutant-2.resized.jpg","jetpack-related-posts":[],"jetpack_sharing_enabled":true,"_links":{"self":[{"href":"https:\/\/www.brenne-au-coeur.com\/index.php\/wp-json\/wp\/v2\/posts\/5981","targetHints":{"allow":["GET"]}}],"collection":[{"href":"https:\/\/www.brenne-au-coeur.com\/index.php\/wp-json\/wp\/v2\/posts"}],"about":[{"href":"https:\/\/www.brenne-au-coeur.com\/index.php\/wp-json\/wp\/v2\/types\/post"}],"author":[{"embeddable":true,"href":"https:\/\/www.brenne-au-coeur.com\/index.php\/wp-json\/wp\/v2\/users\/1"}],"replies":[{"embeddable":true,"href":"https:\/\/www.brenne-au-coeur.com\/index.php\/wp-json\/wp\/v2\/comments?post=5981"}],"version-history":[{"count":1,"href":"https:\/\/www.brenne-au-coeur.com\/index.php\/wp-json\/wp\/v2\/posts\/5981\/revisions"}],"predecessor-version":[{"id":5985,"href":"https:\/\/www.brenne-au-coeur.com\/index.php\/wp-json\/wp\/v2\/posts\/5981\/revisions\/5985"}],"wp:featuredmedia":[{"embeddable":true,"href":"https:\/\/www.brenne-au-coeur.com\/index.php\/wp-json\/wp\/v2\/media\/5982"}],"wp:attachment":[{"href":"https:\/\/www.brenne-au-coeur.com\/index.php\/wp-json\/wp\/v2\/media?parent=5981"}],"wp:term":[{"taxonomy":"category","embeddable":true,"href":"https:\/\/www.brenne-au-coeur.com\/index.php\/wp-json\/wp\/v2\/categories?post=5981"},{"taxonomy":"post_tag","embeddable":true,"href":"https:\/\/www.brenne-au-coeur.com\/index.php\/wp-json\/wp\/v2\/tags?post=5981"}],"curies":[{"name":"wp","href":"https:\/\/api.w.org\/{rel}","templated":true}]}}