{"id":5937,"date":"2024-09-01T17:20:12","date_gmt":"2024-09-01T15:20:12","guid":{"rendered":"https:\/\/www.brenne-au-coeur.com\/?p=5937"},"modified":"2024-09-03T16:41:48","modified_gmt":"2024-09-03T14:41:48","slug":"la-maitrise-de-sainte-croix-de-neuilly-a-azay","status":"publish","type":"post","link":"https:\/\/www.brenne-au-coeur.com\/index.php\/2024\/09\/01\/la-maitrise-de-sainte-croix-de-neuilly-a-azay\/communes\/azay-le-ferron-communes\/5937\/","title":{"rendered":"La Ma\u00eetrise de Sainte-Croix de Neuilly \u00e0 Azay"},"content":{"rendered":"<p><span style=\"font-size: large;\">Dimanche 15 septembre, \u00e0 16h, en l\u2019\u00e9glise Saint Nazaire d\u2019Azay le Ferron, <a href=\"https:\/\/www.jaugette.com\/\">l\u2019association Manoir des Arts de Jaugette\u00a0<\/a> et la ville de Loches accueillent la Ma\u00eetrise de Saint Croix de Neuilly. Le ch\u0153ur de 50 enfants, sous la direction de Fran\u00e7ois Polgar. <\/span><\/p>\n<p><span style=\"font-family: Liberation Serif, serif;\"><span style=\"font-size: large;\"><span style=\"color: #000000;\"><a href=\"https:\/\/www.brenne-au-coeur.com\/wp-content\/uploads\/2024\/09\/sainte-croix.jpeg\" rel=\"lightbox[5937]\"><img loading=\"lazy\" decoding=\"async\" class=\"alignleft wp-image-5939 size-full\" src=\"https:\/\/www.brenne-au-coeur.com\/wp-content\/uploads\/2024\/09\/sainte-croix.jpeg\" alt=\"\" width=\"259\" height=\"194\" srcset=\"https:\/\/www.brenne-au-coeur.com\/wp-content\/uploads\/2024\/09\/sainte-croix.jpeg 259w, https:\/\/www.brenne-au-coeur.com\/wp-content\/uploads\/2024\/09\/sainte-croix-150x112.jpeg 150w\" sizes=\"auto, (max-width: 259px) 100vw, 259px\" \/><\/a>Ainsi qu\u2019elle se pr\u00e9sente sur son site, <a href=\"https:\/\/www.petitschanteurs.com\/maitrise\">la Ma\u00eetrise Sainte-Croix de Neuilly<\/a> \u2013 The Paris Boys Choir -, fond\u00e9e en 1956 par Louis Prudhomme,\u00a0assure le service musical des c\u00e9r\u00e9monies du Coll\u00e8ge. Elle est aujourd\u2019hui dirig\u00e9e par Fran\u00e7ois Polg\u00e1r qui en a fait une \u00e9cole de chant de r\u00e9f\u00e9rence.<\/span><\/span><\/span><\/p>\n<p><span style=\"font-family: Liberation Serif, serif;\"><span style=\"font-size: large;\"><span style=\"color: #000000;\">Sous l\u2019impulsion de ce professionnel reconnu (Chef de Ch\u0153ur \u00e0 l\u2019Op\u00e9ra de Paris et \u00e0 Radio France, Victoire de la Musique), elle interpr\u00e8te r\u00e9guli\u00e8rement le grand r\u00e9pertoire choral comme le Messie de H\u00e6ndel, la Cr\u00e9ation de Haydn, le Requiem de Mozart, le Te Deum de Lully ou celui de Charpentier.<\/span><\/span><\/span><\/p>\n<p><span style=\"color: #000000;\">\u200b<span style=\"font-family: Liberation Serif, serif;\"><span style=\"font-size: large;\">Au cours de son histoire la Ma\u00eetrise a collabor\u00e9 avec de nombreuses formations instrumentales&nbsp;: Orchestre du Th\u00e9\u00e2tre Mariinsky, Orchestre National de France, Royal Philharmonic Orchestra, Orchestre de l&rsquo;Op\u00e9ra de Varsovie, Orchestre Philharmonique de Monte-Carlo, La Grande \u00c9curie et la Chambre du Roy, Orchestre du Capitole de Toulouse&#8230; Pla\u00e7ant ainsi les Ma\u00eetrisiens sous la direction de chefs prestigieux tels que Georges Pr\u00eatre, Valery Gergiev, Michel Plasson, Jean-Claude Malgoire.<\/span><\/span><\/span><\/p>\n<p><span style=\"color: #000000;\">\u00a0<span style=\"font-family: Liberation Serif, serif;\"><span style=\"font-size: large;\">Ces derni\u00e8res ann\u00e9es, la Ma\u00eetrise de Sainte-Croix de Neuilly \u2013 The Paris Boys Choir &#8211; a \u00e9t\u00e9 convi\u00e9e \u00e0 se produire sur les principales sc\u00e8nes lyriques fran\u00e7aises et internationales&nbsp;: Th\u00e9\u00e2tre des Champs-Elys\u00e9es, Chapelle Royale du Ch\u00e2teau de Versailles, Seine Musicale, Salle Gaveau, Olympia, Grange au Lac (\u00c9vian), Dream Forest Art Center (S\u00e9oul), Monast\u00e8re Smolny (Saint Petersbourg), Casa da M\u00fasica (Porto), Beijing Concert Hall (P\u00e9kin), Shangha\u00ef Oriental Art Center, Guangzhou Opera House (Op\u00e9ra de Canton), St. Joseph&rsquo;s Cathedral d\u2019Abu Dhabi&#8230;<\/span><\/span><\/span><\/p>\n<p><span style=\"color: #000000;\">\u200b<\/span><\/p>\n<div class=\"nv-iframe-embed\"><div class=\"lyte-wrapper fourthree\" title=\"Les Petits Chanteurs de Sainte-Croix de Neuilly - The Paris Boys Choir - Requiem de Mozart (Intro&iuml;t)\" style=\"width:420px;max-width:100%;margin:5px auto;\"><div class=\"lyMe hidef\" id=\"WYL_qY6gEzZASDM\" itemprop=\"video\" itemscope itemtype=\"https:\/\/schema.org\/VideoObject\"><div><meta itemprop=\"thumbnailUrl\" content=\"https:\/\/www.brenne-au-coeur.com\/wp-content\/plugins\/wp-youtube-lyte\/lyteCache.php?origThumbUrl=https%3A%2F%2Fi.ytimg.com%2Fvi%2FqY6gEzZASDM%2Fmaxresdefault.jpg\" \/><meta itemprop=\"embedURL\" content=\"https:\/\/www.youtube.com\/embed\/qY6gEzZASDM\" \/><meta itemprop=\"duration\" content=\"PT4M23S\" \/><meta itemprop=\"uploadDate\" content=\"2013-05-07T12:25:20Z\" \/><\/div><div id=\"lyte_qY6gEzZASDM\" data-src=\"https:\/\/www.brenne-au-coeur.com\/wp-content\/plugins\/wp-youtube-lyte\/lyteCache.php?origThumbUrl=https%3A%2F%2Fi.ytimg.com%2Fvi%2FqY6gEzZASDM%2Fmaxresdefault.jpg\" class=\"pL\"><div class=\"tC\"><div class=\"tT\" itemprop=\"name\">Les Petits Chanteurs de Sainte-Croix de Neuilly - The Paris Boys Choir - Requiem de Mozart (Intro\u00eft)<\/div><\/div><div class=\"play\"><\/div><div class=\"ctrl\"><div class=\"Lctrl\"><\/div><div class=\"Rctrl\"><\/div><\/div><\/div><noscript><a href=\"https:\/\/youtu.be\/qY6gEzZASDM\" rel=\"nofollow\"><img loading=\"lazy\" decoding=\"async\" src=\"https:\/\/www.brenne-au-coeur.com\/wp-content\/plugins\/wp-youtube-lyte\/lyteCache.php?origThumbUrl=https%3A%2F%2Fi.ytimg.com%2Fvi%2FqY6gEzZASDM%2F0.jpg\" alt=\"Les Petits Chanteurs de Sainte-Croix de Neuilly - The Paris Boys Choir - Requiem de Mozart (Intro&iuml;t)\" width=\"420\" height=\"295\" \/><br \/>Lire cette vid\u00e9o sur YouTube<\/a><\/noscript><meta itemprop=\"description\" content=\"Les Petits Chanteurs de Sainte-Croix de Neuilly, sous la direction de Fran\u00e7ois Polg\u00e1r, interpr\u00e8tent le Requiem de MOZART le 18 avril 2013 en l&#039;\u00e9glise Saint Roch \u00e0 Paris. The Paris Boys Choir, conducted by Fran\u00e7ois Polg\u00e1r, in concert at Saint Roch Church, the 18 of april 2013. They performed the MOZART&#039;s Requiem.\"><\/div><\/div><div class=\"lL\" style=\"max-width:100%;width:420px;margin:5px auto;\"><\/div><\/div>\n<p><span style=\"font-family: Liberation Serif, serif;\"><span style=\"font-size: large;\"><span style=\"color: #000000;\">Actuellement \u00e9dit\u00e9e chez Sony Classical France, la discographie du ch\u0153ur est constitu\u00e9e d\u2019une douzaine d\u2019enregistrements dont le Requiem de Faur\u00e9, le Stabat Mater de Pergol\u00e8se et la Passion selon Saint-Jean de Bach.<\/span><\/span><\/span><\/p>\n<p><span style=\"font-size: large;\">Au cours d\u2019une prestation avec entracte, le programme de ce dimanche 15 septembre, sera le suivant&nbsp;:<\/span><\/p>\n<p><span style=\"font-size: large;\">La Nuit, de Jean-Philippe RAMEAU (1683-1764)<\/span><\/p>\n<p><span style=\"font-size: large;\">Si iniquitates, de Samuel WESLEY (1766-1837) <\/span><\/p>\n<p><span style=\"font-size: large;\">Tantum ergo, de Gabriel FAUR\u00c9 (1845-1924) <\/span><\/p>\n<p><span style=\"font-size: large;\">Salve Regina, Antoine BOESSET (1587-1643)<\/span><\/p>\n<p><span style=\"font-size: large;\">Jubilate deo, Guillaume BOUZIGNAC (v.1587-v. 1643)<\/span><\/p>\n<p><span style=\"font-size: large;\">Panis angelicus, de C\u00e9sar FRANCK (1822-1890) <\/span><\/p>\n<p><span style=\"font-size: large;\">Beati qui habitant, de Jean-Philippe RAMEAU (1683-1764)<\/span><\/p>\n<p><span style=\"font-size: large;\">Extraits du Te Deum, de Marc-Antoine CHARPENTIER (1643-1704)<\/span><\/p>\n<p><span style=\"font-size: large;\">O quam gloriosum, de Tom\u00e1s Luis de VICTORIA (v. 548-1611) <\/span><\/p>\n<p><span style=\"font-size: large;\">In paradisum (du Requiem), de Gabriel FAUR\u00c9 (1845-1924)<\/span><\/p>\n<p><span style=\"font-size: large;\">Descende in hortum, de Fran\u00e7ois POLG\u00c1R <\/span><\/p>\n<p><span style=\"font-size: large;\">Immotal Bach, de Knut NYSTEDT <\/span><\/p>\n<p><span style=\"font-size: large;\">Cantique de Jean Racine, de Gabriel FAUR\u00c9 (1845-1924)<\/span><\/p>\n<p><span style=\"font-size: large;\">Extraits du Notus in Judea Deus, de Andr\u00e9 CAMPRA (1660-1744) <\/span><\/p>\n<p><span style=\"font-size: large;\">Psaume CL, de C\u00e9sar FRANCK (1822-1890)<\/span><\/p>\n<p>&nbsp;<\/p>\n<p><span style=\"font-size: large;\">Entr\u00e9e&nbsp;: 15\u20ac<\/span><\/p>\n<p><span style=\"font-size: large;\">Tarif r\u00e9duit 12\u20ac&nbsp;: adh\u00e9rents, &#8211; 18ans, \u00e9tudiants, demandeur d\u2019emploi<\/span><\/p>\n<p><span style=\"font-size: large;\">Gratuit&nbsp;: enfant moins de 12 ans<\/span><\/p>\n<p><span style=\"font-size: large;\">R\u00e9servation en ligne&nbsp;: https:\/\/www.jaugette.com\/ ou au 02 54 28 20 28 (Destination Brenne)<\/span><\/p>\n<p><span style=\"font-size: large;\">Eglise d\u2019Azay-le-Ferron<\/span><\/p>\n<p><span style=\"font-size: large;\">Place de Verdun<\/span><\/p>\n<p><span style=\"font-size: large;\">36290 AZAY-LE-FERRON<\/span><\/p>\n","protected":false},"excerpt":{"rendered":"<p>Dimanche 15 septembre, \u00e0 16h, en l\u2019\u00e9glise Saint Nazaire d\u2019Azay le Ferron, l\u2019association Manoir des Arts de Jaugette\u00a0 et la ville de Loches accueillent la Ma\u00eetrise de Saint Croix de Neuilly. Le ch\u0153ur de 50 enfants, sous la direction de Fran\u00e7ois Polgar. Ainsi qu\u2019elle se pr\u00e9sente sur son site, la Ma\u00eetrise Sainte-Croix de Neuilly \u2013&hellip;&nbsp;<a href=\"https:\/\/www.brenne-au-coeur.com\/index.php\/2024\/09\/01\/la-maitrise-de-sainte-croix-de-neuilly-a-azay\/communes\/azay-le-ferron-communes\/5937\/\" rel=\"bookmark\">Lire la suite&nbsp;&raquo;<span class=\"screen-reader-text\">La Ma\u00eetrise de Sainte-Croix de Neuilly \u00e0 Azay<\/span><\/a><\/p>\n","protected":false},"author":1,"featured_media":5952,"comment_status":"open","ping_status":"open","sticky":false,"template":"","format":"standard","meta":{"rop_custom_images_group":[],"rop_custom_messages_group":[],"rop_publish_now":"initial","rop_publish_now_accounts":[],"rop_publish_now_history":[],"rop_publish_now_status":"pending","_monsterinsights_skip_tracking":false,"_monsterinsights_sitenote_active":false,"_monsterinsights_sitenote_note":"","_monsterinsights_sitenote_category":0,"neve_meta_sidebar":"","neve_meta_container":"","neve_meta_enable_content_width":"off","neve_meta_content_width":70,"neve_meta_title_alignment":"","neve_meta_author_avatar":"","neve_post_elements_order":"","neve_meta_disable_header":"","neve_meta_disable_footer":"","neve_meta_disable_title":"","_jetpack_memberships_contains_paid_content":false,"footnotes":"","jetpack_publicize_message":"","jetpack_publicize_feature_enabled":true,"jetpack_social_post_already_shared":true,"jetpack_social_options":{"image_generator_settings":{"template":"highway","default_image_id":0,"font":"","enabled":false},"version":2}},"categories":[10],"tags":[64],"class_list":["post-5937","post","type-post","status-publish","format-standard","has-post-thumbnail","hentry","category-azay-le-ferron-communes","tag-concert"],"aioseo_notices":[],"jetpack_publicize_connections":[],"jetpack_featured_media_url":"https:\/\/www.brenne-au-coeur.com\/wp-content\/uploads\/2024\/09\/concert1509Azay-maitrise-ste-croix_A3.resized.jpeg","jetpack-related-posts":[],"jetpack_sharing_enabled":true,"_links":{"self":[{"href":"https:\/\/www.brenne-au-coeur.com\/index.php\/wp-json\/wp\/v2\/posts\/5937","targetHints":{"allow":["GET"]}}],"collection":[{"href":"https:\/\/www.brenne-au-coeur.com\/index.php\/wp-json\/wp\/v2\/posts"}],"about":[{"href":"https:\/\/www.brenne-au-coeur.com\/index.php\/wp-json\/wp\/v2\/types\/post"}],"author":[{"embeddable":true,"href":"https:\/\/www.brenne-au-coeur.com\/index.php\/wp-json\/wp\/v2\/users\/1"}],"replies":[{"embeddable":true,"href":"https:\/\/www.brenne-au-coeur.com\/index.php\/wp-json\/wp\/v2\/comments?post=5937"}],"version-history":[{"count":3,"href":"https:\/\/www.brenne-au-coeur.com\/index.php\/wp-json\/wp\/v2\/posts\/5937\/revisions"}],"predecessor-version":[{"id":5953,"href":"https:\/\/www.brenne-au-coeur.com\/index.php\/wp-json\/wp\/v2\/posts\/5937\/revisions\/5953"}],"wp:featuredmedia":[{"embeddable":true,"href":"https:\/\/www.brenne-au-coeur.com\/index.php\/wp-json\/wp\/v2\/media\/5952"}],"wp:attachment":[{"href":"https:\/\/www.brenne-au-coeur.com\/index.php\/wp-json\/wp\/v2\/media?parent=5937"}],"wp:term":[{"taxonomy":"category","embeddable":true,"href":"https:\/\/www.brenne-au-coeur.com\/index.php\/wp-json\/wp\/v2\/categories?post=5937"},{"taxonomy":"post_tag","embeddable":true,"href":"https:\/\/www.brenne-au-coeur.com\/index.php\/wp-json\/wp\/v2\/tags?post=5937"}],"curies":[{"name":"wp","href":"https:\/\/api.w.org\/{rel}","templated":true}]}}