{"id":5914,"date":"2024-09-01T16:50:48","date_gmt":"2024-09-01T14:50:48","guid":{"rendered":"https:\/\/www.brenne-au-coeur.com\/?p=5914"},"modified":"2024-09-04T10:35:20","modified_gmt":"2024-09-04T08:35:20","slug":"de-la-gendarmerie-de-mezieres-aux-theatres-parisiens","status":"publish","type":"post","link":"https:\/\/www.brenne-au-coeur.com\/index.php\/2024\/09\/01\/de-la-gendarmerie-de-mezieres-aux-theatres-parisiens\/communes\/mezieres-en-brenne\/5914\/","title":{"rendered":"De la gendarmerie de M\u00e9zi\u00e8res aux th\u00e9\u00e2tres parisiens"},"content":{"rendered":"<p align=\"justify\"><span style=\"font-size: large;\">Les libres destin\u00e9es des s\u0153urs Goret&nbsp;! Qui aurait imagin\u00e9 que ce nom tr\u00e8s commun et peu flatteur ait travers\u00e9 le XIXe si\u00e8cle en se faisant tout d\u2019abord conna\u00eetre dans un \u00e9crit de George Sand pour perdurer gr\u00e2ce aux voix d\u2019artistes lyriques et dramatiques de deux s\u0153urs qui se produisirent dans les th\u00e9\u00e2tres parisiens&nbsp;? Chacune pr\u00eet un nom de sc\u00e8ne plus s\u00e9duisant, dans l\u2019air du temps des possibles. <\/span><\/p>\n<p align=\"justify\"><span style=\"font-size: large;\">Transportons-nous dans les frous-frous, les intrigues et ces vies hautes en couleurs travers\u00e9es par les r\u00e9volutions industrielles et les voyages facilit\u00e9s. <\/span><\/p>\n<p align=\"justify\"><span style=\"font-size: large;\">Originaires du minuscule village de Folies, au nom pr\u00e9destin\u00e9, situ\u00e9 dans la Somme entre Amiens et Roye, les anc\u00eatres de Thimoth\u00e9e Goret \u00e9taient traditionnellement des \u00ab\u00a0faiseurs\u00a0\u00bb puis des fabricants de bas. Le fils de S\u00e9bastien et de Marie-F\u00e9licit\u00e9 sera \u2026 gendarme. Plus pr\u00e9cis\u00e9ment brigadier provisoire de gendarmerie \u00e0 cheval. Mut\u00e9 en Vend\u00e9e \u00e0 Saint-Fulgent, il \u00e9pouse Marie-B\u00e9nigne le 19 janvier 1835 \u00e0 l\u2019h\u00f4tel de ville de Bourbon-Vend\u00e9e, future La Roche-sur-Yon. <\/span><\/p>\n<figure id=\"attachment_5935\" aria-describedby=\"caption-attachment-5935\" style=\"width: 230px\" class=\"wp-caption alignleft\"><a href=\"https:\/\/www.brenne-au-coeur.com\/wp-content\/uploads\/2024\/09\/leontine1.jpeg.jpg\" rel=\"lightbox[5914]\"><img loading=\"lazy\" decoding=\"async\" class=\"wp-image-5935 size-full\" src=\"https:\/\/www.brenne-au-coeur.com\/wp-content\/uploads\/2024\/09\/leontine1.jpeg.jpg\" alt=\"\" width=\"230\" height=\"230\" srcset=\"https:\/\/www.brenne-au-coeur.com\/wp-content\/uploads\/2024\/09\/leontine1.jpeg.jpg 230w, https:\/\/www.brenne-au-coeur.com\/wp-content\/uploads\/2024\/09\/leontine1.jpeg-150x150.jpg 150w, https:\/\/www.brenne-au-coeur.com\/wp-content\/uploads\/2024\/09\/leontine1.jpeg-45x45.jpg 45w\" sizes=\"auto, (max-width: 230px) 100vw, 230px\" \/><\/a><figcaption id=\"caption-attachment-5935\" class=\"wp-caption-text\">L\u00e9ontine.<\/figcaption><\/figure>\n<p align=\"justify\"><span style=\"font-size: large;\">L\u00e9ontine na\u00eet dans la caserne paternelle le 30 septembre 1837.<\/span><\/p>\n<p align=\"justify\"><span style=\"font-size: large;\">Thimoth\u00e9e est nomm\u00e9 \u00e0 M\u00e9zi\u00e8res-en-Brenne en 1838 ou 1839. Avec sa famille, il emm\u00e9nage dans la gendarmerie plac\u00e9e dans les d\u00e9pendances de l\u2019ancien ch\u00e2teau. Compos\u00e9s de trois chambres \u00e0 feu, trois \u00e9curies et trois greniers, les lieux sont spartiates. Sa d\u00e9claration de succession r\u00e9v\u00e8lera que le gendarme vivait chichement gr\u00e2ce \u00e0 22 ares de terre (2200 m2), une vigne et un jardin acquis \u00e0 cr\u00e9dit vers 1848.<\/span><\/p>\n<p align=\"justify\"><span style=\"font-size: large;\">C\u2019est Hippolyte Mign\u00e9 qui enregistre l\u2019acte de naissance d\u2019Azeline, Marie, L\u00e9ocadie le 7 d\u00e9cembre 1839. Le couple n\u2019aura pas d\u2019autre enfant que leurs deux filles. <\/span><\/p>\n<p align=\"justify\"><span style=\"font-size: large;\">La vie s\u2019\u00e9coule doucement dans cette Brenne encore enclav\u00e9e, entre propri\u00e9taires terriens et le petit peuple qui trime pour survivre, surtout l\u2019hiver si les r\u00e9coltes n\u2019ont pas \u00e9t\u00e9 assez favorables l\u2019\u00e9t\u00e9 pr\u00e9c\u00e9dent. <\/span><\/p>\n<p align=\"justify\"><span style=\"font-size: large;\">Fin 1844, le bourg est agit\u00e9 par la fondation d\u2019un cercle hippique \u00e0 l\u2019initiative du comte de Lancosme-Br\u00e8ves et d\u2019Henri Navelet. Les deux hommes am\u00e9nagent un hippodrome sur des terrains gracieusement mis \u00e0 leur disposition sur la commune de Saint-Michel-en-Brenne. Les courses inaugurales se d\u00e9roulent au mois de juin 1845, sous la houlette du comte, cavalier \u00e9m\u00e9rite et grand passionn\u00e9 d\u2019\u00e9quitation. Onze mille spectateurs seront pr\u00e9sents pendant deux jours. Jamais M\u00e9zi\u00e8res n\u2019a connu une telle affluence\u00a0! <\/span><\/p>\n<p align=\"justify\"><span style=\"font-size: large;\">Comment promouvoir et donc faire venir, la bonne soci\u00e9t\u00e9 parisienne au c\u0153ur de la France pour assister aux \u00ab\u00a0solennit\u00e9s hippiques\u00a0\u00bb organis\u00e9es avec faste les 7 et 8 juin 1846\u00a0? <\/span><\/p>\n<figure id=\"attachment_5931\" aria-describedby=\"caption-attachment-5931\" style=\"width: 215px\" class=\"wp-caption alignleft\"><a href=\"https:\/\/www.brenne-au-coeur.com\/wp-content\/uploads\/2024\/09\/george-sand.jpg\" rel=\"lightbox[5914]\"><img loading=\"lazy\" decoding=\"async\" class=\"wp-image-5931 size-medium\" src=\"https:\/\/www.brenne-au-coeur.com\/wp-content\/uploads\/2024\/09\/george-sand-215x300.jpg\" alt=\"\" width=\"215\" height=\"300\" srcset=\"https:\/\/www.brenne-au-coeur.com\/wp-content\/uploads\/2024\/09\/george-sand-215x300.jpg 215w, https:\/\/www.brenne-au-coeur.com\/wp-content\/uploads\/2024\/09\/george-sand-108x150.jpg 108w, https:\/\/www.brenne-au-coeur.com\/wp-content\/uploads\/2024\/09\/george-sand.jpg 382w\" sizes=\"auto, (max-width: 215px) 100vw, 215px\" \/><\/a><figcaption id=\"caption-attachment-5931\" class=\"wp-caption-text\">George Sand.<\/figcaption><\/figure>\n<figure id=\"attachment_5930\" aria-describedby=\"caption-attachment-5930\" style=\"width: 189px\" class=\"wp-caption alignright\"><a href=\"https:\/\/www.brenne-au-coeur.com\/wp-content\/uploads\/2024\/09\/solange.jpg\" rel=\"lightbox[5914]\"><img loading=\"lazy\" decoding=\"async\" class=\"wp-image-5930 size-full\" src=\"https:\/\/www.brenne-au-coeur.com\/wp-content\/uploads\/2024\/09\/solange.jpg\" alt=\"\" width=\"189\" height=\"266\" srcset=\"https:\/\/www.brenne-au-coeur.com\/wp-content\/uploads\/2024\/09\/solange.jpg 189w, https:\/\/www.brenne-au-coeur.com\/wp-content\/uploads\/2024\/09\/solange-107x150.jpg 107w\" sizes=\"auto, (max-width: 189px) 100vw, 189px\" \/><\/a><figcaption id=\"caption-attachment-5930\" class=\"wp-caption-text\">Solange, la fille de George Sand.<\/figcaption><\/figure>\n<p align=\"justify\"><span style=\"font-size: large;\">Inviter George Sand bien entendu\u00a0! La plume tant appr\u00e9ci\u00e9e de la Bonne Dame de Nohant est inesp\u00e9r\u00e9e pour faire para\u00eetre des articles \u00e9logieux sur ce formidable hippodrome. Ni une, ni deux, le comte de Lancosme-Br\u00e8ves, fait d\u00e9p\u00eacher une voiture et, quelque peu contraintes, George, sa fille Solange et une petite cousine arrivent, la veille des courses, \u00ab\u00a0 \u00e0 moiti\u00e9 cuits pour d\u00eener\u00a0\u00bb au ch\u00e2teau de leur h\u00f4te. Probablement trop affair\u00e9 au bon d\u00e9roul\u00e9 de cette manifestation d\u2019ampleur, le comte oublie quelque peu sa prestigieuse invit\u00e9e qui se retrouve \u00e0 chercher une chambre \u00e0 M\u00e9zi\u00e8res pour passer la nuit du 7 au 8 juin. Elle raconte\u00a0: <\/span><\/p>\n<p align=\"justify\"><span style=\"font-size: large;\">\u00ab\u00a0 A M\u00e9zi\u00e8res, qui est une bicoque, on se loge o\u00f9 on peut. Nous avons couch\u00e9 dans le lit du brigadier de gendarmerie appel\u00e9 M Goret, non pas avec lui &#8211; le brave homme avait \u00e9t\u00e9 dormir au foin avec son \u00e9pouse, laquelle porte un petit bonnet de grisette, et une grande plume verte d\u2019une oreille \u00e0 l\u2019autre, et ses deux petites filles charmantes qui nous avaient prises en passion &#8211; mais avec les innombrables et superbes puces qu\u2019ils avaient nourries de leur sang. C\u2019est f\u00e9roce la puce de gendarme\u00a0! \u00c7a porte un sabre et des buffleteries (1). C\u2019est une vari\u00e9t\u00e9 jusqu\u2019ici inobserv\u00e9e, mais sur laquelle je compte \u00e9crire un m\u00e9moire [\u2026].\u00a0\u00bb<\/span><\/p>\n<p align=\"justify\"><span style=\"font-size: large;\">Ce texte assurera une dr\u00f4le de \u00ab\u00a0c\u00e9l\u00e9brit\u00e9\u00a0\u00bb \u00e0 l\u2019attentionn\u00e9 gendarme qui a accept\u00e9 de pr\u00eater son matelas \u00e0 l\u2019une des plus grandes \u00e9crivaines libres du XIXe si\u00e8cle. <\/span><\/p>\n<p align=\"justify\"><span style=\"font-size: large;\">Par contre, George Sand n\u2019a manifestement pas conserv\u00e9 un tr\u00e8s bon souvenir de son unique passage dans la capitale brennouse \u2026 elle n\u2019y reviendra plus jamais. <\/span><\/p>\n<p align=\"justify\"><span style=\"font-size: large;\">Les coll\u00e8gues de Timoth\u00e9e d\u00e9clar\u00e8rent en mairie son d\u00e9c\u00e8s \u00e0 domicile le 4 septembre 1853. <\/span><\/p>\n<p align=\"justify\"><span style=\"font-size: large;\">Ag\u00e9 de 53 ans, il laisse son \u00e9pouse sans ressources et ses deux filles, respectivement \u00e2g\u00e9es de 15 et 14 ans. Henri Senot, m\u00e9decin et maire de la commune a \u00e9t\u00e9 d\u00e9sign\u00e9 leur subrog\u00e9 tuteur, au terme d\u2019un conseil de famille r\u00e9uni le 22 octobre. <\/span><\/p>\n<p align=\"justify\"><span style=\"font-size: large;\">L\u00e9ontine et Azeline ont \u00e9t\u00e9 \u00e9l\u00e8ves chez les s\u0153urs de l\u2019Immacul\u00e9e Conception \u00e0 Buzan\u00e7ais. Elles en conserveront une Foi in\u00e9branlable. <\/span><\/p>\n<p align=\"justify\"><span style=\"font-size: large;\">Il est certain que cette famille a d\u00e9finitivement quitt\u00e9 M\u00e9zi\u00e8res pour \u00ab\u00a0monter\u00a0\u00bb \u00e0 Paris quelque temps apr\u00e8s les obs\u00e8ques du gendarme, probablement \u00e0 l\u2019initiative de C\u00e9line P\u00e9catte de la Burlerie, cousine de Marie B\u00e9nigne, la maman. Les trois femmes auraient alors travaill\u00e9 dans une fabrique de chocolat \u2026 la s\u0153ur cadette a tent\u00e9, en vain, de devenir modiste. <\/span><\/p>\n<p align=\"justify\"><span style=\"font-size: large;\">Nous allons nous int\u00e9resser \u00e0 la vie tr\u00e9pidante de d\u2019Azeline, Marie, L\u00e9ocadie \u2013 la plus jeune \u2013 qui sera identifi\u00e9 sous le pseudonyme de L\u00e9a Silly, plus flatteur que Goret\u00a0! <\/span><\/p>\n<p align=\"justify\"><span style=\"font-size: large;\"><a href=\"https:\/\/www.brenne-au-coeur.com\/wp-content\/uploads\/2024\/09\/lea-silly.jpg\" rel=\"lightbox[5914]\"><img loading=\"lazy\" decoding=\"async\" class=\"alignleft wp-image-5929 size-medium\" src=\"https:\/\/www.brenne-au-coeur.com\/wp-content\/uploads\/2024\/09\/lea-silly-183x300.jpg\" alt=\"\" width=\"183\" height=\"300\" srcset=\"https:\/\/www.brenne-au-coeur.com\/wp-content\/uploads\/2024\/09\/lea-silly-183x300.jpg 183w, https:\/\/www.brenne-au-coeur.com\/wp-content\/uploads\/2024\/09\/lea-silly-91x150.jpg 91w, https:\/\/www.brenne-au-coeur.com\/wp-content\/uploads\/2024\/09\/lea-silly.jpg 421w\" sizes=\"auto, (max-width: 183px) 100vw, 183px\" \/><\/a>\u00ab\u00a0Gaie par temp\u00e9rament, d\u00e9j\u00e0 tr\u00e8s espi\u00e8gle [\u2026] v\u00e9ritable bout en train\u00a0\u00bb et ayant un timbre de voix prometteur, L\u00e9a entra dans les ch\u0153urs du th\u00e9\u00e2tre des Vari\u00e9t\u00e9s, avant de d\u00e9crocher en 1863 un petit r\u00f4le de paysanne dans le vaudeville intitul\u00e9 \u00ab\u00a0Les M\u00e9decins\u00a0\u00bb. A 24 ans, sa carri\u00e8re est lanc\u00e9e\u00a0! L\u2019ann\u00e9e suivante, elle se fait remarquer dans \u00ab\u00a0Le joueur de fl\u00fbte\u00a0\u00bb, une op\u00e9rette de Jules Moineaux. <\/span><\/p>\n<p align=\"justify\"><span style=\"font-size: large;\">A une date inconnue, L\u00e9a d\u00e9cide de partir aux Etats-Unis dans la compagnie d\u2019Aim\u00e9e et de C\u00e9line Montaland pour une saison de six mois, avec un cachet de 72\u00a0000 francs. Le meurtre du commanditaire de la troupe la d\u00e9sorganisa tant et si bien que la Berrichonne d\u00e9cida de d\u00e9couvrir l\u2019Am\u00e9rique lors de vacances forc\u00e9es. Parlant parfaitement l\u2019anglais, elle parcourut de nombreux \u00e9tats entre Cincinnati et San Francisco, tout en allant pr\u00e9senter ses \u00ab\u00a0devoirs\u00a0\u00bb \u00e0 Brigham Young, second pr\u00e9sident de l\u2019Eglise de J\u00e9sus-Christ des saints des derniers jours g\u00e9r\u00e9e par le mouvement mormon. Taquine, la Silly, sur la demande expresse du \u00ab\u00a0restaurateur chr\u00e9tien de la polygamie\u00a0\u00bb quelque peu ignorant, interpr\u00e9ta une tyrolienne des plus excentriques en pr\u00e9cisant qu\u2019il s\u2019agissait d\u2019une \u0153uvre de \u00ab\u00a0Mozart de Chatou, demeurant sur l\u2019\u00eele de la grenouill\u00e8re\u00a0!\u00a0\u00bb. <a href=\"https:\/\/www.brenne-au-coeur.com\/wp-content\/uploads\/2024\/09\/lea-silly-3.jpg\" rel=\"lightbox[5914]\"><img loading=\"lazy\" decoding=\"async\" class=\"alignright wp-image-5927 size-medium\" src=\"https:\/\/www.brenne-au-coeur.com\/wp-content\/uploads\/2024\/09\/lea-silly-3-183x300.jpg\" alt=\"\" width=\"183\" height=\"300\" srcset=\"https:\/\/www.brenne-au-coeur.com\/wp-content\/uploads\/2024\/09\/lea-silly-3-183x300.jpg 183w, https:\/\/www.brenne-au-coeur.com\/wp-content\/uploads\/2024\/09\/lea-silly-3-91x150.jpg 91w, https:\/\/www.brenne-au-coeur.com\/wp-content\/uploads\/2024\/09\/lea-silly-3.jpg 423w\" sizes=\"auto, (max-width: 183px) 100vw, 183px\" \/><\/a><\/span><\/p>\n<p align=\"justify\"><span style=\"font-size: large;\">De retour \u00e0 Paris, elle embrassa le r\u00f4le d\u2019Oreste dans la Belle H\u00e9l\u00e8ne d\u2019Offenbach. L\u2019une de ses plus belles interpr\u00e9tations et le point culminant de sa carri\u00e8re. Chaque soir, les spectateurs attendaient son jeu os\u00e9 et sa mimique expressive dans un corps d\u2019\u00e9ph\u00e8be bien nourri et son galbe spirituel. <\/span><\/p>\n<p align=\"justify\"><span style=\"font-size: large;\">Avec une d\u00e9lectation li\u00e9e aux ragots, les chroniqueurs de l\u2019\u00e9poque s\u2019empar\u00e8rent avidement d\u2019une altercation qui eut lieu dans les coulisses du th\u00e9\u00e2tre entre Hortense Schneider et L\u00e9a Silly. Cette derni\u00e8re, badine irrespectueuse, avait imit\u00e9 la chatouilleuse diva d\u00e9clenchant une querelle devenue c\u00e9l\u00e8bre qui entretint de longs mois les conversations amus\u00e9es des salons parisiens. <\/span><\/p>\n<p align=\"justify\"><span style=\"font-size: large;\"><a href=\"https:\/\/www.brenne-au-coeur.com\/wp-content\/uploads\/2024\/09\/silly-schneider.jpg\" rel=\"lightbox[5914]\"><img loading=\"lazy\" decoding=\"async\" class=\"alignleft wp-image-5926 size-medium\" src=\"https:\/\/www.brenne-au-coeur.com\/wp-content\/uploads\/2024\/09\/silly-schneider-300x285.jpg\" alt=\"\" width=\"300\" height=\"285\" srcset=\"https:\/\/www.brenne-au-coeur.com\/wp-content\/uploads\/2024\/09\/silly-schneider-300x285.jpg 300w, https:\/\/www.brenne-au-coeur.com\/wp-content\/uploads\/2024\/09\/silly-schneider-150x143.jpg 150w, https:\/\/www.brenne-au-coeur.com\/wp-content\/uploads\/2024\/09\/silly-schneider.jpg 440w\" sizes=\"auto, (max-width: 300px) 100vw, 300px\" \/><\/a>Ces affaires d\u2019ego n\u2019emp\u00each\u00e8rent pas L\u00e9a de chanter et de jouer dans de nombreux vaudevilles et pi\u00e8ces diverses, parmi lesquels\u00a0: La Grande-duchesse de Gerolstein, la P\u00e9richole, les Contributions Indirectes (r\u00f4le de la V\u00e9nus aux carottes), les Griffes du Diable, Coco, les farces de Pierrot, une pantomime et ce, pendant 25 ans. <\/span><\/p>\n<p align=\"justify\"><span style=\"font-size: large;\">L\u00e9a \u00e9tait tr\u00e8s courtis\u00e9e par des hommes, le plus souvent riches. En cette seconde moiti\u00e9 du XIXe si\u00e8cle, l\u2019acc\u00e8s aux th\u00e9\u00e2tres restait r\u00e9serv\u00e9 aux plus nantis. <\/span><\/p>\n<p align=\"justify\"><span style=\"font-size: large;\">A-t-elle \u00e9t\u00e9 une demi-mondaine\u00a0? A priori non. La police des m\u0153urs ne l\u2019a jamais r\u00e9pertori\u00e9e comme telle m\u00eame si elle fr\u00e9quentait Blanche d\u2019Antigny (n\u00e9e \u00e0 Martizay et ayant probablement pass\u00e9e sa petite enfance \u00e0 M\u00e9zi\u00e8res) et avait h\u00e9berg\u00e9e en 1873 la Marianni (fich\u00e9e\u00a0!) \u00e0 la suite d\u2019un diff\u00e9rend avec l\u2019un de ses amants. <\/span><\/p>\n<figure id=\"attachment_5925\" aria-describedby=\"caption-attachment-5925\" style=\"width: 300px\" class=\"wp-caption alignright\"><a href=\"https:\/\/www.brenne-au-coeur.com\/wp-content\/uploads\/2024\/09\/qr-code-extrait-venus.png\" rel=\"lightbox[5914]\"><img loading=\"lazy\" decoding=\"async\" class=\"wp-image-5925 size-medium\" src=\"https:\/\/www.brenne-au-coeur.com\/wp-content\/uploads\/2024\/09\/qr-code-extrait-venus-300x300.png\" alt=\"\" width=\"300\" height=\"300\" srcset=\"https:\/\/www.brenne-au-coeur.com\/wp-content\/uploads\/2024\/09\/qr-code-extrait-venus-300x300.png 300w, https:\/\/www.brenne-au-coeur.com\/wp-content\/uploads\/2024\/09\/qr-code-extrait-venus-150x150.png 150w, https:\/\/www.brenne-au-coeur.com\/wp-content\/uploads\/2024\/09\/qr-code-extrait-venus-45x45.png 45w, https:\/\/www.brenne-au-coeur.com\/wp-content\/uploads\/2024\/09\/qr-code-extrait-venus.png 696w\" sizes=\"auto, (max-width: 300px) 100vw, 300px\" \/><\/a><figcaption id=\"caption-attachment-5925\" class=\"wp-caption-text\">QR Code permettant d&rsquo;\u00e9couter un extrait de V\u00e9nus.<\/figcaption><\/figure>\n<p align=\"justify\"><span style=\"font-size: large;\"><a href=\"https:\/\/www.brenne-au-coeur.com\/wp-content\/uploads\/2024\/09\/la-venus.jpg\" rel=\"lightbox[5914]\"><img loading=\"lazy\" decoding=\"async\" class=\"alignleft wp-image-5924 size-medium\" src=\"https:\/\/www.brenne-au-coeur.com\/wp-content\/uploads\/2024\/09\/la-venus-250x300.jpg\" alt=\"\" width=\"250\" height=\"300\" srcset=\"https:\/\/www.brenne-au-coeur.com\/wp-content\/uploads\/2024\/09\/la-venus-250x300.jpg 250w, https:\/\/www.brenne-au-coeur.com\/wp-content\/uploads\/2024\/09\/la-venus-125x150.jpg 125w, https:\/\/www.brenne-au-coeur.com\/wp-content\/uploads\/2024\/09\/la-venus.jpg 583w\" sizes=\"auto, (max-width: 250px) 100vw, 250px\" \/><\/a>Descendant les boulevards habill\u00e9e en homme tout en fumant, Azeline, de son premier pr\u00e9nom, ne laissait pas indiff\u00e9rente. Hormis son sens de la r\u00e9partie et un parler rude, un livre l\u2019a d\u00e9crit ainsi \u00ab\u00a0\u00e0 la ville, elle \u00e9tait courue et courait assez volontiers. [\u2026] Elle s\u2019y montrait tr\u00e8s assidue et excellait \u00e0 intriguer la fleur de cavaliers de la haute vie\u00a0\u00bb. <\/span><\/p>\n<p align=\"justify\"><span style=\"font-size: large;\">Du prince \u00e9gyptien au Cubain rencontr\u00e9 aux Etats-Unis, \u00e0 un jeune Anglais en passant par un baron peu scrupuleux qui lui vola ses bijoux, heureusement restitu\u00e9s, la vie affective de cette artiste peu conventionnelle a d\u00e9fray\u00e9 la chronique des journaux de l\u2019\u00e9poque, avides d\u2019histoires rocambolesques mais bien r\u00e9elles malgr\u00e9 tout. <\/span><\/p>\n<p align=\"justify\"><span style=\"font-size: large;\">L\u00e9a semble s\u2019\u00eatre \u00e9panouie dans cette vie entre loges, salons, essais de costumes et personnages excentriques. Ses confortables cachets lui offrirent une existence ais\u00e9e qui la conduisit \u00e0 demeurer au 41 rue Lafayette dans le 9<sup>e<\/sup> arrondissement de Paris, dans un tr\u00e8s chic immeuble haussmannien, proche des th\u00e9\u00e2tres des Vari\u00e9t\u00e9s et de la Porte Saint-Martin qui l\u2019accueillirent pendant tant d\u2019ann\u00e9es. <\/span><\/p>\n<p align=\"justify\"><span style=\"font-size: large;\">Elle se dota d\u2019un blason avec ses initiales entrecrois\u00e9es et d\u2019une devise\u00a0latine&nbsp;: \u00ab\u00a0sic volo\u00a0\u00bb &#8211; \u00ab\u00a0donc, je veux\u00a0\u00bb, bien appropri\u00e9e \u00e0 sa forte personnalit\u00e9. Ces signes distinctifs ornaient chacun de ses courriers. <\/span><\/p>\n<p align=\"justify\"><span style=\"font-size: large;\">Autre anecdote curieuse\u00a0: le chiffre 3 lui \u00e9tait insupportable\u00a0! Jusqu\u2019\u00e0 fumer 2 ou 4 cigarettes mais jamais 3. <\/span><\/p>\n<p align=\"justify\"><span style=\"font-size: large;\">A l\u2019\u00e2ge de 65 ans, la com\u00e9dienne quitte la vie parisienne et rejoint la campagne \u00e0 Ville-d\u2019Avray (92). Elle emm\u00e9nage, comme locataire, dans <a href=\"https:\/\/www.brenne-au-coeur.com\/wp-content\/uploads\/2024\/09\/le-chalet.jpg\" rel=\"lightbox[5914]\"><img loading=\"lazy\" decoding=\"async\" class=\"aligncenter wp-image-5922 size-medium\" src=\"https:\/\/www.brenne-au-coeur.com\/wp-content\/uploads\/2024\/09\/le-chalet-300x197.jpg\" alt=\"\" width=\"300\" height=\"197\" srcset=\"https:\/\/www.brenne-au-coeur.com\/wp-content\/uploads\/2024\/09\/le-chalet-300x197.jpg 300w, https:\/\/www.brenne-au-coeur.com\/wp-content\/uploads\/2024\/09\/le-chalet-150x99.jpg 150w, https:\/\/www.brenne-au-coeur.com\/wp-content\/uploads\/2024\/09\/le-chalet.jpg 581w\" sizes=\"auto, (max-width: 300px) 100vw, 300px\" \/><\/a>une jolie maison \u00e0 \u00e9tage surnomm\u00e9e \u00ab\u00a0le chalet\u00a0\u00bb sis 22 chemin de la C\u00f4t\u00e9 d\u2019Argent. Sans certitude, elle aurait aussi demeur\u00e9 \u00e0 S\u00e8vres. <\/span><\/p>\n<p align=\"justify\"><span style=\"font-size: large;\">L\u00e9a correspondait r\u00e9guli\u00e8rement avec sa filleule, Madame Lais. A l\u2019occasion de la communion solennelle de celle-ci en l\u2019\u00e9glise de M\u00e9zi\u00e8res, l\u2019artiste, au grand dam des fid\u00e8les pr\u00e9sents, aurait pris place dans l\u2019une des stalles situ\u00e9es de part et d\u2019autre de l\u2019autel. A cette \u00e9poque, seuls les hommes pouvaient s\u2019y installer. Sacril\u00e8ge\u00a0! Profond\u00e9ment croyante, elle avait fait don d\u2019une magnifique chasuble au pr\u00eatre qui officiait, d\u2019une nappe d\u2019autel, d\u2019un voile de tabernacle et d\u2019un grand tapis de ch\u0153ur. <\/span><\/p>\n<p align=\"justify\"><span style=\"font-size: large;\">C\u2019est dans l\u2019une de ces lettres que L\u00e9a annonce la mort, sous ses yeux, de son \u00ab\u00a0mari\u00a0\u00bb&nbsp;: Gilbert Cuel, 66 ans, architecte-d\u00e9corateur sp\u00e9cialis\u00e9 en pierres unies moulur\u00e9es et sculpt\u00e9es et en rev\u00eatements et colonnes en mosa\u00efques de nacre. Il existe aux Etats-Unis deux b\u00e2timents hors du commun dont il contribua \u00e0 la d\u00e9coration fastueuse. Le couple aurait convol\u00e9 uniquement religieusement en Belgique <a href=\"https:\/\/www.brenne-au-coeur.com\/wp-content\/uploads\/2024\/09\/decoration.jpg\" rel=\"lightbox[5914]\"><img loading=\"lazy\" decoding=\"async\" class=\"alignleft wp-image-5921 size-medium\" src=\"https:\/\/www.brenne-au-coeur.com\/wp-content\/uploads\/2024\/09\/decoration-300x185.jpg\" alt=\"\" width=\"300\" height=\"185\" srcset=\"https:\/\/www.brenne-au-coeur.com\/wp-content\/uploads\/2024\/09\/decoration-300x185.jpg 300w, https:\/\/www.brenne-au-coeur.com\/wp-content\/uploads\/2024\/09\/decoration-150x93.jpg 150w, https:\/\/www.brenne-au-coeur.com\/wp-content\/uploads\/2024\/09\/decoration.jpg 646w\" sizes=\"auto, (max-width: 300px) 100vw, 300px\" \/><\/a>(Bruxelles ou Spa) \u2026<\/span><\/p>\n<p align=\"justify\"><span style=\"font-size: large;\">Tr\u00e8s affect\u00e9e par cette perte subite, malade, quasi ruin\u00e9e, Azeline Goret d\u00e9c\u00e8dera \u00e0 son domicile 11 mois plus tard le 7 juin 1917, \u00e0 l\u2019\u00e2ge de 77 ans. <\/span><\/p>\n<p align=\"justify\"><span style=\"font-size: large;\">Tr\u00e8s proche de sa s\u0153ur cadette, la vie de L\u00e9ontine, Irma, Philom\u00e8ne Goret a \u00e9t\u00e9 un peu moins agit\u00e9e bien qu\u2019elle ait aussi r\u00e9pondu aux sir\u00e8nes parisiennes. <\/span><\/p>\n<p align=\"justify\"><span style=\"font-size: large;\">N\u00e9e \u00e0 Saint-Fulgent (85) le 30 septembre 1837, cette ain\u00e9e d\u2019un peu plus de deux ans, ne conna\u00eetra dans son enfance que M\u00e9zi\u00e8res et la Brenne, ses parents y ayant d\u00e9m\u00e9nag\u00e9 quelques mois apr\u00e8s sa naissance. <\/span><\/p>\n<p align=\"justify\"><span style=\"font-size: large;\">Aucune information n\u2019a \u00e9t\u00e9 retrouv\u00e9e dans les archives permettant de savoir comment L\u00e9ontine est devenue artiste lyrique et dramatique. Elle a embrass\u00e9 des r\u00f4les de princesse dans d\u2019\u00e9tincelants costumes de sc\u00e8ne au Ch\u00e2telet, de f\u00e9e au th\u00e9\u00e2tre de la Porte Saint-Martin. <\/span><\/p>\n<p align=\"justify\"><span style=\"font-size: large;\"><a href=\"https:\/\/www.brenne-au-coeur.com\/wp-content\/uploads\/2024\/09\/leontine.jpg\" rel=\"lightbox[5914]\"><img loading=\"lazy\" decoding=\"async\" class=\"alignleft wp-image-5919 size-medium\" src=\"https:\/\/www.brenne-au-coeur.com\/wp-content\/uploads\/2024\/09\/leontine-173x300.jpg\" alt=\"\" width=\"173\" height=\"300\" srcset=\"https:\/\/www.brenne-au-coeur.com\/wp-content\/uploads\/2024\/09\/leontine-173x300.jpg 173w, https:\/\/www.brenne-au-coeur.com\/wp-content\/uploads\/2024\/09\/leontine-86x150.jpg 86w, https:\/\/www.brenne-au-coeur.com\/wp-content\/uploads\/2024\/09\/leontine.jpg 364w\" sizes=\"auto, (max-width: 173px) 100vw, 173px\" \/><\/a>Bien qu\u2019elle n\u2019ait pas \u00e9t\u00e9 consid\u00e9r\u00e9e officiellement comme une demi-mondaine, un certain Zed dans \u00ab\u00a0Le Demi-<a href=\"https:\/\/www.brenne-au-coeur.com\/wp-content\/uploads\/2024\/09\/leontine-2.jpg\" rel=\"lightbox[5914]\"><img loading=\"lazy\" decoding=\"async\" class=\"alignright wp-image-5918 size-medium\" src=\"https:\/\/www.brenne-au-coeur.com\/wp-content\/uploads\/2024\/09\/leontine-2-177x300.jpg\" alt=\"\" width=\"177\" height=\"300\" srcset=\"https:\/\/www.brenne-au-coeur.com\/wp-content\/uploads\/2024\/09\/leontine-2-177x300.jpg 177w, https:\/\/www.brenne-au-coeur.com\/wp-content\/uploads\/2024\/09\/leontine-2-88x150.jpg 88w, https:\/\/www.brenne-au-coeur.com\/wp-content\/uploads\/2024\/09\/leontine-2.jpg 369w\" sizes=\"auto, (max-width: 177px) 100vw, 177px\" \/><\/a>Monde sous le Second Empire\u00a0\u00bb d\u00e9crit ainsi celle devenue \u00ab\u00a0la Delval\u00a0\u00bb\u00a0: <\/span><\/p>\n<p align=\"justify\"><span style=\"font-size: large;\">\u00ab\u00a0Grande comme un tambour-major et admirablement faire malgr\u00e9 cela, tr\u00e8s plastique, tr\u00e8s en chair, tr\u00e8s voluptueuse, tr\u00e8s belle, elle avait une physionomie placide et sans expression qui ne paraissait r\u00e9v\u00e9ler qu\u2019une intelligence des plus ordinaires. Le maillot et le nu, relev\u00e9s par une ornementation savante, avaient \u00e9t\u00e9 \u00e9lev\u00e9s par elle \u00e0 la hauteur d\u2019une institution. Jamais on n\u2019a rien vu de plus \u00e9blouissant et de plus tranquillement impudique.\u00a0\u00bb<\/span><\/p>\n<p align=\"justify\"><span style=\"font-size: large;\">Gabrielle, de son nouveau pr\u00e9nom-pseudo, ne laissait pas la gent masculine indiff\u00e9rente. Les spectateurs qui venaient l\u2019\u00e9couter et l\u2019admirer aux th\u00e9\u00e2tres des Vari\u00e9t\u00e9s et du Gymnase se r\u00e9jouissaient de ses toilettes cristallines. Il ne faut pas omettre ses qualit\u00e9s d\u2019actrice reconnue, au point que George Sand aurait souhait\u00e9 la faire venir \u00e0 Nohant pour qu\u2019elle y exprime son art et participe, probablement, aux d\u00eeners propos\u00e9s \u00e0 ses prestigieux convives. <\/span><\/p>\n<p align=\"justify\"><span style=\"font-size: large;\">C\u2019est \u00e0 l\u2019\u00e2ge de 43 ans que L\u00e9ontine \u00e9pouse \u00e0 Gen\u00e8ve (Suisse) le 30 juillet 1881 Tanneguy de Wogan, un bien curieux personnage. <\/span><\/p>\n<p align=\"justify\"><span style=\"font-size: large;\"><a href=\"https:\/\/www.brenne-au-coeur.com\/wp-content\/uploads\/2024\/09\/tanneguy-de-wogan.jpg\" rel=\"lightbox[5914]\"><img loading=\"lazy\" decoding=\"async\" class=\"alignleft wp-image-5916 size-medium\" src=\"https:\/\/www.brenne-au-coeur.com\/wp-content\/uploads\/2024\/09\/tanneguy-de-wogan-263x300.jpg\" alt=\"\" width=\"263\" height=\"300\" srcset=\"https:\/\/www.brenne-au-coeur.com\/wp-content\/uploads\/2024\/09\/tanneguy-de-wogan-263x300.jpg 263w, https:\/\/www.brenne-au-coeur.com\/wp-content\/uploads\/2024\/09\/tanneguy-de-wogan-131x150.jpg 131w, https:\/\/www.brenne-au-coeur.com\/wp-content\/uploads\/2024\/09\/tanneguy-de-wogan.jpg 473w\" sizes=\"auto, (max-width: 263px) 100vw, 263px\" \/><\/a>Aventurier, inventeur, journaliste et \u00e9crivain, il est le fils d\u2019Edouard qui eut une vie extravagante, faite de mensonges et de titres d\u2019emprunt. <\/span><\/p>\n<p align=\"justify\"><span style=\"font-size: large;\">Tanneguy est le fondateur de la soci\u00e9t\u00e9 v\u00e9g\u00e9tarienne de France et l\u2019inventeur-constructeur d\u2019un bateau en papier (!) \u00ab\u00a0Le Qui Vive\u00a0\u00bb avec lequel il effectua, entre 1884 et 1886, un p\u00e9riple \u00e0 la pagaie sur diff\u00e9rents cours d\u2019eau et mers. Il a \u00e9t\u00e9 condamn\u00e9 pour diffamation pour ses \u00e9crits dans le journal ultra-royaliste \u00ab\u00a0le Triboulet\u00a0\u00bb dont il \u00e9tait le g\u00e9rant. <\/span><\/p>\n<p align=\"justify\"><span style=\"font-size: large;\">Le divorce est prononc\u00e9 \u00e0 Paris le 14 mars 1888. <\/span><\/p>\n<p align=\"justify\"><span style=\"font-size: large;\">La Delval montera sur les planches jusqu\u2019en 1893 au th\u00e9\u00e2tre des Menus-Plaisirs, futur th\u00e9\u00e2tre Antoine. <\/span><\/p>\n<p align=\"justify\"><span style=\"font-size: large;\">Tout comme sa s\u0153ur, elle demeure au centre de Paris (1 rue Blanche dans le 9<sup>e<\/sup> arrondissement) dans un bel appartement de type haussmannien, \u00e0 quelques encablures de tous ses chers th\u00e9\u00e2tres.<\/span><\/p>\n<p align=\"justify\"><span style=\"font-size: large;\">L\u00e9ontine y d\u00e9c\u00e9dera le 24 mai 1919, \u00e0 l\u2019\u00e2ge de 81 ans l\u00e9guant une somme de 6000 francs \u00e0 la filleule de sa s\u0153ur L\u00e9ocadie. <\/span><\/p>\n<p align=\"justify\"><span style=\"font-size: large;\"><a href=\"https:\/\/www.brenne-au-coeur.com\/wp-content\/uploads\/2024\/09\/chapelle.jpg\" rel=\"lightbox[5914]\"><img loading=\"lazy\" decoding=\"async\" class=\"alignright wp-image-5915 size-medium\" src=\"https:\/\/www.brenne-au-coeur.com\/wp-content\/uploads\/2024\/09\/chapelle-195x300.jpg\" alt=\"\" width=\"195\" height=\"300\" srcset=\"https:\/\/www.brenne-au-coeur.com\/wp-content\/uploads\/2024\/09\/chapelle-195x300.jpg 195w, https:\/\/www.brenne-au-coeur.com\/wp-content\/uploads\/2024\/09\/chapelle-98x150.jpg 98w, https:\/\/www.brenne-au-coeur.com\/wp-content\/uploads\/2024\/09\/chapelle.jpg 468w\" sizes=\"auto, (max-width: 195px) 100vw, 195px\" \/><\/a>La fratrie, leur m\u00e8re ainsi que la cousine de cette derni\u00e8re qui les aurait accueillies dans la capitale sont enterr\u00e9es ensemble dans une chapelle fun\u00e9raire situ\u00e9e dans le cimeti\u00e8re ancien de Neuilly-sur-Seine qui, \u00e0 l\u2019instar de celui du Montparnasse, accueille les s\u00e9pultures de nombreux artistes et personnalit\u00e9s de la fin du XIXe et du XXe si\u00e8cle. <\/span><\/p>\n<p align=\"justify\"><span style=\"font-size: large;\">Libert\u00e9 est le premier mot qui me vient \u00e0 l\u2019esprit pour r\u00e9sumer la vie de ces femmes\u00a0: elles \u00e9taient libres de voyager, de s\u2019habiller comme elles le souhaitaient, de pratiquer leur m\u00e9tier avec espi\u00e8glerie et d\u00e9sinvolture pour l\u2019une, avec la parfaite conscience de ses formes avantageuses pour l\u2019autre. Toutes aussi libres de leurs fr\u00e9quentations. Ces filles de gendarme ont saisi toutes les opportunit\u00e9s que leur offrait le flamboyant Paris du Second Empire \u00e0 la Belle Epoque en croquant la vie \u00e0 pleines dents. N\u2019ont-elles pas \u00e9t\u00e9 \u00e0 bonne \u00e9cole avec George Sand\u00a0? <\/span><\/p>\n<ol>\n<li>\n<p align=\"justify\"><span style=\"font-size: large;\">Buffleteries\u00a0: Ensemble de bandes et courroies, souvent en cuir de buffle, utilis\u00e9es dans l&rsquo;\u00e9quipement militaire pour le port d&rsquo;armes et d&rsquo;\u00e9quipements.<\/span><\/p>\n<\/li>\n<\/ol>\n<p align=\"justify\"><span style=\"font-size: large;\"><i><b>Sources\u00a0: <\/b><\/i><\/span><\/p>\n<ul>\n<li>\n<p align=\"justify\"><span style=\"font-size: large;\">Les courses hippiques de M\u00e9zi\u00e8res-en-Brenne \u2013\u00a0G. Coulon \u2013 Bouinotte \u00e9ditions. <\/span><\/p>\n<\/li>\n<li>\n<p align=\"justify\"><span style=\"font-size: large;\">Dictionnaire George Sand \u2013 Claire et Laurent Greilsamer \u2013 \u00e9ditions Perrin \u2013 page 197. La citation de la page 3 est extraite d\u2019une lettre \u00e9crite par G. Sand \u00e0 Emmanuel Arago le 19 juin 1846. <\/span><\/p>\n<\/li>\n<li>\n<p align=\"justify\"><span style=\"font-size: large;\">Via Retronews\u00a0: journal le Gaulois du 13\/12\/1878 \u2013 le Si\u00e8cle du 14\/06\/1886. <\/span><\/p>\n<\/li>\n<li>\n<p align=\"justify\"><span style=\"font-size: large;\">Archives d\u00e9partementales de l\u2019Indre, de la Vend\u00e9e, de la Somme \u2013 \u00e9tats-civils en ligne et recensements de la population. <\/span><\/p>\n<\/li>\n<li>\n<p align=\"justify\"><span style=\"font-size: large;\">Archives d\u00e9partementales de l\u2019Indre\u00a0: 48J-5C-1303 \u2013 48J-2B-2517 et 2526 et 2528\u2013 48J-1C\/X-246. Le fonds Joseph Thibault, dot\u00e9 de nombreux documents heureusement conserv\u00e9s, a permis de retracer pr\u00e9cis\u00e9ment les chemins de vie des deux s\u0153urs.<\/span><\/p>\n<\/li>\n<li>\n<p align=\"justify\"><span style=\"font-size: large;\">Archives de la Pr\u00e9fecture de Police de Paris\u00a0: FRAPP-BB1-138 et 475. <\/span><\/p>\n<\/li>\n<li>\n<p align=\"justify\"><span style=\"color: #0000ff;\"><a href=\"https:\/\/levillagedebillancourt.fr\/2022\/02\/07\/avenue-des-arts-decoratifs-a-billancourt\/\"><span style=\"color: #000000;\"><span style=\"font-size: large;\">https:\/\/levillagedebillancourt.fr\/2022\/02\/07\/avenue-des-arts-decoratifs-a-billancourt\/<\/span><\/span><\/a><\/span><\/p>\n<\/li>\n<li>\n<p align=\"justify\"><span style=\"font-size: large;\">Mairie de Neuilly-sur-Seine \u2013 service des cimeti\u00e8res. <\/span><\/p>\n<\/li>\n<li>\n<p align=\"justify\"><span style=\"font-size: large;\">Le Demi-Monde sous le Second Empire \u2013 ZED \u2013 1892. Via <\/span><span style=\"color: #0000ff;\"><a href=\"https:\/\/gallica.bnf.fr\/\"><span style=\"color: #000000;\"><span style=\"font-size: large;\">https:\/\/gallica.bnf.fr\/<\/span><\/span><\/a><\/span><\/p>\n<\/li>\n<li>\n<p align=\"justify\"><span style=\"color: #0000ff;\"><a href=\"https:\/\/gw.geneanet.org\/alecomte22?lang=fr&amp;iz=21&amp;p=tanneguy&amp;n=de+wogan\"><span style=\"color: #000000;\"><span style=\"font-size: large;\">https:\/\/gw.geneanet.org\/alecomte22?lang=fr&amp;iz=21&amp;p=tanneguy&amp;n=de+wogan<\/span><\/span><\/a><\/span><\/p>\n<\/li>\n<li>\n<p align=\"justify\"><span style=\"font-size: large;\">Remerciements sinc\u00e8res \u00e0 Sylvain Neveu qui, \u00e0 partir d\u2019une ancienne partition de \u00ab\u00a0la V\u00e9nus aux carottes\u00a0\u00bb a enregistr\u00e9 au piano un extrait de cette \u0153uvre qu\u2019il est possible d\u2019\u00e9couter gr\u00e2ce au QR code fourni dans le texte. <\/span><\/p>\n<\/li>\n<\/ul>\n<p align=\"justify\"><span style=\"font-size: large;\"><i><b>Cr\u00e9dits photographiques et sources des photos\u00a0: <\/b><\/i><\/span><\/p>\n<ul>\n<li>\n<p align=\"justify\"><span style=\"font-size: large;\">Page 1\u00a0: Mus\u00e9e Carnavalet \u2013 n\u00b0 d\u2019inventaire\u00a0: PH 49349<\/span><\/p>\n<\/li>\n<li>\n<p align=\"justify\"><span style=\"font-size: large;\">Page 2\u00a0: plan de M\u00e9zi\u00e8res en 1840\u00a0: AD 36 &#8211; 48J 8C 57 \u2013 Portrait d\u2019Azeline\u00a0: AD 36 \u2013 48J 2B 2503.<\/span><\/p>\n<\/li>\n<li>\n<p align=\"justify\"><span style=\"font-size: large;\">Page 3\u00a0: G. Sand\u00a0: Mus\u00e9e de George Sand et la Vall\u00e9e Noire, La Ch\u00e2tre \u2013 portait de Nadar &#8211; <span style=\"color: #000000;\">MLC 1967.1.37\u00a0; Solange Sand\u00a0: AD 36 48j 2B.<\/span><\/span><\/p>\n<\/li>\n<li>\n<p align=\"justify\"><span style=\"font-size: large;\">Page 4\u00a0: Mus\u00e9e Carnavalet, n\u00b0s d\u2019inventaire de gauche \u00e0 droite\u00a0: PH 56548 \u2013 PH 56540 \u2013 PH 56536.<\/span><\/p>\n<\/li>\n<li>\n<p align=\"justify\"><span style=\"font-size: large;\">Page 5\u00a0: AD 36 \u2013 48J 2B 2513 et 2511. <\/span><\/p>\n<\/li>\n<li>\n<p align=\"justify\"><span style=\"font-size: large;\">Page 6\u00a0: AD 36 \u2013 48J 1C\/X 246 et 48J 2B 2526.<\/span><\/p>\n<\/li>\n<li><span style=\"font-size: large;\">Page 7\u00a0: https:\/\/levillagedebillancourt.fr\/2022\/02\/07\/avenue-des-arts-decoratifs-a-billancourt\/<\/span><\/li>\n<li>\n<p align=\"justify\"><span style=\"font-size: large;\">Page 8\u00a0: Mus\u00e9e Carnavalet, n\u00b0s d\u2019inventaire de gauche \u00e0 droite\u00a0: PH 49348 \u2013 PH 49352 \u2013 PH 49355.<\/span><\/p>\n<\/li>\n<li>\n<p align=\"justify\"><span style=\"font-size: large;\">Page 9\u00a0: portait\u00a0: Gallica BnF<\/span><\/p>\n<\/li>\n<li>\n<p align=\"justify\"><span style=\"font-size: large;\">Page 10\u00a0: photo de gauche\u00a0prise le 1<sup>er<\/sup> mai 1945: AD 36 \u2013 48J 2B 2526 \u2013 photo de droite\u00a0prise en juin 2024&nbsp;: Chantal Kroliczak<\/span><\/p>\n<\/li>\n<\/ul>\n<p align=\"justify\">\n","protected":false},"excerpt":{"rendered":"<p>Les libres destin\u00e9es des s\u0153urs Goret&nbsp;! Qui aurait imagin\u00e9 que ce nom tr\u00e8s commun et peu flatteur ait travers\u00e9 le XIXe si\u00e8cle en se faisant tout d\u2019abord conna\u00eetre dans un \u00e9crit de George Sand pour perdurer gr\u00e2ce aux voix d\u2019artistes lyriques et dramatiques de deux s\u0153urs qui se produisirent dans les th\u00e9\u00e2tres parisiens&nbsp;? Chacune pr\u00eet&hellip;&nbsp;<a href=\"https:\/\/www.brenne-au-coeur.com\/index.php\/2024\/09\/01\/de-la-gendarmerie-de-mezieres-aux-theatres-parisiens\/communes\/mezieres-en-brenne\/5914\/\" rel=\"bookmark\">Lire la suite&nbsp;&raquo;<span class=\"screen-reader-text\">De la gendarmerie de M\u00e9zi\u00e8res aux th\u00e9\u00e2tres parisiens<\/span><\/a><\/p>\n","protected":false},"author":2,"featured_media":5924,"comment_status":"open","ping_status":"open","sticky":false,"template":"","format":"standard","meta":{"rop_custom_images_group":[],"rop_custom_messages_group":[],"rop_publish_now":"initial","rop_publish_now_accounts":[],"rop_publish_now_history":[],"rop_publish_now_status":"pending","_monsterinsights_skip_tracking":false,"_monsterinsights_sitenote_active":false,"_monsterinsights_sitenote_note":"","_monsterinsights_sitenote_category":0,"neve_meta_sidebar":"","neve_meta_container":"","neve_meta_enable_content_width":"off","neve_meta_content_width":70,"neve_meta_title_alignment":"","neve_meta_author_avatar":"","neve_post_elements_order":"","neve_meta_disable_header":"","neve_meta_disable_footer":"","neve_meta_disable_title":"","_jetpack_memberships_contains_paid_content":false,"footnotes":"","jetpack_publicize_message":"","jetpack_publicize_feature_enabled":true,"jetpack_social_post_already_shared":true,"jetpack_social_options":{"image_generator_settings":{"template":"highway","default_image_id":0,"font":"","enabled":false},"version":2}},"categories":[12],"tags":[49,119],"class_list":["post-5914","post","type-post","status-publish","format-standard","has-post-thumbnail","hentry","category-mezieres-en-brenne","tag-histoire","tag-theatre"],"aioseo_notices":[],"jetpack_publicize_connections":[],"jetpack_featured_media_url":"https:\/\/www.brenne-au-coeur.com\/wp-content\/uploads\/2024\/09\/la-venus.jpg","jetpack-related-posts":[],"jetpack_sharing_enabled":true,"_links":{"self":[{"href":"https:\/\/www.brenne-au-coeur.com\/index.php\/wp-json\/wp\/v2\/posts\/5914","targetHints":{"allow":["GET"]}}],"collection":[{"href":"https:\/\/www.brenne-au-coeur.com\/index.php\/wp-json\/wp\/v2\/posts"}],"about":[{"href":"https:\/\/www.brenne-au-coeur.com\/index.php\/wp-json\/wp\/v2\/types\/post"}],"author":[{"embeddable":true,"href":"https:\/\/www.brenne-au-coeur.com\/index.php\/wp-json\/wp\/v2\/users\/2"}],"replies":[{"embeddable":true,"href":"https:\/\/www.brenne-au-coeur.com\/index.php\/wp-json\/wp\/v2\/comments?post=5914"}],"version-history":[{"count":2,"href":"https:\/\/www.brenne-au-coeur.com\/index.php\/wp-json\/wp\/v2\/posts\/5914\/revisions"}],"predecessor-version":[{"id":5964,"href":"https:\/\/www.brenne-au-coeur.com\/index.php\/wp-json\/wp\/v2\/posts\/5914\/revisions\/5964"}],"wp:featuredmedia":[{"embeddable":true,"href":"https:\/\/www.brenne-au-coeur.com\/index.php\/wp-json\/wp\/v2\/media\/5924"}],"wp:attachment":[{"href":"https:\/\/www.brenne-au-coeur.com\/index.php\/wp-json\/wp\/v2\/media?parent=5914"}],"wp:term":[{"taxonomy":"category","embeddable":true,"href":"https:\/\/www.brenne-au-coeur.com\/index.php\/wp-json\/wp\/v2\/categories?post=5914"},{"taxonomy":"post_tag","embeddable":true,"href":"https:\/\/www.brenne-au-coeur.com\/index.php\/wp-json\/wp\/v2\/tags?post=5914"}],"curies":[{"name":"wp","href":"https:\/\/api.w.org\/{rel}","templated":true}]}}