{"id":5859,"date":"2024-08-01T14:21:37","date_gmt":"2024-08-01T12:21:37","guid":{"rendered":"https:\/\/www.brenne-au-coeur.com\/?p=5859"},"modified":"2024-08-01T14:21:37","modified_gmt":"2024-08-01T12:21:37","slug":"musique-danse-et-gastronomie-a-mezieres","status":"publish","type":"post","link":"https:\/\/www.brenne-au-coeur.com\/index.php\/2024\/08\/01\/musique-danse-et-gastronomie-a-mezieres\/communes\/mezieres-en-brenne\/5859\/","title":{"rendered":"Musique, danse et gastronomie \u00e0 M\u00e9zi\u00e8res"},"content":{"rendered":"<p><span style=\"font-size: large;\">March\u00e9 gourmand et bal trad, samedi 17 ao\u00fbt 2024 \u00e0 19h00, Place Jean Moulin \u00e0 M\u00e9zi\u00e8res-en-Brenne. Une soir\u00e9e organis\u00e9e par la M\u00e9diath\u00e8que de M\u00e9zi\u00e8res-en-Brenne et Le Moulin. <\/span><\/p>\n<p><span style=\"font-size: large;\">Tout commence par un ap\u00e9ro-rencontre \u00e0 la m\u00e9diath\u00e8que avec les musiciens de Manquab. Puis le march\u00e9 gourmand de produits locaux s&rsquo;installent sur la place, vous \u00eates invit\u00e9 \u00e0 composer vous-m\u00eame votre d\u00eener de sp\u00e9cialit\u00e9s brennouses, vous pourrez vous installer sur les tables mises \u00e0 disposition. La soir\u00e9e se poursuivra avec un bal trad avec le groupe \u00ab\u00a0Manquab\u00a0\u00bb, musique trad atypique. Ils sont capable de tout, ou presque&#8230; N\u00e9 de l&rsquo;envie de m\u00e9langer la musique Afro-Orientale avec les airs du Centre-Ouest, le quartet a pouss\u00e9 le vice jusqu&rsquo;en Am\u00e9rique du Sud. M\u00e9lange des m\u00e9langes, un miroir dans un autre, influence sur influence. Percussions africaines, accord\u00e9on, bouzouki, cuatro&#8230; oui, mais au c\u00f4t\u00e9 de la basse et de la guitare \u00e9lectrique. Un air du Berry, un air du Poitou.\u2026<\/span><\/p>\n<div class=\"nv-iframe-embed\"><div class=\"lyte-wrapper fourthree\" title=\"MANQUAB, la Truite Cendr&eacute;e (Bourr&eacute;e 3 temps)\" style=\"width:420px;max-width:100%;margin:5px auto;\"><div class=\"lyMe hidef\" id=\"WYL_xfFQTEG1G_c\" itemprop=\"video\" itemscope itemtype=\"https:\/\/schema.org\/VideoObject\"><div><meta itemprop=\"thumbnailUrl\" content=\"https:\/\/www.brenne-au-coeur.com\/wp-content\/plugins\/wp-youtube-lyte\/lyteCache.php?origThumbUrl=https%3A%2F%2Fi.ytimg.com%2Fvi%2FxfFQTEG1G_c%2Fmaxresdefault.jpg\" \/><meta itemprop=\"embedURL\" content=\"https:\/\/www.youtube.com\/embed\/xfFQTEG1G_c\" \/><meta itemprop=\"duration\" content=\"PT4M39S\" \/><meta itemprop=\"uploadDate\" content=\"2023-10-16T20:03:33Z\" \/><\/div><div id=\"lyte_xfFQTEG1G_c\" data-src=\"https:\/\/www.brenne-au-coeur.com\/wp-content\/plugins\/wp-youtube-lyte\/lyteCache.php?origThumbUrl=https%3A%2F%2Fi.ytimg.com%2Fvi%2FxfFQTEG1G_c%2Fmaxresdefault.jpg\" class=\"pL\"><div class=\"tC\"><div class=\"tT\" itemprop=\"name\">MANQUAB, la Truite Cendr\u00e9e (Bourr\u00e9e 3 temps)<\/div><\/div><div class=\"play\"><\/div><div class=\"ctrl\"><div class=\"Lctrl\"><\/div><div class=\"Rctrl\"><\/div><\/div><\/div><noscript><a href=\"https:\/\/youtu.be\/xfFQTEG1G_c\" rel=\"nofollow\"><img loading=\"lazy\" decoding=\"async\" src=\"https:\/\/www.brenne-au-coeur.com\/wp-content\/plugins\/wp-youtube-lyte\/lyteCache.php?origThumbUrl=https%3A%2F%2Fi.ytimg.com%2Fvi%2FxfFQTEG1G_c%2F0.jpg\" alt=\"MANQUAB, la Truite Cendr&eacute;e (Bourr&eacute;e 3 temps)\" width=\"420\" height=\"295\" \/><br \/>Lire cette vid\u00e9o sur YouTube<\/a><\/noscript><meta itemprop=\"description\" content=\"Composition : S\u00e9bastien Daubord Fabien Bernard Pauline Floury Arnaud Rossin S\u00e9verin Vali\u00e8re \u00a92023 MANQUAB\"><\/div><\/div><div class=\"lL\" style=\"max-width:100%;width:420px;margin:5px auto;\"><\/div><\/div>\n<p>&nbsp;<\/p>\n<p><span style=\"font-size: large;\">Gratuit. Renseignements\u00a0: 02 54 38 12 67 bibliotheque@mezieres-en-brenne.fr www.mediathequesdelabrenne.fr<\/span><\/p>\n","protected":false},"excerpt":{"rendered":"<p>March\u00e9 gourmand et bal trad, samedi 17 ao\u00fbt 2024 \u00e0 19h00, Place Jean Moulin \u00e0 M\u00e9zi\u00e8res-en-Brenne. Une soir\u00e9e organis\u00e9e par la M\u00e9diath\u00e8que de M\u00e9zi\u00e8res-en-Brenne et Le Moulin. Tout commence par un ap\u00e9ro-rencontre \u00e0 la m\u00e9diath\u00e8que avec les musiciens de Manquab. Puis le march\u00e9 gourmand de produits locaux s&rsquo;installent sur la place, vous \u00eates invit\u00e9 \u00e0&hellip;&nbsp;<a href=\"https:\/\/www.brenne-au-coeur.com\/index.php\/2024\/08\/01\/musique-danse-et-gastronomie-a-mezieres\/communes\/mezieres-en-brenne\/5859\/\" rel=\"bookmark\">Lire la suite&nbsp;&raquo;<span class=\"screen-reader-text\">Musique, danse et gastronomie \u00e0 M\u00e9zi\u00e8res<\/span><\/a><\/p>\n","protected":false},"author":1,"featured_media":5860,"comment_status":"open","ping_status":"open","sticky":false,"template":"","format":"standard","meta":{"rop_custom_images_group":[],"rop_custom_messages_group":[],"rop_publish_now":"initial","rop_publish_now_accounts":[],"rop_publish_now_history":[],"rop_publish_now_status":"pending","_monsterinsights_skip_tracking":false,"_monsterinsights_sitenote_active":false,"_monsterinsights_sitenote_note":"","_monsterinsights_sitenote_category":0,"neve_meta_sidebar":"","neve_meta_container":"","neve_meta_enable_content_width":"off","neve_meta_content_width":70,"neve_meta_title_alignment":"","neve_meta_author_avatar":"","neve_post_elements_order":"","neve_meta_disable_header":"","neve_meta_disable_footer":"","neve_meta_disable_title":"","_jetpack_memberships_contains_paid_content":false,"footnotes":"","jetpack_publicize_message":"","jetpack_publicize_feature_enabled":true,"jetpack_social_post_already_shared":true,"jetpack_social_options":{"image_generator_settings":{"template":"highway","default_image_id":0,"font":"","enabled":false},"version":2}},"categories":[59,12,54],"tags":[171,103],"class_list":["post-5859","post","type-post","status-publish","format-standard","has-post-thumbnail","hentry","category-mediatheque","category-mezieres-en-brenne","category-moulin","tag-bal","tag-gastronomie"],"aioseo_notices":[],"jetpack_publicize_connections":[],"jetpack_featured_media_url":"https:\/\/www.brenne-au-coeur.com\/wp-content\/uploads\/2024\/08\/manquab.jpg","jetpack-related-posts":[],"jetpack_sharing_enabled":true,"_links":{"self":[{"href":"https:\/\/www.brenne-au-coeur.com\/index.php\/wp-json\/wp\/v2\/posts\/5859","targetHints":{"allow":["GET"]}}],"collection":[{"href":"https:\/\/www.brenne-au-coeur.com\/index.php\/wp-json\/wp\/v2\/posts"}],"about":[{"href":"https:\/\/www.brenne-au-coeur.com\/index.php\/wp-json\/wp\/v2\/types\/post"}],"author":[{"embeddable":true,"href":"https:\/\/www.brenne-au-coeur.com\/index.php\/wp-json\/wp\/v2\/users\/1"}],"replies":[{"embeddable":true,"href":"https:\/\/www.brenne-au-coeur.com\/index.php\/wp-json\/wp\/v2\/comments?post=5859"}],"version-history":[{"count":1,"href":"https:\/\/www.brenne-au-coeur.com\/index.php\/wp-json\/wp\/v2\/posts\/5859\/revisions"}],"predecessor-version":[{"id":5861,"href":"https:\/\/www.brenne-au-coeur.com\/index.php\/wp-json\/wp\/v2\/posts\/5859\/revisions\/5861"}],"wp:featuredmedia":[{"embeddable":true,"href":"https:\/\/www.brenne-au-coeur.com\/index.php\/wp-json\/wp\/v2\/media\/5860"}],"wp:attachment":[{"href":"https:\/\/www.brenne-au-coeur.com\/index.php\/wp-json\/wp\/v2\/media?parent=5859"}],"wp:term":[{"taxonomy":"category","embeddable":true,"href":"https:\/\/www.brenne-au-coeur.com\/index.php\/wp-json\/wp\/v2\/categories?post=5859"},{"taxonomy":"post_tag","embeddable":true,"href":"https:\/\/www.brenne-au-coeur.com\/index.php\/wp-json\/wp\/v2\/tags?post=5859"}],"curies":[{"name":"wp","href":"https:\/\/api.w.org\/{rel}","templated":true}]}}