{"id":5808,"date":"2024-07-14T12:51:15","date_gmt":"2024-07-14T10:51:15","guid":{"rendered":"https:\/\/www.brenne-au-coeur.com\/?p=5808"},"modified":"2024-07-14T12:51:15","modified_gmt":"2024-07-14T10:51:15","slug":"fete-du-jambon-a-saulnay-2","status":"publish","type":"post","link":"https:\/\/www.brenne-au-coeur.com\/index.php\/2024\/07\/14\/fete-du-jambon-a-saulnay-2\/communes\/saulnay\/5808\/","title":{"rendered":"F\u00eate du Jambon \u00e0 Saulnay"},"content":{"rendered":"<p><span style=\"font-size: large;\">Dimanche 21 juillet 2024, la traditionnelle f\u00eate du Jambon se tiendra \u00e0 partir de 18h.<\/span><\/p>\n<p><span style=\"font-size: large;\">Au programme, un repas champ\u00eatre\u00a0: entr\u00e9e, jambon frites, fromage, tartelette aux fruits. 18 \u20ac pour les adultes et 9 \u20ac pour les enfants.<\/span><\/p>\n<p><span style=\"font-size: large;\">La soir\u00e9e sera anim\u00e9e par \u00ab\u00a0Musique sur mesures\u00a0\u00bb, avec Jean-Baptiste Dupont et Sarah. Marc Plaisant et Jean-Baptiste Dupont m\u00e8neront ensuite le Bal, avant le feu d\u2019artifice en pyrotehnique.<\/span><\/p>\n<p><span style=\"font-size: large;\">Tout au long de la soir\u00e9e, le public retrouvera les animations et stands habituels\u00a0: confiseries Tutur, Buvette, P\u00eache aux canards, Tir et bien d\u2019autres. <\/span><\/p>\n","protected":false},"excerpt":{"rendered":"<p>Dimanche 21 juillet 2024, la traditionnelle f\u00eate du Jambon se tiendra \u00e0 partir de 18h. Au programme, un repas champ\u00eatre\u00a0: entr\u00e9e, jambon frites, fromage, tartelette aux fruits. 18 \u20ac pour les adultes et 9 \u20ac pour les enfants. La soir\u00e9e sera anim\u00e9e par \u00ab\u00a0Musique sur mesures\u00a0\u00bb, avec Jean-Baptiste Dupont et Sarah. Marc Plaisant et Jean-Baptiste&hellip;&nbsp;<a href=\"https:\/\/www.brenne-au-coeur.com\/index.php\/2024\/07\/14\/fete-du-jambon-a-saulnay-2\/communes\/saulnay\/5808\/\" rel=\"bookmark\">Lire la suite&nbsp;&raquo;<span class=\"screen-reader-text\">F\u00eate du Jambon \u00e0 Saulnay<\/span><\/a><\/p>\n","protected":false},"author":1,"featured_media":5809,"comment_status":"open","ping_status":"open","sticky":false,"template":"","format":"standard","meta":{"rop_custom_images_group":[],"rop_custom_messages_group":[],"rop_publish_now":"initial","rop_publish_now_accounts":[],"rop_publish_now_history":[],"rop_publish_now_status":"pending","_monsterinsights_skip_tracking":false,"_monsterinsights_sitenote_active":false,"_monsterinsights_sitenote_note":"","_monsterinsights_sitenote_category":0,"neve_meta_sidebar":"","neve_meta_container":"","neve_meta_enable_content_width":"off","neve_meta_content_width":70,"neve_meta_title_alignment":"","neve_meta_author_avatar":"","neve_post_elements_order":"","neve_meta_disable_header":"","neve_meta_disable_footer":"","neve_meta_disable_title":"","_jetpack_memberships_contains_paid_content":false,"footnotes":"","jetpack_publicize_message":"","jetpack_publicize_feature_enabled":true,"jetpack_social_post_already_shared":true,"jetpack_social_options":{"image_generator_settings":{"template":"highway","default_image_id":0,"font":"","enabled":false},"version":2}},"categories":[18],"tags":[111],"class_list":["post-5808","post","type-post","status-publish","format-standard","has-post-thumbnail","hentry","category-saulnay","tag-fetes"],"aioseo_notices":[],"jetpack_publicize_connections":[],"jetpack_featured_media_url":"https:\/\/www.brenne-au-coeur.com\/wp-content\/uploads\/2024\/07\/fete-du-jambon-saulnay.jpg","jetpack-related-posts":[],"jetpack_sharing_enabled":true,"_links":{"self":[{"href":"https:\/\/www.brenne-au-coeur.com\/index.php\/wp-json\/wp\/v2\/posts\/5808","targetHints":{"allow":["GET"]}}],"collection":[{"href":"https:\/\/www.brenne-au-coeur.com\/index.php\/wp-json\/wp\/v2\/posts"}],"about":[{"href":"https:\/\/www.brenne-au-coeur.com\/index.php\/wp-json\/wp\/v2\/types\/post"}],"author":[{"embeddable":true,"href":"https:\/\/www.brenne-au-coeur.com\/index.php\/wp-json\/wp\/v2\/users\/1"}],"replies":[{"embeddable":true,"href":"https:\/\/www.brenne-au-coeur.com\/index.php\/wp-json\/wp\/v2\/comments?post=5808"}],"version-history":[{"count":1,"href":"https:\/\/www.brenne-au-coeur.com\/index.php\/wp-json\/wp\/v2\/posts\/5808\/revisions"}],"predecessor-version":[{"id":5810,"href":"https:\/\/www.brenne-au-coeur.com\/index.php\/wp-json\/wp\/v2\/posts\/5808\/revisions\/5810"}],"wp:featuredmedia":[{"embeddable":true,"href":"https:\/\/www.brenne-au-coeur.com\/index.php\/wp-json\/wp\/v2\/media\/5809"}],"wp:attachment":[{"href":"https:\/\/www.brenne-au-coeur.com\/index.php\/wp-json\/wp\/v2\/media?parent=5808"}],"wp:term":[{"taxonomy":"category","embeddable":true,"href":"https:\/\/www.brenne-au-coeur.com\/index.php\/wp-json\/wp\/v2\/categories?post=5808"},{"taxonomy":"post_tag","embeddable":true,"href":"https:\/\/www.brenne-au-coeur.com\/index.php\/wp-json\/wp\/v2\/tags?post=5808"}],"curies":[{"name":"wp","href":"https:\/\/api.w.org\/{rel}","templated":true}]}}