{"id":5804,"date":"2024-07-14T12:33:57","date_gmt":"2024-07-14T10:33:57","guid":{"rendered":"https:\/\/www.brenne-au-coeur.com\/?p=5804"},"modified":"2024-07-14T12:33:57","modified_gmt":"2024-07-14T10:33:57","slug":"musique-et-sport-a-jaugette","status":"publish","type":"post","link":"https:\/\/www.brenne-au-coeur.com\/index.php\/2024\/07\/14\/musique-et-sport-a-jaugette\/communes\/obterre\/5804\/","title":{"rendered":"Musique et sport \u00e0 Jaugette"},"content":{"rendered":"<p><span style=\"font-family: Liberation Serif, serif;\"><span style=\"font-size: large;\">En \u00e9cho \u00e0 l\u2019organisation des jeux olympiques et paralympiques de Paris 2024, le th\u00e8me du festival est cette ann\u00e9e \u00ab&nbsp;Musique et Sport&nbsp;\u00bb qui se d\u00e9roulera les 19, 20 et 21 juillet 2024.<\/span><\/span><\/p>\n<p><span style=\"color: #000000;\"><span style=\"font-family: Liberation Serif, serif;\"><span style=\"font-size: large;\"><a href=\"https:\/\/www.brenne-au-coeur.com\/wp-content\/uploads\/2024\/07\/olympiade.jpg\" rel=\"lightbox[5804]\"><img loading=\"lazy\" decoding=\"async\" class=\"alignleft wp-image-5805 size-medium\" src=\"https:\/\/www.brenne-au-coeur.com\/wp-content\/uploads\/2024\/07\/olympiade-300x141.jpg\" alt=\"\" width=\"300\" height=\"141\" srcset=\"https:\/\/www.brenne-au-coeur.com\/wp-content\/uploads\/2024\/07\/olympiade-300x141.jpg 300w, https:\/\/www.brenne-au-coeur.com\/wp-content\/uploads\/2024\/07\/olympiade-1024x482.jpg 1024w, https:\/\/www.brenne-au-coeur.com\/wp-content\/uploads\/2024\/07\/olympiade-150x71.jpg 150w, https:\/\/www.brenne-au-coeur.com\/wp-content\/uploads\/2024\/07\/olympiade-768x361.jpg 768w, https:\/\/www.brenne-au-coeur.com\/wp-content\/uploads\/2024\/07\/olympiade.jpg 1465w\" sizes=\"auto, (max-width: 300px) 100vw, 300px\" \/><\/a>Pas moins de 5 concerts dont 3 en pr\u00e9sence de sportifs de haut niveau seront organis\u00e9s dans 4 endroits diff\u00e9rents&nbsp;: le manoir de Jaugette, le Domaine de Claveau, ainsi que pour la premi\u00e8re fois au centre culturel Jean B\u00e9nard de Buzan\u00e7ais. <\/span><\/span><\/span><\/p>\n<p><span style=\"color: #000000;\"><span style=\"font-family: Liberation Serif, serif;\"><span style=\"font-size: large;\">Des \u00e9v\u00e9nements musicaux seront \u00e9galement organis\u00e9s comme tous les ans dans la r\u00e9serve animali\u00e8re de la Haute Touche. <\/span><\/span><\/span><\/p>\n<p><span style=\"color: #000000;\"><span style=\"font-family: Liberation Serif, serif;\"><span style=\"font-size: large;\">Le festival s\u2019ouvrira avec un concert diptyque pour le moins original o\u00f9 des danseurs de l\u2019\u00e9cole de Break Danse de Vierzon se produiront sur des musiques de Bach et Haendel. Puis viendra le tour de Match de Kagel qui transforme les violoncellistes en joueur de Tennis. Le concert Nage No Kata mettra en musique les 5 kata fondamentaux ex\u00e9cut\u00e9s par deux couples de judokas. Avec les olympiades polyphoniques, l\u2019ensemble Ut Musica Poesis interpr\u00e8tera des morceaux A cappella dont l\u2019appr\u00e9ciation sera soumise au public transform\u00e9 en juge. <\/span><\/span><\/span><\/p>\n<p><span style=\"color: #000000;\"><span style=\"font-family: Liberation Serif, serif;\"><span style=\"font-size: large;\"><a href=\"https:\/\/www.brenne-au-coeur.com\/wp-content\/uploads\/2024\/07\/break-danse.jpeg\" rel=\"lightbox[5804]\"><img loading=\"lazy\" decoding=\"async\" class=\"alignright wp-image-5806 size-full\" src=\"https:\/\/www.brenne-au-coeur.com\/wp-content\/uploads\/2024\/07\/break-danse.jpeg\" alt=\"\" width=\"225\" height=\"225\" srcset=\"https:\/\/www.brenne-au-coeur.com\/wp-content\/uploads\/2024\/07\/break-danse.jpeg 225w, https:\/\/www.brenne-au-coeur.com\/wp-content\/uploads\/2024\/07\/break-danse-150x150.jpeg 150w, https:\/\/www.brenne-au-coeur.com\/wp-content\/uploads\/2024\/07\/break-danse-45x45.jpeg 45w\" sizes=\"auto, (max-width: 225px) 100vw, 225px\" \/><\/a>Enfin le festival sera cl\u00f4tur\u00e9 par l\u2019Op\u00e9ra Freisch\u00fctz de Weber qui sera donn\u00e9 en fran\u00e7ais et en version sc\u00e9nique et qui sera interpr\u00e9t\u00e9 par de grands chanteurs fran\u00e7ais comme Vincent Le Texier qui s\u2019est produit dans toutes les plus grandes salles au monde.<\/span><\/span><\/span><\/p>\n<p><span style=\"color: #000000;\"><span style=\"font-family: Liberation Serif, serif;\"><span style=\"font-size: large;\">Tous les d\u00e9tails (dates, lieux, horaires et tarifs) <\/span><\/span><\/span><span style=\"color: #000000;\"><span style=\"font-family: Liberation Serif, serif;\"><span style=\"font-size: large;\">sur le site <\/span><\/span><\/span><a href=\"https:\/\/www.jaugette.com\/reservations\/\"><span style=\"color: #467886;\"><span style=\"font-family: Liberation Serif, serif;\"><span style=\"font-size: large;\">https:\/\/www.jaugette.com\/reservations\/<\/span><\/span><\/span><\/a><\/p>\n<p><span style=\"font-family: Liberation Serif, serif;\"><span style=\"font-size: large;\">Au 02 54 07 64 02 ou via Destination Brenne<\/span><\/span><\/p>\n<p><span style=\"color: #000000;\"><span style=\"font-family: Liberation Serif, serif;\"><span style=\"font-size: large;\">En bonus, les repr\u00e9sentations du Freischutz du dimanche \u00e0 Obterre, et du mardi \u00e0 Buzan\u00e7ais seront pr\u00e9c\u00e9d\u00e9es par une d\u00e9monstration\u00a0et initiation au tir \u00e0 l&rsquo;arc organis\u00e9es par le club de Buzan\u00e7ais.<\/span><\/span><\/span><\/p>\n<p><span style=\"color: #000000;\"><span style=\"font-family: Liberation Serif, serif;\"><span style=\"font-size: large;\">Et comme chaque ann\u00e9e, le festival est enti\u00e8rement gratuit pour les enfants de moins de 12 ans.<\/span><\/span><\/span><\/p>\n<p><span style=\"color: #000000;\">\u00a0<\/span><\/p>\n<p><span style=\"color: #000000;\"><span style=\"font-family: Liberation Serif, serif;\"><span style=\"font-size: large;\"><b>Restauration sur place durant le festival (<u>sur r\u00e9servation exclusivement<\/u>) <\/b><\/span><\/span><\/span><\/p>\n<p><span style=\"color: #000000;\">\u00a0<\/span><\/p>\n<p><span style=\"color: #000000;\"><span style=\"font-family: Liberation Serif, serif;\"><span style=\"font-size: large;\"><i><u>Samedi soir<\/u><\/i>&nbsp;: Buffet froid de saison et local par \u201cLe 32\u201d de Ch\u00e2teauroux \/ Tarif&nbsp;: 25,50 \u20ac (buffet compos\u00e9 de\u00a0: 1 soupe froide, 2 salades froides, 1 terrine froide, 1 viande froide, 2 desserts (\u00e0 base de fruit ou chocolat))<\/span><\/span><\/span><\/p>\n<p><span style=\"font-family: Liberation Serif, serif;\"><span style=\"font-size: large;\">R\u00e9servation <\/span><\/span><span style=\"font-family: Liberation Serif, serif;\"><span style=\"font-size: large;\"><u>obligatoire<\/u><\/span><\/span><span style=\"font-family: Liberation Serif, serif;\"><span style=\"font-size: large;\"> jusqu\u2019au 17 juillet au 02 54 07 64 02, via Destination Brenne ou en ligne sur le site <\/span><\/span><a href=\"https:\/\/www.jaugette.com\/reservations\/\"><span style=\"color: #467886;\"><span style=\"font-family: Liberation Serif, serif;\"><span style=\"font-size: large;\">https:\/\/www.jaugette.com\/reservations\/<\/span><\/span><\/span><\/a><\/p>\n<p><span style=\"font-family: Liberation Serif, serif;\"><span style=\"font-size: large;\"><i><u>Dimanche <\/u><\/i><\/span><\/span><span style=\"font-family: Liberation Serif, serif;\"><span style=\"font-size: large;\">: Brunch par \u00ab\u00a0<\/span><\/span><a href=\"https:\/\/www.facebook.com\/p\/Le-Go%C3%BBter-de-Cl%C3%A9ment-100048562389367\/?locale=fr_FR\"><span style=\"color: #467886;\"><span style=\"font-family: Liberation Serif, serif;\"><span style=\"font-size: large;\">Le go\u00fbter de Cl\u00e9ment\u00a0<\/span><\/span><\/span><\/a><span style=\"font-family: Liberation Serif, serif;\"><span style=\"font-size: large;\">\u00bb \u00e0 partir de 11h<\/span><\/span><\/p>\n<p><span style=\"font-family: Liberation Serif, serif;\"><span style=\"font-size: large;\"><span style=\"color: #242424;\">\u00d8<\/span><span style=\"color: #242424;\">\u00a0 <\/span><span style=\"color: #242424;\"><b>Brunch enfant (10\u20ac)<\/b><\/span><span style=\"color: #242424;\">\u00a0: viennoiserie\/pancakes\/p\u00e2te \u00e0 tartiner\/jus d&rsquo;orange frais\/confiture\/p\u00e2te \u00e0 tartiner\u00a0<\/span><\/span><\/span><\/p>\n<p><span style=\"font-family: Liberation Serif, serif;\"><span style=\"font-size: large;\"><span style=\"color: #242424;\">\u00d8<\/span><span style=\"color: #242424;\">\u00a0 <\/span><span style=\"color: #242424;\"><b>Brunch classique (15\u20ac)\u00a0<\/b><\/span><span style=\"color: #242424;\">: viennoiserie\/pancakes\/Tartine de pain\/jambon blanc\/fromage de ch\u00e8vre\/jus d&rsquo;orange frais\/confiture\/miel\/p\u00e2te \u00e0 tartiner\u00a0<\/span><\/span><\/span><\/p>\n<p><span style=\"font-family: Liberation Serif, serif;\"><span style=\"font-size: large;\"><span style=\"color: #242424;\">\u00d8<\/span><span style=\"color: #242424;\">\u00a0 <\/span><span style=\"color: #242424;\"><b>Brunch gourmand (20\u20ac)\u00a0<\/b><\/span><span style=\"color: #242424;\">: viennoiserie\/pancakes\/Tartine de pain\/club sandwich\/fromage blanc granola\/Muffins fruits rouges\/salade de fruits frais\/jus d&rsquo;orange frais\/p\u00e2te \u00e0 tartiner\/confiture\/miel<\/span><\/span><\/span><\/p>\n<p>&nbsp;<\/p>\n<p><span style=\"color: #242424;\"><span style=\"font-family: Liberation Serif, serif;\"><span style=\"font-size: large;\"><b>R\u00e9servations obligatoire au 06 31 20 65 03<\/b><\/span><\/span><\/span><\/p>\n<p align=\"center\"><span style=\"color: #000000;\">\u00a0 \u00a0 \u00a0 \u00a0 \u00a0 \u00a0 \u00a0 \u00a0 \u00a0\u00a0<\/span><\/p>\n<p><span style=\"color: #000000;\"><span style=\"font-family: Liberation Serif, serif;\"><span style=\"font-size: large;\">Soutenu entre autres par la r\u00e9gion Centre-Val de Loire, le D\u00e9partement de l\u2019Indre, la Drac Centre-Val de Loire, la Ville de Buzan\u00e7ais ou encore le Parc R\u00e9gional de la Brenne, le Festival a \u00e9galement re\u00e7u cette ann\u00e9e le label \u00ab&nbsp;Olympiade Culturelle&nbsp;\u00bb par le Minist\u00e8re de la Culture. <\/span><\/span><\/span><\/p>\n<p>&nbsp;<\/p>\n<p><span style=\"color: #222222;\">\u00a0<\/span><\/p>\n<p>&nbsp;<\/p>\n<p>&nbsp;<\/p>\n<p>&nbsp;<\/p>\n","protected":false},"excerpt":{"rendered":"<p>En \u00e9cho \u00e0 l\u2019organisation des jeux olympiques et paralympiques de Paris 2024, le th\u00e8me du festival est cette ann\u00e9e \u00ab&nbsp;Musique et Sport&nbsp;\u00bb qui se d\u00e9roulera les 19, 20 et 21 juillet 2024. Pas moins de 5 concerts dont 3 en pr\u00e9sence de sportifs de haut niveau seront organis\u00e9s dans 4 endroits diff\u00e9rents&nbsp;: le manoir de&hellip;&nbsp;<a href=\"https:\/\/www.brenne-au-coeur.com\/index.php\/2024\/07\/14\/musique-et-sport-a-jaugette\/communes\/obterre\/5804\/\" rel=\"bookmark\">Lire la suite&nbsp;&raquo;<span class=\"screen-reader-text\">Musique et sport \u00e0 Jaugette<\/span><\/a><\/p>\n","protected":false},"author":1,"featured_media":5453,"comment_status":"open","ping_status":"open","sticky":false,"template":"","format":"standard","meta":{"rop_custom_images_group":[],"rop_custom_messages_group":[],"rop_publish_now":"initial","rop_publish_now_accounts":[],"rop_publish_now_history":[],"rop_publish_now_status":"pending","_monsterinsights_skip_tracking":false,"_monsterinsights_sitenote_active":false,"_monsterinsights_sitenote_note":"","_monsterinsights_sitenote_category":0,"neve_meta_sidebar":"","neve_meta_container":"","neve_meta_enable_content_width":"off","neve_meta_content_width":70,"neve_meta_title_alignment":"","neve_meta_author_avatar":"","neve_post_elements_order":"","neve_meta_disable_header":"","neve_meta_disable_footer":"","neve_meta_disable_title":"","_jetpack_memberships_contains_paid_content":false,"footnotes":"","jetpack_publicize_message":"","jetpack_publicize_feature_enabled":true,"jetpack_social_post_already_shared":true,"jetpack_social_options":{"image_generator_settings":{"template":"highway","default_image_id":0,"font":"","enabled":false},"version":2}},"categories":[63,14],"tags":[98,40,80],"class_list":["post-5804","post","type-post","status-publish","format-standard","has-post-thumbnail","hentry","category-jaugette","category-obterre","tag-festival","tag-musique","tag-sport"],"aioseo_notices":[],"jetpack_publicize_connections":[],"jetpack_featured_media_url":"https:\/\/www.brenne-au-coeur.com\/wp-content\/uploads\/2024\/03\/visuelfestival2014-copie.resized.jpg","jetpack-related-posts":[],"jetpack_sharing_enabled":true,"_links":{"self":[{"href":"https:\/\/www.brenne-au-coeur.com\/index.php\/wp-json\/wp\/v2\/posts\/5804","targetHints":{"allow":["GET"]}}],"collection":[{"href":"https:\/\/www.brenne-au-coeur.com\/index.php\/wp-json\/wp\/v2\/posts"}],"about":[{"href":"https:\/\/www.brenne-au-coeur.com\/index.php\/wp-json\/wp\/v2\/types\/post"}],"author":[{"embeddable":true,"href":"https:\/\/www.brenne-au-coeur.com\/index.php\/wp-json\/wp\/v2\/users\/1"}],"replies":[{"embeddable":true,"href":"https:\/\/www.brenne-au-coeur.com\/index.php\/wp-json\/wp\/v2\/comments?post=5804"}],"version-history":[{"count":1,"href":"https:\/\/www.brenne-au-coeur.com\/index.php\/wp-json\/wp\/v2\/posts\/5804\/revisions"}],"predecessor-version":[{"id":5807,"href":"https:\/\/www.brenne-au-coeur.com\/index.php\/wp-json\/wp\/v2\/posts\/5804\/revisions\/5807"}],"wp:featuredmedia":[{"embeddable":true,"href":"https:\/\/www.brenne-au-coeur.com\/index.php\/wp-json\/wp\/v2\/media\/5453"}],"wp:attachment":[{"href":"https:\/\/www.brenne-au-coeur.com\/index.php\/wp-json\/wp\/v2\/media?parent=5804"}],"wp:term":[{"taxonomy":"category","embeddable":true,"href":"https:\/\/www.brenne-au-coeur.com\/index.php\/wp-json\/wp\/v2\/categories?post=5804"},{"taxonomy":"post_tag","embeddable":true,"href":"https:\/\/www.brenne-au-coeur.com\/index.php\/wp-json\/wp\/v2\/tags?post=5804"}],"curies":[{"name":"wp","href":"https:\/\/api.w.org\/{rel}","templated":true}]}}