{"id":5797,"date":"2024-07-14T11:56:59","date_gmt":"2024-07-14T09:56:59","guid":{"rendered":"https:\/\/www.brenne-au-coeur.com\/?p=5797"},"modified":"2024-07-14T11:56:59","modified_gmt":"2024-07-14T09:56:59","slug":"el-camino-ma-brenne","status":"publish","type":"post","link":"https:\/\/www.brenne-au-coeur.com\/index.php\/2024\/07\/14\/el-camino-ma-brenne\/communes\/mezieres-en-brenne\/5797\/","title":{"rendered":"El camino \u00ab&nbsp;ma Brenne&nbsp;\u00bb"},"content":{"rendered":"<p><span style=\"font-family: Liberation Serif, serif;\"><span style=\"font-size: large;\">Dans le cadre du MEBAC (M\u00e9zi\u00e8res-en-Brenne Art Contemporain), le Moulin propose du 29 juin 2024 au 25 juillet 2024&nbsp;: El camino \u00ab&nbsp;ma Brenne&nbsp;\u00bb &#8211; Le chemin \u00ab&nbsp;ma Brenne&nbsp;\u00bb<br \/>\nUn ensemble de 15 toiles de Mario Alvarado, jamais expos\u00e9es jusqu\u2019 \u00e0 maintenant, pr\u00e9sent\u00e9e par l\u2019association, dans le texte qui suit<br \/>\n<\/span><\/span><a name=\"page3R_mcid16\"><\/a><\/p>\n<figure id=\"attachment_5800\" aria-describedby=\"caption-attachment-5800\" style=\"width: 300px\" class=\"wp-caption alignleft\"><a href=\"https:\/\/www.brenne-au-coeur.com\/wp-content\/uploads\/2024\/07\/IMG_20240711_104352.resized.jpg\" rel=\"lightbox[5797]\"><img loading=\"lazy\" decoding=\"async\" class=\"wp-image-5800 size-medium\" src=\"https:\/\/www.brenne-au-coeur.com\/wp-content\/uploads\/2024\/07\/IMG_20240711_104352.resized-300x225.jpg\" alt=\"\" width=\"300\" height=\"225\" srcset=\"https:\/\/www.brenne-au-coeur.com\/wp-content\/uploads\/2024\/07\/IMG_20240711_104352.resized-300x225.jpg 300w, https:\/\/www.brenne-au-coeur.com\/wp-content\/uploads\/2024\/07\/IMG_20240711_104352.resized-150x113.jpg 150w, https:\/\/www.brenne-au-coeur.com\/wp-content\/uploads\/2024\/07\/IMG_20240711_104352.resized.jpg 461w\" sizes=\"auto, (max-width: 300px) 100vw, 300px\" \/><\/a><figcaption id=\"caption-attachment-5800\" class=\"wp-caption-text\">Mario Alvarado<\/figcaption><\/figure>\n<p><span style=\"font-family: Liberation Serif, serif;\"><span style=\"font-size: large;\">Nous devons cette exposition exceptionnelle \u00e0 son l\u00e9gataire, Eric Walker. Il a extrait de son fonds personnel un ensemble surprenant et coh\u00e9rent de toiles qui disent l\u2019attachement de Mario Alvarado, \u00e0 notre Brenne. <\/span><\/span><\/p>\n<p><a name=\"page3R_mcid9\"><\/a><a name=\"page3R_mcid10\"><\/a><a name=\"page3R_mcid11\"><\/a><a name=\"page3R_mcid17\"><\/a><a name=\"page3R_mcid18\"><\/a><a name=\"page3R_mcid19\"><\/a><span style=\"font-family: Liberation Serif, serif;\"><span style=\"font-size: large;\">\u00ab&nbsp;Voyageur, il n\u2019y a pas de chemin, le chemin se fait en marchant.&nbsp;\u00bb Antonio Machado (Po\u00e8te espagnol)<br \/>\nCe court extrait d\u2019un c\u00e9l\u00e8bre po\u00e8me d\u2019Antonio Machado s\u2019applique aussi bien \u00e0 l\u2019homme Mario Alvarado qu\u2019\u00e0 l\u2019\u0153uvre de ce peintre chilien qui aura marqu\u00e9 profond\u00e9ment la vie de la commune de M\u00e9zi\u00e8res-en-Brenne et de ses habitants.<br \/>\nSa vision si personnelle des chemins creux mais lumineux, des arbres sombres qu\u2019une trou\u00e9e de lumi\u00e8re venue d\u2019Ailleurs vient \u00e9clairer de calme et de repos. Sesaplats de couleurs si particuliers transpercent les grands formats qui seront expos\u00e9s.<br \/>\nMultiples visions, multiples chemins que le peintre s\u2019est fray\u00e9 entre figuration et abstraction.<br \/>\nJeux de couleurs crues, vibrantes, farouches mais n\u00e9anmoins chaleureuses, si peu \u00e9loign\u00e9es de son monde int\u00e9rieur. R\u00e9interpr\u00e9tation de nos paysages \u00e0 la lumi\u00e8re de ses pays d\u2019origines, de moyens d\u2019expressions moins formalistes et classiques que<br \/>\nles approches esth\u00e9tiques du vieux continent. Ses d\u00e9ambulations artistiques \u00e0 travers le monde ouvrent de nouvelles traces \u00e0 peine entre-aper\u00e7ues dans les \u0153uvres d\u00e9j\u00e0 expos\u00e9es au Moulin.<br \/>\nUne chilienne pos\u00e9e \u00e0 l\u2019angle gauche d\u2019une toile, des boites aux lettres comme de petits signaux lanc\u00e9s vers d&rsquo;autres lieux, ceux qui marquent l\u2019exil\u00e9 \u00e0 tout jamais. Le Domaine des P\u00e9rini\u00e8res en pleine Brenne des \u00e9tangs sera le port d\u2019attache ultime de<\/span><\/span><a name=\"page28R_mcid0\"><\/a><a name=\"page28R_mcid2\"><\/a><a name=\"page28R_mcid1\"><\/a><a name=\"page28R_mcid4\"><\/a><a name=\"page28R_mcid3\"><\/a><a name=\"page28R_mcid5\"><\/a><a name=\"page28R_mcid6\"><\/a><a name=\"page28R_mcid7\"><\/a><a name=\"page28R_mcid8\"><\/a><a name=\"page28R_mcid9\"><\/a><a name=\"page28R_mcid11\"><\/a><a name=\"page28R_mcid10\"><\/a><a name=\"page28R_mcid13\"><\/a><a name=\"page28R_mcid12\"><\/a><a name=\"page28R_mcid17\"><\/a><a name=\"page28R_mcid18\"><\/a><a name=\"page28R_mcid16\"><\/a><a name=\"page28R_mcid19\"><\/a><a name=\"page28R_mcid20\"><\/a><a name=\"page28R_mcid22\"><\/a><a name=\"page28R_mcid21\"><\/a><a name=\"page28R_mcid24\"><\/a><a name=\"page28R_mcid23\"><\/a><span style=\"font-family: Liberation Serif, serif;\"><span style=\"font-size: large;\">Mario Alvarado, lui qui \u00e9tait n\u00e9, le 05 octobre 1949 dans le froid de Punta Arenas tout au sud du Chili.<\/p>\n<p>Le peintre Mario Alvarado aura construit de nombreux chemins. De son enfance, en Am\u00e9rique Latine, v\u00e9cue entre Chili et Argentin<\/span><\/span><\/p>\n<figure id=\"attachment_5798\" aria-describedby=\"caption-attachment-5798\" style=\"width: 225px\" class=\"wp-caption alignright\"><a href=\"https:\/\/www.brenne-au-coeur.com\/wp-content\/uploads\/2024\/07\/IMG_20240711_103936.resized.jpg\" rel=\"lightbox[5797]\"><img loading=\"lazy\" decoding=\"async\" class=\"wp-image-5798 size-medium\" src=\"https:\/\/www.brenne-au-coeur.com\/wp-content\/uploads\/2024\/07\/IMG_20240711_103936.resized-225x300.jpg\" alt=\"\" width=\"225\" height=\"300\" srcset=\"https:\/\/www.brenne-au-coeur.com\/wp-content\/uploads\/2024\/07\/IMG_20240711_103936.resized-225x300.jpg 225w, https:\/\/www.brenne-au-coeur.com\/wp-content\/uploads\/2024\/07\/IMG_20240711_103936.resized-113x150.jpg 113w, https:\/\/www.brenne-au-coeur.com\/wp-content\/uploads\/2024\/07\/IMG_20240711_103936.resized.jpg 346w\" sizes=\"auto, (max-width: 225px) 100vw, 225px\" \/><\/a><figcaption id=\"caption-attachment-5798\" class=\"wp-caption-text\">Mario Alvarado<\/figcaption><\/figure>\n<p><span style=\"font-family: Liberation Serif, serif;\"><span style=\"font-size: large;\">e. Propuls\u00e9, jeune talent, vers l\u2019Europe, il sera stopp\u00e9 net, en Allemagne, par le coup d\u2019\u00e9tat du 11 septembre 1973 au Chili.<br \/>\nReprenant ses p\u00e9r\u00e9grinations, cette fois, d\u2019exil\u00e9 politique, pas totalement d\u2019ailleurs mais bien d\u2019ici, il trouvera son havre de paix et de s\u00e9r\u00e9nit\u00e9 en plein c\u0153ur de la Brenne jusqu\u2019\u00e0 y \u00e9tablir sa derni\u00e8re demeure, ultime \u00e9l\u00e9gance, dans le paisible cimeti\u00e8re de M\u00e9zi\u00e8res en Brenne, il y a 30 ans d\u00e9j\u00e0.<br \/>\nEntre les deux, il aura eu une p\u00e9riode de cr\u00e9ation f\u00e9conde et partag\u00e9e, entre autres, avec les habitants de M\u00e9zi\u00e8res-en-Brenne et tout particuli\u00e8rement, les enfants des \u00e9coles. Ils r\u00e9aliseront avec leur Mario, la fresque intitul\u00e9e \u00ab&nbsp;Voyage&nbsp;\u00bb.<br \/>\nExpos\u00e9e une premi\u00e8re fois dans l&rsquo;a\u00e9roport d&rsquo;Orly, c&rsquo;est dans la coll\u00e9giale de M\u00e9zi\u00e8res, lors des obs\u00e8ques de l&rsquo;artiste, qu&rsquo;elle trouvera un autre sens. Le chemin terrestre de Mario Alvarado venait de s&rsquo;achever. Mais quelles traces avait-il laiss\u00e9es&nbsp;?<br \/>\nA la suite de l&rsquo;exposition au Moulin, la commune de M\u00e9zi\u00e8res accrochera durant les mois d&rsquo;\u00e9t\u00e9, sous la halle couverte, cette fresque, pi\u00e8ce importante de la collection que l&rsquo;artiste lui a l\u00e9gu\u00e9e. Elle figure les chemins balis\u00e9s par une belle personne dont l\u2019h\u00e9ritage n\u2019en finit pas d\u2019enrichir notre vision du monde.<br \/>\nCe nouvel accrochage en un lieu plein de vie repr\u00e9sente une opportunit\u00e9, pour le village. Celle de retrouver les pousses d\u2019artistes qui auront bien grandis. Auront-ils suivi les chemins picturaux ouverts par Mario ceux qui sommeillaient d\u00e9j\u00e0 en eux&nbsp;?<br \/>\nNous lan\u00e7ons un appel pour qu&rsquo;ils se signalent aupr\u00e8s du Moulin afin de faire revivre cette exp\u00e9rience, en septembre, dans leur \u00e9cole totalement r\u00e9nov\u00e9e. A suivre &#8230;<br \/>\n\u00ab&nbsp;L\u2019Art est un chemin qui ne s\u2019arr\u00eate jamais.&nbsp;\u00bb<\/p>\n<p>Le Moulin<br \/>\n1 rue du nord<br \/>\n36290 M\u00e9zi\u00e8res-en-Brenne<br \/>\ncontact@gite-moulin.fr<br \/>\nTel&nbsp;:02 54 38 12 24<\/span><\/span><\/p>\n","protected":false},"excerpt":{"rendered":"<p>Dans le cadre du MEBAC (M\u00e9zi\u00e8res-en-Brenne Art Contemporain), le Moulin propose du 29 juin 2024 au 25 juillet 2024&nbsp;: El camino \u00ab&nbsp;ma Brenne&nbsp;\u00bb &#8211; Le chemin \u00ab&nbsp;ma Brenne&nbsp;\u00bb Un ensemble de 15 toiles de Mario Alvarado, jamais expos\u00e9es jusqu\u2019 \u00e0 maintenant, pr\u00e9sent\u00e9e par l\u2019association, dans le texte qui suit Nous devons cette exposition exceptionnelle \u00e0&hellip;&nbsp;<a href=\"https:\/\/www.brenne-au-coeur.com\/index.php\/2024\/07\/14\/el-camino-ma-brenne\/communes\/mezieres-en-brenne\/5797\/\" rel=\"bookmark\">Lire la suite&nbsp;&raquo;<span class=\"screen-reader-text\">El camino \u00ab&nbsp;ma Brenne&nbsp;\u00bb<\/span><\/a><\/p>\n","protected":false},"author":1,"featured_media":5801,"comment_status":"open","ping_status":"open","sticky":false,"template":"","format":"standard","meta":{"rop_custom_images_group":[],"rop_custom_messages_group":[],"rop_publish_now":"initial","rop_publish_now_accounts":[],"rop_publish_now_history":[],"rop_publish_now_status":"pending","_monsterinsights_skip_tracking":false,"_monsterinsights_sitenote_active":false,"_monsterinsights_sitenote_note":"","_monsterinsights_sitenote_category":0,"neve_meta_sidebar":"","neve_meta_container":"","neve_meta_enable_content_width":"off","neve_meta_content_width":70,"neve_meta_title_alignment":"","neve_meta_author_avatar":"","neve_post_elements_order":"","neve_meta_disable_header":"","neve_meta_disable_footer":"","neve_meta_disable_title":"","_jetpack_memberships_contains_paid_content":false,"footnotes":"","jetpack_publicize_message":"","jetpack_publicize_feature_enabled":true,"jetpack_social_post_already_shared":true,"jetpack_social_options":{"image_generator_settings":{"template":"highway","default_image_id":0,"font":"","enabled":false},"version":2}},"categories":[12,54],"tags":[52,46],"class_list":["post-5797","post","type-post","status-publish","format-standard","has-post-thumbnail","hentry","category-mezieres-en-brenne","category-moulin","tag-exposition","tag-peinture"],"aioseo_notices":[],"jetpack_publicize_connections":[],"jetpack_featured_media_url":"https:\/\/www.brenne-au-coeur.com\/wp-content\/uploads\/2024\/07\/Affiche-MEBAC.resized.jpeg","jetpack-related-posts":[],"jetpack_sharing_enabled":true,"_links":{"self":[{"href":"https:\/\/www.brenne-au-coeur.com\/index.php\/wp-json\/wp\/v2\/posts\/5797","targetHints":{"allow":["GET"]}}],"collection":[{"href":"https:\/\/www.brenne-au-coeur.com\/index.php\/wp-json\/wp\/v2\/posts"}],"about":[{"href":"https:\/\/www.brenne-au-coeur.com\/index.php\/wp-json\/wp\/v2\/types\/post"}],"author":[{"embeddable":true,"href":"https:\/\/www.brenne-au-coeur.com\/index.php\/wp-json\/wp\/v2\/users\/1"}],"replies":[{"embeddable":true,"href":"https:\/\/www.brenne-au-coeur.com\/index.php\/wp-json\/wp\/v2\/comments?post=5797"}],"version-history":[{"count":1,"href":"https:\/\/www.brenne-au-coeur.com\/index.php\/wp-json\/wp\/v2\/posts\/5797\/revisions"}],"predecessor-version":[{"id":5802,"href":"https:\/\/www.brenne-au-coeur.com\/index.php\/wp-json\/wp\/v2\/posts\/5797\/revisions\/5802"}],"wp:featuredmedia":[{"embeddable":true,"href":"https:\/\/www.brenne-au-coeur.com\/index.php\/wp-json\/wp\/v2\/media\/5801"}],"wp:attachment":[{"href":"https:\/\/www.brenne-au-coeur.com\/index.php\/wp-json\/wp\/v2\/media?parent=5797"}],"wp:term":[{"taxonomy":"category","embeddable":true,"href":"https:\/\/www.brenne-au-coeur.com\/index.php\/wp-json\/wp\/v2\/categories?post=5797"},{"taxonomy":"post_tag","embeddable":true,"href":"https:\/\/www.brenne-au-coeur.com\/index.php\/wp-json\/wp\/v2\/tags?post=5797"}],"curies":[{"name":"wp","href":"https:\/\/api.w.org\/{rel}","templated":true}]}}