{"id":5747,"date":"2024-06-14T19:20:15","date_gmt":"2024-06-14T17:20:15","guid":{"rendered":"https:\/\/www.brenne-au-coeur.com\/?p=5747"},"modified":"2024-06-14T19:20:15","modified_gmt":"2024-06-14T17:20:15","slug":"la-fete-a-mezieres","status":"publish","type":"post","link":"https:\/\/www.brenne-au-coeur.com\/index.php\/2024\/06\/14\/la-fete-a-mezieres\/communes\/mezieres-en-brenne\/5747\/","title":{"rendered":"La F\u00eate \u00e0 M\u00e9zi\u00e8res"},"content":{"rendered":"<p><span style=\"font-size: large;\">Vendredi 21 juin, pour la f\u00eate de la Musique, le Bar de la Place, organise un concert \u00e0 partir de 20h. En premi\u00e8re partie \u00ab\u00a0Mezband\u00a0\u00bb suivie en seconde partie par \u00ab\u00a0The Bad ducks\u00a0\u00bb.<\/span><\/p>\n<p><span style=\"font-size: large;\">Une autre animation sera propos\u00e9e cet \u00e9t\u00e9, par le Bar de la Place et Les D\u00e9lices de Brenne. Soir\u00e9e Moules frites, le vendredi 5 juillet, \u00e0 partir de 19h. <\/span><span style=\"font-size: large;\">Soir\u00e9e anim\u00e9e par Amelic Blanchet et Fafa. <\/span><\/p>\n<div class=\"nv-iframe-embed\"><div class=\"lyte-wrapper fourthree\" title=\"Soir&eacute;e guinguette vendredi 7 juillet M&eacute;zi&egrave;res-en-Brenne 1\" style=\"width:420px;max-width:100%;margin:5px auto;\"><div class=\"lyMe hidef qsa_\\&amp;start\\=9\" id=\"WYL_EDRYMnc3sGI\" itemprop=\"video\" itemscope itemtype=\"https:\/\/schema.org\/VideoObject\"><div><meta itemprop=\"thumbnailUrl\" content=\"https:\/\/www.brenne-au-coeur.com\/wp-content\/plugins\/wp-youtube-lyte\/lyteCache.php?origThumbUrl=https%3A%2F%2Fi.ytimg.com%2Fvi%2FEDRYMnc3sGI%2Fmaxresdefault.jpg\" \/><meta itemprop=\"embedURL\" content=\"https:\/\/www.youtube.com\/embed\/EDRYMnc3sGI\" \/><meta itemprop=\"duration\" content=\"PT2M40S\" \/><meta itemprop=\"uploadDate\" content=\"2023-07-09T10:54:21Z\" \/><\/div><div id=\"lyte_EDRYMnc3sGI\" data-src=\"https:\/\/www.brenne-au-coeur.com\/wp-content\/plugins\/wp-youtube-lyte\/lyteCache.php?origThumbUrl=https%3A%2F%2Fi.ytimg.com%2Fvi%2FEDRYMnc3sGI%2Fmaxresdefault.jpg\" class=\"pL\"><div class=\"tC\"><div class=\"tT\" itemprop=\"name\">Soir\u00e9e guinguette vendredi 7 juillet M\u00e9zi\u00e8res-en-Brenne 1<\/div><\/div><div class=\"play\"><\/div><div class=\"ctrl\"><div class=\"Lctrl\"><\/div><div class=\"Rctrl\"><\/div><\/div><\/div><noscript><a href=\"https:\/\/youtu.be\/EDRYMnc3sGI\" rel=\"nofollow\"><img loading=\"lazy\" decoding=\"async\" src=\"https:\/\/www.brenne-au-coeur.com\/wp-content\/plugins\/wp-youtube-lyte\/lyteCache.php?origThumbUrl=https%3A%2F%2Fi.ytimg.com%2Fvi%2FEDRYMnc3sGI%2F0.jpg\" alt=\"Soir&eacute;e guinguette vendredi 7 juillet M&eacute;zi&egrave;res-en-Brenne 1\" width=\"420\" height=\"295\" \/><br \/>Lire cette vid\u00e9o sur YouTube<\/a><\/noscript><meta itemprop=\"description\" content=\"Soir\u00e9e guinguette vendredi 7 juillet M\u00e9zi\u00e8res-en-Brenne 1\"><\/div><\/div><div class=\"lL\" style=\"max-width:100%;width:420px;margin:5px auto;\"><\/div><\/div>\n<p><span style=\"font-size: large;\">Le menu comprend des moules frites \u00e0 volont\u00e9, fromage et dessert. Prix 20 \u20ac. <strong>Sur r\u00e9servation uniquement\u00a0: 02 54 38 01 74 \/ 02 54 38 72 44<\/strong><\/span><\/p>\n","protected":false},"excerpt":{"rendered":"<p>Vendredi 21 juin, pour la f\u00eate de la Musique, le Bar de la Place, organise un concert \u00e0 partir de 20h. En premi\u00e8re partie \u00ab\u00a0Mezband\u00a0\u00bb suivie en seconde partie par \u00ab\u00a0The Bad ducks\u00a0\u00bb. Une autre animation sera propos\u00e9e cet \u00e9t\u00e9, par le Bar de la Place et Les D\u00e9lices de Brenne. Soir\u00e9e Moules frites, le&hellip;&nbsp;<a href=\"https:\/\/www.brenne-au-coeur.com\/index.php\/2024\/06\/14\/la-fete-a-mezieres\/communes\/mezieres-en-brenne\/5747\/\" rel=\"bookmark\">Lire la suite&nbsp;&raquo;<span class=\"screen-reader-text\">La F\u00eate \u00e0 M\u00e9zi\u00e8res<\/span><\/a><\/p>\n","protected":false},"author":1,"featured_media":5748,"comment_status":"open","ping_status":"open","sticky":false,"template":"","format":"standard","meta":{"rop_custom_images_group":[],"rop_custom_messages_group":[],"rop_publish_now":"initial","rop_publish_now_accounts":[],"rop_publish_now_history":[],"rop_publish_now_status":"pending","_monsterinsights_skip_tracking":false,"_monsterinsights_sitenote_active":false,"_monsterinsights_sitenote_note":"","_monsterinsights_sitenote_category":0,"neve_meta_sidebar":"","neve_meta_container":"","neve_meta_enable_content_width":"off","neve_meta_content_width":70,"neve_meta_title_alignment":"","neve_meta_author_avatar":"","neve_post_elements_order":"","neve_meta_disable_header":"","neve_meta_disable_footer":"","neve_meta_disable_title":"","_jetpack_memberships_contains_paid_content":false,"footnotes":"","jetpack_publicize_message":"","jetpack_publicize_feature_enabled":true,"jetpack_social_post_already_shared":true,"jetpack_social_options":{"image_generator_settings":{"template":"highway","default_image_id":0,"font":"","enabled":false},"version":2}},"categories":[12],"tags":[71,40],"class_list":["post-5747","post","type-post","status-publish","format-standard","has-post-thumbnail","hentry","category-mezieres-en-brenne","tag-animation","tag-musique"],"aioseo_notices":[],"jetpack_publicize_connections":[],"jetpack_featured_media_url":"https:\/\/www.brenne-au-coeur.com\/wp-content\/uploads\/2024\/06\/IMG_20240614_102705.resized.jpg","jetpack-related-posts":[],"jetpack_sharing_enabled":true,"_links":{"self":[{"href":"https:\/\/www.brenne-au-coeur.com\/index.php\/wp-json\/wp\/v2\/posts\/5747","targetHints":{"allow":["GET"]}}],"collection":[{"href":"https:\/\/www.brenne-au-coeur.com\/index.php\/wp-json\/wp\/v2\/posts"}],"about":[{"href":"https:\/\/www.brenne-au-coeur.com\/index.php\/wp-json\/wp\/v2\/types\/post"}],"author":[{"embeddable":true,"href":"https:\/\/www.brenne-au-coeur.com\/index.php\/wp-json\/wp\/v2\/users\/1"}],"replies":[{"embeddable":true,"href":"https:\/\/www.brenne-au-coeur.com\/index.php\/wp-json\/wp\/v2\/comments?post=5747"}],"version-history":[{"count":1,"href":"https:\/\/www.brenne-au-coeur.com\/index.php\/wp-json\/wp\/v2\/posts\/5747\/revisions"}],"predecessor-version":[{"id":5749,"href":"https:\/\/www.brenne-au-coeur.com\/index.php\/wp-json\/wp\/v2\/posts\/5747\/revisions\/5749"}],"wp:featuredmedia":[{"embeddable":true,"href":"https:\/\/www.brenne-au-coeur.com\/index.php\/wp-json\/wp\/v2\/media\/5748"}],"wp:attachment":[{"href":"https:\/\/www.brenne-au-coeur.com\/index.php\/wp-json\/wp\/v2\/media?parent=5747"}],"wp:term":[{"taxonomy":"category","embeddable":true,"href":"https:\/\/www.brenne-au-coeur.com\/index.php\/wp-json\/wp\/v2\/categories?post=5747"},{"taxonomy":"post_tag","embeddable":true,"href":"https:\/\/www.brenne-au-coeur.com\/index.php\/wp-json\/wp\/v2\/tags?post=5747"}],"curies":[{"name":"wp","href":"https:\/\/api.w.org\/{rel}","templated":true}]}}