{"id":5736,"date":"2024-06-14T18:04:31","date_gmt":"2024-06-14T16:04:31","guid":{"rendered":"https:\/\/www.brenne-au-coeur.com\/?p=5736"},"modified":"2024-06-16T11:03:34","modified_gmt":"2024-06-16T09:03:34","slug":"les-brennous-au-coeur-de-lhistoire","status":"publish","type":"post","link":"https:\/\/www.brenne-au-coeur.com\/index.php\/2024\/06\/14\/les-brennous-au-coeur-de-lhistoire\/communes\/mezieres-en-brenne\/5736\/","title":{"rendered":"Les Brennous au c\u0153ur de l\u2019histoire"},"content":{"rendered":"<p><span style=\"font-size: large;\">Avec \u00ab&nbsp;Seconde Guerre mondiale, Histoires et R\u00e9sistance au c\u0153ur de la Brenne&nbsp;\u00bb, Chantal Kroliczak signe un recueil passionnant. Son style vif, pr\u00e9cis, appuy\u00e9 sur une riche documentation, conte des moments historiques forts, travers\u00e9s par les femmes et les hommes de notre r\u00e9gion et plus particuli\u00e8rement de M\u00e9zi\u00e8res-en-Brenne. Un hommage aux engagements pass\u00e9s gr\u00e2ce auxquels nous b\u00e9n\u00e9ficions des bienfaits de la paix et de la libert\u00e9, toujours susceptibles d\u2019\u00eatre remis en cause. En voici la pr\u00e9sentation propos\u00e9e par l&rsquo;autrice.<br \/>\n<\/span><\/p>\n<figure id=\"attachment_5738\" aria-describedby=\"caption-attachment-5738\" style=\"width: 198px\" class=\"wp-caption alignleft\"><a href=\"https:\/\/www.brenne-au-coeur.com\/wp-content\/uploads\/2024\/06\/murat-1.jpg\" rel=\"lightbox[5736]\"><img loading=\"lazy\" decoding=\"async\" class=\"wp-image-5738 size-medium\" src=\"https:\/\/www.brenne-au-coeur.com\/wp-content\/uploads\/2024\/06\/murat-1-198x300.jpg\" alt=\"\" width=\"198\" height=\"300\" srcset=\"https:\/\/www.brenne-au-coeur.com\/wp-content\/uploads\/2024\/06\/murat-1-198x300.jpg 198w, https:\/\/www.brenne-au-coeur.com\/wp-content\/uploads\/2024\/06\/murat-1-99x150.jpg 99w, https:\/\/www.brenne-au-coeur.com\/wp-content\/uploads\/2024\/06\/murat-1.jpg 402w\" sizes=\"auto, (max-width: 198px) 100vw, 198px\" \/><\/a><figcaption id=\"caption-attachment-5738\" class=\"wp-caption-text\">Le Prince Joachim Murat. Coll&nbsp;: Jacques Enogat<\/figcaption><\/figure>\n<p><span style=\"font-size: large;\">\u00ab\u00a01944&nbsp;: une date qui est rest\u00e9e grav\u00e9e dans toutes les m\u00e9moires des contemporains de ce milieu du XXe si\u00e8cle.<\/span><\/p>\n<p><span style=\"font-size: large;\">Le D\u00e9barquement du 6 juin a fait na\u00eetre l\u2019immense espoir d\u2019envisager, enfin, la fin de ce second conflit mondial qui aura d\u00e9truit 65 millions de vies.<\/span><\/p>\n<p><span style=\"font-size: large;\">Le 80e anniversaire de la Lib\u00e9ration et de la Victoire offre l\u2019opportunit\u00e9 de revenir sur des faits qui ont marqu\u00e9 la Brenne et plus particuli\u00e8rement sa capitale, M\u00e9zi\u00e8res.<\/span><\/p>\n<p><span style=\"font-size: large;\">Tout d\u2019abord, l\u2019incident qui s\u2019est d\u00e9roul\u00e9 dans l\u2019h\u00f4tel-restaurant du B\u0153uf Couronn\u00e9 le 27 juin, suivi de l\u2019action courageuse et d\u00e9sesp\u00e9r\u00e9e du commandant Paul Wiltzer. <\/span><span style=\"font-size: large;\">Pr\u00e9c\u00e9demment publi\u00e9, cet article est enrichi de nouvelles pr\u00e9cisions.<\/span><\/p>\n<p><span style=\"font-size: large;\">L\u2019ouverture r\u00e9cente d\u2019archives li\u00e9es aux crimes de guerre, conserv\u00e9es aux Archives <\/span><span style=\"font-size: large;\">nationales de Pierrefitte-sur-Seine, permet de revenir plus pr\u00e9cis\u00e9ment sur les forfaits <\/span><span style=\"font-size: large;\">commis par les soldats du 950e r\u00e9giment hindou lors de leur passage en Brenne les 29et 30 ao\u00fbt 1944.<\/span><\/p>\n<figure id=\"attachment_5737\" aria-describedby=\"caption-attachment-5737\" style=\"width: 225px\" class=\"wp-caption alignright\"><a href=\"https:\/\/www.brenne-au-coeur.com\/wp-content\/uploads\/2024\/06\/jean-foursac.jpg\" rel=\"lightbox[5736]\"><img loading=\"lazy\" decoding=\"async\" class=\"wp-image-5737 size-medium\" src=\"https:\/\/www.brenne-au-coeur.com\/wp-content\/uploads\/2024\/06\/jean-foursac-225x300.jpg\" alt=\"\" width=\"225\" height=\"300\" srcset=\"https:\/\/www.brenne-au-coeur.com\/wp-content\/uploads\/2024\/06\/jean-foursac-225x300.jpg 225w, https:\/\/www.brenne-au-coeur.com\/wp-content\/uploads\/2024\/06\/jean-foursac-113x150.jpg 113w, https:\/\/www.brenne-au-coeur.com\/wp-content\/uploads\/2024\/06\/jean-foursac.jpg 283w\" sizes=\"auto, (max-width: 225px) 100vw, 225px\" \/><\/a><figcaption id=\"caption-attachment-5737\" class=\"wp-caption-text\">Jean Foursac<\/figcaption><\/figure>\n<p><span style=\"font-size: large;\">N\u2019oublions pas les soldats, les enr\u00f4l\u00e9s au S.T.O. (Service du Travail Obligatoire), les <\/span><span style=\"font-size: large;\">r\u00e9sistants dont les noms sont grav\u00e9s sur le monument aux morts de la commune. Un <\/span><span style=\"font-size: large;\">hommage individuel leur est consacr\u00e9.<\/span><\/p>\n<p><span style=\"font-size: large;\">Bien qu\u2019il n\u2019ait pas combattu dans l\u2019Indre, Jean Foursac \u00e9tait un enfant de M\u00e9zi\u00e8res dont les parents y tenaient un commerce de v\u00eatements. En reconnaissance de ses actes h\u00e9ro\u00efques de r\u00e9sistant de la premi\u00e8re heure, l\u2019\u00e9cole maternelle porte son nom pour ne pas oublier ce miracul\u00e9 du camp de concentration de Neuengamme.<\/span><\/p>\n<p><span style=\"font-size: large;\">Enfin, est relat\u00e9 le destin tragique du prince Joachim Murat, descendant de la s\u0153ur <\/span><span style=\"font-size: large;\">cadette de Napol\u00e9on 1er, tu\u00e9 \u00e0 Ling\u00e9.\u00a0\u00bb<\/span><\/p>\n<p><strong>L&rsquo;ouvrage est disponible \u00e0 la Librairie C\u0153ur de Brenne \u00e0 M\u00e9zi\u00e8res. Prix&nbsp;:\u00a0 11 \u20ac<\/strong><\/p>\n","protected":false},"excerpt":{"rendered":"<p>Avec \u00ab&nbsp;Seconde Guerre mondiale, Histoires et R\u00e9sistance au c\u0153ur de la Brenne&nbsp;\u00bb, Chantal Kroliczak signe un recueil passionnant. Son style vif, pr\u00e9cis, appuy\u00e9 sur une riche documentation, conte des moments historiques forts, travers\u00e9s par les femmes et les hommes de notre r\u00e9gion et plus particuli\u00e8rement de M\u00e9zi\u00e8res-en-Brenne. Un hommage aux engagements pass\u00e9s gr\u00e2ce auxquels nous&hellip;&nbsp;<a href=\"https:\/\/www.brenne-au-coeur.com\/index.php\/2024\/06\/14\/les-brennous-au-coeur-de-lhistoire\/communes\/mezieres-en-brenne\/5736\/\" rel=\"bookmark\">Lire la suite&nbsp;&raquo;<span class=\"screen-reader-text\">Les Brennous au c\u0153ur de l\u2019histoire<\/span><\/a><\/p>\n","protected":false},"author":1,"featured_media":5741,"comment_status":"open","ping_status":"open","sticky":false,"template":"","format":"standard","meta":{"rop_custom_images_group":[],"rop_custom_messages_group":[],"rop_publish_now":"initial","rop_publish_now_accounts":[],"rop_publish_now_history":[],"rop_publish_now_status":"pending","_monsterinsights_skip_tracking":false,"_monsterinsights_sitenote_active":false,"_monsterinsights_sitenote_note":"","_monsterinsights_sitenote_category":0,"neve_meta_sidebar":"","neve_meta_container":"","neve_meta_enable_content_width":"off","neve_meta_content_width":70,"neve_meta_title_alignment":"","neve_meta_author_avatar":"","neve_post_elements_order":"","neve_meta_disable_header":"","neve_meta_disable_footer":"","neve_meta_disable_title":"","_jetpack_memberships_contains_paid_content":false,"footnotes":"","jetpack_publicize_message":"","jetpack_publicize_feature_enabled":true,"jetpack_social_post_already_shared":true,"jetpack_social_options":{"image_generator_settings":{"template":"highway","default_image_id":0,"font":"","enabled":false},"version":2}},"categories":[12],"tags":[49,148],"class_list":["post-5736","post","type-post","status-publish","format-standard","has-post-thumbnail","hentry","category-mezieres-en-brenne","tag-histoire","tag-livre"],"aioseo_notices":[],"jetpack_publicize_connections":[],"jetpack_featured_media_url":"https:\/\/www.brenne-au-coeur.com\/wp-content\/uploads\/2024\/06\/IMG_20240614_180555.resized.jpg","jetpack-related-posts":[],"jetpack_sharing_enabled":true,"_links":{"self":[{"href":"https:\/\/www.brenne-au-coeur.com\/index.php\/wp-json\/wp\/v2\/posts\/5736","targetHints":{"allow":["GET"]}}],"collection":[{"href":"https:\/\/www.brenne-au-coeur.com\/index.php\/wp-json\/wp\/v2\/posts"}],"about":[{"href":"https:\/\/www.brenne-au-coeur.com\/index.php\/wp-json\/wp\/v2\/types\/post"}],"author":[{"embeddable":true,"href":"https:\/\/www.brenne-au-coeur.com\/index.php\/wp-json\/wp\/v2\/users\/1"}],"replies":[{"embeddable":true,"href":"https:\/\/www.brenne-au-coeur.com\/index.php\/wp-json\/wp\/v2\/comments?post=5736"}],"version-history":[{"count":1,"href":"https:\/\/www.brenne-au-coeur.com\/index.php\/wp-json\/wp\/v2\/posts\/5736\/revisions"}],"predecessor-version":[{"id":5740,"href":"https:\/\/www.brenne-au-coeur.com\/index.php\/wp-json\/wp\/v2\/posts\/5736\/revisions\/5740"}],"wp:featuredmedia":[{"embeddable":true,"href":"https:\/\/www.brenne-au-coeur.com\/index.php\/wp-json\/wp\/v2\/media\/5741"}],"wp:attachment":[{"href":"https:\/\/www.brenne-au-coeur.com\/index.php\/wp-json\/wp\/v2\/media?parent=5736"}],"wp:term":[{"taxonomy":"category","embeddable":true,"href":"https:\/\/www.brenne-au-coeur.com\/index.php\/wp-json\/wp\/v2\/categories?post=5736"},{"taxonomy":"post_tag","embeddable":true,"href":"https:\/\/www.brenne-au-coeur.com\/index.php\/wp-json\/wp\/v2\/tags?post=5736"}],"curies":[{"name":"wp","href":"https:\/\/api.w.org\/{rel}","templated":true}]}}