{"id":5727,"date":"2024-06-09T16:40:43","date_gmt":"2024-06-09T14:40:43","guid":{"rendered":"https:\/\/www.brenne-au-coeur.com\/?p=5727"},"modified":"2024-06-09T16:40:43","modified_gmt":"2024-06-09T14:40:43","slug":"chopin-a-mezieres","status":"publish","type":"post","link":"https:\/\/www.brenne-au-coeur.com\/index.php\/2024\/06\/09\/chopin-a-mezieres\/communes\/mezieres-en-brenne\/5727\/","title":{"rendered":"Chopin \u00e0 M\u00e9zi\u00e8res."},"content":{"rendered":"<p><span style=\"font-size: large;\"><a href=\"https:\/\/www.brenne-au-coeur.com\/wp-content\/uploads\/2024\/06\/Dmytro-SEMIKRAS.resized.jpg\" rel=\"lightbox[5727]\"><img loading=\"lazy\" decoding=\"async\" class=\"alignleft wp-image-5729 size-medium\" src=\"https:\/\/www.brenne-au-coeur.com\/wp-content\/uploads\/2024\/06\/Dmytro-SEMIKRAS.resized-300x169.jpg\" alt=\"\" width=\"300\" height=\"169\" srcset=\"https:\/\/www.brenne-au-coeur.com\/wp-content\/uploads\/2024\/06\/Dmytro-SEMIKRAS.resized-300x169.jpg 300w, https:\/\/www.brenne-au-coeur.com\/wp-content\/uploads\/2024\/06\/Dmytro-SEMIKRAS.resized-150x84.jpg 150w, https:\/\/www.brenne-au-coeur.com\/wp-content\/uploads\/2024\/06\/Dmytro-SEMIKRAS.resized.jpg 640w\" sizes=\"auto, (max-width: 300px) 100vw, 300px\" \/><\/a>Samedi 15 juin \u00e0 20h30, dans le cadre du <a href=\"https:\/\/festivalnohant.com\/\">Nohant festival Chopin<\/a> \u00ab\u00a0hors les murs\u00a0\u00bb, <\/span><span style=\"font-size: large;\">la coll\u00e9giale Sainte-Marie-Madeleine accueillera le pianiste\u00a0<\/span><span style=\"font-size: large;\">Dmytro Semykras<\/span><strong><span style=\"font-size: large;\">,<\/span><\/strong><span style=\"font-size: large;\">\u00a0laur\u00e9at du Concours international d\u2019Ile-de-France et du Prix sp\u00e9cial du Nohant Festival Chopin.<br \/>\nAu programme&nbsp;: <\/span><span style=\"font-size: large;\">Scarlatti \u2013 Brahms\u2013 Chopin Rachmanivov \u2013 Scriabine<\/span><\/p>\n<p><span style=\"font-size: large;\">D\u00e9j\u00e0 laur\u00e9at de nombreux prix internationaux, le jeune virtuose ukrainien\u00a0<\/span><span style=\"color: #000000;\"><span style=\"font-size: large;\">Dmytro Semykras <\/span><\/span><span style=\"font-size: large;\">a remport\u00e9 en 2023 le Premier Prix du Concours international de piano d\u2019Ile-de-France et le Prix sp\u00e9cial du Nohant Festival Chopin.<br \/>\nN\u00e9 en 2001 \u00e0 Soumy en Ukraine, Dmytro SEMYKRAS obtient une licence de musique et d\u2019\u00e9ducation musicale en piano dans la classe de la professeure Milana Tcherniavska.<\/span><\/p>\n<p>&nbsp;<\/p>\n<div class=\"nv-iframe-embed\"><div class=\"lyte-wrapper fourthree\" title=\"Dmytro SEMYKRAS 24eme Concours International de Piano d&amp;#039;Ile de France 2023\" style=\"width:420px;max-width:100%;margin:5px auto;\"><div class=\"lyMe hidef\" id=\"WYL_ZW0XsAwfa7I\" itemprop=\"video\" itemscope itemtype=\"https:\/\/schema.org\/VideoObject\"><div><meta itemprop=\"thumbnailUrl\" content=\"https:\/\/www.brenne-au-coeur.com\/wp-content\/plugins\/wp-youtube-lyte\/lyteCache.php?origThumbUrl=https%3A%2F%2Fi.ytimg.com%2Fvi%2FZW0XsAwfa7I%2Fmaxresdefault.jpg\" \/><meta itemprop=\"embedURL\" content=\"https:\/\/www.youtube.com\/embed\/ZW0XsAwfa7I\" \/><meta itemprop=\"duration\" content=\"PT3M48S\" \/><meta itemprop=\"uploadDate\" content=\"2023-06-22T19:02:58Z\" \/><\/div><div id=\"lyte_ZW0XsAwfa7I\" data-src=\"https:\/\/www.brenne-au-coeur.com\/wp-content\/plugins\/wp-youtube-lyte\/lyteCache.php?origThumbUrl=https%3A%2F%2Fi.ytimg.com%2Fvi%2FZW0XsAwfa7I%2Fmaxresdefault.jpg\" class=\"pL\"><div class=\"tC\"><div class=\"tT\" itemprop=\"name\">Dmytro SEMYKRAS 24eme Concours International de Piano d&#039;Ile de France 2023<\/div><\/div><div class=\"play\"><\/div><div class=\"ctrl\"><div class=\"Lctrl\"><\/div><div class=\"Rctrl\"><\/div><\/div><\/div><noscript><a href=\"https:\/\/youtu.be\/ZW0XsAwfa7I\" rel=\"nofollow\"><img loading=\"lazy\" decoding=\"async\" src=\"https:\/\/www.brenne-au-coeur.com\/wp-content\/plugins\/wp-youtube-lyte\/lyteCache.php?origThumbUrl=https%3A%2F%2Fi.ytimg.com%2Fvi%2FZW0XsAwfa7I%2F0.jpg\" alt=\"Dmytro SEMYKRAS 24eme Concours International de Piano d&amp;#039;Ile de France 2023\" width=\"420\" height=\"295\" \/><br \/>Lire cette vid\u00e9o sur YouTube<\/a><\/noscript><meta itemprop=\"description\" content=\"Diplome de Concert\/ Concert Pianist - 1er Prix\/ 1st Prize\"><\/div><\/div><div class=\"lL\" style=\"max-width:100%;width:420px;margin:5px auto;\"><\/div><\/div>\n<p><span style=\"font-size: large;\"><br \/>\nIl est r\u00e9cipiendaire du prix du Concours International \u00ab\u00a0Goldenie Taste\u00a0\u00bb \u00e0 Francfort en Allemagne (2013), laur\u00e9at du Concours International et du Festival organis\u00e9 par Denis Matsuev \u00ab&nbsp;Sberbank Debut&nbsp;\u00bb \u00e0 Kiev en 2014. La m\u00eame ann\u00e9e, il se produit au 23e Festival international des jeunes musiciens \u00ab\u00a0Kaunas 2104\u00a0\u00bb en Lituanie ainsi qu\u2019au 23e Festival international \u201cVirtuosi\u201d \u00e0 Lviv en Ukraine.<br \/>\nEn 2016, trois prix lui sont attribu\u00e9s au Concours international des jeunes pianistes \u00e0 la m\u00e9moire de Vladimir Horowitz \u00e0 Kiev, puis deux prix \u00e0 ce m\u00eame concours en 2019, ann\u00e9e o\u00f9 il est \u00e9galement invit\u00e9 au 8e Festival International de Piano Torre de Canyamel \u00e0 Palma-de-Majorque en Espagne.<\/span><\/p>\n<p><strong><span style=\"font-size: large;\"><img loading=\"lazy\" decoding=\"async\" class=\" wp-image-5728 alignright\" src=\"https:\/\/www.brenne-au-coeur.com\/wp-content\/uploads\/2024\/06\/photo-home-NOhant-Festival-Chopin-2024-annonce-programme-2048x645.resized-300x95.jpg\" alt=\"\" width=\"455\" height=\"144\" srcset=\"https:\/\/www.brenne-au-coeur.com\/wp-content\/uploads\/2024\/06\/photo-home-NOhant-Festival-Chopin-2024-annonce-programme-2048x645.resized-300x95.jpg 300w, https:\/\/www.brenne-au-coeur.com\/wp-content\/uploads\/2024\/06\/photo-home-NOhant-Festival-Chopin-2024-annonce-programme-2048x645.resized-150x47.jpg 150w, https:\/\/www.brenne-au-coeur.com\/wp-content\/uploads\/2024\/06\/photo-home-NOhant-Festival-Chopin-2024-annonce-programme-2048x645.resized-768x242.jpg 768w, https:\/\/www.brenne-au-coeur.com\/wp-content\/uploads\/2024\/06\/photo-home-NOhant-Festival-Chopin-2024-annonce-programme-2048x645.resized.jpg 1024w\" sizes=\"auto, (max-width: 455px) 100vw, 455px\" \/>La <\/span><\/strong><strong><span style=\"font-size: large;\">58e \u00e9dition du Nohant Festival Chopin<\/span><\/strong><span style=\"font-size: large;\"> aura lieu du\u00a0<\/span><strong><span style=\"font-size: large;\">8 juin au 24 juillet. <\/span><\/strong><strong><span style=\"font-size: large;\">U<\/span><\/strong><strong><span style=\"font-size: large;\">ne pl\u00e9iade de musiciens remarquables ne manqueront pas d\u2019enchanter la Bergerie-auditorium du domaine de George Sand au son des plus belles \u0153uvres de \u00ab&nbsp;Chopin et ses contemporains&nbsp;\u00bb, th\u00e8me de cette 58e \u00e9dition.<\/span><\/strong><span style=\"font-size: large;\">\u00a0<\/span><\/p>\n<p><span style=\"font-size: large;\"> Le programme du Nohant Festival Chopin 2024 est d\u00e9sormais en ligne.<\/span><\/p>\n","protected":false},"excerpt":{"rendered":"<p>Samedi 15 juin \u00e0 20h30, dans le cadre du Nohant festival Chopin \u00ab\u00a0hors les murs\u00a0\u00bb, la coll\u00e9giale Sainte-Marie-Madeleine accueillera le pianiste\u00a0Dmytro Semykras,\u00a0laur\u00e9at du Concours international d\u2019Ile-de-France et du Prix sp\u00e9cial du Nohant Festival Chopin. Au programme&nbsp;: Scarlatti \u2013 Brahms\u2013 Chopin Rachmanivov \u2013 Scriabine D\u00e9j\u00e0 laur\u00e9at de nombreux prix internationaux, le jeune virtuose ukrainien\u00a0Dmytro Semykras a&hellip;&nbsp;<a href=\"https:\/\/www.brenne-au-coeur.com\/index.php\/2024\/06\/09\/chopin-a-mezieres\/communes\/mezieres-en-brenne\/5727\/\" rel=\"bookmark\">Lire la suite&nbsp;&raquo;<span class=\"screen-reader-text\">Chopin \u00e0 M\u00e9zi\u00e8res.<\/span><\/a><\/p>\n","protected":false},"author":1,"featured_media":5730,"comment_status":"open","ping_status":"open","sticky":false,"template":"","format":"standard","meta":{"rop_custom_images_group":[],"rop_custom_messages_group":[],"rop_publish_now":"initial","rop_publish_now_accounts":[],"rop_publish_now_history":[],"rop_publish_now_status":"pending","_monsterinsights_skip_tracking":false,"_monsterinsights_sitenote_active":false,"_monsterinsights_sitenote_note":"","_monsterinsights_sitenote_category":0,"neve_meta_sidebar":"","neve_meta_container":"","neve_meta_enable_content_width":"off","neve_meta_content_width":70,"neve_meta_title_alignment":"","neve_meta_author_avatar":"","neve_post_elements_order":"","neve_meta_disable_header":"","neve_meta_disable_footer":"","neve_meta_disable_title":"","_jetpack_memberships_contains_paid_content":false,"footnotes":"","jetpack_publicize_message":"","jetpack_publicize_feature_enabled":true,"jetpack_social_post_already_shared":true,"jetpack_social_options":{"image_generator_settings":{"template":"highway","default_image_id":0,"font":"","enabled":false},"version":2}},"categories":[12],"tags":[64,40],"class_list":["post-5727","post","type-post","status-publish","format-standard","has-post-thumbnail","hentry","category-mezieres-en-brenne","tag-concert","tag-musique"],"aioseo_notices":[],"jetpack_publicize_connections":[],"jetpack_featured_media_url":"https:\/\/www.brenne-au-coeur.com\/wp-content\/uploads\/2024\/06\/nohant-2024.jpeg","jetpack-related-posts":[],"jetpack_sharing_enabled":true,"_links":{"self":[{"href":"https:\/\/www.brenne-au-coeur.com\/index.php\/wp-json\/wp\/v2\/posts\/5727","targetHints":{"allow":["GET"]}}],"collection":[{"href":"https:\/\/www.brenne-au-coeur.com\/index.php\/wp-json\/wp\/v2\/posts"}],"about":[{"href":"https:\/\/www.brenne-au-coeur.com\/index.php\/wp-json\/wp\/v2\/types\/post"}],"author":[{"embeddable":true,"href":"https:\/\/www.brenne-au-coeur.com\/index.php\/wp-json\/wp\/v2\/users\/1"}],"replies":[{"embeddable":true,"href":"https:\/\/www.brenne-au-coeur.com\/index.php\/wp-json\/wp\/v2\/comments?post=5727"}],"version-history":[{"count":1,"href":"https:\/\/www.brenne-au-coeur.com\/index.php\/wp-json\/wp\/v2\/posts\/5727\/revisions"}],"predecessor-version":[{"id":5731,"href":"https:\/\/www.brenne-au-coeur.com\/index.php\/wp-json\/wp\/v2\/posts\/5727\/revisions\/5731"}],"wp:featuredmedia":[{"embeddable":true,"href":"https:\/\/www.brenne-au-coeur.com\/index.php\/wp-json\/wp\/v2\/media\/5730"}],"wp:attachment":[{"href":"https:\/\/www.brenne-au-coeur.com\/index.php\/wp-json\/wp\/v2\/media?parent=5727"}],"wp:term":[{"taxonomy":"category","embeddable":true,"href":"https:\/\/www.brenne-au-coeur.com\/index.php\/wp-json\/wp\/v2\/categories?post=5727"},{"taxonomy":"post_tag","embeddable":true,"href":"https:\/\/www.brenne-au-coeur.com\/index.php\/wp-json\/wp\/v2\/tags?post=5727"}],"curies":[{"name":"wp","href":"https:\/\/api.w.org\/{rel}","templated":true}]}}