{"id":5724,"date":"2024-06-09T15:59:57","date_gmt":"2024-06-09T13:59:57","guid":{"rendered":"https:\/\/www.brenne-au-coeur.com\/?p=5724"},"modified":"2024-06-09T15:59:57","modified_gmt":"2024-06-09T13:59:57","slug":"balade-spectacle-en-la-foret-de-longue-attente","status":"publish","type":"post","link":"https:\/\/www.brenne-au-coeur.com\/index.php\/2024\/06\/09\/balade-spectacle-en-la-foret-de-longue-attente\/communes\/mezieres-en-brenne\/5724\/","title":{"rendered":"Balade \u2013 spectacle \u00a0\u00bb En la for\u00eat de longue attente\u00a0\u00bb"},"content":{"rendered":"<p><span style=\"font-size: large;\">\u00a0Vendredi 14 juin 2024, la balade-spectacle est propos\u00e9e au village vacances de Bellebouche \u00e0 M\u00e9zi\u00e8res-en-Brenne. Le rendez-vous est fix\u00e9 \u00e0 18h45, au Parking en face du village. une conf\u00e9rence sera donn\u00e9e, sur le th\u00e8me&nbsp;: \u00ab&nbsp;La vie de l&rsquo;arbre&nbsp;\u00bb anim\u00e9e par Fr\u00e9d\u00e9ric Lefort, arboriste grimpeur et stagiaire au Parc naturel r\u00e9gional de la Brenne. \u00c0 partir de 20h, une pause pique-nique partag\u00e9 est organis\u00e9e (pr\u00e9voir votre pique-nique tir\u00e9 du sac). S\u2019en suivra la balade spectacle, au plus proche de la nature, au cours de laquelle le public traversera un bois, accompagn\u00e9 de deux com\u00e9diens-musiciens. Au programme, des histoires d&rsquo;aff\u00fbt, de gu\u00eapes, de champignons, de ch\u00e2taignes grill\u00e9es, d&rsquo;amour, de territoires et d&rsquo;oiseaux. Les spectateurs seront invit\u00e9s \u00e0 \u00eatre \u00e0 l&rsquo;\u00e9coute, se sentir animal, comprendre autrement, mais aussi faire sonner la for\u00eat, chanter et danser. Par <a href=\"https:\/\/compagnielarouiche.wixsite.com\/monsite\">la compagnie de la Rouiche<\/a> avec Emmanuel Dollo et Charlotte Labaki. <\/span><span style=\"font-size: large;\">Une tenue vestimentaire adapt\u00e9e: chaussure de marche, pantalon, est conseill\u00e9e.<\/span><\/p>\n<div class=\"nv-iframe-embed\"><div class=\"lyte-wrapper fourthree\" title=\"En la for&ecirc;t de longue attente\" style=\"width:420px;max-width:100%;margin:5px auto;\"><div class=\"lyMe hidef\" id=\"WYL_f4ryJybMEJk\" itemprop=\"video\" itemscope itemtype=\"https:\/\/schema.org\/VideoObject\"><div><meta itemprop=\"thumbnailUrl\" content=\"https:\/\/www.brenne-au-coeur.com\/wp-content\/plugins\/wp-youtube-lyte\/lyteCache.php?origThumbUrl=https%3A%2F%2Fi.ytimg.com%2Fvi%2Ff4ryJybMEJk%2Fmaxresdefault.jpg\" \/><meta itemprop=\"embedURL\" content=\"https:\/\/www.youtube.com\/embed\/f4ryJybMEJk\" \/><meta itemprop=\"duration\" content=\"PT2M42S\" \/><meta itemprop=\"uploadDate\" content=\"2023-10-05T18:38:07Z\" \/><\/div><div id=\"lyte_f4ryJybMEJk\" data-src=\"https:\/\/www.brenne-au-coeur.com\/wp-content\/plugins\/wp-youtube-lyte\/lyteCache.php?origThumbUrl=https%3A%2F%2Fi.ytimg.com%2Fvi%2Ff4ryJybMEJk%2Fmaxresdefault.jpg\" class=\"pL\"><div class=\"tC\"><div class=\"tT\" itemprop=\"name\">En la for\u00eat de longue attente<\/div><\/div><div class=\"play\"><\/div><div class=\"ctrl\"><div class=\"Lctrl\"><\/div><div class=\"Rctrl\"><\/div><\/div><\/div><noscript><a href=\"https:\/\/youtu.be\/f4ryJybMEJk\" rel=\"nofollow\"><img loading=\"lazy\" decoding=\"async\" src=\"https:\/\/www.brenne-au-coeur.com\/wp-content\/plugins\/wp-youtube-lyte\/lyteCache.php?origThumbUrl=https%3A%2F%2Fi.ytimg.com%2Fvi%2Ff4ryJybMEJk%2F0.jpg\" alt=\"En la for&ecirc;t de longue attente\" width=\"420\" height=\"295\" \/><br \/>Lire cette vid\u00e9o sur YouTube<\/a><\/noscript><meta itemprop=\"description\" content=\"*** SAISON 2026 BIENT\u00d4T EN LIGNE - \u00c0 VOS AGENDAS ! *** *** RETOUR DATES SAISON 2025 *** samedi 22 mars 2025 PRISSAC 36370 samedi 3 mai 2025 MOLEZON 48110 dimanche 4 mai 2025 VENTALON 48160 dimanche 1er juin 2025* VIERZON 18100 *conf\u00e9rence-lecture vendredi 13 juin 2025 VIERZON 18100 samedi 14 juin 2025 VILLEFAVARD 87190 vendredi 20 juin 2025 VIERZON 18100 samedi 21 juin 2025 AMBRAULT 36120 samedi 28 juin 2025 VIERZON 18100 samedi 5 juillet 2025 VIERZON 18100 dimanche 6 juillet 2025 POULIGNY-SAINT-PIERRE 36300 samedi 12 juillet 2025 VIERZON 18100 dimanche 27 juillet 2025 BOMMIERS 36120 dimanche 21 septembre 2025 ORMES 45140 **************************************************** Une production La Rouiche \/ https:\/\/compagnielarouiche.wixsite.com\/monsite \/ balade-spectacle en for\u00eat \/ dur\u00e9e 2h15 environ \/ deux com\u00e9diens-musiciens \/ textes, musiques, \u00e9coutes \/ contact : compagnielarouiche@gmail.com \/ &quot;En la for\u00eat de longue attente&quot; est une balade spectacle au plus proche de la for\u00eat. Le public chemine entre les arbres \u00e0 la tomb\u00e9e de la nuit, accompagn\u00e9 de deux com\u00e9diens-musiciens. Il y a des histoires d\u2019aff\u00fbt, de gu\u00eape, de champignons, de ch\u00e2taignes grill\u00e9es, d\u2019amour, de territoires et d\u2019oiseaux. Plusieurs \u00e9coutes au casque transportent l\u2019auditeur dans des paysages sonores. Des m\u00e9lodies, des airs de danse \u00e0 la vielle, au oud et au chant rythment le voyage. &quot;En la for\u00eat de longue attente&quot; est un appel \u00e0 \u00eatre \u00e0 l\u2019\u00e9coute, se sentir animal, comprendre autrement, mais aussi faire sonner la for\u00eat, chanter et danser. \/ R\u00e9alisation bande-annonce - Christopher Kordun **************************************************** Production La Rouiche \/ https:\/\/compagnielarouiche.wixsite.com\/monsite \/ walk-performance in the forest \/ duration about 2h15 \/ two actor-musicians \/ texts, music, soundscapes \/ &quot;In the forest of long waiting&quot; is a walk-show as close as possible to the forest. The audience walks among the trees at nightfall, accompanied by two actor-musicians. There are stories of hides, wasps, mushrooms, roasted chestnuts, love, territories and birds. Several listenings with headsets transport the listener into soundscapes. Melodies, dance tunes on hurdy-gurdy, oud and singing punctuate the journey. &quot;In the forest of long waiting&quot; is a call to listen, to feel animal, to understand differently, but also to make the forest sound, sing and dance. \/ Trailer production - Christopher Kordun\"><\/div><\/div><div class=\"lL\" style=\"max-width:100%;width:420px;margin:5px auto;\"><\/div><\/div>\n<p>&nbsp;<\/p>\n<p><span style=\"font-size: large;\">Acc\u00e8s gratuit. R\u00e9servation obligatoire. <\/span><span style=\"font-size: large;\">Renseignements \/ R\u00e9servation 02 54 38 12 67 <\/span><\/p>\n","protected":false},"excerpt":{"rendered":"<p>\u00a0Vendredi 14 juin 2024, la balade-spectacle est propos\u00e9e au village vacances de Bellebouche \u00e0 M\u00e9zi\u00e8res-en-Brenne. Le rendez-vous est fix\u00e9 \u00e0 18h45, au Parking en face du village. une conf\u00e9rence sera donn\u00e9e, sur le th\u00e8me&nbsp;: \u00ab&nbsp;La vie de l&rsquo;arbre&nbsp;\u00bb anim\u00e9e par Fr\u00e9d\u00e9ric Lefort, arboriste grimpeur et stagiaire au Parc naturel r\u00e9gional de la Brenne. \u00c0 partir&hellip;&nbsp;<a href=\"https:\/\/www.brenne-au-coeur.com\/index.php\/2024\/06\/09\/balade-spectacle-en-la-foret-de-longue-attente\/communes\/mezieres-en-brenne\/5724\/\" rel=\"bookmark\">Lire la suite&nbsp;&raquo;<span class=\"screen-reader-text\">Balade \u2013 spectacle \u00a0\u00bb En la for\u00eat de longue attente\u00a0\u00bb<\/span><\/a><\/p>\n","protected":false},"author":1,"featured_media":5725,"comment_status":"open","ping_status":"open","sticky":false,"template":"","format":"standard","meta":{"rop_custom_images_group":[],"rop_custom_messages_group":[],"rop_publish_now":"initial","rop_publish_now_accounts":[],"rop_publish_now_history":[],"rop_publish_now_status":"pending","_monsterinsights_skip_tracking":false,"_monsterinsights_sitenote_active":false,"_monsterinsights_sitenote_note":"","_monsterinsights_sitenote_category":0,"neve_meta_sidebar":"","neve_meta_container":"","neve_meta_enable_content_width":"off","neve_meta_content_width":70,"neve_meta_title_alignment":"","neve_meta_author_avatar":"","neve_post_elements_order":"","neve_meta_disable_header":"","neve_meta_disable_footer":"","neve_meta_disable_title":"","_jetpack_memberships_contains_paid_content":false,"footnotes":"","jetpack_publicize_message":"","jetpack_publicize_feature_enabled":true,"jetpack_social_post_already_shared":true,"jetpack_social_options":{"image_generator_settings":{"template":"highway","default_image_id":0,"font":"","enabled":false},"version":2}},"categories":[81,12],"tags":[84,27,78],"class_list":["post-5724","post","type-post","status-publish","format-standard","has-post-thumbnail","hentry","category-bellebouche","category-mezieres-en-brenne","tag-conference","tag-nature","tag-spectacle"],"aioseo_notices":[],"jetpack_publicize_connections":[],"jetpack_featured_media_url":"https:\/\/www.brenne-au-coeur.com\/wp-content\/uploads\/2024\/06\/En-la-foret-de-longue-attente.jpg","jetpack-related-posts":[],"jetpack_sharing_enabled":true,"_links":{"self":[{"href":"https:\/\/www.brenne-au-coeur.com\/index.php\/wp-json\/wp\/v2\/posts\/5724","targetHints":{"allow":["GET"]}}],"collection":[{"href":"https:\/\/www.brenne-au-coeur.com\/index.php\/wp-json\/wp\/v2\/posts"}],"about":[{"href":"https:\/\/www.brenne-au-coeur.com\/index.php\/wp-json\/wp\/v2\/types\/post"}],"author":[{"embeddable":true,"href":"https:\/\/www.brenne-au-coeur.com\/index.php\/wp-json\/wp\/v2\/users\/1"}],"replies":[{"embeddable":true,"href":"https:\/\/www.brenne-au-coeur.com\/index.php\/wp-json\/wp\/v2\/comments?post=5724"}],"version-history":[{"count":1,"href":"https:\/\/www.brenne-au-coeur.com\/index.php\/wp-json\/wp\/v2\/posts\/5724\/revisions"}],"predecessor-version":[{"id":5726,"href":"https:\/\/www.brenne-au-coeur.com\/index.php\/wp-json\/wp\/v2\/posts\/5724\/revisions\/5726"}],"wp:featuredmedia":[{"embeddable":true,"href":"https:\/\/www.brenne-au-coeur.com\/index.php\/wp-json\/wp\/v2\/media\/5725"}],"wp:attachment":[{"href":"https:\/\/www.brenne-au-coeur.com\/index.php\/wp-json\/wp\/v2\/media?parent=5724"}],"wp:term":[{"taxonomy":"category","embeddable":true,"href":"https:\/\/www.brenne-au-coeur.com\/index.php\/wp-json\/wp\/v2\/categories?post=5724"},{"taxonomy":"post_tag","embeddable":true,"href":"https:\/\/www.brenne-au-coeur.com\/index.php\/wp-json\/wp\/v2\/tags?post=5724"}],"curies":[{"name":"wp","href":"https:\/\/api.w.org\/{rel}","templated":true}]}}