{"id":5717,"date":"2024-06-09T15:39:05","date_gmt":"2024-06-09T13:39:05","guid":{"rendered":"https:\/\/www.brenne-au-coeur.com\/?p=5717"},"modified":"2024-06-09T15:39:05","modified_gmt":"2024-06-09T13:39:05","slug":"et-la-lumiere-fut","status":"publish","type":"post","link":"https:\/\/www.brenne-au-coeur.com\/index.php\/2024\/06\/09\/et-la-lumiere-fut\/communes\/mezieres-en-brenne\/5717\/","title":{"rendered":"Et la lumi\u00e8re fut"},"content":{"rendered":"<p><span style=\"font-size: large;\">Jusqu\u2019au 27 juillet, la salle d\u2019exposition du Moulin \u00e0 M\u00e9zi\u00e8res-en-Brenne pr\u00e9sente les photographies de Robert Ansel et les luminaires de Bruno Lovisone.<\/span><\/p>\n<p><span style=\"font-size: large;\">Pour les deux artistes, la lumi\u00e8re est au c\u0153ur de leur travail. Naturelle pour Robert Ansel, gr\u00e2ce \u00e0 laquelle il saisit dans son appareil la faune et la flore de la Brenne. Artificelle pour Bruno Lovisone qui apprivoise l\u2019\u00e9clairage pour sa cr\u00e9ation de luminaires. <\/span><\/p>\n<figure id=\"attachment_5721\" aria-describedby=\"caption-attachment-5721\" style=\"width: 300px\" class=\"wp-caption alignleft\"><a href=\"https:\/\/www.brenne-au-coeur.com\/wp-content\/uploads\/2024\/06\/ansel-2024-3.jpg\" rel=\"lightbox[5717]\"><img loading=\"lazy\" decoding=\"async\" class=\"wp-image-5721 size-medium\" src=\"https:\/\/www.brenne-au-coeur.com\/wp-content\/uploads\/2024\/06\/ansel-2024-3-300x225.jpg\" alt=\"\" width=\"300\" height=\"225\" srcset=\"https:\/\/www.brenne-au-coeur.com\/wp-content\/uploads\/2024\/06\/ansel-2024-3-300x225.jpg 300w, https:\/\/www.brenne-au-coeur.com\/wp-content\/uploads\/2024\/06\/ansel-2024-3-150x113.jpg 150w, https:\/\/www.brenne-au-coeur.com\/wp-content\/uploads\/2024\/06\/ansel-2024-3.jpg 461w\" sizes=\"auto, (max-width: 300px) 100vw, 300px\" \/><\/a><figcaption id=\"caption-attachment-5721\" class=\"wp-caption-text\">Photo de Robert Ansel<\/figcaption><\/figure>\n<p><span style=\"font-size: large;\">Fascin\u00e9 par la nature brennouse, <a href=\"https:\/\/myalbum.com\/folder\/aneAWdyAgKYK\/\">Robert Ansel<\/a> parcourt inlassablement la campagne afin de saisir la vie de ses animaux et restituer la diversit\u00e9 d\u2019un monde qui le charme. Il faut pour cela ma\u00eetriser les conditions inh\u00e9rentes au temps et ses innombrables variations de luminosit\u00e9. Matin brumeux, ciel nuageux, soleil au couch\u00e9 ou \u00e0 son z\u00e9nith.<\/span><\/p>\n<p><span style=\"font-size: large;\">Il a r\u00e9alis\u00e9 quatre ouvrages. \u00ab\u00a0<i>Lumi\u00e8re en Brenne<\/i>\u00a0\u00bb en 2016, \u00ab\u00a0<i>Envol en Brenne\u00a0<\/i>\u00bb en 2018, <i>\u00ab\u00a0Les mammif\u00e8res sauvages <\/i><i>de la Brenne<\/i><i>\u00a0\u00bb<\/i>, en 2022 et tout r\u00e9cemment un livre sur la Guifette Moustac,oiseau embl\u00e8me de la Brenne . <\/span><\/p>\n<figure id=\"attachment_5722\" aria-describedby=\"caption-attachment-5722\" style=\"width: 300px\" class=\"wp-caption alignright\"><a href=\"https:\/\/www.brenne-au-coeur.com\/wp-content\/uploads\/2024\/06\/ansel-2024-1.jpg\" rel=\"lightbox[5717]\"><img loading=\"lazy\" decoding=\"async\" class=\"wp-image-5722 size-medium\" src=\"https:\/\/www.brenne-au-coeur.com\/wp-content\/uploads\/2024\/06\/ansel-2024-1-300x225.jpg\" alt=\"\" width=\"300\" height=\"225\" srcset=\"https:\/\/www.brenne-au-coeur.com\/wp-content\/uploads\/2024\/06\/ansel-2024-1-300x225.jpg 300w, https:\/\/www.brenne-au-coeur.com\/wp-content\/uploads\/2024\/06\/ansel-2024-1-150x113.jpg 150w, https:\/\/www.brenne-au-coeur.com\/wp-content\/uploads\/2024\/06\/ansel-2024-1.jpg 461w\" sizes=\"auto, (max-width: 300px) 100vw, 300px\" \/><\/a><figcaption id=\"caption-attachment-5722\" class=\"wp-caption-text\">Photo de Robert Ansel<\/figcaption><\/figure>\n<p><span style=\"font-size: large;\">Ce normand, originaire du pays de Caux, s\u2019adonne d\u00e8s l\u2019\u00e2ge de 16 ans \u00e0 l\u2019art de la photographie en noir et blanc, principalement des portraits. Sa passion le conduira ensuite vers l\u2019ext\u00e9rieur. Depuis la fin des ann\u00e9es 1990, il compte \u00e0 son actif de tr\u00e8s nombreuses expositions, parmi lesquelles\u00a0: <i>L<\/i><i>a f\u00eate du lin et de l\u2019aiguille<\/i>, sujet qui lui vaudra une expo au Japon, <i>L<\/i><i>a campagne de Caux \u00e0 Goderville<\/i>, <i>L<\/i><i>a baie de Seine reposoir ornithologique<\/i> ou bien encore <i>F<\/i><i>aune et flore de la Brenne au ch\u00e2teau d\u2019Azay-le-Ferron<\/i>. S\u00e9duit par la nature brennouse, il est install\u00e9 \u00e0 Paulnay depuis treize ans. Il cr\u00e9e divers ateliers et une galerie o\u00f9 il expose ses photos. Il organise aussi des visites accompagn\u00e9es qui s\u2019adressent \u00e0 tous les amoureux de la nature. Ces promenades guid\u00e9es, concernent tout autant, les photographes amateurs ou plus avis\u00e9s, que les personnes simplement curieuses de d\u00e9couvrir le milieu ambiant, sans pratique de la photographie. <i>\u00ab\u00a0<\/i><i>L\u2019id\u00e9e est avant tout de favoriser l\u2019\u00e9change. C\u2019est pour cette raison que je privil\u00e9gie les petits groupes de trois ou quatre personnes. Nous acc\u00e9dons \u00e0 des endroits peu fr\u00e9quent\u00e9s, donc plus propices \u00e0 la rencontre d\u2019animaux sauvages.\u00a0\u00bb <\/i><\/span><\/p>\n<p><span style=\"font-size: large;\">Les participants b\u00e9n\u00e9ficient ainsi de l\u2019exp\u00e9rience du photographe qui rappelle volontiers que tout est affaire de patience et de pratique. <\/span><\/p>\n<p><span style=\"font-size: large;\">Patience et pratique, deux qualit\u00e9s indispensables dont fait preuve <a href=\"https:\/\/www.facebook.com\/lovisone.bruno\/?locale=he_IL&amp;paipv=0&amp;eav=AfbTCREjWF9bUHcNYP4SZFtcgksEe-7EFGS3nSrYXc1i771h654UssuL_JanenxDPfM&amp;_rdr\">Bruno Lovisone<\/a>. <\/span><\/p>\n<figure id=\"attachment_5720\" aria-describedby=\"caption-attachment-5720\" style=\"width: 300px\" class=\"wp-caption alignleft\"><a href=\"https:\/\/www.brenne-au-coeur.com\/wp-content\/uploads\/2024\/06\/lovilight-3.jpg\" rel=\"lightbox[5717]\"><img loading=\"lazy\" decoding=\"async\" class=\"wp-image-5720 size-medium\" src=\"https:\/\/www.brenne-au-coeur.com\/wp-content\/uploads\/2024\/06\/lovilight-3-300x225.jpg\" alt=\"\" width=\"300\" height=\"225\" srcset=\"https:\/\/www.brenne-au-coeur.com\/wp-content\/uploads\/2024\/06\/lovilight-3-300x225.jpg 300w, https:\/\/www.brenne-au-coeur.com\/wp-content\/uploads\/2024\/06\/lovilight-3-150x113.jpg 150w, https:\/\/www.brenne-au-coeur.com\/wp-content\/uploads\/2024\/06\/lovilight-3.jpg 461w\" sizes=\"auto, (max-width: 300px) 100vw, 300px\" \/><\/a><figcaption id=\"caption-attachment-5720\" class=\"wp-caption-text\">Les m\u00e2choires d\u00e9finitivement soud\u00e9es de ce vieux pi\u00e8ge \u00e0 renard ne blesseront plus jamais personne<\/figcaption><\/figure>\n<p><span style=\"font-size: large;\">Dans son atelier de M\u00e9zi\u00e8res-en-Brenne, il r\u00e9alise de v\u00e9ritables oeuvres d\u2019art n\u00e9es d\u2019une imagination fertile et d\u2019un savoir faire remarquable. <i>\u00a0\u00ab\u00a0<\/i><i>Je me focalise sur la lumi\u00e8re et ce par quoi <\/i><i>elle peut-\u00eatre port\u00e9e, transmise magnifi\u00e9e\u00a0\u00bb<\/i>. Comme support, il n\u2019utilise que du mat\u00e9riel de r\u00e9cup\u00e9ration, avec cette devise \u00ab\u00a0Jeter pollue, recycler perp\u00e9tue\u00a0\u00bb Pour lui, tout ou presque, est exploitable\u00a0: languette de canette, CD, accessoires de cuisine, d\u2019\u00e9lectrom\u00e9nager, emballages alimentaires, cosm\u00e9tiques divers, pi\u00e8ces d\u00e9tach\u00e9es d\u2019auto, de moto, de bateau ou n\u2019importe quel produit industriel, quincaillerie de mobilier, bois de palette, de parquet, tout ce qui est plastique, verre, aluminium, acier, cuivre, tissu.<\/span><\/p>\n<p><span style=\"font-size: large;\">Chaque cr\u00e9ation est donc unique. Ses r\u00e9alisations peuvent \u00eatre faites sur commande \u00e0 partir de mat\u00e9riau que les personnes souhaitent transformer en objet lumineux. <\/span><\/p>\n<figure id=\"attachment_5719\" aria-describedby=\"caption-attachment-5719\" style=\"width: 300px\" class=\"wp-caption alignright\"><a href=\"https:\/\/www.brenne-au-coeur.com\/wp-content\/uploads\/2024\/06\/lovilight-2.jpg\" rel=\"lightbox[5717]\"><img loading=\"lazy\" decoding=\"async\" class=\"wp-image-5719 size-medium\" src=\"https:\/\/www.brenne-au-coeur.com\/wp-content\/uploads\/2024\/06\/lovilight-2-300x225.jpg\" alt=\"\" width=\"300\" height=\"225\" srcset=\"https:\/\/www.brenne-au-coeur.com\/wp-content\/uploads\/2024\/06\/lovilight-2-300x225.jpg 300w, https:\/\/www.brenne-au-coeur.com\/wp-content\/uploads\/2024\/06\/lovilight-2-150x113.jpg 150w, https:\/\/www.brenne-au-coeur.com\/wp-content\/uploads\/2024\/06\/lovilight-2.jpg 461w\" sizes=\"auto, (max-width: 300px) 100vw, 300px\" \/><\/a><figcaption id=\"caption-attachment-5719\" class=\"wp-caption-text\">Les locaux ou les habitu\u00e9s de la Brenne, reconna\u00eetront illico une r\u00e9plique de bonde d&rsquo;\u00e9tang, en bois.<\/figcaption><\/figure>\n<p><span style=\"font-size: large;\">Apr\u00e8s une formation d\u2019\u00e9clairagiste, Bruno a pass\u00e9 une grande partie de sa vie professionnelle \u00e0 vendre des luminaires industriels ou design, puis il est venu chercher une autre qualit\u00e9 de vie en Brenne, o\u00f9 il a fond\u00e9 son entreprise en 2018. Sous le pseudonyme de lovilight, il a d\u00e9j\u00e0 pr\u00e9sent\u00e9 ses objets au Moulin de M\u00e9zi\u00e8res et dans plusieurs manifestations festives et expositions de la r\u00e9gion. Il a notamment particip\u00e9 en 2021, \u00e0 la Foire d\u2019exposition de Ch\u00e2teauroux et en avril dernier aux journ\u00e9es des m\u00e9tiers d\u2019art au Ch\u00e2teau d\u2019Ars,pr\u00e8s de la Ch\u00e2tre. Il fait \u00e9galement partie d\u2019un collectif de dix-huit artisans et artisans d\u2019art qui proposent et vendent leurs cr\u00e9ations \u00e0 la boutique LOCO de Ch\u00e2teauroux, en collaboration avec la Chambre des M\u00e9tiers et de l\u2019Artisanat d\u2019Art. <\/span><\/p>\n","protected":false},"excerpt":{"rendered":"<p>Jusqu\u2019au 27 juillet, la salle d\u2019exposition du Moulin \u00e0 M\u00e9zi\u00e8res-en-Brenne pr\u00e9sente les photographies de Robert Ansel et les luminaires de Bruno Lovisone. Pour les deux artistes, la lumi\u00e8re est au c\u0153ur de leur travail. Naturelle pour Robert Ansel, gr\u00e2ce \u00e0 laquelle il saisit dans son appareil la faune et la flore de la Brenne. Artificelle&hellip;&nbsp;<a href=\"https:\/\/www.brenne-au-coeur.com\/index.php\/2024\/06\/09\/et-la-lumiere-fut\/communes\/mezieres-en-brenne\/5717\/\" rel=\"bookmark\">Lire la suite&nbsp;&raquo;<span class=\"screen-reader-text\">Et la lumi\u00e8re fut<\/span><\/a><\/p>\n","protected":false},"author":1,"featured_media":5718,"comment_status":"open","ping_status":"open","sticky":false,"template":"","format":"standard","meta":{"rop_custom_images_group":[],"rop_custom_messages_group":[],"rop_publish_now":"initial","rop_publish_now_accounts":[],"rop_publish_now_history":[],"rop_publish_now_status":"pending","_monsterinsights_skip_tracking":false,"_monsterinsights_sitenote_active":false,"_monsterinsights_sitenote_note":"","_monsterinsights_sitenote_category":0,"neve_meta_sidebar":"","neve_meta_container":"","neve_meta_enable_content_width":"off","neve_meta_content_width":70,"neve_meta_title_alignment":"","neve_meta_author_avatar":"","neve_post_elements_order":"","neve_meta_disable_header":"","neve_meta_disable_footer":"","neve_meta_disable_title":"","_jetpack_memberships_contains_paid_content":false,"footnotes":"","jetpack_publicize_message":"","jetpack_publicize_feature_enabled":true,"jetpack_social_post_already_shared":true,"jetpack_social_options":{"image_generator_settings":{"template":"highway","default_image_id":0,"font":"","enabled":false},"version":2}},"categories":[12,54],"tags":[50,58],"class_list":["post-5717","post","type-post","status-publish","format-standard","has-post-thumbnail","hentry","category-mezieres-en-brenne","category-moulin","tag-artisanat","tag-photographie"],"aioseo_notices":[],"jetpack_publicize_connections":[],"jetpack_featured_media_url":"https:\/\/www.brenne-au-coeur.com\/wp-content\/uploads\/2024\/06\/ansel-lovisone.resized.jpg","jetpack-related-posts":[],"jetpack_sharing_enabled":true,"_links":{"self":[{"href":"https:\/\/www.brenne-au-coeur.com\/index.php\/wp-json\/wp\/v2\/posts\/5717","targetHints":{"allow":["GET"]}}],"collection":[{"href":"https:\/\/www.brenne-au-coeur.com\/index.php\/wp-json\/wp\/v2\/posts"}],"about":[{"href":"https:\/\/www.brenne-au-coeur.com\/index.php\/wp-json\/wp\/v2\/types\/post"}],"author":[{"embeddable":true,"href":"https:\/\/www.brenne-au-coeur.com\/index.php\/wp-json\/wp\/v2\/users\/1"}],"replies":[{"embeddable":true,"href":"https:\/\/www.brenne-au-coeur.com\/index.php\/wp-json\/wp\/v2\/comments?post=5717"}],"version-history":[{"count":1,"href":"https:\/\/www.brenne-au-coeur.com\/index.php\/wp-json\/wp\/v2\/posts\/5717\/revisions"}],"predecessor-version":[{"id":5723,"href":"https:\/\/www.brenne-au-coeur.com\/index.php\/wp-json\/wp\/v2\/posts\/5717\/revisions\/5723"}],"wp:featuredmedia":[{"embeddable":true,"href":"https:\/\/www.brenne-au-coeur.com\/index.php\/wp-json\/wp\/v2\/media\/5718"}],"wp:attachment":[{"href":"https:\/\/www.brenne-au-coeur.com\/index.php\/wp-json\/wp\/v2\/media?parent=5717"}],"wp:term":[{"taxonomy":"category","embeddable":true,"href":"https:\/\/www.brenne-au-coeur.com\/index.php\/wp-json\/wp\/v2\/categories?post=5717"},{"taxonomy":"post_tag","embeddable":true,"href":"https:\/\/www.brenne-au-coeur.com\/index.php\/wp-json\/wp\/v2\/tags?post=5717"}],"curies":[{"name":"wp","href":"https:\/\/api.w.org\/{rel}","templated":true}]}}