{"id":57,"date":"2021-12-25T12:44:32","date_gmt":"2021-12-25T11:44:32","guid":{"rendered":"http:\/\/www.brenne-au-coeur.com\/?p=57"},"modified":"2022-05-15T10:28:08","modified_gmt":"2022-05-15T08:28:08","slug":"fc-obterre-football-et-convivialite","status":"publish","type":"post","link":"https:\/\/www.brenne-au-coeur.com\/index.php\/2021\/12\/25\/fc-obterre-football-et-convivialite\/communes\/obterre\/57\/","title":{"rendered":"FC Obterre\u00a0: Football et convivialit\u00e9"},"content":{"rendered":"<figure id=\"attachment_601\" aria-describedby=\"caption-attachment-601\" style=\"width: 300px\" class=\"wp-caption alignleft\"><a href=\"https:\/\/www.brenne-au-coeur.com\/wp-content\/uploads\/2022\/04\/Foot_feminin_Obterre_site.jpg\" rel=\"lightbox[57]\"><img loading=\"lazy\" decoding=\"async\" class=\"wp-image-601 size-medium\" src=\"https:\/\/www.brenne-au-coeur.com\/wp-content\/uploads\/2022\/04\/Foot_feminin_Obterre_site-300x186.jpg\" alt=\"\" width=\"300\" height=\"186\" srcset=\"https:\/\/www.brenne-au-coeur.com\/wp-content\/uploads\/2022\/04\/Foot_feminin_Obterre_site-300x186.jpg 300w, https:\/\/www.brenne-au-coeur.com\/wp-content\/uploads\/2022\/04\/Foot_feminin_Obterre_site-1024x633.jpg 1024w, https:\/\/www.brenne-au-coeur.com\/wp-content\/uploads\/2022\/04\/Foot_feminin_Obterre_site-768x475.jpg 768w, https:\/\/www.brenne-au-coeur.com\/wp-content\/uploads\/2022\/04\/Foot_feminin_Obterre_site.jpg 1200w\" sizes=\"auto, (max-width: 300px) 100vw, 300px\" \/><\/a><figcaption id=\"caption-attachment-601\" class=\"wp-caption-text\">L&rsquo;\u00e9quipe f\u00e9minine du FC Obterre<\/figcaption><\/figure>\n<p><span style=\"font-size: large;\">Depuis l\u2019an dernier, le FC Obterre a int\u00e9gr\u00e9 le cercle restreint des clubs de football comprenant une \u00e9quipe f\u00e9minine \u00e0 11. Auparavant, depuis sept ans, les filles jouaient dans un championnat d\u00e9partemental d\u2019\u00e9quipes <\/span><span style=\"font-size: large;\">\u00e0<\/span><span style=\"font-size: large;\"> 8. <\/span><span style=\"font-size: large;\">2021-2022 est donc une<\/span><span style=\"font-size: large;\"> \u00e9tape importante, <\/span><span style=\"font-size: large;\">parce qu\u2019elle <\/span><span style=\"font-size: large;\">constitue en r\u00e9alit\u00e9, l<\/span><span style=\"font-size: large;\">a<\/span><span style=\"font-size: large;\"> premi\u00e8re vraie saison <\/span><span style=\"font-size: large;\">suite \u00e0 l\u2019<\/span><span style=\"font-size: large;\">ann\u00e9e chamboul\u00e9e par la situation sanitaire. <\/span><span style=\"font-size: large;\">Avec vingt licenci\u00e9<\/span><span style=\"font-size: large;\">e<\/span><span style=\"font-size: large;\">s, le but est avant tout de se familiariser avec ces nouvelles conditions de jeu. \u00ab\u00a0Notre objectif est d\u2019abord de r\u00e9aliser une belle saison\u00a0\u00bb, explique Henri Noyer, le pr\u00e9sident du club. \u00ab\u00a0C\u2019est une sorte d\u2019apprentissage, surench\u00e9rit Justine. \u00c0 huit, on jouait sur une moiti\u00e9 de terrain. \u00c7a change beaucoup de choses\u00a0\u00bb. Comme Justine, Marion est l\u00e0 depuis le d\u00e9but. La cr\u00e9ation de l\u2019\u00e9quipe s\u2019est r\u00e9alis\u00e9e naturellement. \u00ab\u00a0On venait voir jouer les gar\u00e7ons. <\/span><span style=\"font-size: large;\">On s\u2019est dit pourquoi pas nous\u00a0\u00bb, raconte-t-elle. Car les \u00e9quipes de gar\u00e7ons \u00e9voluent \u00e0 Obterre depuis plusieurs d\u00e9cennies. C\u2019est tr\u00e8s pr\u00e9cis\u00e9ment en 1976 que le FC Obterre a \u00e9t\u00e9 cr\u00e9\u00e9 <\/span><span style=\"font-size: large;\">par l\u2019ancien maire Marc Chartier et <\/span><span style=\"font-size: large;\">l<\/span><span style=\"font-size: large;\">e maire actuel Jacques Prouteau, premier pr\u00e9sident, succ\u00e9d\u00e9 par J.B Meunier, puis Pascal Causson qui a laiss\u00e9 sa place \u00e0 Henri Noyer. 45 ans durant lesquels des troph\u00e9es ont \u00e9t\u00e9 d\u00e9croch\u00e9s. Une victoire en challenge Legros et chez les filles la coupe Cautina en 2019. Aujourd\u2019hui avec 27<\/span><\/p>\n<p><span style=\"font-size: large;\">licenci\u00e9s, l\u2019\u00e9quipe masculine joue en 3e division. Des r\u00e9sultats et une pratique sportive qui demeurent <\/span><span style=\"font-size: large;\">marqu\u00e9s, <\/span><span style=\"font-size: large;\">chez les filles comme chez les gar\u00e7ons, par <\/span><span style=\"font-size: large;\">une priorit\u00e9\u00a0:<\/span><span style=\"font-size: large;\"> le plaisir de se retrouver ensemble. <\/span><span style=\"font-size: large;\">Ce n\u2019est donc pas un hasard, si \u00e0<\/span><span style=\"font-size: large;\"> Obterre, le club de foot est la base autour de laquelle se d\u00e9veloppe la vie locale. On retrouve tout ce petit monde dans les multiples manifestations festives qui jalonnent l\u2019ann\u00e9e. Couscous, la veille du premier mai, moules frites entre autres, et bien \u00e9videmment la grande f\u00eate du houblon o\u00f9 par dizaines, des jeunes <\/span><span style=\"font-size: large;\">rejoignent les footballeurs et footballeuses <\/span><span style=\"font-size: large;\">dans l\u2019organisation d<\/span><span style=\"font-size: large;\">e ce<\/span><span style=\"font-size: large;\"> week-end <\/span><span style=\"font-size: large;\">de f\u00eate<\/span><span style=\"font-size: large;\">. <\/span><span style=\"font-size: large;\">Dynamique, accueillant et populaire, le FC Obterre est \u00e0 l\u2019image de la commune. <\/span><\/p>\n","protected":false},"excerpt":{"rendered":"<p>Depuis l\u2019an dernier, le FC Obterre a int\u00e9gr\u00e9 le cercle restreint des clubs de football comprenant une \u00e9quipe f\u00e9minine \u00e0 11. Auparavant, depuis sept ans, les filles jouaient dans un championnat d\u00e9partemental d\u2019\u00e9quipes \u00e0 8. 2021-2022 est donc une \u00e9tape importante, parce qu\u2019elle constitue en r\u00e9alit\u00e9, la premi\u00e8re vraie saison suite \u00e0 l\u2019ann\u00e9e chamboul\u00e9e par&hellip;&nbsp;<a href=\"https:\/\/www.brenne-au-coeur.com\/index.php\/2021\/12\/25\/fc-obterre-football-et-convivialite\/communes\/obterre\/57\/\" rel=\"bookmark\">Lire la suite&nbsp;&raquo;<span class=\"screen-reader-text\">FC Obterre\u00a0: Football et convivialit\u00e9<\/span><\/a><\/p>\n","protected":false},"author":1,"featured_media":601,"comment_status":"open","ping_status":"open","sticky":false,"template":"","format":"standard","meta":{"rop_custom_images_group":[],"rop_custom_messages_group":[],"rop_publish_now":"initial","rop_publish_now_accounts":[],"rop_publish_now_history":[],"rop_publish_now_status":"pending","_monsterinsights_skip_tracking":false,"_monsterinsights_sitenote_active":false,"_monsterinsights_sitenote_note":"","_monsterinsights_sitenote_category":0,"neve_meta_sidebar":"","neve_meta_container":"","neve_meta_enable_content_width":"off","neve_meta_content_width":70,"neve_meta_title_alignment":"","neve_meta_author_avatar":"","neve_post_elements_order":"","neve_meta_disable_header":"","neve_meta_disable_footer":"","neve_meta_disable_title":"","_jetpack_memberships_contains_paid_content":false,"footnotes":"","jetpack_publicize_message":"","jetpack_publicize_feature_enabled":true,"jetpack_social_post_already_shared":false,"jetpack_social_options":{"image_generator_settings":{"template":"highway","default_image_id":0,"font":"","enabled":false},"version":2}},"categories":[14],"tags":[33],"class_list":["post-57","post","type-post","status-publish","format-standard","has-post-thumbnail","hentry","category-obterre","tag-rencontres"],"aioseo_notices":[],"jetpack_publicize_connections":[],"jetpack_featured_media_url":"https:\/\/www.brenne-au-coeur.com\/wp-content\/uploads\/2022\/04\/Foot_feminin_Obterre_site.jpg","jetpack-related-posts":[],"jetpack_sharing_enabled":true,"_links":{"self":[{"href":"https:\/\/www.brenne-au-coeur.com\/index.php\/wp-json\/wp\/v2\/posts\/57","targetHints":{"allow":["GET"]}}],"collection":[{"href":"https:\/\/www.brenne-au-coeur.com\/index.php\/wp-json\/wp\/v2\/posts"}],"about":[{"href":"https:\/\/www.brenne-au-coeur.com\/index.php\/wp-json\/wp\/v2\/types\/post"}],"author":[{"embeddable":true,"href":"https:\/\/www.brenne-au-coeur.com\/index.php\/wp-json\/wp\/v2\/users\/1"}],"replies":[{"embeddable":true,"href":"https:\/\/www.brenne-au-coeur.com\/index.php\/wp-json\/wp\/v2\/comments?post=57"}],"version-history":[{"count":0,"href":"https:\/\/www.brenne-au-coeur.com\/index.php\/wp-json\/wp\/v2\/posts\/57\/revisions"}],"wp:featuredmedia":[{"embeddable":true,"href":"https:\/\/www.brenne-au-coeur.com\/index.php\/wp-json\/wp\/v2\/media\/601"}],"wp:attachment":[{"href":"https:\/\/www.brenne-au-coeur.com\/index.php\/wp-json\/wp\/v2\/media?parent=57"}],"wp:term":[{"taxonomy":"category","embeddable":true,"href":"https:\/\/www.brenne-au-coeur.com\/index.php\/wp-json\/wp\/v2\/categories?post=57"},{"taxonomy":"post_tag","embeddable":true,"href":"https:\/\/www.brenne-au-coeur.com\/index.php\/wp-json\/wp\/v2\/tags?post=57"}],"curies":[{"name":"wp","href":"https:\/\/api.w.org\/{rel}","templated":true}]}}