{"id":5675,"date":"2024-05-23T13:44:26","date_gmt":"2024-05-23T11:44:26","guid":{"rendered":"https:\/\/www.brenne-au-coeur.com\/?p=5675"},"modified":"2024-05-23T13:44:26","modified_gmt":"2024-05-23T11:44:26","slug":"la-brenne-demilie","status":"publish","type":"post","link":"https:\/\/www.brenne-au-coeur.com\/index.php\/2024\/05\/23\/la-brenne-demilie\/communes\/martizay\/5675\/","title":{"rendered":"La Brenne d\u2019\u00c9milie"},"content":{"rendered":"<p><a href=\"https:\/\/www.brenne-au-coeur.com\/wp-content\/uploads\/2024\/05\/Exposition-dart-annuelle.resized.jpg\" rel=\"lightbox[5675]\"><img loading=\"lazy\" decoding=\"async\" class=\"alignleft wp-image-5676 size-medium\" src=\"https:\/\/www.brenne-au-coeur.com\/wp-content\/uploads\/2024\/05\/Exposition-dart-annuelle.resized-212x300.jpg\" alt=\"\" width=\"212\" height=\"300\" srcset=\"https:\/\/www.brenne-au-coeur.com\/wp-content\/uploads\/2024\/05\/Exposition-dart-annuelle.resized-212x300.jpg 212w, https:\/\/www.brenne-au-coeur.com\/wp-content\/uploads\/2024\/05\/Exposition-dart-annuelle.resized-724x1024.jpg 724w, https:\/\/www.brenne-au-coeur.com\/wp-content\/uploads\/2024\/05\/Exposition-dart-annuelle.resized-106x150.jpg 106w, https:\/\/www.brenne-au-coeur.com\/wp-content\/uploads\/2024\/05\/Exposition-dart-annuelle.resized-768x1086.jpg 768w, https:\/\/www.brenne-au-coeur.com\/wp-content\/uploads\/2024\/05\/Exposition-dart-annuelle.resized.jpg 794w\" sizes=\"auto, (max-width: 212px) 100vw, 212px\" \/><\/a><\/p>\n<p><span style=\"font-size: large;\">Jusqu&rsquo;\u00e0 la fin du mois de juin, la m\u00e9diath\u00e8que de Martizay accueille une nouvelle exposition photographique, consacr\u00e9e aux \u0153uvres r\u00e9alis\u00e9es par une jeune photographe amateur originaire de Martizay, \u00c9milie Gaudin. <\/span><\/p>\n<p><span style=\"font-size: large;\">Celle qui avait d\u00e9j\u00e0 r\u00e9alis\u00e9 plusieurs expositions dans l\u2019Indre en 2016 et 2017 a souhait\u00e9 aujourd\u2019hui partager avec les habitants de la Brenne de nouveaux clich\u00e9s repr\u00e9sentant des animaux sauvages et des paysages, pris au sein du PNR de la Brenne, territoire favori de la jeune photographe. <\/span><\/p>\n<p><span style=\"font-size: large;\">Passionn\u00e9e de photo depuis son plus jeune \u00e2ge, \u00c9milie officie essentiellement au sein de PNR de la Brenne, territoire qu\u2019elle connait bien et qu\u2019elle appr\u00e9cie particuli\u00e8rement.<\/span><\/p>\n<p><span style=\"font-size: large;\">Emilie est une ancienne \u00e9tudiante de l&rsquo;Institut Francophone de Formation au Cin\u00e9ma Animalier de M\u00e9nigoute (IFFCAM) o\u00f9 elle a suivi le Dipl\u00f4me universitaire de photographie et reportage nature. Emilie esp\u00e8re un jour faire de cette passion son m\u00e9tier, aussi y consacre-t-elle tout son temps libre, n&rsquo;h\u00e9sitant pas \u00e0 suivre des stages et des formations pour parfaire sa technique photographique et approfondir sa connaissance de la faune et de la flore.<\/span><\/p>\n<p><span style=\"font-size: large;\">Exposition visible aux horaires d&rsquo;ouverture habituels de la m\u00e9diath\u00e8que\u00a0: le mardi et le jeudi, de 10\u2009h \u00e0 12\u2009h et de 14\u2009h \u00e0 18\u2009h\u2009; le mercredi, de 10\u2009h \u00e0 12\u2009h \u00e0 14\u2009h \u00e0 19\u2009h\u2009; le vendredi et le samedi, de 9\u2009h \u00e0 12\u2009h.<\/span><\/p>\n","protected":false},"excerpt":{"rendered":"<p>Jusqu&rsquo;\u00e0 la fin du mois de juin, la m\u00e9diath\u00e8que de Martizay accueille une nouvelle exposition photographique, consacr\u00e9e aux \u0153uvres r\u00e9alis\u00e9es par une jeune photographe amateur originaire de Martizay, \u00c9milie Gaudin. Celle qui avait d\u00e9j\u00e0 r\u00e9alis\u00e9 plusieurs expositions dans l\u2019Indre en 2016 et 2017 a souhait\u00e9 aujourd\u2019hui partager avec les habitants de la Brenne de nouveaux&hellip;&nbsp;<a href=\"https:\/\/www.brenne-au-coeur.com\/index.php\/2024\/05\/23\/la-brenne-demilie\/communes\/martizay\/5675\/\" rel=\"bookmark\">Lire la suite&nbsp;&raquo;<span class=\"screen-reader-text\">La Brenne d\u2019\u00c9milie<\/span><\/a><\/p>\n","protected":false},"author":1,"featured_media":5676,"comment_status":"open","ping_status":"open","sticky":false,"template":"","format":"standard","meta":{"rop_custom_images_group":[],"rop_custom_messages_group":[],"rop_publish_now":"initial","rop_publish_now_accounts":[],"rop_publish_now_history":[],"rop_publish_now_status":"pending","_monsterinsights_skip_tracking":false,"_monsterinsights_sitenote_active":false,"_monsterinsights_sitenote_note":"","_monsterinsights_sitenote_category":0,"neve_meta_sidebar":"","neve_meta_container":"","neve_meta_enable_content_width":"off","neve_meta_content_width":70,"neve_meta_title_alignment":"","neve_meta_author_avatar":"","neve_post_elements_order":"","neve_meta_disable_header":"","neve_meta_disable_footer":"","neve_meta_disable_title":"","_jetpack_memberships_contains_paid_content":false,"footnotes":"","jetpack_publicize_message":"","jetpack_publicize_feature_enabled":true,"jetpack_social_post_already_shared":true,"jetpack_social_options":{"image_generator_settings":{"template":"highway","default_image_id":0,"font":"","enabled":false},"version":2}},"categories":[11,59],"tags":[52,58],"class_list":["post-5675","post","type-post","status-publish","format-standard","has-post-thumbnail","hentry","category-martizay","category-mediatheque","tag-exposition","tag-photographie"],"aioseo_notices":[],"jetpack_publicize_connections":[],"jetpack_featured_media_url":"https:\/\/www.brenne-au-coeur.com\/wp-content\/uploads\/2024\/05\/Exposition-dart-annuelle.resized.jpg","jetpack-related-posts":[],"jetpack_sharing_enabled":true,"_links":{"self":[{"href":"https:\/\/www.brenne-au-coeur.com\/index.php\/wp-json\/wp\/v2\/posts\/5675","targetHints":{"allow":["GET"]}}],"collection":[{"href":"https:\/\/www.brenne-au-coeur.com\/index.php\/wp-json\/wp\/v2\/posts"}],"about":[{"href":"https:\/\/www.brenne-au-coeur.com\/index.php\/wp-json\/wp\/v2\/types\/post"}],"author":[{"embeddable":true,"href":"https:\/\/www.brenne-au-coeur.com\/index.php\/wp-json\/wp\/v2\/users\/1"}],"replies":[{"embeddable":true,"href":"https:\/\/www.brenne-au-coeur.com\/index.php\/wp-json\/wp\/v2\/comments?post=5675"}],"version-history":[{"count":1,"href":"https:\/\/www.brenne-au-coeur.com\/index.php\/wp-json\/wp\/v2\/posts\/5675\/revisions"}],"predecessor-version":[{"id":5677,"href":"https:\/\/www.brenne-au-coeur.com\/index.php\/wp-json\/wp\/v2\/posts\/5675\/revisions\/5677"}],"wp:featuredmedia":[{"embeddable":true,"href":"https:\/\/www.brenne-au-coeur.com\/index.php\/wp-json\/wp\/v2\/media\/5676"}],"wp:attachment":[{"href":"https:\/\/www.brenne-au-coeur.com\/index.php\/wp-json\/wp\/v2\/media?parent=5675"}],"wp:term":[{"taxonomy":"category","embeddable":true,"href":"https:\/\/www.brenne-au-coeur.com\/index.php\/wp-json\/wp\/v2\/categories?post=5675"},{"taxonomy":"post_tag","embeddable":true,"href":"https:\/\/www.brenne-au-coeur.com\/index.php\/wp-json\/wp\/v2\/tags?post=5675"}],"curies":[{"name":"wp","href":"https:\/\/api.w.org\/{rel}","templated":true}]}}