{"id":5662,"date":"2024-05-22T16:19:22","date_gmt":"2024-05-22T14:19:22","guid":{"rendered":"https:\/\/www.brenne-au-coeur.com\/?p=5662"},"modified":"2024-05-22T16:19:22","modified_gmt":"2024-05-22T14:19:22","slug":"au-rendez-vous-des-artistes-locaux","status":"publish","type":"post","link":"https:\/\/www.brenne-au-coeur.com\/index.php\/2024\/05\/22\/au-rendez-vous-des-artistes-locaux\/communes\/azay-le-ferron-communes\/5662\/","title":{"rendered":"Au rendez-vous des artistes locaux"},"content":{"rendered":"<figure id=\"attachment_5663\" aria-describedby=\"caption-attachment-5663\" style=\"width: 254px\" class=\"wp-caption alignleft\"><a href=\"https:\/\/www.brenne-au-coeur.com\/wp-content\/uploads\/2024\/05\/IMG_20240522_102359.resized.jpg\" rel=\"lightbox[5662]\"><img loading=\"lazy\" decoding=\"async\" class=\"wp-image-5663\" src=\"https:\/\/www.brenne-au-coeur.com\/wp-content\/uploads\/2024\/05\/IMG_20240522_102359.resized-300x225.jpg\" alt=\"\" width=\"254\" height=\"190\" srcset=\"https:\/\/www.brenne-au-coeur.com\/wp-content\/uploads\/2024\/05\/IMG_20240522_102359.resized-300x225.jpg 300w, https:\/\/www.brenne-au-coeur.com\/wp-content\/uploads\/2024\/05\/IMG_20240522_102359.resized-150x113.jpg 150w, https:\/\/www.brenne-au-coeur.com\/wp-content\/uploads\/2024\/05\/IMG_20240522_102359.resized.jpg 461w\" sizes=\"auto, (max-width: 254px) 100vw, 254px\" \/><\/a><figcaption id=\"caption-attachment-5663\" class=\"wp-caption-text\">Tableau de Jacques Legros<\/figcaption><\/figure>\n<p><span style=\"font-size: large;\">Jusqu\u2019au 13 juin, 29 habitants d\u2019Azay-le-Ferron pr\u00e9sentent leurs \u0153uvres \u00e0 la m\u00e9diath\u00e8que. Une exposition qui montre la richesse cr\u00e9ative du village, et une grande vari\u00e9t\u00e9 de genres artistiques. Les visiteurs seront sans doute surpris devant cette diversit\u00e9 de modes d\u2019expression. Peintures, photographies, sculptures sur bois, broderies, patchworks, couture, crochet, maquette miniature, scrapbooking. Ils r\u00e9v\u00e8lent une large gamme de sources d\u2019inspiration, portraits, paysages, animaux, objets du quotidien etc. Il y en a pour tous les go\u00fbts. <\/span><\/p>\n<p><span style=\"font-size: large;\">R\u00e9unir les r\u00e9alisations de tous ces passionn\u00e9s, \u00e9tait une id\u00e9e qui trottait, depuis longtemps dans la t\u00eate de Sandrine, responsable de la m\u00e9diath\u00e8que. \u00ab\u00a0<i>C\u2019est une mani\u00e8re de valoriser le travail d\u2019artistes, toutes et tous amateurs, \u00e0 des degr\u00e9s divers. <\/i><i>L\u2019expo permet des rencontres, le partage des exp\u00e9riences.\u00a0<\/i>\u00bb se r\u00e9jouit-elle. <\/span><\/p>\n<figure id=\"attachment_5665\" aria-describedby=\"caption-attachment-5665\" style=\"width: 268px\" class=\"wp-caption alignright\"><a href=\"https:\/\/www.brenne-au-coeur.com\/wp-content\/uploads\/2024\/05\/IMG_20240522_102428.resized.jpg\" rel=\"lightbox[5662]\"><img loading=\"lazy\" decoding=\"async\" class=\"wp-image-5665\" src=\"https:\/\/www.brenne-au-coeur.com\/wp-content\/uploads\/2024\/05\/IMG_20240522_102428.resized-300x225.jpg\" alt=\"\" width=\"268\" height=\"201\" srcset=\"https:\/\/www.brenne-au-coeur.com\/wp-content\/uploads\/2024\/05\/IMG_20240522_102428.resized-300x225.jpg 300w, https:\/\/www.brenne-au-coeur.com\/wp-content\/uploads\/2024\/05\/IMG_20240522_102428.resized-150x113.jpg 150w, https:\/\/www.brenne-au-coeur.com\/wp-content\/uploads\/2024\/05\/IMG_20240522_102428.resized.jpg 326w\" sizes=\"auto, (max-width: 268px) 100vw, 268px\" \/><\/a><figcaption id=\"caption-attachment-5665\" class=\"wp-caption-text\">Peinture sur porcelaine, des \u00e9l\u00e8ves du cours de Fran\u00e7oise Morisson<\/figcaption><\/figure>\n<p><span style=\"font-size: large;\">Certains exposent pour la premi\u00e8re fois, d\u2019autres comme Fran\u00e7oise Morisson sont plus exp\u00e9riment\u00e9s. Ce rendez-vous d\u2019artistes locaux est \u00e9galement une mani\u00e8re de rendre hommage \u00e0 Louis-Fran\u00e7ois Cassas ( la m\u00e9diath\u00e8que porte son nom), dessinateur, graveur et orientaliste n\u00e9 le 3 juin 1756 au ch\u00e2teau d\u2019Azay-le-Ferron. Reconnu pour son art et jouissant d\u2019une notori\u00e9t\u00e9 certaine, il sera professeur de dessin \u00e0 la Manufacture royale des Gobelins. Rep\u00e9r\u00e9 d\u00e8s l\u2019\u00e2ge de 19 ans, il sera admis \u00e0 l\u2019acad\u00e9mie de dessin de Paris. Plusieurs voyages effectu\u00e9s, en Bretagne, en Hollande et en Italie qu\u2019il sillonne durant 5 ans, seront sources d\u2019inspiration. Il peint majoritairement des paysages, mais aussi des monuments antiques et m\u00e9di\u00e9vaux. Il partira ensuite en Gr\u00e8ce au proche et moyen orient et en \u00c9gypte d\u2019o\u00f9 il ram\u00e8nera entre 200 \u00e0 250 dessins. <\/span><\/p>\n<p><span style=\"font-size: large;\">Cette exposition est visible durant les heures habituelles d\u2019ouverture de la m\u00e9diath\u00e8que. Elle a \u00e9t\u00e9 possible gr\u00e2ce aux \u0153uvres des personnes suivantes\u00a0:<\/span><\/p>\n<figure id=\"attachment_5664\" aria-describedby=\"caption-attachment-5664\" style=\"width: 177px\" class=\"wp-caption alignleft\"><a href=\"https:\/\/www.brenne-au-coeur.com\/wp-content\/uploads\/2024\/05\/IMG_20240522_102624.resized.jpg\" rel=\"lightbox[5662]\"><img loading=\"lazy\" decoding=\"async\" class=\"wp-image-5664\" src=\"https:\/\/www.brenne-au-coeur.com\/wp-content\/uploads\/2024\/05\/IMG_20240522_102624.resized-225x300.jpg\" alt=\"\" width=\"177\" height=\"236\" srcset=\"https:\/\/www.brenne-au-coeur.com\/wp-content\/uploads\/2024\/05\/IMG_20240522_102624.resized-225x300.jpg 225w, https:\/\/www.brenne-au-coeur.com\/wp-content\/uploads\/2024\/05\/IMG_20240522_102624.resized-113x150.jpg 113w, https:\/\/www.brenne-au-coeur.com\/wp-content\/uploads\/2024\/05\/IMG_20240522_102624.resized.jpg 245w\" sizes=\"auto, (max-width: 177px) 100vw, 177px\" \/><\/a><figcaption id=\"caption-attachment-5664\" class=\"wp-caption-text\">Photographie de Laure Thomas<\/figcaption><\/figure>\n<p><span style=\"font-size: large;\">C\u00e9line Barnier, Yann Benard, St\u00e9phane Bidault, Genevi\u00e8ve Blanchet, H\u00e9l\u00e8ne Blanchet, Jacky Blardat, Jocelyne Bourin, Vanessa Brie, Chantal Brunet, Josiane Chapuy, Aline Cherence, Alain Choine, Marie-C\u00e9cile Coutant, Francine Gabillon, Jean-Luc Gibault, Ludovic Guillon, Marie-France Hodot, Annie Houlet, Christian Lagard\u00e8re, Raymonde Lecomte, Jacques Legros, Marie-Th\u00e9r\u00e8se Marotte, Fran\u00e7oise Morisson, Catherine Piffard, Marie-Christine Pioffet, Anne Prouveur, Camille Renoncet, Isabelle Renoncet, Laure Tomas. <\/span><\/p>\n<p>Le patchwork en vignette pour la pr\u00e9sentation de l&rsquo;article a \u00e9t\u00e9 r\u00e9alis\u00e9 par Christine Pioffet<\/p>\n","protected":false},"excerpt":{"rendered":"<p>Jusqu\u2019au 13 juin, 29 habitants d\u2019Azay-le-Ferron pr\u00e9sentent leurs \u0153uvres \u00e0 la m\u00e9diath\u00e8que. Une exposition qui montre la richesse cr\u00e9ative du village, et une grande vari\u00e9t\u00e9 de genres artistiques. Les visiteurs seront sans doute surpris devant cette diversit\u00e9 de modes d\u2019expression. Peintures, photographies, sculptures sur bois, broderies, patchworks, couture, crochet, maquette miniature, scrapbooking. Ils r\u00e9v\u00e8lent une&hellip;&nbsp;<a href=\"https:\/\/www.brenne-au-coeur.com\/index.php\/2024\/05\/22\/au-rendez-vous-des-artistes-locaux\/communes\/azay-le-ferron-communes\/5662\/\" rel=\"bookmark\">Lire la suite&nbsp;&raquo;<span class=\"screen-reader-text\">Au rendez-vous des artistes locaux<\/span><\/a><\/p>\n","protected":false},"author":1,"featured_media":5666,"comment_status":"open","ping_status":"open","sticky":false,"template":"","format":"standard","meta":{"rop_custom_images_group":[],"rop_custom_messages_group":[],"rop_publish_now":"initial","rop_publish_now_accounts":[],"rop_publish_now_history":[],"rop_publish_now_status":"pending","_monsterinsights_skip_tracking":false,"_monsterinsights_sitenote_active":false,"_monsterinsights_sitenote_note":"","_monsterinsights_sitenote_category":0,"neve_meta_sidebar":"","neve_meta_container":"","neve_meta_enable_content_width":"off","neve_meta_content_width":70,"neve_meta_title_alignment":"","neve_meta_author_avatar":"","neve_post_elements_order":"","neve_meta_disable_header":"","neve_meta_disable_footer":"","neve_meta_disable_title":"","_jetpack_memberships_contains_paid_content":false,"footnotes":"","jetpack_publicize_message":"","jetpack_publicize_feature_enabled":true,"jetpack_social_post_already_shared":true,"jetpack_social_options":{"image_generator_settings":{"template":"highway","default_image_id":0,"font":"","enabled":false},"version":2}},"categories":[10,59],"tags":[52],"class_list":["post-5662","post","type-post","status-publish","format-standard","has-post-thumbnail","hentry","category-azay-le-ferron-communes","category-mediatheque","tag-exposition"],"aioseo_notices":[],"jetpack_publicize_connections":[],"jetpack_featured_media_url":"https:\/\/www.brenne-au-coeur.com\/wp-content\/uploads\/2024\/05\/IMG_20240522_103641.resized.jpg","jetpack-related-posts":[],"jetpack_sharing_enabled":true,"_links":{"self":[{"href":"https:\/\/www.brenne-au-coeur.com\/index.php\/wp-json\/wp\/v2\/posts\/5662","targetHints":{"allow":["GET"]}}],"collection":[{"href":"https:\/\/www.brenne-au-coeur.com\/index.php\/wp-json\/wp\/v2\/posts"}],"about":[{"href":"https:\/\/www.brenne-au-coeur.com\/index.php\/wp-json\/wp\/v2\/types\/post"}],"author":[{"embeddable":true,"href":"https:\/\/www.brenne-au-coeur.com\/index.php\/wp-json\/wp\/v2\/users\/1"}],"replies":[{"embeddable":true,"href":"https:\/\/www.brenne-au-coeur.com\/index.php\/wp-json\/wp\/v2\/comments?post=5662"}],"version-history":[{"count":1,"href":"https:\/\/www.brenne-au-coeur.com\/index.php\/wp-json\/wp\/v2\/posts\/5662\/revisions"}],"predecessor-version":[{"id":5667,"href":"https:\/\/www.brenne-au-coeur.com\/index.php\/wp-json\/wp\/v2\/posts\/5662\/revisions\/5667"}],"wp:featuredmedia":[{"embeddable":true,"href":"https:\/\/www.brenne-au-coeur.com\/index.php\/wp-json\/wp\/v2\/media\/5666"}],"wp:attachment":[{"href":"https:\/\/www.brenne-au-coeur.com\/index.php\/wp-json\/wp\/v2\/media?parent=5662"}],"wp:term":[{"taxonomy":"category","embeddable":true,"href":"https:\/\/www.brenne-au-coeur.com\/index.php\/wp-json\/wp\/v2\/categories?post=5662"},{"taxonomy":"post_tag","embeddable":true,"href":"https:\/\/www.brenne-au-coeur.com\/index.php\/wp-json\/wp\/v2\/tags?post=5662"}],"curies":[{"name":"wp","href":"https:\/\/api.w.org\/{rel}","templated":true}]}}