{"id":5641,"date":"2024-05-15T16:14:59","date_gmt":"2024-05-15T14:14:59","guid":{"rendered":"https:\/\/www.brenne-au-coeur.com\/?p=5641"},"modified":"2024-05-15T16:18:33","modified_gmt":"2024-05-15T14:18:33","slug":"des-mots-et-des-images","status":"publish","type":"post","link":"https:\/\/www.brenne-au-coeur.com\/index.php\/2024\/05\/15\/des-mots-et-des-images\/communes\/mezieres-en-brenne\/5641\/","title":{"rendered":"Des mots et des images"},"content":{"rendered":"<p><span style=\"font-size: large;\">Samedi 25 mai de 10h \u00e0 12h, \u00c9milie Renoncet anime un atelier d&rsquo;\u00e9criture, \u00ab\u00a0Des mots et des images\u00a0\u00bb \u00e0 la m\u00e9diath\u00e8que de M\u00e9zi\u00e8res-en-Brenne<\/span><\/p>\n<p><span style=\"font-size: large;\">Le but est de faire sortir les image<\/span><span style=\"font-size: large;\">s et les mots pour raconter des histoires. Pour jouer avec les mots, trouver des symboles et porter la parole sur le f\u00e9minin. L&rsquo;id\u00e9e est de travailler l&rsquo;oralit\u00e9 et l&rsquo;imaginaire autour du f\u00e9minin et des passages (premi\u00e8res r\u00e8gles, maternit\u00e9, m\u00e9nopause&#8230;)<\/span><\/p>\n<p><span style=\"font-size: large;\">\u00ab&nbsp;Emilie Renoncet conte depuis 2006 dans des librairies, biblioth\u00e8ques, sur sc\u00e8ne, dans la nature\u2026<\/span><\/p>\n<figure id=\"attachment_5643\" aria-describedby=\"caption-attachment-5643\" style=\"width: 287px\" class=\"wp-caption alignleft\"><a href=\"https:\/\/www.brenne-au-coeur.com\/wp-content\/uploads\/2024\/05\/emilie.jpeg\" rel=\"lightbox[5641]\"><img loading=\"lazy\" decoding=\"async\" class=\"wp-image-5643 size-full\" src=\"https:\/\/www.brenne-au-coeur.com\/wp-content\/uploads\/2024\/05\/emilie.jpeg\" alt=\"\" width=\"287\" height=\"176\" srcset=\"https:\/\/www.brenne-au-coeur.com\/wp-content\/uploads\/2024\/05\/emilie.jpeg 287w, https:\/\/www.brenne-au-coeur.com\/wp-content\/uploads\/2024\/05\/emilie-150x92.jpeg 150w\" sizes=\"auto, (max-width: 287px) 100vw, 287px\" \/><\/a><figcaption id=\"caption-attachment-5643\" class=\"wp-caption-text\">\u00c9milie lors d&rsquo;un conte \u00e0 la maison de la nature<\/figcaption><\/figure>\n<p><span style=\"font-size: large;\">En 2011, sa rencontre avec Amapola lui permet de r\u00e9unir conte et chant autour d\u2019un m\u00eame projet, le spectacle Polymorphonie sera jou\u00e9 une centaine de fois dans toute la France. En 2019, elle forme avec Claire Moinet un duo de conte et chant. Ensemble, elles cr\u00e9ent trois spectacles&nbsp;: Nissavarssuk (cr\u00e9ation en cours) qui retrace le cheminement d\u2019une femme en Alaska et pour lequel elles s\u2019initieront au chant de gorge inuit, Vert lumi\u00e8re autour de contes du solstice d\u2019hiver et Vert tige (sortie 2024), un spectacle sur le jardin.&nbsp;\u00bb<\/span><\/p>\n<p><span style=\"font-size: large;\">Atelier GRATUIT \/ D\u00e8s 14 ans En partenariat avec le PNR Brenne. <\/span><span style=\"font-size: large;\">Inscription obligatoire \u00e0 la m\u00e9diath\u00e8que&nbsp;: bibliotheque@mezieres-en-brenne.fr ou au 02 54 38 12 67. <\/span><\/p>\n","protected":false},"excerpt":{"rendered":"<p>Samedi 25 mai de 10h \u00e0 12h, \u00c9milie Renoncet anime un atelier d&rsquo;\u00e9criture, \u00ab\u00a0Des mots et des images\u00a0\u00bb \u00e0 la m\u00e9diath\u00e8que de M\u00e9zi\u00e8res-en-Brenne Le but est de faire sortir les images et les mots pour raconter des histoires. Pour jouer avec les mots, trouver des symboles et porter la parole sur le f\u00e9minin. L&rsquo;id\u00e9e est&hellip;&nbsp;<a href=\"https:\/\/www.brenne-au-coeur.com\/index.php\/2024\/05\/15\/des-mots-et-des-images\/communes\/mezieres-en-brenne\/5641\/\" rel=\"bookmark\">Lire la suite&nbsp;&raquo;<span class=\"screen-reader-text\">Des mots et des images<\/span><\/a><\/p>\n","protected":false},"author":1,"featured_media":5642,"comment_status":"open","ping_status":"open","sticky":false,"template":"","format":"standard","meta":{"rop_custom_images_group":[],"rop_custom_messages_group":[],"rop_publish_now":"initial","rop_publish_now_accounts":[],"rop_publish_now_history":[],"rop_publish_now_status":"pending","_monsterinsights_skip_tracking":false,"_monsterinsights_sitenote_active":false,"_monsterinsights_sitenote_note":"","_monsterinsights_sitenote_category":0,"neve_meta_sidebar":"","neve_meta_container":"","neve_meta_enable_content_width":"off","neve_meta_content_width":70,"neve_meta_title_alignment":"","neve_meta_author_avatar":"","neve_post_elements_order":"","neve_meta_disable_header":"","neve_meta_disable_footer":"","neve_meta_disable_title":"","_jetpack_memberships_contains_paid_content":false,"footnotes":"","jetpack_publicize_message":"","jetpack_publicize_feature_enabled":true,"jetpack_social_post_already_shared":true,"jetpack_social_options":{"image_generator_settings":{"template":"highway","default_image_id":0,"font":"","enabled":false},"version":2}},"categories":[59,12],"tags":[71],"class_list":["post-5641","post","type-post","status-publish","format-standard","has-post-thumbnail","hentry","category-mediatheque","category-mezieres-en-brenne","tag-animation"],"aioseo_notices":[],"jetpack_publicize_connections":[],"jetpack_featured_media_url":"https:\/\/www.brenne-au-coeur.com\/wp-content\/uploads\/2024\/05\/Atelier-des-mots-et-des-images_Emilie-R_Mai2024.resized.jpg","jetpack-related-posts":[],"jetpack_sharing_enabled":true,"_links":{"self":[{"href":"https:\/\/www.brenne-au-coeur.com\/index.php\/wp-json\/wp\/v2\/posts\/5641","targetHints":{"allow":["GET"]}}],"collection":[{"href":"https:\/\/www.brenne-au-coeur.com\/index.php\/wp-json\/wp\/v2\/posts"}],"about":[{"href":"https:\/\/www.brenne-au-coeur.com\/index.php\/wp-json\/wp\/v2\/types\/post"}],"author":[{"embeddable":true,"href":"https:\/\/www.brenne-au-coeur.com\/index.php\/wp-json\/wp\/v2\/users\/1"}],"replies":[{"embeddable":true,"href":"https:\/\/www.brenne-au-coeur.com\/index.php\/wp-json\/wp\/v2\/comments?post=5641"}],"version-history":[{"count":2,"href":"https:\/\/www.brenne-au-coeur.com\/index.php\/wp-json\/wp\/v2\/posts\/5641\/revisions"}],"predecessor-version":[{"id":5645,"href":"https:\/\/www.brenne-au-coeur.com\/index.php\/wp-json\/wp\/v2\/posts\/5641\/revisions\/5645"}],"wp:featuredmedia":[{"embeddable":true,"href":"https:\/\/www.brenne-au-coeur.com\/index.php\/wp-json\/wp\/v2\/media\/5642"}],"wp:attachment":[{"href":"https:\/\/www.brenne-au-coeur.com\/index.php\/wp-json\/wp\/v2\/media?parent=5641"}],"wp:term":[{"taxonomy":"category","embeddable":true,"href":"https:\/\/www.brenne-au-coeur.com\/index.php\/wp-json\/wp\/v2\/categories?post=5641"},{"taxonomy":"post_tag","embeddable":true,"href":"https:\/\/www.brenne-au-coeur.com\/index.php\/wp-json\/wp\/v2\/tags?post=5641"}],"curies":[{"name":"wp","href":"https:\/\/api.w.org\/{rel}","templated":true}]}}