{"id":5631,"date":"2024-05-06T14:58:50","date_gmt":"2024-05-06T12:58:50","guid":{"rendered":"https:\/\/www.brenne-au-coeur.com\/?p=5631"},"modified":"2024-05-06T14:58:50","modified_gmt":"2024-05-06T12:58:50","slug":"les-petits-touts","status":"publish","type":"post","link":"https:\/\/www.brenne-au-coeur.com\/index.php\/2024\/05\/06\/les-petits-touts\/le-blanc\/5631\/","title":{"rendered":"Les petits touts"},"content":{"rendered":"<p><span style=\"font-size: large;\"><a href=\"https:\/\/www.brenne-au-coeur.com\/wp-content\/uploads\/2024\/05\/les-petits-touts-2.jpg\" rel=\"lightbox[5631]\"><img loading=\"lazy\" decoding=\"async\" class=\"alignleft wp-image-5632 size-full\" src=\"https:\/\/www.brenne-au-coeur.com\/wp-content\/uploads\/2024\/05\/les-petits-touts-2.jpg\" alt=\"\" width=\"284\" height=\"189\" srcset=\"https:\/\/www.brenne-au-coeur.com\/wp-content\/uploads\/2024\/05\/les-petits-touts-2.jpg 284w, https:\/\/www.brenne-au-coeur.com\/wp-content\/uploads\/2024\/05\/les-petits-touts-2-150x100.jpg 150w, https:\/\/www.brenne-au-coeur.com\/wp-content\/uploads\/2024\/05\/les-petits-touts-2-272x182.jpg 272w\" sizes=\"auto, (max-width: 284px) 100vw, 284px\" \/><\/a>Mercredi 15 mai 2024, salle des f\u00eates du Blanc \u00e0 16h30, Fabien Coulon, circassien d&rsquo;objets et mime&#8230;nous invite \u00e0 travers son regard \u00e0 nous \u00e9merveiller face aux petits riens \u00e0 c\u00f4t\u00e9 desquels nous passons sans doute mais qui font de grands petits touts&nbsp;! Il cr\u00e9e un espace intime et chaleureux, h\u00e9bergeant un imaginaire po\u00e9tique, fragile et nous parle humblement&#8230;de la solitude, de l&rsquo;ennui, de l&rsquo;\u00e9merveillement de petites choses, de la Vie! C&rsquo;est l&rsquo;histoire d&rsquo;un naufrag\u00e9 solitaire, d&rsquo;un enfant r\u00eaveur qui se raconte de jolies histoires en glanant ce que la mer a abandonn\u00e9e sur la plage. Comme les petits, \u00e0 qui il d\u00e9die son minuscule cirque marin, Fabien Coulon s&rsquo;invente un monde \u00e0 partir d&rsquo;un peu de sable, de quelques branchages tordus, de galets, d&rsquo;\u00e9cume et de bouts de ficelles.<\/span><\/p>\n<p><span style=\"font-size: large;\">R\u00e9servation conseill\u00e9e. Max 90 places. Tarifs Adulte plein tarif&nbsp;: 8 \u20ac Autre tarif r\u00e9duit&nbsp;: 5 \u20ac Gratuit (- de 12 ans) &#8211; de 12 ans Renseignements \/ R\u00e9servation 02 54 28 33 60 <\/span><\/p>\n","protected":false},"excerpt":{"rendered":"<p>Mercredi 15 mai 2024, salle des f\u00eates du Blanc \u00e0 16h30, Fabien Coulon, circassien d&rsquo;objets et mime&#8230;nous invite \u00e0 travers son regard \u00e0 nous \u00e9merveiller face aux petits riens \u00e0 c\u00f4t\u00e9 desquels nous passons sans doute mais qui font de grands petits touts&nbsp;! Il cr\u00e9e un espace intime et chaleureux, h\u00e9bergeant un imaginaire po\u00e9tique, fragile&hellip;&nbsp;<a href=\"https:\/\/www.brenne-au-coeur.com\/index.php\/2024\/05\/06\/les-petits-touts\/le-blanc\/5631\/\" rel=\"bookmark\">Lire la suite&nbsp;&raquo;<span class=\"screen-reader-text\">Les petits touts<\/span><\/a><\/p>\n","protected":false},"author":1,"featured_media":5632,"comment_status":"open","ping_status":"open","sticky":false,"template":"","format":"standard","meta":{"rop_custom_images_group":[],"rop_custom_messages_group":[],"rop_publish_now":"initial","rop_publish_now_accounts":[],"rop_publish_now_history":[],"rop_publish_now_status":"pending","_monsterinsights_skip_tracking":false,"_monsterinsights_sitenote_active":false,"_monsterinsights_sitenote_note":"","_monsterinsights_sitenote_category":0,"neve_meta_sidebar":"","neve_meta_container":"","neve_meta_enable_content_width":"off","neve_meta_content_width":70,"neve_meta_title_alignment":"","neve_meta_author_avatar":"","neve_post_elements_order":"","neve_meta_disable_header":"","neve_meta_disable_footer":"","neve_meta_disable_title":"","_jetpack_memberships_contains_paid_content":false,"footnotes":"","jetpack_publicize_message":"","jetpack_publicize_feature_enabled":true,"jetpack_social_post_already_shared":true,"jetpack_social_options":{"image_generator_settings":{"template":"highway","default_image_id":0,"font":"","enabled":false},"version":2}},"categories":[101],"tags":[78],"class_list":["post-5631","post","type-post","status-publish","format-standard","has-post-thumbnail","hentry","category-le-blanc","tag-spectacle"],"aioseo_notices":[],"jetpack_publicize_connections":[],"jetpack_featured_media_url":"https:\/\/www.brenne-au-coeur.com\/wp-content\/uploads\/2024\/05\/les-petits-touts-2.jpg","jetpack-related-posts":[],"jetpack_sharing_enabled":true,"_links":{"self":[{"href":"https:\/\/www.brenne-au-coeur.com\/index.php\/wp-json\/wp\/v2\/posts\/5631","targetHints":{"allow":["GET"]}}],"collection":[{"href":"https:\/\/www.brenne-au-coeur.com\/index.php\/wp-json\/wp\/v2\/posts"}],"about":[{"href":"https:\/\/www.brenne-au-coeur.com\/index.php\/wp-json\/wp\/v2\/types\/post"}],"author":[{"embeddable":true,"href":"https:\/\/www.brenne-au-coeur.com\/index.php\/wp-json\/wp\/v2\/users\/1"}],"replies":[{"embeddable":true,"href":"https:\/\/www.brenne-au-coeur.com\/index.php\/wp-json\/wp\/v2\/comments?post=5631"}],"version-history":[{"count":1,"href":"https:\/\/www.brenne-au-coeur.com\/index.php\/wp-json\/wp\/v2\/posts\/5631\/revisions"}],"predecessor-version":[{"id":5633,"href":"https:\/\/www.brenne-au-coeur.com\/index.php\/wp-json\/wp\/v2\/posts\/5631\/revisions\/5633"}],"wp:featuredmedia":[{"embeddable":true,"href":"https:\/\/www.brenne-au-coeur.com\/index.php\/wp-json\/wp\/v2\/media\/5632"}],"wp:attachment":[{"href":"https:\/\/www.brenne-au-coeur.com\/index.php\/wp-json\/wp\/v2\/media?parent=5631"}],"wp:term":[{"taxonomy":"category","embeddable":true,"href":"https:\/\/www.brenne-au-coeur.com\/index.php\/wp-json\/wp\/v2\/categories?post=5631"},{"taxonomy":"post_tag","embeddable":true,"href":"https:\/\/www.brenne-au-coeur.com\/index.php\/wp-json\/wp\/v2\/tags?post=5631"}],"curies":[{"name":"wp","href":"https:\/\/api.w.org\/{rel}","templated":true}]}}