{"id":5590,"date":"2024-04-29T16:33:26","date_gmt":"2024-04-29T14:33:26","guid":{"rendered":"https:\/\/www.brenne-au-coeur.com\/?p=5590"},"modified":"2024-04-29T16:35:02","modified_gmt":"2024-04-29T14:35:02","slug":"le-passage-en-brenne-du-950e-regiment-hindou-29-30-aout-1944","status":"publish","type":"post","link":"https:\/\/www.brenne-au-coeur.com\/index.php\/2024\/04\/29\/le-passage-en-brenne-du-950e-regiment-hindou-29-30-aout-1944\/brenne\/5590\/","title":{"rendered":"Le passage en Brenne du 950e r\u00e9giment hindou, 29-30 ao\u00fbt 1944"},"content":{"rendered":"<p align=\"center\"><span style=\"font-size: large;\"><span style=\"font-family: Bookman Old Style, serif;\">\u00a0<\/span><\/span><\/p>\n<figure id=\"attachment_5604\" aria-describedby=\"caption-attachment-5604\" style=\"width: 399px\" class=\"wp-caption alignnone\"><a href=\"https:\/\/www.brenne-au-coeur.com\/wp-content\/uploads\/2024\/04\/hindou-1.jpg\" rel=\"lightbox[5590]\"><img loading=\"lazy\" decoding=\"async\" class=\"wp-image-5604\" src=\"https:\/\/www.brenne-au-coeur.com\/wp-content\/uploads\/2024\/04\/hindou-1-300x109.jpg\" alt=\"\" width=\"399\" height=\"145\" srcset=\"https:\/\/www.brenne-au-coeur.com\/wp-content\/uploads\/2024\/04\/hindou-1-300x109.jpg 300w, https:\/\/www.brenne-au-coeur.com\/wp-content\/uploads\/2024\/04\/hindou-1-1024x373.jpg 1024w, https:\/\/www.brenne-au-coeur.com\/wp-content\/uploads\/2024\/04\/hindou-1-150x55.jpg 150w, https:\/\/www.brenne-au-coeur.com\/wp-content\/uploads\/2024\/04\/hindou-1-768x280.jpg 768w, https:\/\/www.brenne-au-coeur.com\/wp-content\/uploads\/2024\/04\/hindou-1.jpg 1386w\" sizes=\"auto, (max-width: 399px) 100vw, 399px\" \/><\/a><figcaption id=\"caption-attachment-5604\" class=\"wp-caption-text\">Source&nbsp;: archives patrimoniales mairie de Tours \u2013 Fonds Jean Meunier &#8211; 5 Z 6\/1 Droits r\u00e9serv\u00e9s<\/figcaption><\/figure>\n<p align=\"justify\"><span style=\"font-size: large;\">J\u2019ai souvent entendu parler de la travers\u00e9e de la Brenne par cet \u00e9trange 950<sup>e<\/sup> r\u00e9giment hindou qui pr\u00e9c\u00e9dait la colonne allemande Elster, en cette fin d\u2019\u00e9t\u00e9 1944. Des mots sont syst\u00e9matiquement associ\u00e9s \u00e0 son \u00e9vocation&nbsp;: pillages, viols, d\u00e9gradations, peur, \u2026 <\/span><\/p>\n<p align=\"justify\"><span style=\"font-size: large;\">A la faveur de l\u2019ouverture r\u00e9cente des dossiers dits de \u00ab\u00a0crimes de guerre\u00a0\u00bb aux Archives nationales (75 ans apr\u00e8s les faits selon le code du patrimoine), les rapports de gendarmerie r\u00e9dig\u00e9s entre le 21 septembre 1944 et le 24 juillet 1947 permettent d\u2019apporter des pr\u00e9cisions sur les exactions perp\u00e9tu\u00e9es plus particuli\u00e8rement dans les communes de Lureuil, Ling\u00e9, Saint-Michel-en-Brenne, M\u00e9zi\u00e8res-en-Brenne et Sainte-Gemme. <\/span><\/p>\n<p align=\"justify\"><span style=\"font-size: large;\">Mais que vient donc faire un r\u00e9giment <i>hindou <\/i>au c\u0153ur de la France dans la derni\u00e8re phase de la Seconde Guerre mondiale&nbsp;? <\/span><\/p>\n<p align=\"justify\"><span style=\"font-size: large;\">A la d\u00e9claration de guerre par Hitler en 1939, l\u2019Inde est toujours sous domination britannique et, \u00e0 ce titre, les troupes de l\u2019Indian Army participeront, sous l\u2019autorit\u00e9 de la Couronne, \u00e0 toutes les phases du conflit.<\/span><\/p>\n<p align=\"justify\"><span style=\"font-size: large;\">Depuis 1915, <span style=\"color: #202122;\">Mohandas Karamchand Gandhi appelle \u00e0 l\u2019ind\u00e9pendance de cette immense nation en organisant de nombreuses actions de d\u00e9sob\u00e9issance civile de masse. Profond\u00e9ment religieux et adepte de la philosophie indienne, il propose \u00ab\u00a0un appui moral non violent\u00a0\u00bb \u00e0 l\u2019effort de guerre. Parall\u00e8lement, il r\u00e9dige une r\u00e9solution intitul\u00e9e Quit India (quittez l\u2019Inde). <\/span><\/span><\/p>\n<figure id=\"attachment_5603\" aria-describedby=\"caption-attachment-5603\" style=\"width: 300px\" class=\"wp-caption alignright\"><a href=\"https:\/\/www.brenne-au-coeur.com\/wp-content\/uploads\/2024\/04\/hindou-2.jpg\" rel=\"lightbox[5590]\"><img loading=\"lazy\" decoding=\"async\" class=\"wp-image-5603 size-medium\" src=\"https:\/\/www.brenne-au-coeur.com\/wp-content\/uploads\/2024\/04\/hindou-2-300x208.jpg\" alt=\"\" width=\"300\" height=\"208\" srcset=\"https:\/\/www.brenne-au-coeur.com\/wp-content\/uploads\/2024\/04\/hindou-2-300x208.jpg 300w, https:\/\/www.brenne-au-coeur.com\/wp-content\/uploads\/2024\/04\/hindou-2-150x104.jpg 150w, https:\/\/www.brenne-au-coeur.com\/wp-content\/uploads\/2024\/04\/hindou-2.jpg 640w\" sizes=\"auto, (max-width: 300px) 100vw, 300px\" \/><\/a><figcaption id=\"caption-attachment-5603\" class=\"wp-caption-text\">A gauche, M. Ghandi \u2013 A droite, S. Bose<\/figcaption><\/figure>\n<p align=\"justify\"><span style=\"font-size: large;\"><span style=\"color: #202122;\">C\u2019\u00e9tait sans compter sur Subhas Chandra Bose, pr\u00e9sident du parti du Congr\u00e8s \u00e9lu en 1939, anticolonialiste pr\u00f4nant une r\u00e9sistance arm\u00e9e et une ind\u00e9pendance totale et imm\u00e9diate, \u00e0 l\u2019oppos\u00e9 des id\u00e9es de Gandhi. <\/span><\/span><\/p>\n<p align=\"justify\"><span style=\"font-size: large;\"><span style=\"color: #202122;\">Ayant d\u00e9missionn\u00e9 du Congr\u00e8s \u00e0 la suite d\u2019une motion de m\u00e9fiance, cet ardent nationaliste part \u00e0 Berlin pour proposer \u00e0 Hitler son aide dans le but de vaincre les Anglais. Le F<\/span><span style=\"color: #202124;\">\u00fchrer \u00e9tant rest\u00e9 dubitatif sur cette association consid\u00e9r\u00e9e comme \u00ab&nbsp;une plaisanterie&nbsp;\u00bb, elle convaincra n\u00e9anmoins Himmler, chef de la SS, qui avait un attrait certain pour la spiritualit\u00e9 religieuse indienne. <\/span><\/span><\/p>\n<h1 class=\"western\" align=\"center\"><\/h1>\n<p align=\"center\">\n<figure id=\"attachment_5602\" aria-describedby=\"caption-attachment-5602\" style=\"width: 300px\" class=\"wp-caption alignleft\"><a href=\"https:\/\/www.brenne-au-coeur.com\/wp-content\/uploads\/2024\/04\/hindou-3.jpg\" rel=\"lightbox[5590]\"><img loading=\"lazy\" decoding=\"async\" class=\"wp-image-5602 size-medium\" src=\"https:\/\/www.brenne-au-coeur.com\/wp-content\/uploads\/2024\/04\/hindou-3-300x196.jpg\" alt=\"\" width=\"300\" height=\"196\" srcset=\"https:\/\/www.brenne-au-coeur.com\/wp-content\/uploads\/2024\/04\/hindou-3-300x196.jpg 300w, https:\/\/www.brenne-au-coeur.com\/wp-content\/uploads\/2024\/04\/hindou-3-150x98.jpg 150w, https:\/\/www.brenne-au-coeur.com\/wp-content\/uploads\/2024\/04\/hindou-3.jpg 639w\" sizes=\"auto, (max-width: 300px) 100vw, 300px\" \/><\/a><figcaption id=\"caption-attachment-5602\" class=\"wp-caption-text\">S. Bose avec H. Himmler &#8211; Source\u00a0: Bundesarchiv Bild 101III-Alber-064-03A<\/figcaption><\/figure>\n<p align=\"justify\"><span style=\"color: #202124;\"><span style=\"font-size: large;\">C\u2019est ainsi que naqu\u00eet au mois de d\u00e9cembre 1942 la <\/span><\/span><span style=\"font-size: large;\">\u00ab\u00a0<\/span><span style=\"color: #0000ff;\"><a href=\"https:\/\/fr.wikipedia.org\/wiki\/Indische_Freiwilligen_Legion_der_Waffen-SS\"><span style=\"color: #000000;\"><span style=\"font-size: large;\">Legion Freies Indien<\/span><\/span><\/a><\/span><span style=\"font-size: large;\">\u00a0\u00bb, la l\u00e9gion de l\u2019Inde libre appel\u00e9e aussi Indisches Infanterie Regiment 950 ou encore Legion Hazad Hind. <\/span><\/p>\n<p align=\"justify\"><span style=\"font-size: large;\">Compos\u00e9e de 3500 hommes, recrut\u00e9s dans des camps de prisonniers en Afrique du Nord (1), ce r\u00e9giment d\u2019infanterie est mis sous l\u2019autorit\u00e9 de la Wehrmacht. A l\u2019issue d\u2019une p\u00e9riode d\u2019entrainement, les troupes pr\u00eatent serment d\u2019all\u00e9geance avant de partir dans la r\u00e9gion de Zeeland aux Pays-Bas. <\/span><\/p>\n<p align=\"justify\"><span style=\"font-size: large;\">Elles arrivent en France au mois de septembre 1943 \u00e0 Lacanau, en Gironde, pour renforcer la surveillance du Mur de l\u2019Atlantique. Le 8 ao\u00fbt 1944, l\u2019arm\u00e9e ennemie d\u00e9cide d\u2019affecter cette unit\u00e9 au commandement de la Waffen SS qui la rebaptise\u00a0Indische Freiwilligen Legion des Waffen SS.<\/span><\/p>\n<figure id=\"attachment_5601\" aria-describedby=\"caption-attachment-5601\" style=\"width: 300px\" class=\"wp-caption alignright\"><a href=\"https:\/\/www.brenne-au-coeur.com\/wp-content\/uploads\/2024\/04\/hinndou-4.jpg\" rel=\"lightbox[5590]\"><img loading=\"lazy\" decoding=\"async\" class=\"wp-image-5601 size-medium\" src=\"https:\/\/www.brenne-au-coeur.com\/wp-content\/uploads\/2024\/04\/hinndou-4-300x205.jpg\" alt=\"\" width=\"300\" height=\"205\" srcset=\"https:\/\/www.brenne-au-coeur.com\/wp-content\/uploads\/2024\/04\/hinndou-4-300x205.jpg 300w, https:\/\/www.brenne-au-coeur.com\/wp-content\/uploads\/2024\/04\/hinndou-4-150x102.jpg 150w, https:\/\/www.brenne-au-coeur.com\/wp-content\/uploads\/2024\/04\/hinndou-4.jpg 584w\" sizes=\"auto, (max-width: 300px) 100vw, 300px\" \/><\/a><figcaption id=\"caption-attachment-5601\" class=\"wp-caption-text\">Surveillance du Mur de l\u2019Atlantique par des hommes du r\u00e9giment hindou Source\u00a0: Bundesarchiv Bild 101I-263-1580-05<\/figcaption><\/figure>\n<p align=\"justify\"><span style=\"font-size: large;\">Les soldats l\u00e9gionnaires portaient l\u2019uniforme allemand. Sur leur vareuse, un insigne aux couleurs du futur drapeau indien rehauss\u00e9 d\u2019un tigre bondissant les distinguait de leurs homologues. Les Sikhs, pour d\u2019imp\u00e9ratives raisons religieuses, \u00e9taient coiff\u00e9s d\u2019un turban en lieu et place de la traditionnelle casquette militaire. <\/span><\/p>\n<p align=\"justify\">\n<p align=\"justify\">\n<p align=\"justify\"><span style=\"font-size: large;\">La langue officielle \u00e9tait l\u2019hindi mais, compte tenu des communaut\u00e9s pluriculturelles de ce vaste pays qu\u2019est l\u2019Inde, cet idiome ne pouvait \u00eatre compris par tous les hommes. L\u2019anglais se trouva de fait largement utilis\u00e9, y compris par le commandement allemand incapable de trouver des traducteurs pour les 234 langues maternelles parl\u00e9es sur le sous-continent. <\/span><\/p>\n<figure id=\"attachment_5605\" aria-describedby=\"caption-attachment-5605\" style=\"width: 222px\" class=\"wp-caption alignleft\"><a href=\"https:\/\/www.brenne-au-coeur.com\/wp-content\/uploads\/2024\/04\/hindou-5.jpeg\" rel=\"lightbox[5590]\"><img loading=\"lazy\" decoding=\"async\" class=\"wp-image-5605 size-medium\" src=\"https:\/\/www.brenne-au-coeur.com\/wp-content\/uploads\/2024\/04\/hindou-5-222x300.jpeg\" alt=\"\" width=\"222\" height=\"300\" srcset=\"https:\/\/www.brenne-au-coeur.com\/wp-content\/uploads\/2024\/04\/hindou-5-222x300.jpeg 222w, https:\/\/www.brenne-au-coeur.com\/wp-content\/uploads\/2024\/04\/hindou-5-111x150.jpeg 111w, https:\/\/www.brenne-au-coeur.com\/wp-content\/uploads\/2024\/04\/hindou-5.jpeg 391w\" sizes=\"auto, (max-width: 222px) 100vw, 222px\" \/><\/a><figcaption id=\"caption-attachment-5605\" class=\"wp-caption-text\">Source\u00a0: Bundesarchiv Bild 101I-577-1912-12<\/figcaption><\/figure>\n<figure id=\"attachment_5599\" aria-describedby=\"caption-attachment-5599\" style=\"width: 212px\" class=\"wp-caption alignright\"><a href=\"https:\/\/www.brenne-au-coeur.com\/wp-content\/uploads\/2024\/04\/hindou-5.jpg\" rel=\"lightbox[5590]\"><img loading=\"lazy\" decoding=\"async\" class=\"wp-image-5599 size-medium\" src=\"https:\/\/www.brenne-au-coeur.com\/wp-content\/uploads\/2024\/04\/hindou-5-212x300.jpg\" alt=\"\" width=\"212\" height=\"300\" srcset=\"https:\/\/www.brenne-au-coeur.com\/wp-content\/uploads\/2024\/04\/hindou-5-212x300.jpg 212w, https:\/\/www.brenne-au-coeur.com\/wp-content\/uploads\/2024\/04\/hindou-5-106x150.jpg 106w, https:\/\/www.brenne-au-coeur.com\/wp-content\/uploads\/2024\/04\/hindou-5.jpg 351w\" sizes=\"auto, (max-width: 212px) 100vw, 212px\" \/><\/a><figcaption id=\"caption-attachment-5599\" class=\"wp-caption-text\">Source\u00a0: Bundesarchiv Bild 101I-577-1912-12<\/figcaption><\/figure>\n<p align=\"justify\"><span style=\"font-size: large;\">Le jour du D\u00e9barquement de Provence, le 15 ao\u00fbt 1944, la l\u00e9gion indienne craignant d\u2019\u00eatre isol\u00e9e avec l\u2019avanc\u00e9e concomitante des troupes du D\u00e9barquement de Normandie, d\u00e9cide de rentrer en Allemagne. Les hommes quittent la r\u00e9gion de Bordeaux en train jusqu\u2019\u00e0 Poitiers. La R\u00e9sistance fran\u00e7aise se charge de les harceler vivement, faisant de nombreux bless\u00e9s. <\/span><\/p>\n<p align=\"justify\"><span style=\"font-size: large;\">C\u2019est ainsi que ces hommes arrivent en Brenne \u00e0 Tournon-Saint-Martin le 29 ao\u00fbt 1944, pr\u00e9c\u00e9dant que quelques jours le passage des troupes allemandes <span style=\"color: #202122;\">stationn\u00e9es dans le Sud-Ouest et le Centre-Ouest de la France, en repli vers Dijon et Belfort. Compos\u00e9e d\u2019unit\u00e9s diverses disparates mais encore fortement arm\u00e9es, cette longue colonne de quelques 20\u00a0000 soldats, surnomm\u00e9e Elster du nom de son commandant, traversera le Berry tant bien que mal. Constamment assaillies par les maquisards, les troupes ne pouvaient plus avancer. L\u2019acte de reddition sera sign\u00e9 \u00e0 Issoudun le 10 septembre devant le g\u00e9n\u00e9ral am\u00e9ricain Macon mais sans la signature du colonel F.F.I. Chomel, pourtant tr\u00e8s impliqu\u00e9 dans les n\u00e9gociations. <\/span><\/span><\/p>\n<p align=\"center\">\n<figure id=\"attachment_5598\" aria-describedby=\"caption-attachment-5598\" style=\"width: 300px\" class=\"wp-caption alignleft\"><a href=\"https:\/\/www.brenne-au-coeur.com\/wp-content\/uploads\/2024\/04\/hindou-6.jpg\" rel=\"lightbox[5590]\"><img loading=\"lazy\" decoding=\"async\" class=\"wp-image-5598 size-medium\" src=\"https:\/\/www.brenne-au-coeur.com\/wp-content\/uploads\/2024\/04\/hindou-6-300x190.jpg\" alt=\"\" width=\"300\" height=\"190\" srcset=\"https:\/\/www.brenne-au-coeur.com\/wp-content\/uploads\/2024\/04\/hindou-6-300x190.jpg 300w, https:\/\/www.brenne-au-coeur.com\/wp-content\/uploads\/2024\/04\/hindou-6-150x95.jpg 150w, https:\/\/www.brenne-au-coeur.com\/wp-content\/uploads\/2024\/04\/hindou-6.jpg 759w\" sizes=\"auto, (max-width: 300px) 100vw, 300px\" \/><\/a><figcaption id=\"caption-attachment-5598\" class=\"wp-caption-text\">La reddition<\/figcaption><\/figure>\n<p align=\"justify\"><span style=\"font-size: large;\">La vue de ces soldats enturbann\u00e9s pour certains, parlant anglais ou une langue inconnue, a eu de quoi d\u00e9router les Brennous. <\/span><\/p>\n<p>&nbsp;<\/p>\n<figure id=\"attachment_5597\" aria-describedby=\"caption-attachment-5597\" style=\"width: 289px\" class=\"wp-caption aligncenter\"><img loading=\"lazy\" decoding=\"async\" class=\"wp-image-5597 size-medium\" src=\"https:\/\/www.brenne-au-coeur.com\/wp-content\/uploads\/2024\/04\/hindou-7-289x300.jpg\" alt=\"\" width=\"289\" height=\"300\" srcset=\"https:\/\/www.brenne-au-coeur.com\/wp-content\/uploads\/2024\/04\/hindou-7-289x300.jpg 289w, https:\/\/www.brenne-au-coeur.com\/wp-content\/uploads\/2024\/04\/hindou-7-145x150.jpg 145w, https:\/\/www.brenne-au-coeur.com\/wp-content\/uploads\/2024\/04\/hindou-7.jpg 678w\" sizes=\"auto, (max-width: 289px) 100vw, 289px\" \/><figcaption id=\"caption-attachment-5597\" class=\"wp-caption-text\">Bundesarchiv \u2013 183 JI6795Sources\u00a0: archives patrimoniales mairie de Tours \u2013 Fonds Jean Meunier &#8211; 5 Z 6\/1 Droits r\u00e9serv\u00e9s<\/figcaption><\/figure>\n<figure id=\"attachment_5596\" aria-describedby=\"caption-attachment-5596\" style=\"width: 300px\" class=\"wp-caption alignright\"><a href=\"https:\/\/www.brenne-au-coeur.com\/wp-content\/uploads\/2024\/04\/hindou-8.jpg\" rel=\"lightbox[5590]\"><img loading=\"lazy\" decoding=\"async\" class=\"wp-image-5596 size-medium\" src=\"https:\/\/www.brenne-au-coeur.com\/wp-content\/uploads\/2024\/04\/hindou-8-300x208.jpg\" alt=\"\" width=\"300\" height=\"208\" srcset=\"https:\/\/www.brenne-au-coeur.com\/wp-content\/uploads\/2024\/04\/hindou-8-300x208.jpg 300w, https:\/\/www.brenne-au-coeur.com\/wp-content\/uploads\/2024\/04\/hindou-8-150x104.jpg 150w, https:\/\/www.brenne-au-coeur.com\/wp-content\/uploads\/2024\/04\/hindou-8.jpg 572w\" sizes=\"auto, (max-width: 300px) 100vw, 300px\" \/><\/a><figcaption id=\"caption-attachment-5596\" class=\"wp-caption-text\">Bundesarchiv \u2013 183 JI6795Sources\u00a0: archives patrimoniales mairie de Tours \u2013 Fonds Jean Meunier &#8211; 5 Z 6\/1 Droits r\u00e9serv\u00e9s<\/figcaption><\/figure>\n<p align=\"justify\"><span style=\"font-size: large;\">Les archives sont exhaustives sur les m\u00e9faits commis dans quatre villages, d\u2019ouest en est\u00a0: Lureuil, Ling\u00e9, Saint-Michel-en-Brenne et M\u00e9zi\u00e8res-en-Brenne. A la fin de cet article, une annexe synth\u00e9tique chiffr\u00e9e pour 3 communes r\u00e9capitule toutes les donn\u00e9es des rapports de gendarmerie. J\u2019ai choisi de les analyser par genre, sans ne communiquer aucun nom, ni lieu, par respect pour les personnes concern\u00e9es. Pour des raisons diverses, il y a tout lieu de penser que l\u2019int\u00e9gralit\u00e9 des exactions n\u2019a pas \u00e9t\u00e9 r\u00e9pertori\u00e9e\u00a0: la sid\u00e9ration, la honte, la fatalit\u00e9, le renoncement en sont de probables raisons. <\/span><\/p>\n<p align=\"justify\">\n<p align=\"justify\">\n<p align=\"justify\">\n<p align=\"justify\">\n<p align=\"justify\"><span style=\"font-size: large;\">Les vols\u00a0: <\/span><\/p>\n<p align=\"justify\"><span style=\"font-size: large;\">354 sont d\u00e9nombr\u00e9s pour un montant total estim\u00e9 \u00e0 4\u00a0411\u00a0000 francs (soit 963\u00a0329 \u20ac). A leur lecture, une surprenante liste \u00ab\u00a0\u00e0 la Pr\u00e9vert&nbsp;\u00bb\u00a0: 350 kg de foin, 30 litres d\u2019eau de vie, 5 chiens de chasse, un porc, 17 lapins, 1 accord\u00e9on, des serviettes de table, des charrettes, 5 kg de <a href=\"https:\/\/www.brenne-au-coeur.com\/wp-content\/uploads\/2024\/04\/hindou-9.jpg\" rel=\"lightbox[5590]\"><img loading=\"lazy\" decoding=\"async\" class=\"alignleft wp-image-5595 size-medium\" src=\"https:\/\/www.brenne-au-coeur.com\/wp-content\/uploads\/2024\/04\/hindou-9-220x300.jpg\" alt=\"\" width=\"220\" height=\"300\" srcset=\"https:\/\/www.brenne-au-coeur.com\/wp-content\/uploads\/2024\/04\/hindou-9-220x300.jpg 220w, https:\/\/www.brenne-au-coeur.com\/wp-content\/uploads\/2024\/04\/hindou-9-110x150.jpg 110w, https:\/\/www.brenne-au-coeur.com\/wp-content\/uploads\/2024\/04\/hindou-9.jpg 387w\" sizes=\"auto, (max-width: 220px) 100vw, 220px\" \/><\/a>jambon \u2026 sans compter la centaine de bicyclettes\u00a0! <a href=\"https:\/\/www.brenne-au-coeur.com\/wp-content\/uploads\/2024\/04\/hindou-10.jpeg\" rel=\"lightbox[5590]\"><img loading=\"lazy\" decoding=\"async\" class=\"alignright wp-image-5606 size-medium\" src=\"https:\/\/www.brenne-au-coeur.com\/wp-content\/uploads\/2024\/04\/hindou-10-300x225.jpeg\" alt=\"\" width=\"300\" height=\"225\" srcset=\"https:\/\/www.brenne-au-coeur.com\/wp-content\/uploads\/2024\/04\/hindou-10-300x225.jpeg 300w, https:\/\/www.brenne-au-coeur.com\/wp-content\/uploads\/2024\/04\/hindou-10-150x113.jpeg 150w, https:\/\/www.brenne-au-coeur.com\/wp-content\/uploads\/2024\/04\/hindou-10.jpeg 548w\" sizes=\"auto, (max-width: 300px) 100vw, 300px\" \/><\/a><\/span><\/p>\n<p align=\"justify\">\n<p align=\"justify\"><span style=\"font-size: large;\">Toutes les fermes situ\u00e9es sur le passage de la colonne ont \u00e9t\u00e9 visit\u00e9es, sans trop de violences pour leurs habitants selon leurs d\u00e9clarations. <\/span><\/p>\n<h3 align=\"justify\"><\/h3>\n<h3 align=\"justify\"><\/h3>\n<h3 align=\"justify\"><\/h3>\n<h3 align=\"justify\"><\/h3>\n<h3 class=\"western\" align=\"justify\"><span style=\"font-size: large;\"><span style=\"font-family: Calibri, serif;\">L\u2019\u00e9cole m\u00e9nag\u00e8re de Saint-Michel-en-Brenne a \u00e9t\u00e9 particuli\u00e8rement touch\u00e9e. Apr\u00e8s avoir bris\u00e9 les portes et les vitres des fen\u00eatres, les soldats du 950<\/span><sup><span style=\"font-family: Calibri, serif;\">e<\/span><\/sup><span style=\"font-family: Calibri, serif;\"> r\u00e9giment ont eu tout le loisir de voler le contenu des classes et le linge qui appartenait aux neuf \u00e9tudiantes et \u00e0 leurs monitrices log\u00e9es sur place (pour 72794 francs = 15900 \u20ac). <\/span><\/span><\/h3>\n<h3 class=\"western\" align=\"justify\"><span style=\"font-size: large;\"><span style=\"font-family: Calibri, serif;\">Bien \u00e9videmment, chaque objet d\u00e9rob\u00e9 pouvait et devait \u00eatre tr\u00e8s utile pour des militaires en d\u00e9route; sentant la fin proche des hostilit\u00e9s alors qu\u2019ils \u00e9taient encore stationn\u00e9s en territoire ennemi. De plus, il semble que leur commandement ait laiss\u00e9 \u00e0 d\u00e9sirer. Devenus incontr\u00f4lables, ils agissaient par petits groupes h\u00e9t\u00e9roclites, progressant \u00e0 pied et avec quelques moyens de locomotion pr\u00e9c\u00e9demment vol\u00e9s. <\/span><\/span><\/h3>\n<h3 class=\"western\" align=\"justify\"><span style=\"font-size: large;\"><span style=\"font-family: Calibri, serif;\">Leur comportement erratique va les conduire \u00e0 des actes abjects. <\/span><\/span><\/h3>\n<h3 class=\"western\" align=\"justify\"><\/h3>\n<h3 class=\"western\" align=\"justify\"><span style=\"font-size: large;\"><span style=\"font-family: Calibri, serif;\">Les viols\u00a0: <\/span><\/span><\/h3>\n<h3 class=\"western\" align=\"justify\"><span style=\"font-size: large;\"><span style=\"font-family: Calibri, serif;\">Dans sept villages\u00a0: Martizay, Saint-Michel, M\u00e9zi\u00e8res, Sainte-Gemme, Vendoeuvres, M\u00e9obecq et Neuillay-les-Bois, la police judiciaire a recens\u00e9 17 agressions sexuelles sur des femmes \u00e2g\u00e9es entre 14 et 52 ans dont 10 \u00e9taient mari\u00e9es.<\/span><\/span><\/h3>\n<h3 class=\"western\" align=\"justify\"><span style=\"font-size: large;\"><span style=\"font-family: Calibri, serif;\">Les scenarii se ressemblent\u00a0: un groupe d\u2019hommes entrait au domicile. Selon les occupants pr\u00e9sents, ils enfermaient les jeunes avec les grands-m\u00e8res dans une pi\u00e8ce ou un r\u00e9duit et, mena\u00e7ant ou pas avec son revolver ou sa mitraillette la femme \u00ab\u00a0choisie\u00a0\u00bb, le soldat int\u00e9ress\u00e9 l\u2019emmenait dans une chambre. Ses acolytes montaient alors la garde \u00e0 proximit\u00e9. Certaines ont \u00e9t\u00e9 viol\u00e9es jusqu\u2019\u00e0 cinq fois entre le d\u00e9but de la nuit et le petit matin. <\/span><\/span><\/h3>\n<h3 class=\"western\" align=\"justify\"><span style=\"font-size: large;\"><span style=\"font-family: Calibri, serif;\">Dans un fran\u00e7ais h\u00e9sitant, ces \u00ab\u00a0militaires[s] de race noire qui portai[en]t un ruban sur la t\u00eate\u00a0\u00bb s\u2019inqui\u00e9taient parfois du nombre d\u2019enfants qu\u2019avaient eus les m\u00e8res de famille\u00a0! <\/span><\/span><\/h3>\n<h3 class=\"western\" align=\"justify\"><span style=\"font-size: large;\"><span style=\"font-family: Calibri, serif;\">Il est inutile de pr\u00e9ciser que tout geste de d\u00e9fense \u00e9tait vain et que les multiples appels au secours n\u2019ont rencontr\u00e9 aucun \u00e9cho. <\/span><\/span><\/h3>\n<h3 class=\"western\" align=\"justify\"><span style=\"font-size: large;\"><span style=\"font-family: Calibri, serif;\">Le docteur Chazelas, m\u00e9decin \u00e0 M\u00e9zi\u00e8res, les a visit\u00e9es et leur a prescrit une prise de sang, utile pour d\u00e9tecter la syphilis ou d\u2019autres infections sexuellement transmissibles. <\/span><\/span><\/h3>\n<h3 class=\"western\" align=\"justify\"><\/h3>\n<h3 class=\"western\" align=\"justify\"><span style=\"font-size: large;\"><span style=\"font-family: Calibri, serif;\">Les bless\u00e9s et les tu\u00e9s\u00a0: <\/span><\/span><\/h3>\n<h3 class=\"western\" align=\"justify\"><span style=\"font-size: large;\"><span style=\"font-family: Calibri, serif;\">Quatre civils tu\u00e9s et trois bless\u00e9s en Brenne. <\/span><\/span><\/h3>\n<h3 class=\"western\" align=\"justify\"><span style=\"font-size: large;\"><span style=\"font-family: Calibri, serif;\">Habitants de Saint-Michel, ils sont au nombre de 2 hommes tu\u00e9s et de 2 femmes bless\u00e9es. <\/span><\/span><\/h3>\n<h3 class=\"western\" align=\"justify\"><span style=\"font-size: large;\"><span style=\"font-family: Calibri, serif;\">Le premier, Antoine \u00e2g\u00e9 de 50 ans et cantonnier du village, a \u00e9t\u00e9 bastonn\u00e9 et abattu de 5 balles quelques instants apr\u00e8s un \u00e9change de tirs mortels entre l\u2019ennemi et un maquisard arriv\u00e9 sur la route de Rosnay en motocyclette, \u00e0 priori par hasard. <\/span><\/span><\/h3>\n<h3 class=\"western\" align=\"justify\"><span style=\"font-size: large;\"><span style=\"font-family: Calibri, serif;\">Quant \u00e0 Jules, 74 ans, il a \u00e9t\u00e9 tu\u00e9 sur le coup \u00e0 la d\u00e9couverte du couple cach\u00e9 derri\u00e8re des fagots de bois dans leur hangar. Une dizaine d\u2019hommes avait pr\u00e9c\u00e9demment proc\u00e9d\u00e9 \u00e0 une fouille en r\u00e8gle de leur maison, volant du linge et d\u2019autres nombreux objets. <\/span><\/span><\/h3>\n<h3 class=\"western\" align=\"justify\"><span style=\"font-size: large;\"><span style=\"font-family: Calibri, serif;\">Marie son \u00e9pouse, touch\u00e9e \u00e0 l\u2019oreille par une balle, a \u00e9t\u00e9 prise en charge par une infirmi\u00e8re \u00e0 l\u2019issue de ce drame. <\/span><\/span><\/h3>\n<h3 class=\"western\" align=\"justify\"><span style=\"font-size: large;\"><span style=\"font-family: Calibri, serif;\">La quatri\u00e8me victime se pr\u00e9nomme Ad\u00e8le. M\u00eame sc\u00e9nario que ci-dessus\u00a0: fouille du logis, recherche de bicyclettes et de maquisards. Devant les r\u00e9ponses n\u00e9gatives de cette m\u00e8re de 12 enfants, un <\/span><\/span><span style=\"font-size: large;\"><span style=\"font-family: Calibri, serif;\">soldat lui a r\u00e9torqu\u00e9\u00a0: \u00ab\u00a0 Vous, pas dire la v\u00e9rit\u00e9, mauvaise fran\u00e7aise, moi tu\u00e9 vous.\u00a0\u00bb Mise en joue dans sa cour, le projectile traversa l\u2019\u00e9paule d\u2019Ad\u00e8le, la faisant abondamment saigner. <\/span><\/span><\/h3>\n<h3 class=\"western\" align=\"justify\"><span style=\"font-size: large;\"><span style=\"font-family: Calibri, serif;\">Raymond, habitant de Paulnay, a \u00e9t\u00e9 bless\u00e9 d\u2019une balle au c\u00f4t\u00e9 droit, sans autre pr\u00e9cision. <\/span><\/span><\/h3>\n<h3 class=\"western\" align=\"justify\"><span style=\"font-size: large;\"><span style=\"font-family: Calibri, serif;\">A Sainte-Gemme, il a \u00e9t\u00e9 d\u00e9plor\u00e9 deux femmes tu\u00e9es\u00a0: Augustine, \u00e9pici\u00e8re-cafeti\u00e8re, a \u00e9t\u00e9 ex\u00e9cut\u00e9e d\u2019une balle dans la t\u00eate. Son corps calcin\u00e9 n\u2019a \u00e9t\u00e9 retrouv\u00e9 que quelques jours plus tard dans les d\u00e9combres de son domicile. La seconde, Denise, sera d\u00e9couverte devant la chemin\u00e9e de sa cuisine, br\u00fbl\u00e9e vive. <\/span><\/span><\/h3>\n<h3 class=\"western\" align=\"justify\"><span style=\"font-size: large;\"><span style=\"font-family: Calibri, serif;\">Tous les t\u00e9moins s\u2019accordent \u00e0 dire que les soldats, en dehors de butins pour leur usage personnel, cherchaient avant tout des r\u00e9sistants, tr\u00e8s actifs pour faire d\u00e9guerpir l\u2019ennemi. De plus, ces hommes de \u00ab\u00a0race noire&nbsp;\u00bb paraissaient ivres et dans des \u00e9tats seconds.<\/span><\/span><\/h3>\n<h3 class=\"western\" align=\"justify\"><\/h3>\n<h3 class=\"western\" align=\"justify\"><span style=\"font-size: large;\"><span style=\"font-family: Calibri, serif;\">Les incendies\u00a0: <\/span><\/span><\/h3>\n<h3 class=\"western\" align=\"justify\"><span style=\"font-size: large;\"><span style=\"font-family: Calibri, serif;\">Que ce soient des maisons, des fermes, des d\u00e9pendances, l\u2019estimation r\u00e9alis\u00e9e par la section du Blanc de la gendarmerie nationale porte sur 45 b\u00e2timents dont 40 \u00e0 Sainte-Gemme. Ces chiffres, sans aucuns rapports exhaustifs ou descriptions pr\u00e9cises, contrairement aux vols et viols, semblent minor\u00e9s avec un comptage approximatif. <\/span><\/span><\/h3>\n<h3 class=\"western\" align=\"justify\"><span style=\"font-size: large;\"><span style=\"font-family: Calibri, serif;\">Selon les archives conserv\u00e9es, il y a eu 2 maisons pill\u00e9es avant d\u2019\u00eatre incendi\u00e9es \u00e0 Saint-Michel dont une appartenant \u00e0 M Jean Lebaudy, bien connu dans la r\u00e9gion \u00e0 diff\u00e9rents titres. Montant des d\u00e9g\u00e2ts\u00a0: 2\u00a0319\u00a0730 francs (506 611 \u20ac). <\/span><\/span><\/h3>\n<h3 class=\"western\" align=\"justify\"><span style=\"font-size: large;\"><span style=\"font-family: Calibri, serif;\">Les habitants de Ling\u00e9 n\u2019ont eu \u00e0 d\u00e9plorer qu\u2019un seul incendie pendant que ceux de M\u00e9zi\u00e8res voyaient les flammes dans 8 locaux allant du hangar \u00e0 la grange remplie de paille, d\u2019avoine et m\u00eame un veau en passant par des habitations. <\/span><\/span><\/h3>\n<h3 class=\"western\" align=\"justify\"><span style=\"font-size: large;\"><span style=\"font-family: Calibri, serif;\">Le plus touch\u00e9 a \u00e9t\u00e9 le village de Sainte-Gemme au sein duquel les Allemands se sont d\u00e9cha\u00een\u00e9s en<\/span><\/span><\/h3>\n<figure id=\"attachment_5593\" aria-describedby=\"caption-attachment-5593\" style=\"width: 300px\" class=\"wp-caption alignleft\"><a href=\"https:\/\/www.brenne-au-coeur.com\/wp-content\/uploads\/2024\/04\/hindou-11.jpg\" rel=\"lightbox[5590]\"><img loading=\"lazy\" decoding=\"async\" class=\"wp-image-5593 size-medium\" src=\"https:\/\/www.brenne-au-coeur.com\/wp-content\/uploads\/2024\/04\/hindou-11-300x212.jpg\" alt=\"\" width=\"300\" height=\"212\" srcset=\"https:\/\/www.brenne-au-coeur.com\/wp-content\/uploads\/2024\/04\/hindou-11-300x212.jpg 300w, https:\/\/www.brenne-au-coeur.com\/wp-content\/uploads\/2024\/04\/hindou-11-150x106.jpg 150w, https:\/\/www.brenne-au-coeur.com\/wp-content\/uploads\/2024\/04\/hindou-11-768x543.jpg 768w, https:\/\/www.brenne-au-coeur.com\/wp-content\/uploads\/2024\/04\/hindou-11.jpg 875w\" sizes=\"auto, (max-width: 300px) 100vw, 300px\" \/><\/a><figcaption id=\"caption-attachment-5593\" class=\"wp-caption-text\">Source\u00a0: combats des maquisards \u2013 Indre \u2013 Et\u00e9 1944<\/figcaption><\/figure>\n<h3 class=\"western\" align=\"justify\"><span style=\"font-size: large;\"><span style=\"font-family: Calibri, serif;\">br\u00fblant plus de 40 maisons, d\u00e9truisant le centre du bourg (2).<\/span><\/span><\/h3>\n<h3 class=\"western\" align=\"justify\"><\/h3>\n<h3 class=\"western\" align=\"center\"><\/h3>\n<h3 class=\"western\" align=\"center\"><\/h3>\n<h3 class=\"western\" align=\"justify\"><\/h3>\n<h3 class=\"western\" align=\"justify\"><span style=\"font-size: large;\"><span style=\"font-family: Calibri, serif;\">L\u2019apr\u00e8s\u00a0: <\/span><\/span><\/h3>\n<h3 class=\"western\" align=\"justify\"><span style=\"font-size: large;\"><span style=\"font-family: Calibri, serif;\">Hormis le fait d\u2019avoir vu d\u00e9ferler ce dr\u00f4le de r\u00e9giment qui ne ressemblait \u00e0 aucun autre, les villageois ont \u00e9t\u00e9 sid\u00e9r\u00e9s. Certains avaient tout perdu\u00a0: logement, \u00e9conomies, b\u00e9tail, outils de travail. <\/span><\/span><\/h3>\n<h3 class=\"western\" align=\"justify\"><span style=\"font-size: large;\"><span style=\"font-family: Calibri, serif;\">La solidarit\u00e9 fut imm\u00e9diate, m\u00eame si elle n\u2019\u00e9tait pas toujours ais\u00e9e apr\u00e8s cinq ann\u00e9es de conflit. <\/span><\/span><\/h3>\n<h3 class=\"western\" align=\"justify\"><span style=\"font-size: large;\"><span style=\"font-family: Calibri, serif;\">Des v\u00eatements et des objets de premi\u00e8re n\u00e9cessit\u00e9, en provenance de Limoges et de Ch\u00e2teauroux, ont \u00e9t\u00e9 distribu\u00e9s aux sinistr\u00e9s de Sainte-Gemme, sans pour autant qu\u2019ils soient en quantit\u00e9 suffisante. Les ustensiles de cuisine manquaient cruellement \u2026 <\/span><\/span><\/h3>\n<h3 class=\"western\" align=\"justify\"><span style=\"font-size: large;\"><span style=\"font-family: Calibri, serif;\">Le 9 septembre, le Sous-pr\u00e9fet du Blanc et le commandant de gendarmerie ont visit\u00e9 toutes les communes, sauf Ling\u00e9, pour estimer la situation et l\u2019ampleur des d\u00e9g\u00e2ts. <\/span><\/span><\/h3>\n<h3 class=\"western\" align=\"justify\"><span style=\"font-size: large;\"><span style=\"font-family: Calibri, serif;\">Quant \u00e0 la R\u00e9sistance indrienne, elle fut tr\u00e8s surprise par ces soldats qui ne ressemblaient \u00e0 aucun autre avec leurs turbans, leurs tenues d\u00e9penaill\u00e9es et surtout leur hargne tueuse, leur violence et leur indiscipline. Que dire de leur m\u00e9pris des lois de la guerre\u00a0? <\/span><\/span><\/h3>\n<h3 class=\"western\" align=\"justify\"><span style=\"font-size: large;\"><span style=\"font-family: Calibri, serif;\">Quelle fin pour ce r\u00e9giment\u00a0? <\/span><\/span><\/h3>\n<h3 class=\"western\" align=\"justify\"><span style=\"font-size: large;\"><span style=\"font-family: Calibri, serif;\">En d\u00e9pit d\u2019une liste de 107 noms r\u00e9cup\u00e9r\u00e9e aupr\u00e8s des autorit\u00e9s allemandes, aucun militaire n\u2019a pu \u00eatre formellement identifi\u00e9, y compris le commanditaire de ces exactions. Nous savons juste que des officiers allemands ont \u00e9t\u00e9 d\u00e9pass\u00e9s par l\u2019attitude de leurs subordonn\u00e9s indiens devenus incontr\u00f4lables. <\/span><\/span><\/h3>\n<h3 class=\"western\" align=\"justify\"><span style=\"font-size: large;\"><span style=\"font-family: Calibri, serif;\">Le r\u00e9giment poursuivit sa route, via Saint-Maur, Ardentes et Ambrault jusqu\u2019\u00e0 Dun-sur-Auron (sud de Bourges). A la suite d\u2019un combat de rue, le lieutenant Ali Khan a \u00e9t\u00e9 tu\u00e9 par l\u2019arm\u00e9e r\u00e9guli\u00e8re fran\u00e7aise. Battant en retraite jusqu\u2019\u00e0 Dijon, les hommes du 950<\/span><sup><span style=\"font-family: Calibri, serif;\">e<\/span><\/sup><span style=\"font-family: Calibri, serif;\"> combattirent contre les troupes de la 1<\/span><sup><span style=\"font-family: Calibri, serif;\">\u00e8re<\/span><\/sup><span style=\"font-family: Calibri, serif;\"> arm\u00e9e fran\u00e7aise \u00e0 Nuits-Saint-Georges le 9 septembre. Ils finirent par atteindre Strasbourg encore annex\u00e9e. <\/span><\/span><\/h3>\n<h3 class=\"western\" align=\"justify\"><span style=\"font-size: large;\"><span style=\"font-family: Calibri, serif;\">Cantonn\u00e9s dans le camp militaire d\u2019Heuberg, au sud de Stuttgart, jusqu\u2019au mois de mars 1945, et voyant la fin de la guerre in\u00e9luctable, les soldats hindous entreprirent une marche de la derni\u00e8re chance vers le lac de Constance en Suisse neutre. Captur\u00e9s par les forces am\u00e9ricaines et fran\u00e7aises, certains furent aussit\u00f4t fusill\u00e9s par des r\u00e9giments marocains et fran\u00e7ais, les survivants furent remis aux britanniques qui les transf\u00e9r\u00e8rent en Inde. Dans l\u2019attente de leur jugement pour haute trahison, ils ont \u00e9t\u00e9 maintenus en d\u00e9tention dans le Fort Rouge \u00e0 Delhi. <a href=\"https:\/\/www.brenne-au-coeur.com\/wp-content\/uploads\/2024\/04\/hindou-12.jpg\" rel=\"lightbox[5590]\"><img loading=\"lazy\" decoding=\"async\" class=\"aligncenter wp-image-5592\" src=\"https:\/\/www.brenne-au-coeur.com\/wp-content\/uploads\/2024\/04\/hindou-12-300x169.jpg\" alt=\"\" width=\"562\" height=\"317\" srcset=\"https:\/\/www.brenne-au-coeur.com\/wp-content\/uploads\/2024\/04\/hindou-12-300x169.jpg 300w, https:\/\/www.brenne-au-coeur.com\/wp-content\/uploads\/2024\/04\/hindou-12-150x84.jpg 150w, https:\/\/www.brenne-au-coeur.com\/wp-content\/uploads\/2024\/04\/hindou-12-768x433.jpg 768w, https:\/\/www.brenne-au-coeur.com\/wp-content\/uploads\/2024\/04\/hindou-12.jpg 1005w\" sizes=\"auto, (max-width: 562px) 100vw, 562px\" \/><\/a><\/span><\/span><\/h3>\n<p>&nbsp;<\/p>\n<h3 class=\"western\" align=\"justify\"><span style=\"font-size: large;\"><span style=\"font-family: Calibri, serif;\">Sous la vive pression de la population, alors sur le chemin de son ind\u00e9pendance, les autorit\u00e9s britanniques se virent contraintes de lib\u00e9rer tous les soldats en 1946. <\/span><\/span><\/h3>\n<h3 class=\"western\" align=\"justify\"><span style=\"font-size: large;\"><span style=\"font-family: Calibri, serif;\">Dans les ann\u00e9es qui suivirent la fin de la guerre, certains membres de cette L\u00e9gion indienne revinrent en Allemagne, dans le Land de Saxe-Anhalt, pour y poursuivre leur parcours de vie. <\/span><\/span><\/h3>\n<p align=\"justify\"><span style=\"font-family: Times New Roman, serif;\"><span style=\"font-size: large;\"><span style=\"font-family: Calibri, serif;\"><i>Le descriptif de ces journ\u00e9es sanglantes, montre que le passage du r\u00e9giment hindou se caract\u00e9rise notamment par le recours aux viols de femmes. Une pratique courante, lors de la plupart des guerres. Des historiens soulignent que lors des diff\u00e9rents conflits v\u00e9cus au cours des si\u00e8cles pass\u00e9s, le viol a toujours \u00e9t\u00e9 utilis\u00e9 comme une v\u00e9ritable arme de guerre. Fabrice Virgili Directeur de recherche Histoire contemporaine, guerre et genre, au CNRS le rappelle. <\/i><\/span><\/span><\/span><\/p>\n<p align=\"justify\"><span style=\"font-family: Times New Roman, serif;\"><span style=\"font-size: large;\"><span style=\"font-family: Calibri, serif;\"><i>\u00ab\u00a0\u00c0 partir du XVIIe si\u00e8cle, les violences sexuelles sont interdites par les codes militaires et les lois dans tous les \u00c9tats europ\u00e9ens. Pourtant, malgr\u00e9 cette interdiction, leur ampleur observ\u00e9e lors de nombreux conflits ne peut \u00eatre expliqu\u00e9e par la seule d\u00e9sob\u00e9issance de quelques criminels sexuels en uniforme. La violence sexuelle appara\u00eet d\u00e8s les guerres r\u00e9volutionnaires et napol\u00e9oniennes comme un moyen de terroriser les populations hostiles.\u00a0\u00bb<\/i><\/span><\/span><\/span><\/p>\n<p align=\"justify\"><span style=\"font-family: Times New Roman, serif;\"><span style=\"font-size: large;\"><span style=\"font-family: Calibri, serif;\"><i>Il faudra attendre les chocs respectifs des guerres en ex-Yougoslavie et au Rwanda pour que la communaut\u00e9 internationale r\u00e9agisse. <\/i><\/span><\/span><\/span><\/p>\n<p align=\"justify\"><span style=\"font-family: Times New Roman, serif;\"><span style=\"font-size: large;\"><span style=\"font-family: Calibri, serif;\"><i>C\u00e9line Bardet Juriste et enqu\u00eatrice criminelle internationale, fondatrice et directrice de l\u2019ONG \u00ab\u00a0We are Not Weapons of War\u00a0\u00bb (Nous ne sommes pas des armes de guerre), revient sur ces conflits. <\/i><\/span><\/span><\/span><\/p>\n<p align=\"justify\"><span style=\"font-family: Times New Roman, serif;\"><span style=\"font-size: large;\"><span style=\"font-family: Calibri, serif;\"><i>\u00ab\u00a0La guerre dans les Balkans, elle a \u00e9t\u00e9 un tournant, je pense, pour deux raisons. Un, c&rsquo;\u00e9tait proche de l&rsquo;Europe. Et puis, au m\u00eame moment, il y a eu le Rwanda. Et surtout, dans ces deux conflits, les viols ont \u00e9t\u00e9 syst\u00e9matiques. Moi, je r\u00e9p\u00e8te toujours, en Bosnie, il y a eu des camps de viols. Les camps de viols, \u00e7a veut dire quoi&nbsp;? \u00c7a veut dire qu&rsquo;on mettait des femmes&#8230; et qu&rsquo;on les violait \u00e0 r\u00e9p\u00e9tition pour, on disait, purifier la race, donc des femmes bosniaques musulmanes, pour qu&rsquo;elles mettent au monde des enfants avec \u00ab\u00a0du sang\u00a0\u00bb, entre guillemets, serbe. Au Rwanda, le viol a \u00e9t\u00e9 reconnu comme un \u00e9l\u00e9ment de g\u00e9nocide, et l\u00e0, en fait, il y avait une politique de violer les femmes pour les tuer ensuite. Donc c&rsquo;est l\u00e0 o\u00f9 il y a eu une bascule, et effectivement, il y a eu les deux tribunaux p\u00e9naux internationaux qui ont condamn\u00e9 assez fortement le viol comme \u00e9l\u00e9ment de crimes de guerre, crimes contre l&rsquo;humanit\u00e9 et g\u00e9nocide.\u00a0\u00bb<\/i><\/span><\/span><\/span><\/p>\n<p align=\"justify\"><span style=\"font-family: Times New Roman, serif;\"><span style=\"font-size: large;\"><span style=\"font-family: Calibri, serif;\"><i>Le Conseil de s\u00e9curit\u00e9 de l\u2019ONU, dans sa r\u00e9solution 1820 du 19 juin 2008 qualifie le viol de crime de guerre, contre l\u2019humanit\u00e9.<\/i><\/span><\/span><\/span><\/p>\n<p align=\"justify\"><span style=\"font-family: Times New Roman, serif;\"><span style=\"font-size: large;\"><span style=\"font-family: Calibri, serif;\"><i>Il reste que la n\u00e9cessit\u00e9 de sensibiliser l\u2019opinion publique demeure malheureusement d\u2019actualit\u00e9. Un rapport des Nations Unies du 4 mars, confirme l\u2019existence de violences sexuelles lors des attaques du Hamas le 7 octobre 2023. Le r\u00e9sultat de premi\u00e8res enqu\u00eates posent le m\u00eame constat pour la guerre en Ukraine, en R\u00e9publique D\u00e9mocratique du Congo ou \u00e0 Gaza. <\/i><\/span><\/span><\/span><\/p>\n<h3 class=\"western\" align=\"justify\"><\/h3>\n<h3 class=\"western\" align=\"justify\"><span style=\"font-size: large;\"><span style=\"font-family: Calibri, serif;\">Conclusion en italique r\u00e9dig\u00e9e par Philippe Gitton. <\/span><\/span><\/h3>\n<p align=\"justify\">\n<p align=\"justify\"><span style=\"font-size: large;\">(1) &#8211; Lors d\u2019une offensive en Lybie au printemps 1941, Erwin Rommel, \u00e0 la t\u00eate du Deutsches Afrikakorps et en collaboration avec l\u2019arm\u00e9e italienne amie, avait fait prisonni\u00e8res plusieurs unit\u00e9s anglaises compos\u00e9es de soldats indiens. Ces derni\u00e8res avaient abandonn\u00e9 des villes sans combattre, livrant 1700 militaires et plus de 500 v\u00e9hicules aux Allemands. <\/span><\/p>\n<p align=\"justify\"><span style=\"font-size: large;\">(2) &#8211; Un dossier tr\u00e8s complet relatant les \u00e9v\u00e8nements du village-martyr de Sainte-Gemme est consultable dans le hors-s\u00e9rie n\u00b01 de novembre 2009 de la revue Au fil du temps \u2026, consacr\u00e9 \u00e0 la Seconde Guerre mondiale en pays Blancois, \u00e9dit\u00e9e par l\u2019association des Amis du Blanc et de sa r\u00e9gion. <\/span><\/p>\n<p align=\"center\"><span style=\"font-size: large;\">ANNEXE SYNTHETIQUE CHIFFREE<\/span><\/p>\n<table width=\"664\" cellspacing=\"0\" cellpadding=\"7\">\n<tbody>\n<tr valign=\"top\">\n<td width=\"276\">\n<p align=\"center\"><span style=\"font-family: Calibri, serif;\"><span style=\"font-size: large;\">Objets vol\u00e9s<\/span><\/span><\/p>\n<\/td>\n<td width=\"109\">\n<p align=\"center\"><span style=\"font-family: Calibri, serif;\"><span style=\"font-size: large;\">Lureuil<\/span><\/span><\/p>\n<\/td>\n<td width=\"109\">\n<p align=\"center\"><span style=\"font-family: Calibri, serif;\"><span style=\"font-size: large;\">Ling\u00e9<\/span><\/span><\/p>\n<\/td>\n<td width=\"113\">\n<p align=\"center\"><span style=\"font-family: Calibri, serif;\"><span style=\"font-size: large;\">Saint-Michel<\/span><\/span><\/p>\n<\/td>\n<\/tr>\n<tr valign=\"top\">\n<td width=\"276\">\n<p align=\"left\"><span style=\"font-family: Calibri, serif;\"><span style=\"font-size: large;\"><span style=\"color: #7030a0;\">Bicyclettes<\/span><\/span><\/span><\/p>\n<\/td>\n<td width=\"109\">\n<p align=\"center\"><span style=\"font-family: Calibri, serif;\"><span style=\"font-size: large;\"><span style=\"color: #7030a0;\">21<\/span><\/span><\/span><\/p>\n<\/td>\n<td width=\"109\">\n<p align=\"center\"><span style=\"font-family: Calibri, serif;\"><span style=\"font-size: large;\"><span style=\"color: #7030a0;\">27<\/span><\/span><\/span><\/p>\n<\/td>\n<td width=\"113\">\n<p align=\"center\"><span style=\"font-family: Calibri, serif;\"><span style=\"font-size: large;\"><span style=\"color: #7030a0;\">52<\/span><\/span><\/span><\/p>\n<\/td>\n<\/tr>\n<tr valign=\"top\">\n<td width=\"276\">\n<p align=\"left\"><span style=\"font-family: Calibri, serif;\"><span style=\"font-size: large;\"><span style=\"color: #7030a0;\">Moto &#8211; voiture<\/span><\/span><\/span><\/p>\n<\/td>\n<td width=\"109\">\n<p align=\"center\"><span style=\"font-family: Calibri, serif;\"><span style=\"font-size: large;\"><span style=\"color: #7030a0;\">1<\/span><\/span><\/span><\/p>\n<\/td>\n<td width=\"109\"><\/td>\n<td width=\"113\">\n<p align=\"center\"><span style=\"font-family: Calibri, serif;\"><span style=\"font-size: large;\"><span style=\"color: #7030a0;\">1<\/span><\/span><\/span><\/p>\n<\/td>\n<\/tr>\n<tr valign=\"top\">\n<td width=\"276\">\n<p align=\"left\"><span style=\"font-family: Calibri, serif;\"><span style=\"font-size: large;\"><span style=\"color: #7030a0;\">Chevaux et harnachements<\/span><\/span><\/span><\/p>\n<\/td>\n<td width=\"109\">\n<p align=\"center\"><span style=\"font-family: Calibri, serif;\"><span style=\"font-size: large;\"><span style=\"color: #7030a0;\">7<\/span><\/span><\/span><\/p>\n<\/td>\n<td width=\"109\">\n<p align=\"center\"><span style=\"font-family: Calibri, serif;\"><span style=\"font-size: large;\"><span style=\"color: #7030a0;\">7<\/span><\/span><\/span><\/p>\n<\/td>\n<td width=\"113\">\n<p align=\"center\"><span style=\"font-family: Calibri, serif;\"><span style=\"font-size: large;\"><span style=\"color: #7030a0;\">11<\/span><\/span><\/span><\/p>\n<\/td>\n<\/tr>\n<tr valign=\"top\">\n<td width=\"276\">\n<p align=\"left\"><span style=\"font-family: Calibri, serif;\"><span style=\"font-size: large;\"><span style=\"color: #7030a0;\">Voitures \u00e0 cheval &#8211; charrettes<\/span><\/span><\/span><\/p>\n<\/td>\n<td width=\"109\">\n<p align=\"center\"><span style=\"font-family: Calibri, serif;\"><span style=\"font-size: large;\"><span style=\"color: #7030a0;\">1<\/span><\/span><\/span><\/p>\n<\/td>\n<td width=\"109\">\n<p align=\"center\"><span style=\"font-family: Calibri, serif;\"><span style=\"font-size: large;\"><span style=\"color: #7030a0;\">2<\/span><\/span><\/span><\/p>\n<\/td>\n<td width=\"113\">\n<p align=\"center\"><span style=\"font-family: Calibri, serif;\"><span style=\"font-size: large;\"><span style=\"color: #7030a0;\">8<\/span><\/span><\/span><\/p>\n<\/td>\n<\/tr>\n<tr valign=\"top\">\n<td width=\"276\">\n<p align=\"left\"><span style=\"font-family: Calibri, serif;\"><span style=\"font-size: large;\"><span style=\"color: #7030a0;\">Bestiaux, animaux de ferme<\/span><\/span><\/span><\/p>\n<\/td>\n<td width=\"109\">\n<p align=\"center\"><span style=\"font-family: Calibri, serif;\"><span style=\"font-size: large;\"><span style=\"color: #7030a0;\">4<\/span><\/span><\/span><\/p>\n<\/td>\n<td width=\"109\">\n<p align=\"center\"><span style=\"font-family: Calibri, serif;\"><span style=\"font-size: large;\"><span style=\"color: #7030a0;\">10<\/span><\/span><\/span><\/p>\n<\/td>\n<td width=\"113\">\n<p align=\"center\"><span style=\"font-family: Calibri, serif;\"><span style=\"font-size: large;\"><span style=\"color: #7030a0;\">7<\/span><\/span><\/span><\/p>\n<\/td>\n<\/tr>\n<tr valign=\"top\">\n<td width=\"276\">\n<p align=\"left\"><span style=\"font-family: Calibri, serif;\"><span style=\"font-size: large;\"><span style=\"color: #7030a0;\">Chiens<\/span><\/span><\/span><\/p>\n<\/td>\n<td width=\"109\"><\/td>\n<td width=\"109\"><\/td>\n<td width=\"113\">\n<p align=\"center\"><span style=\"font-family: Calibri, serif;\"><span style=\"font-size: large;\"><span style=\"color: #7030a0;\">5<\/span><\/span><\/span><\/p>\n<\/td>\n<\/tr>\n<tr valign=\"top\">\n<td width=\"276\">\n<p align=\"left\"><span style=\"font-family: Calibri, serif;\"><span style=\"font-size: large;\"><span style=\"color: #7030a0;\">Foin, paille, \u2026<\/span><\/span><\/span><\/p>\n<\/td>\n<td width=\"109\">\n<p align=\"center\"><span style=\"font-family: Calibri, serif;\"><span style=\"font-size: large;\"><span style=\"color: #7030a0;\">1<\/span><\/span><\/span><\/p>\n<\/td>\n<td width=\"109\"><\/td>\n<td width=\"113\">\n<p align=\"center\"><span style=\"font-family: Calibri, serif;\"><span style=\"font-size: large;\"><span style=\"color: #7030a0;\">2<\/span><\/span><\/span><\/p>\n<\/td>\n<\/tr>\n<tr valign=\"top\">\n<td width=\"276\">\n<p align=\"left\"><span style=\"font-family: Calibri, serif;\"><span style=\"font-size: large;\"><span style=\"color: #7030a0;\">Denr\u00e9es alimentaires<\/span><\/span><\/span><\/p>\n<\/td>\n<td width=\"109\">\n<p align=\"center\"><span style=\"font-family: Calibri, serif;\"><span style=\"font-size: large;\"><span style=\"color: #7030a0;\">1<\/span><\/span><\/span><\/p>\n<\/td>\n<td width=\"109\">\n<p align=\"center\"><span style=\"font-family: Calibri, serif;\"><span style=\"font-size: large;\"><span style=\"color: #7030a0;\">9<\/span><\/span><\/span><\/p>\n<\/td>\n<td width=\"113\">\n<p align=\"center\"><span style=\"font-family: Calibri, serif;\"><span style=\"font-size: large;\"><span style=\"color: #7030a0;\">50<\/span><\/span><\/span><\/p>\n<\/td>\n<\/tr>\n<tr valign=\"top\">\n<td width=\"276\">\n<p align=\"left\"><span style=\"font-family: Calibri, serif;\"><span style=\"font-size: large;\"><span style=\"color: #7030a0;\">Argent liquide<\/span><\/span><\/span><\/p>\n<\/td>\n<td width=\"109\"><\/td>\n<td width=\"109\">\n<p align=\"center\"><span style=\"font-family: Calibri, serif;\"><span style=\"font-size: large;\"><span style=\"color: #7030a0;\">1<\/span><\/span><\/span><\/p>\n<\/td>\n<td width=\"113\">\n<p align=\"center\"><span style=\"font-family: Calibri, serif;\"><span style=\"font-size: large;\"><span style=\"color: #7030a0;\">2<\/span><\/span><\/span><\/p>\n<\/td>\n<\/tr>\n<tr valign=\"top\">\n<td width=\"276\">\n<p align=\"left\"><span style=\"font-family: Calibri, serif;\"><span style=\"font-size: large;\"><span style=\"color: #7030a0;\">Bijoux et montres<\/span><\/span><\/span><\/p>\n<\/td>\n<td width=\"109\">\n<p align=\"center\"><span style=\"font-family: Calibri, serif;\"><span style=\"font-size: large;\"><span style=\"color: #7030a0;\">2<\/span><\/span><\/span><\/p>\n<\/td>\n<td width=\"109\">\n<p align=\"center\"><span style=\"font-family: Calibri, serif;\"><span style=\"font-size: large;\"><span style=\"color: #7030a0;\">2<\/span><\/span><\/span><\/p>\n<\/td>\n<td width=\"113\">\n<p align=\"center\"><span style=\"font-family: Calibri, serif;\"><span style=\"font-size: large;\"><span style=\"color: #7030a0;\">21<\/span><\/span><\/span><\/p>\n<\/td>\n<\/tr>\n<tr valign=\"top\">\n<td width=\"276\">\n<p align=\"left\"><span style=\"font-family: Calibri, serif;\"><span style=\"font-size: large;\"><span style=\"color: #7030a0;\">Divers (linge, ustensiles de cuisine, \u2026) <\/span><\/span><\/span><\/p>\n<\/td>\n<td width=\"109\">\n<p align=\"center\"><span style=\"font-family: Calibri, serif;\"><span style=\"font-size: large;\"><span style=\"color: #7030a0;\">12<\/span><\/span><\/span><\/p>\n<\/td>\n<td width=\"109\">\n<p align=\"center\"><span style=\"font-family: Calibri, serif;\"><span style=\"font-size: large;\"><span style=\"color: #7030a0;\">9<\/span><\/span><\/span><\/p>\n<\/td>\n<td width=\"113\">\n<p align=\"center\"><span style=\"font-family: Calibri, serif;\"><span style=\"font-size: large;\"><span style=\"color: #7030a0;\">71<\/span><\/span><\/span><\/p>\n<\/td>\n<\/tr>\n<tr valign=\"top\">\n<td width=\"276\">\n<p align=\"left\"><span style=\"font-family: Calibri, serif;\"><span style=\"font-size: large;\"><span style=\"color: #7030a0;\">Totaux<\/span><\/span><\/span><\/p>\n<\/td>\n<td width=\"109\">\n<p align=\"center\"><span style=\"font-family: Calibri, serif;\"><span style=\"font-size: large;\"><span style=\"color: #7030a0;\">50<\/span><\/span><\/span><\/p>\n<\/td>\n<td width=\"109\">\n<p align=\"center\"><span style=\"font-family: Calibri, serif;\"><span style=\"font-size: large;\"><span style=\"color: #7030a0;\">67<\/span><\/span><\/span><\/p>\n<\/td>\n<td width=\"113\">\n<p align=\"center\"><span style=\"font-family: Calibri, serif;\"><span style=\"font-size: large;\"><span style=\"color: #7030a0;\">230<\/span><\/span><\/span><\/p>\n<\/td>\n<\/tr>\n<tr valign=\"top\">\n<td width=\"276\">\n<p align=\"left\"><span style=\"font-family: Calibri, serif;\"><span style=\"font-size: large;\"><span style=\"color: #006600;\">Nombre d\u2019habitants concern\u00e9s d\u00e9clar\u00e9s<\/span><\/span><\/span><\/p>\n<\/td>\n<td width=\"109\">\n<p align=\"center\"><span style=\"font-family: Calibri, serif;\"><span style=\"font-size: large;\"><span style=\"color: #006600;\">33<\/span><\/span><\/span><\/p>\n<\/td>\n<td width=\"109\">\n<p align=\"center\"><span style=\"font-family: Calibri, serif;\"><span style=\"font-size: large;\"><span style=\"color: #006600;\">26<\/span><\/span><\/span><\/p>\n<\/td>\n<td width=\"113\">\n<p align=\"center\"><span style=\"font-family: Calibri, serif;\"><span style=\"font-size: large;\"><span style=\"color: #006600;\">90<\/span><\/span><\/span><\/p>\n<\/td>\n<\/tr>\n<\/tbody>\n<\/table>\n<p><span style=\"font-size: large;\"><span style=\"color: #7030a0;\">Parmi les vols\u00a0: <\/span><\/span><\/p>\n<ul>\n<li><span style=\"font-size: large;\"><span style=\"color: #7030a0;\">2 litres d\u2019huile de noix, <\/span><\/span><\/li>\n<li><span style=\"font-size: large;\"><span style=\"color: #7030a0;\">17 lapins,<\/span><\/span><\/li>\n<li><span style=\"font-size: large;\"><span style=\"color: #7030a0;\">1 accord\u00e9on,<\/span><\/span><\/li>\n<li><span style=\"font-size: large;\"><span style=\"color: #7030a0;\">31 litres de vin blanc, <\/span><\/span><\/li>\n<li><span style=\"font-size: large;\"><span style=\"color: #7030a0;\">26 poules, <\/span><\/span><\/li>\n<li><span style=\"font-size: large;\"><span style=\"color: #7030a0;\">des seaux,<\/span><\/span><\/li>\n<li><span style=\"font-size: large;\"><span style=\"color: #7030a0;\">des souliers, <\/span><\/span><\/li>\n<li><span style=\"font-size: large;\"><span style=\"color: #7030a0;\">des outils de charron, <\/span><\/span><\/li>\n<li><span style=\"font-size: large;\"><span style=\"color: #7030a0;\">du linge en grande quantit\u00e9. <\/span><\/span><\/li>\n<\/ul>\n<p><span style=\"font-size: large;\">NB\u00a0: M\u00e9zi\u00e8res n\u2019est pas indiqu\u00e9, faute de rapports de gendarmerie d\u00e9taill\u00e9s. Il est juste \u00e9voqu\u00e9 le vol de 4 bicyclettes, de 200 kg d\u2019avoine \u2026 ce qui semble tr\u00e8s peu. <\/span><\/p>\n<p align=\"justify\"><span style=\"font-size: large;\">SOURCES\u00a0: <\/span><\/p>\n<ul>\n<li>\n<p align=\"justify\"><span style=\"font-size: large;\">Convertisseur INSEE franc-euro\u00a0: <\/span><span style=\"color: #0000ff;\"><a href=\"https:\/\/www.insee.fr\/fr\/information\/2417794\"><span style=\"color: #000000;\"><span style=\"font-size: large;\">https:\/\/www.insee.fr\/fr\/information\/2417794<\/span><\/span><\/a><\/span><\/p>\n<\/li>\n<li>\n<p align=\"justify\"><span style=\"color: #0000ff;\"><a href=\"https:\/\/3945km.com\/encyclopedie\/unites\/unites-allemandes\/unites-terrestres-allemandes\/unites-independantes-terrestres-allemandes\/infanterie-regiment-950-indische-legion-der-waffen-ss\/\"><span style=\"color: #000000;\"><span style=\"font-size: large;\">https:\/\/3945km.com\/encyclopedie\/unites\/unites-allemandes\/unites-terrestres-allemandes\/unites-independantes-terrestres-allemandes\/infanterie-regiment-950-indische-legion-der-waffen-ss\/<\/span><\/span><\/a><\/span><\/p>\n<\/li>\n<li>\n<p align=\"justify\"><span style=\"color: #0000ff;\"><a href=\"https:\/\/lacanauocean.com\/fr\/histoire-occupation-lacanau-Freies-indien-legion.htm\"><span style=\"color: #000000;\"><span style=\"font-size: large;\">https:\/\/lacanauocean.com\/fr\/histoire-occupation-lacanau-Freies-indien-legion.htm<\/span><\/span><\/a><\/span><\/p>\n<\/li>\n<li>\n<p align=\"justify\"><span style=\"color: #0000ff;\"><a href=\"https:\/\/www.feldgrau.com\/ww2-waffen-ss-indische-freiwilligen-legion\/\"><span style=\"color: #000000;\"><span style=\"font-size: large;\">https:\/\/www.feldgrau.com\/ww2-waffen-ss-indische-freiwilligen-legion\/<\/span><\/span><\/a><\/span><\/p>\n<\/li>\n<li>\n<p align=\"justify\"><span style=\"font-size: large;\">Archives nationales Pierrefitte-sur-Seine \u2013 cote 19880016\/11\/1<\/span><\/p>\n<\/li>\n<li>\n<p align=\"justify\"><span style=\"font-size: large;\">https:\/\/www.bild.bundesarchiv.de\/<\/span><\/p>\n<\/li>\n<li>\n<p align=\"justify\"><span style=\"font-size: large;\">Revue des Amis du Blanc et de sa r\u00e9gion \u2013 Au fil du temps \u2026 &#8211; hors-s\u00e9rie n\u00b0 1 de novembre 2009 consacr\u00e9 \u00e0 la Seconde Guerre en pays Blancois \u2013 pages 260-261 et 283. <\/span><\/p>\n<\/li>\n<li>\n<p align=\"justify\"><span style=\"font-size: large;\">Association des Amis du Blanc et de sa r\u00e9gion\u00a0: pr\u00eat de la photo avec un v\u00e9lo \u2013 \u00e0 gauche de la page 5. <\/span><\/p>\n<\/li>\n<li>\n<p align=\"justify\"><span style=\"font-size: large;\">Mes sinc\u00e8res remerciements \u00e0 Olivier et Nathalie Saint-Cricq pour avoir autoris\u00e9 la publication des photos contenues dans le fonds Jean Meunier, d\u00e9tenu par les archives patrimoniales de la ville de Tours. Cote&nbsp;: 5 Z 6\/1. Les droits de ces photos sont r\u00e9serv\u00e9<\/span><\/p>\n<\/li>\n<li>\n<p align=\"justify\"><span style=\"font-size: large;\">\u00a0\u00a0\u00a0\u00a0\u00a0\u00a0\u00a0\u00a0\u00a0\u00a0\u00a0\u00a0\u00a0\u00a0\u00a0\u00a0\u00a0\u00a0\u00a0\u00a0\u00a0\u00a0\u00a0\u00a0\u00a0\u00a0\u00a0\u00a0\u00a0\u00a0\u00a0\u00a0 Textes r\u00e9dig\u00e9s par Chantal Kroliczak et Philippe Gitton (conclusion contemporaine)<\/span><\/p>\n<\/li>\n<\/ul>\n<p align=\"center\"><span style=\"font-size: large;\">pour le compte de l\u2019Association Culturelle Mac\u00e9rienne<\/span><\/p>\n<p align=\"center\"><span style=\"font-size: large;\">Date de r\u00e9daction\u00a0: avril 2024<\/span><\/p>\n<p align=\"center\"><span style=\"font-size: large;\">Tous droits r\u00e9serv\u00e9s<a href=\"https:\/\/www.brenne-au-coeur.com\/wp-content\/uploads\/2024\/04\/hindou-13.jpg\" rel=\"lightbox[5590]\"><img loading=\"lazy\" decoding=\"async\" class=\"aligncenter wp-image-5591 size-medium\" src=\"https:\/\/www.brenne-au-coeur.com\/wp-content\/uploads\/2024\/04\/hindou-13-226x300.jpg\" alt=\"\" width=\"226\" height=\"300\" srcset=\"https:\/\/www.brenne-au-coeur.com\/wp-content\/uploads\/2024\/04\/hindou-13-226x300.jpg 226w, https:\/\/www.brenne-au-coeur.com\/wp-content\/uploads\/2024\/04\/hindou-13-113x150.jpg 113w, https:\/\/www.brenne-au-coeur.com\/wp-content\/uploads\/2024\/04\/hindou-13.jpg 316w\" sizes=\"auto, (max-width: 226px) 100vw, 226px\" \/><\/a><\/span><\/p>\n<p align=\"center\">\n","protected":false},"excerpt":{"rendered":"<p>\u00a0 J\u2019ai souvent entendu parler de la travers\u00e9e de la Brenne par cet \u00e9trange 950e r\u00e9giment hindou qui pr\u00e9c\u00e9dait la colonne allemande Elster, en cette fin d\u2019\u00e9t\u00e9 1944. Des mots sont syst\u00e9matiquement associ\u00e9s \u00e0 son \u00e9vocation&nbsp;: pillages, viols, d\u00e9gradations, peur, \u2026 A la faveur de l\u2019ouverture r\u00e9cente des dossiers dits de \u00ab\u00a0crimes de guerre\u00a0\u00bb aux&hellip;&nbsp;<a href=\"https:\/\/www.brenne-au-coeur.com\/index.php\/2024\/04\/29\/le-passage-en-brenne-du-950e-regiment-hindou-29-30-aout-1944\/brenne\/5590\/\" rel=\"bookmark\">Lire la suite&nbsp;&raquo;<span class=\"screen-reader-text\">Le passage en Brenne du 950e r\u00e9giment hindou, 29-30 ao\u00fbt 1944<\/span><\/a><\/p>\n","protected":false},"author":2,"featured_media":5604,"comment_status":"open","ping_status":"open","sticky":false,"template":"","format":"standard","meta":{"rop_custom_images_group":[],"rop_custom_messages_group":[],"rop_publish_now":"initial","rop_publish_now_accounts":[],"rop_publish_now_history":[],"rop_publish_now_status":"pending","_monsterinsights_skip_tracking":false,"_monsterinsights_sitenote_active":false,"_monsterinsights_sitenote_note":"","_monsterinsights_sitenote_category":0,"neve_meta_sidebar":"","neve_meta_container":"","neve_meta_enable_content_width":"off","neve_meta_content_width":70,"neve_meta_title_alignment":"","neve_meta_author_avatar":"","neve_post_elements_order":"","neve_meta_disable_header":"","neve_meta_disable_footer":"","neve_meta_disable_title":"","_jetpack_memberships_contains_paid_content":false,"footnotes":"","jetpack_publicize_message":"","jetpack_publicize_feature_enabled":true,"jetpack_social_post_already_shared":true,"jetpack_social_options":{"image_generator_settings":{"template":"highway","default_image_id":0,"font":"","enabled":false},"version":2}},"categories":[107],"tags":[49],"class_list":["post-5590","post","type-post","status-publish","format-standard","has-post-thumbnail","hentry","category-brenne","tag-histoire"],"aioseo_notices":[],"jetpack_publicize_connections":[],"jetpack_featured_media_url":"https:\/\/www.brenne-au-coeur.com\/wp-content\/uploads\/2024\/04\/hindou-1.jpg","jetpack-related-posts":[],"jetpack_sharing_enabled":true,"_links":{"self":[{"href":"https:\/\/www.brenne-au-coeur.com\/index.php\/wp-json\/wp\/v2\/posts\/5590","targetHints":{"allow":["GET"]}}],"collection":[{"href":"https:\/\/www.brenne-au-coeur.com\/index.php\/wp-json\/wp\/v2\/posts"}],"about":[{"href":"https:\/\/www.brenne-au-coeur.com\/index.php\/wp-json\/wp\/v2\/types\/post"}],"author":[{"embeddable":true,"href":"https:\/\/www.brenne-au-coeur.com\/index.php\/wp-json\/wp\/v2\/users\/2"}],"replies":[{"embeddable":true,"href":"https:\/\/www.brenne-au-coeur.com\/index.php\/wp-json\/wp\/v2\/comments?post=5590"}],"version-history":[{"count":1,"href":"https:\/\/www.brenne-au-coeur.com\/index.php\/wp-json\/wp\/v2\/posts\/5590\/revisions"}],"predecessor-version":[{"id":5607,"href":"https:\/\/www.brenne-au-coeur.com\/index.php\/wp-json\/wp\/v2\/posts\/5590\/revisions\/5607"}],"wp:featuredmedia":[{"embeddable":true,"href":"https:\/\/www.brenne-au-coeur.com\/index.php\/wp-json\/wp\/v2\/media\/5604"}],"wp:attachment":[{"href":"https:\/\/www.brenne-au-coeur.com\/index.php\/wp-json\/wp\/v2\/media?parent=5590"}],"wp:term":[{"taxonomy":"category","embeddable":true,"href":"https:\/\/www.brenne-au-coeur.com\/index.php\/wp-json\/wp\/v2\/categories?post=5590"},{"taxonomy":"post_tag","embeddable":true,"href":"https:\/\/www.brenne-au-coeur.com\/index.php\/wp-json\/wp\/v2\/tags?post=5590"}],"curies":[{"name":"wp","href":"https:\/\/api.w.org\/{rel}","templated":true}]}}