{"id":5573,"date":"2024-04-21T13:56:47","date_gmt":"2024-04-21T11:56:47","guid":{"rendered":"https:\/\/www.brenne-au-coeur.com\/?p=5573"},"modified":"2024-04-21T13:58:45","modified_gmt":"2024-04-21T11:58:45","slug":"randonnee-de-printemps","status":"publish","type":"post","link":"https:\/\/www.brenne-au-coeur.com\/index.php\/2024\/04\/21\/randonnee-de-printemps\/communes\/mezieres-en-brenne\/5573\/","title":{"rendered":"Randonn\u00e9e de Printemps"},"content":{"rendered":"<p><span style=\"font-size: large;\"><a href=\"https:\/\/www.brenne-au-coeur.com\/wp-content\/uploads\/2024\/04\/rando-brenne-2.jpeg\" rel=\"lightbox[5573]\"><img loading=\"lazy\" decoding=\"async\" class=\"alignleft wp-image-5574\" src=\"https:\/\/www.brenne-au-coeur.com\/wp-content\/uploads\/2024\/04\/rando-brenne-2.jpeg\" alt=\"\" width=\"307\" height=\"230\" srcset=\"https:\/\/www.brenne-au-coeur.com\/wp-content\/uploads\/2024\/04\/rando-brenne-2.jpeg 259w, https:\/\/www.brenne-au-coeur.com\/wp-content\/uploads\/2024\/04\/rando-brenne-2-150x112.jpeg 150w\" sizes=\"auto, (max-width: 307px) 100vw, 307px\" \/><\/a>Dimanche 5 Mai 2024, les Municipalit\u00e9s de M\u00e9zi\u00e8res-en-Brenne et de Saulnay organisent la 41\u00e8me RANDONN\u00c9E DE PRINTEMPS. Le d\u00e9part aura lieu au stade de Saulnay, \u00e0 partir de 8h00 pour plusieurs circuits en une seule \u00e9tape, suivant l\u2019envie des chacune et chacun. Les participants seront accueillis autour d\u2019un caf\u00e9. Des collations sont pr\u00e9vues sur les parcours et un barbecue \u00e0 l&rsquo;arriv\u00e9e (entr\u00e9e,saucisses, frites, fromage,tarte). Plusieurs parcours seront propos\u00e9s. De 4 \u00e0 15 km pour les marcheurs, de 15 \u00e0 29 km pour les cavaliers et les attelages, de 15 \u00e0 39 km pour les VTT. <\/span><\/p>\n<p><span style=\"font-size: large;\">La randonn\u00e9e de Printemps, comme celle qui a lieu chaque ann\u00e9e, le premier week-end d\u2019ao\u00fbt, est organis\u00e9e depuis 1986 par des b\u00e9n\u00e9voles amoureux de leur r\u00e9gion, comme il est rappel\u00e9 sur son site internet, <i>l\u2019association \u00ab\u00a0<a href=\"http:\/\/www.randonnee-de-la-brenne.fr\/\">La randonn\u00e9e de la Brenne<\/a>\u00a0\u00bb a \u00e9t\u00e9 cr\u00e9\u00e9e par <\/i><i>une centaine de b\u00e9n\u00e9voles, accompagn\u00e9s de communes, tous fervents d\u00e9fenseurs de leur territoire. Tous y sont tr\u00e8s attach\u00e9s. Il faut dire que l&rsquo;on comprend pourquoi, quand on d\u00e9cide de d\u00e9couvrir v\u00e9ritablement la Brenne, cette terre aride et ent\u00eat\u00e9e o\u00f9 Dame Nature impose sa loi et lutte pour qu&rsquo;elle reste \u00e9ternellement comme l&rsquo;a fa\u00e7onn\u00e9e l&rsquo;air du temps. Ce territoire d&rsquo;une superficie de 1300 km2 est unique&nbsp;; son paysage \u00e0 la fois pur et dur sait vous accrocher le c\u0153ur et les yeux. Ici, rien ne laisse le visiteur insensible&nbsp;: ces landes, ces maquis, ces buttons couverts de bruy\u00e8re, ces roseli\u00e8res \u00e9paisses qui accueillent des milliers d&rsquo;oiseaux et ces petites cistudes (tortues d&rsquo;Europe), rappellent \u00e0 tout moment que la vie est partout, grouillante, mais quelquefois bien cach\u00e9e. La Brenne, c&rsquo;est aussi, l&rsquo;agriculture, mais \u00e9galement la chasse, et surtout la pisciculture avec l&rsquo;ambiance bien sp\u00e9cifique des p\u00eaches d&rsquo;\u00e9tangs. On n&rsquo;y trouve pas un tourisme de masse, mais seulement des hommes et des femmes assoiff\u00e9s de nature, qui trouvent en ce lieu tout ce qu&rsquo;il faut pour \u00e9tancher leur soif. Ils y rencontrent \u00ab\u00a0les Brennous\u00a0\u00bb bien enracin\u00e9s sur cette terre o\u00f9 ils ont choisi de vivre.<\/i><\/span><\/p>\n<p><span style=\"font-size: large;\"><a href=\"https:\/\/www.brenne-au-coeur.com\/wp-content\/uploads\/2024\/04\/rando-brenne-1.jpeg\" rel=\"lightbox[5573]\"><img loading=\"lazy\" decoding=\"async\" class=\"alignright wp-image-5575\" src=\"https:\/\/www.brenne-au-coeur.com\/wp-content\/uploads\/2024\/04\/rando-brenne-1.jpeg\" alt=\"\" width=\"332\" height=\"249\" srcset=\"https:\/\/www.brenne-au-coeur.com\/wp-content\/uploads\/2024\/04\/rando-brenne-1.jpeg 259w, https:\/\/www.brenne-au-coeur.com\/wp-content\/uploads\/2024\/04\/rando-brenne-1-150x112.jpeg 150w\" sizes=\"auto, (max-width: 332px) 100vw, 332px\" \/><\/a>En ce qui concerne l\u2019\u00e9dition 2024 de la randonn\u00e9e de Printemps, les tarifs sont les suivants&nbsp;:<\/span><\/p>\n<p><span style=\"font-size: large;\">Adulte 15 \u20ac, enfant de \u2013 12 ans 10 \u20ac<\/span><\/p>\n<p><span style=\"font-size: large;\">Le bulletin d\u2019inscription doit \u00eatre adress\u00e9 sign\u00e9 et accompagn\u00e9 du r\u00e8glement par ch\u00e8que \u00e0 l&rsquo;ordre de \u00abLA RANDONN\u00c9E DE LA BRENNE\u00bb avec les documents annexes pour les cavaliers\/meneurs avant le 2 mai 2024 \u00e0&nbsp;:<\/span><\/p>\n<p><span style=\"font-size: large;\">Association \u00abLE MOULIN\u00bb 1, rue du Nord 36290 M\u00c9ZI\u00c8RES-en-BRENNE<\/span><\/p>\n<p><span style=\"font-size: large;\">T\u00e9l&nbsp;: 02.54.38.12.24 E-Mail&nbsp;: contact@gite-moulin.f<\/span><\/p>\n<p><span style=\"font-size: large;\">Inscription possible par internet sur le site. <\/span><\/p>\n","protected":false},"excerpt":{"rendered":"<p>Dimanche 5 Mai 2024, les Municipalit\u00e9s de M\u00e9zi\u00e8res-en-Brenne et de Saulnay organisent la 41\u00e8me RANDONN\u00c9E DE PRINTEMPS. Le d\u00e9part aura lieu au stade de Saulnay, \u00e0 partir de 8h00 pour plusieurs circuits en une seule \u00e9tape, suivant l\u2019envie des chacune et chacun. Les participants seront accueillis autour d\u2019un caf\u00e9. Des collations sont pr\u00e9vues sur les&hellip;&nbsp;<a href=\"https:\/\/www.brenne-au-coeur.com\/index.php\/2024\/04\/21\/randonnee-de-printemps\/communes\/mezieres-en-brenne\/5573\/\" rel=\"bookmark\">Lire la suite&nbsp;&raquo;<span class=\"screen-reader-text\">Randonn\u00e9e de Printemps<\/span><\/a><\/p>\n","protected":false},"author":1,"featured_media":5576,"comment_status":"open","ping_status":"open","sticky":false,"template":"","format":"standard","meta":{"rop_custom_images_group":[],"rop_custom_messages_group":[],"rop_publish_now":"initial","rop_publish_now_accounts":[],"rop_publish_now_history":[],"rop_publish_now_status":"pending","_monsterinsights_skip_tracking":false,"_monsterinsights_sitenote_active":false,"_monsterinsights_sitenote_note":"","_monsterinsights_sitenote_category":0,"neve_meta_sidebar":"","neve_meta_container":"","neve_meta_enable_content_width":"off","neve_meta_content_width":70,"neve_meta_title_alignment":"","neve_meta_author_avatar":"","neve_post_elements_order":"","neve_meta_disable_header":"","neve_meta_disable_footer":"","neve_meta_disable_title":"","_jetpack_memberships_contains_paid_content":false,"footnotes":"","jetpack_publicize_message":"","jetpack_publicize_feature_enabled":true,"jetpack_social_post_already_shared":true,"jetpack_social_options":{"image_generator_settings":{"template":"highway","default_image_id":0,"font":"","enabled":false},"version":2}},"categories":[12,18],"tags":[31,27,93],"class_list":["post-5573","post","type-post","status-publish","format-standard","has-post-thumbnail","hentry","category-mezieres-en-brenne","category-saulnay","tag-associations","tag-nature","tag-randonnee"],"aioseo_notices":[],"jetpack_publicize_connections":[],"jetpack_featured_media_url":"https:\/\/www.brenne-au-coeur.com\/wp-content\/uploads\/2024\/04\/rando-printemps-2024.resized.jpg","jetpack-related-posts":[],"jetpack_sharing_enabled":true,"_links":{"self":[{"href":"https:\/\/www.brenne-au-coeur.com\/index.php\/wp-json\/wp\/v2\/posts\/5573","targetHints":{"allow":["GET"]}}],"collection":[{"href":"https:\/\/www.brenne-au-coeur.com\/index.php\/wp-json\/wp\/v2\/posts"}],"about":[{"href":"https:\/\/www.brenne-au-coeur.com\/index.php\/wp-json\/wp\/v2\/types\/post"}],"author":[{"embeddable":true,"href":"https:\/\/www.brenne-au-coeur.com\/index.php\/wp-json\/wp\/v2\/users\/1"}],"replies":[{"embeddable":true,"href":"https:\/\/www.brenne-au-coeur.com\/index.php\/wp-json\/wp\/v2\/comments?post=5573"}],"version-history":[{"count":1,"href":"https:\/\/www.brenne-au-coeur.com\/index.php\/wp-json\/wp\/v2\/posts\/5573\/revisions"}],"predecessor-version":[{"id":5577,"href":"https:\/\/www.brenne-au-coeur.com\/index.php\/wp-json\/wp\/v2\/posts\/5573\/revisions\/5577"}],"wp:featuredmedia":[{"embeddable":true,"href":"https:\/\/www.brenne-au-coeur.com\/index.php\/wp-json\/wp\/v2\/media\/5576"}],"wp:attachment":[{"href":"https:\/\/www.brenne-au-coeur.com\/index.php\/wp-json\/wp\/v2\/media?parent=5573"}],"wp:term":[{"taxonomy":"category","embeddable":true,"href":"https:\/\/www.brenne-au-coeur.com\/index.php\/wp-json\/wp\/v2\/categories?post=5573"},{"taxonomy":"post_tag","embeddable":true,"href":"https:\/\/www.brenne-au-coeur.com\/index.php\/wp-json\/wp\/v2\/tags?post=5573"}],"curies":[{"name":"wp","href":"https:\/\/api.w.org\/{rel}","templated":true}]}}