{"id":5570,"date":"2024-04-21T11:50:30","date_gmt":"2024-04-21T09:50:30","guid":{"rendered":"https:\/\/www.brenne-au-coeur.com\/?p=5570"},"modified":"2024-04-21T11:50:30","modified_gmt":"2024-04-21T09:50:30","slug":"musique-et-peinture-a-pouligny","status":"publish","type":"post","link":"https:\/\/www.brenne-au-coeur.com\/index.php\/2024\/04\/21\/musique-et-peinture-a-pouligny\/pouligny-saint-pierre\/5570\/","title":{"rendered":"Musique et peinture \u00e0 Pouligny"},"content":{"rendered":"<p><span style=\"font-size: large;\">Jusqu\u2019au 1er mai inclus, la salle Mardelet de Pouligny Saint-Pierre accueille \u00ab&nbsp;Circus Flamme Jumelle&nbsp;\u00bb, pour une exposition, peinture et musique, visible chaque jour de 15h 30 \u00e0 18h 30. <\/span><\/p>\n<p><span style=\"font-size: large;\">Il s\u2019agit d une exposition de 19 nouvelles toiles en acryliques format 50 x 70 cm. Une s\u00e9rie de 9 toiles portent sur l\u2019amour et l\u2019autre de 10 toiles sur le th\u00e8me de l\u2019humour. <\/span><\/p>\n<p><span style=\"font-size: large;\">L\u2019originalit\u00e9 de cette exposition tient par l\u2019association de chansons cr\u00e9\u00e9es pour chaque toile. Musiques textes et peintures forment un tout indissociable et sont pr\u00e9sent\u00e9s simultan\u00e9ment.<\/span><\/p>\n<div class=\"nv-iframe-embed\"><div class=\"lyte-wrapper fourthree\" title=\"Teaser Circus Flamme Jumelle\" style=\"width:420px;max-width:100%;margin:5px auto;\"><div class=\"lyMe hidef\" id=\"WYL_XF-h4es1HLw\" itemprop=\"video\" itemscope itemtype=\"https:\/\/schema.org\/VideoObject\"><div><meta itemprop=\"thumbnailUrl\" content=\"https:\/\/www.brenne-au-coeur.com\/wp-content\/plugins\/wp-youtube-lyte\/lyteCache.php?origThumbUrl=https%3A%2F%2Fi.ytimg.com%2Fvi%2FXF-h4es1HLw%2Fmaxresdefault.jpg\" \/><meta itemprop=\"embedURL\" content=\"https:\/\/www.youtube.com\/embed\/XF-h4es1HLw\" \/><meta itemprop=\"duration\" content=\"PT1M49S\" \/><meta itemprop=\"uploadDate\" content=\"2024-04-18T08:30:06Z\" \/><\/div><div id=\"lyte_XF-h4es1HLw\" data-src=\"https:\/\/www.brenne-au-coeur.com\/wp-content\/plugins\/wp-youtube-lyte\/lyteCache.php?origThumbUrl=https%3A%2F%2Fi.ytimg.com%2Fvi%2FXF-h4es1HLw%2Fmaxresdefault.jpg\" class=\"pL\"><div class=\"tC\"><div class=\"tT\" itemprop=\"name\">Teaser Circus Flamme Jumelle<\/div><\/div><div class=\"play\"><\/div><div class=\"ctrl\"><div class=\"Lctrl\"><\/div><div class=\"Rctrl\"><\/div><\/div><\/div><noscript><a href=\"https:\/\/youtu.be\/XF-h4es1HLw\" rel=\"nofollow\"><img loading=\"lazy\" decoding=\"async\" src=\"https:\/\/www.brenne-au-coeur.com\/wp-content\/plugins\/wp-youtube-lyte\/lyteCache.php?origThumbUrl=https%3A%2F%2Fi.ytimg.com%2Fvi%2FXF-h4es1HLw%2F0.jpg\" alt=\"Teaser Circus Flamme Jumelle\" width=\"420\" height=\"295\" \/><br \/>Lire cette vid\u00e9o sur YouTube<\/a><\/noscript><meta itemprop=\"description\" content=\"Teaser Circus Flamme Jumelle\"><\/div><\/div><div class=\"lL\" style=\"max-width:100%;width:420px;margin:5px auto;\"><\/div><\/div>\n","protected":false},"excerpt":{"rendered":"<p>Jusqu\u2019au 1er mai inclus, la salle Mardelet de Pouligny Saint-Pierre accueille \u00ab&nbsp;Circus Flamme Jumelle&nbsp;\u00bb, pour une exposition, peinture et musique, visible chaque jour de 15h 30 \u00e0 18h 30. Il s\u2019agit d une exposition de 19 nouvelles toiles en acryliques format 50 x 70 cm. Une s\u00e9rie de 9 toiles portent sur l\u2019amour et l\u2019autre&hellip;&nbsp;<a href=\"https:\/\/www.brenne-au-coeur.com\/index.php\/2024\/04\/21\/musique-et-peinture-a-pouligny\/pouligny-saint-pierre\/5570\/\" rel=\"bookmark\">Lire la suite&nbsp;&raquo;<span class=\"screen-reader-text\">Musique et peinture \u00e0 Pouligny<\/span><\/a><\/p>\n","protected":false},"author":1,"featured_media":5571,"comment_status":"open","ping_status":"open","sticky":false,"template":"","format":"standard","meta":{"rop_custom_images_group":[],"rop_custom_messages_group":[],"rop_publish_now":"initial","rop_publish_now_accounts":[],"rop_publish_now_history":[],"rop_publish_now_status":"pending","_monsterinsights_skip_tracking":false,"_monsterinsights_sitenote_active":false,"_monsterinsights_sitenote_note":"","_monsterinsights_sitenote_category":0,"neve_meta_sidebar":"","neve_meta_container":"","neve_meta_enable_content_width":"off","neve_meta_content_width":70,"neve_meta_title_alignment":"","neve_meta_author_avatar":"","neve_post_elements_order":"","neve_meta_disable_header":"","neve_meta_disable_footer":"","neve_meta_disable_title":"","_jetpack_memberships_contains_paid_content":false,"footnotes":"","jetpack_publicize_message":"","jetpack_publicize_feature_enabled":true,"jetpack_social_post_already_shared":true,"jetpack_social_options":{"image_generator_settings":{"template":"highway","default_image_id":0,"font":"","enabled":false},"version":2}},"categories":[170],"tags":[104,52,46],"class_list":["post-5570","post","type-post","status-publish","format-standard","has-post-thumbnail","hentry","category-pouligny-saint-pierre","tag-chansons","tag-exposition","tag-peinture"],"aioseo_notices":[],"jetpack_publicize_connections":[],"jetpack_featured_media_url":"https:\/\/www.brenne-au-coeur.com\/wp-content\/uploads\/2024\/04\/Affiche-Expo-Circus-Flamme-Jumelle.resized.jpeg","jetpack-related-posts":[],"jetpack_sharing_enabled":true,"_links":{"self":[{"href":"https:\/\/www.brenne-au-coeur.com\/index.php\/wp-json\/wp\/v2\/posts\/5570","targetHints":{"allow":["GET"]}}],"collection":[{"href":"https:\/\/www.brenne-au-coeur.com\/index.php\/wp-json\/wp\/v2\/posts"}],"about":[{"href":"https:\/\/www.brenne-au-coeur.com\/index.php\/wp-json\/wp\/v2\/types\/post"}],"author":[{"embeddable":true,"href":"https:\/\/www.brenne-au-coeur.com\/index.php\/wp-json\/wp\/v2\/users\/1"}],"replies":[{"embeddable":true,"href":"https:\/\/www.brenne-au-coeur.com\/index.php\/wp-json\/wp\/v2\/comments?post=5570"}],"version-history":[{"count":1,"href":"https:\/\/www.brenne-au-coeur.com\/index.php\/wp-json\/wp\/v2\/posts\/5570\/revisions"}],"predecessor-version":[{"id":5572,"href":"https:\/\/www.brenne-au-coeur.com\/index.php\/wp-json\/wp\/v2\/posts\/5570\/revisions\/5572"}],"wp:featuredmedia":[{"embeddable":true,"href":"https:\/\/www.brenne-au-coeur.com\/index.php\/wp-json\/wp\/v2\/media\/5571"}],"wp:attachment":[{"href":"https:\/\/www.brenne-au-coeur.com\/index.php\/wp-json\/wp\/v2\/media?parent=5570"}],"wp:term":[{"taxonomy":"category","embeddable":true,"href":"https:\/\/www.brenne-au-coeur.com\/index.php\/wp-json\/wp\/v2\/categories?post=5570"},{"taxonomy":"post_tag","embeddable":true,"href":"https:\/\/www.brenne-au-coeur.com\/index.php\/wp-json\/wp\/v2\/tags?post=5570"}],"curies":[{"name":"wp","href":"https:\/\/api.w.org\/{rel}","templated":true}]}}