{"id":5564,"date":"2024-04-17T18:34:25","date_gmt":"2024-04-17T16:34:25","guid":{"rendered":"https:\/\/www.brenne-au-coeur.com\/?p=5564"},"modified":"2024-04-17T18:34:25","modified_gmt":"2024-04-17T16:34:25","slug":"arret-des-guerres-pendant-la-treve-olympique","status":"publish","type":"post","link":"https:\/\/www.brenne-au-coeur.com\/index.php\/2024\/04\/17\/arret-des-guerres-pendant-la-treve-olympique\/a-lire\/5564\/","title":{"rendered":"Arr\u00eat des guerres pendant la tr\u00eave olympique&nbsp;!"},"content":{"rendered":"<p><span style=\"font-size: large;\"><a href=\"https:\/\/www.brenne-au-coeur.com\/wp-content\/uploads\/2024\/04\/paix-16-04.jpeg\" rel=\"lightbox[5564]\"><img loading=\"lazy\" decoding=\"async\" class=\"alignleft wp-image-5565\" src=\"https:\/\/www.brenne-au-coeur.com\/wp-content\/uploads\/2024\/04\/paix-16-04.jpeg\" alt=\"\" width=\"329\" height=\"328\" srcset=\"https:\/\/www.brenne-au-coeur.com\/wp-content\/uploads\/2024\/04\/paix-16-04.jpeg 225w, https:\/\/www.brenne-au-coeur.com\/wp-content\/uploads\/2024\/04\/paix-16-04-150x150.jpeg 150w, https:\/\/www.brenne-au-coeur.com\/wp-content\/uploads\/2024\/04\/paix-16-04-45x45.jpeg 45w\" sizes=\"auto, (max-width: 329px) 100vw, 329px\" \/><\/a>La premi\u00e8re torche du relais de la Flamme Olympique de Paris 2024 a \u00e9t\u00e9 allum\u00e9e le 16 avril 2024 lors d\u2019une c\u00e9r\u00e9monie \u00e0 Olympie, en Gr\u00e8ce, o\u00f9 se d\u00e9roulaient les Jeux antiques. Depuis le P\u00e9loponn\u00e8se, la Flamme Olympique rejoindra Ath\u00e8nes, traversera la mer M\u00e9diterran\u00e9e pour arriver \u00e0 Marseille le 8 mai 2024 et poursuivre son parcours \u00e0 travers la France jusqu\u2019\u00e0 Paris pour marquer officiellement le d\u00e9but des jeux olympiques.<\/span><\/p>\n<p><span style=\"font-size: large;\">Le Mouvement de la Paix a choisi cette date du 16 avril 2024, date du d\u00e9part de la flamme olympique d\u2019Olympie pour Paris, pour rendre public un appel mondial et une p\u00e9tition mondiale pour qu\u2019ensemble les peuples du monde entier exigent des dirigeants du monde et des dirigeants de la France, \u00c9tat organisateur des jeux olympiques 2024, qu\u2019ils agissent avec d\u00e9termination pour la mise en place de la tr\u00eave olympique (1), adopt\u00e9e par une r\u00e9solution de l\u2019Assembl\u00e9e G\u00e9n\u00e9rale de l\u2019ONU le 21 Novembre 2023, pendant les Jeux olympiques et paralympiques de Paris 2024.<\/span><\/p>\n<p><span style=\"font-size: large;\">Si le Mouvement de la Paix se r\u00e9jouit de ce vote, il serait inconcevable qu\u2019il ne reste qu\u2019un v\u0153u pieu et que cette r\u00e9solution ne soit pas suivie d\u2019effets et d\u2019initiatives concr\u00e8tes de la part de chaque \u00c9tat.<\/span><\/p>\n<p><span style=\"font-size: large;\">L\u2019enjeu est de mobiliser les populations, les associations, les partis politiques, les \u00e9lues et les \u00e9lus, les syndicats, les sportives et sportifs, les artistes, \u00e9ducatrices, \u00e9ducateurs, du monde entier pour faire pression aupr\u00e8s des chefs d\u2019\u00c9tat, afin qu\u2019ils agissent pour que la tr\u00eave Olympique devienne une r\u00e9alit\u00e9.<\/span><\/p>\n<p><span style=\"font-size: large;\">Le Mouvement de la Paix remercie par avance toutes celles et ceux, organisations, citoyennes et citoyens de tout \u00e2ge qui en France et \u00e0 travers le monde feront conna\u00eetre par tous les moyens \u00e0 leur disposition cette campagne mondiale qui participera \u00e0 l\u2019\u00e9mergence d\u2019une insurrection des consciences pour avancer dans la construction d\u2019un monde de paix et d\u2019amiti\u00e9 entre les peuples.<\/span><\/p>\n<p><span style=\"font-size: large;\">Chacune et chacun l\u00e0 o\u00f9 il-elle est, peut agir pour contribuer \u00e0 faire que la belle id\u00e9e de l&rsquo;arr\u00eat des combats sur l&rsquo;ensemble de la plan\u00e8te, h\u00e9rit\u00e9e des premiers Jeux Olympiques en Gr\u00e8ce au 9\u00e8me si\u00e8cle avant JC, devienne une r\u00e9alit\u00e9 et contribue \u00e0 la construction d&rsquo;un monde pacifique et meilleur gr\u00e2ce au sport et \u00e0 l&rsquo;id\u00e9al olympique.<\/span><\/p>\n<p><span style=\"font-size: large;\">Ce m\u00eame jour le Mouvement de la Paix, pour avancer des propositions concr\u00e8tes et obtenir des actes politiques, demande en urgence une audience au pr\u00e9sident de la R\u00e9publique qui vient de d\u00e9clarer ce matin m\u00eame dans la presse r\u00e9gionale sa volont\u00e9 d\u2019agir pour une tr\u00eave olympique.<\/span><\/p>\n<p><span style=\"font-size: large;\">Le Mouvement de la Paix &#8211; Paris le 16 avril 2024<\/span><\/p>\n","protected":false},"excerpt":{"rendered":"<p>La premi\u00e8re torche du relais de la Flamme Olympique de Paris 2024 a \u00e9t\u00e9 allum\u00e9e le 16 avril 2024 lors d\u2019une c\u00e9r\u00e9monie \u00e0 Olympie, en Gr\u00e8ce, o\u00f9 se d\u00e9roulaient les Jeux antiques. Depuis le P\u00e9loponn\u00e8se, la Flamme Olympique rejoindra Ath\u00e8nes, traversera la mer M\u00e9diterran\u00e9e pour arriver \u00e0 Marseille le 8 mai 2024 et poursuivre son&hellip;&nbsp;<a href=\"https:\/\/www.brenne-au-coeur.com\/index.php\/2024\/04\/17\/arret-des-guerres-pendant-la-treve-olympique\/a-lire\/5564\/\" rel=\"bookmark\">Lire la suite&nbsp;&raquo;<span class=\"screen-reader-text\">Arr\u00eat des guerres pendant la tr\u00eave olympique&nbsp;!<\/span><\/a><\/p>\n","protected":false},"author":1,"featured_media":5565,"comment_status":"open","ping_status":"open","sticky":false,"template":"","format":"standard","meta":{"rop_custom_images_group":[],"rop_custom_messages_group":[],"rop_publish_now":"initial","rop_publish_now_accounts":[],"rop_publish_now_history":[],"rop_publish_now_status":"pending","_monsterinsights_skip_tracking":false,"_monsterinsights_sitenote_active":false,"_monsterinsights_sitenote_note":"","_monsterinsights_sitenote_category":0,"neve_meta_sidebar":"","neve_meta_container":"","neve_meta_enable_content_width":"off","neve_meta_content_width":70,"neve_meta_title_alignment":"","neve_meta_author_avatar":"","neve_post_elements_order":"","neve_meta_disable_header":"","neve_meta_disable_footer":"","neve_meta_disable_title":"","_jetpack_memberships_contains_paid_content":false,"footnotes":"","jetpack_publicize_message":"","jetpack_publicize_feature_enabled":true,"jetpack_social_post_already_shared":true,"jetpack_social_options":{"image_generator_settings":{"template":"highway","default_image_id":0,"font":"","enabled":false},"version":2}},"categories":[70],"tags":[125],"class_list":["post-5564","post","type-post","status-publish","format-standard","has-post-thumbnail","hentry","category-a-lire","tag-pacifisme"],"aioseo_notices":[],"jetpack_publicize_connections":[],"jetpack_featured_media_url":"https:\/\/www.brenne-au-coeur.com\/wp-content\/uploads\/2024\/04\/paix-16-04.jpeg","jetpack-related-posts":[],"jetpack_sharing_enabled":true,"_links":{"self":[{"href":"https:\/\/www.brenne-au-coeur.com\/index.php\/wp-json\/wp\/v2\/posts\/5564","targetHints":{"allow":["GET"]}}],"collection":[{"href":"https:\/\/www.brenne-au-coeur.com\/index.php\/wp-json\/wp\/v2\/posts"}],"about":[{"href":"https:\/\/www.brenne-au-coeur.com\/index.php\/wp-json\/wp\/v2\/types\/post"}],"author":[{"embeddable":true,"href":"https:\/\/www.brenne-au-coeur.com\/index.php\/wp-json\/wp\/v2\/users\/1"}],"replies":[{"embeddable":true,"href":"https:\/\/www.brenne-au-coeur.com\/index.php\/wp-json\/wp\/v2\/comments?post=5564"}],"version-history":[{"count":1,"href":"https:\/\/www.brenne-au-coeur.com\/index.php\/wp-json\/wp\/v2\/posts\/5564\/revisions"}],"predecessor-version":[{"id":5566,"href":"https:\/\/www.brenne-au-coeur.com\/index.php\/wp-json\/wp\/v2\/posts\/5564\/revisions\/5566"}],"wp:featuredmedia":[{"embeddable":true,"href":"https:\/\/www.brenne-au-coeur.com\/index.php\/wp-json\/wp\/v2\/media\/5565"}],"wp:attachment":[{"href":"https:\/\/www.brenne-au-coeur.com\/index.php\/wp-json\/wp\/v2\/media?parent=5564"}],"wp:term":[{"taxonomy":"category","embeddable":true,"href":"https:\/\/www.brenne-au-coeur.com\/index.php\/wp-json\/wp\/v2\/categories?post=5564"},{"taxonomy":"post_tag","embeddable":true,"href":"https:\/\/www.brenne-au-coeur.com\/index.php\/wp-json\/wp\/v2\/tags?post=5564"}],"curies":[{"name":"wp","href":"https:\/\/api.w.org\/{rel}","templated":true}]}}