{"id":5529,"date":"2024-04-07T17:10:32","date_gmt":"2024-04-07T15:10:32","guid":{"rendered":"https:\/\/www.brenne-au-coeur.com\/?p=5529"},"modified":"2024-04-07T17:10:32","modified_gmt":"2024-04-07T15:10:32","slug":"le-monde-de-la-culture-mobilise","status":"publish","type":"post","link":"https:\/\/www.brenne-au-coeur.com\/index.php\/2024\/04\/07\/le-monde-de-la-culture-mobilise\/a-lire\/5529\/","title":{"rendered":"Le monde de la culture mobilis\u00e9"},"content":{"rendered":"<p><span style=\"font-size: large;\"><a href=\"https:\/\/www.brenne-au-coeur.com\/wp-content\/uploads\/2024\/04\/culture4.jpg\" rel=\"lightbox[5529]\"><img loading=\"lazy\" decoding=\"async\" class=\"alignleft wp-image-5534 size-medium\" src=\"https:\/\/www.brenne-au-coeur.com\/wp-content\/uploads\/2024\/04\/culture4-300x225.jpg\" alt=\"\" width=\"300\" height=\"225\" srcset=\"https:\/\/www.brenne-au-coeur.com\/wp-content\/uploads\/2024\/04\/culture4-300x225.jpg 300w, https:\/\/www.brenne-au-coeur.com\/wp-content\/uploads\/2024\/04\/culture4-150x113.jpg 150w, https:\/\/www.brenne-au-coeur.com\/wp-content\/uploads\/2024\/04\/culture4-768x576.jpg 768w, https:\/\/www.brenne-au-coeur.com\/wp-content\/uploads\/2024\/04\/culture4.jpg 800w\" sizes=\"auto, (max-width: 300px) 100vw, 300px\" \/><\/a>Le 13 mars 2024, l\u2019ensemble des organisations employeurs et salari\u00e9s de la branche publique du spectacle vivant ont sign\u00e9 une d\u00e9claration commune. Pour d\u00e9noncer avec force les coupes budg\u00e9taires sans pr\u00e9c\u00e9dent impos\u00e9es au minist\u00e8re de la culture, exiger une r\u00e9ponse \u00e0 leurs trois revendications prioritaires.<\/span><\/p>\n<p><span style=\"font-size: large;\">Voici le texte de cette d\u00e9claration, publi\u00e9e par nos amis de \u00ab\u00a0<a href=\"https:\/\/chantiersdeculture.com\/2024\/04\/07\/la-culture-en-coupe-reglee\/\">Chantiers de culture<\/a>\u00a0\u00bb<\/span><\/p>\n<p><span style=\"font-size: large;\">Par les coupes budg\u00e9taires massives que Bruno Le Maire a annonc\u00e9es, le Gouvernement porte une attaque sans pr\u00e9c\u00e9dent \u00e0 l\u2019encontre des services publics au d\u00e9triment de l\u2019int\u00e9r\u00eat g\u00e9n\u00e9ral. Car ce sont bien eux qui sont les victimes des arbitrages rendus, loin du Parlement pourtant charg\u00e9 de voter les lois de finances ou leurs corollaires rectificatifs. \u201cPortant annulation de cr\u00e9dits\u201d, le d\u00e9cret publi\u00e9 au journal officiel du 22 f\u00e9vrier dernier offre une liste \u00e9difiante des abandons ainsi d\u00e9cid\u00e9s sous l\u2019aune d\u2019une aust\u00e9rit\u00e9 budg\u00e9taire qu\u2019une politique d\u2019imp\u00f4ts justes et efficaces auraient permis d\u2019emp\u00eacher. Les d\u00e9clarations par voie de presse du 7 mars dernier, du m\u00eame ministre de l\u2019Economie et des finances, confirment que les coupes de f\u00e9vrier ne sont qu\u2019une premi\u00e8re \u00e9tape. <\/span><\/p>\n<p><span style=\"font-size: large;\">Les organisations de salari\u00e9s et d\u2019employeurs membres de la branche des entreprises artistiques et culturelles, ont d\u00e9couvert ces annonces avec effroi. En effet, le service public des arts et de la culture que nous repr\u00e9sentons ensemble est touch\u00e9 par cette premi\u00e8re vague \u201cd\u2019annulation de cr\u00e9dits\u201d d\u2019un niveau de plus de 202 millions d\u2019euros, dont pr\u00e8s de 96 millions visent directement le programme de la cr\u00e9ation artistique. Ce niveau de coupes budg\u00e9taires est absolument in\u00e9dit et menace l\u2019ensemble de l\u2019\u00e9cosyst\u00e8me d\u00e9j\u00e0 largement d\u00e9stabilis\u00e9 par les effets de la sortie complexe de la crise sanitaire, et des crises inflationniste et \u00e9nerg\u00e9tiques plus r\u00e9centes. <\/span><\/p>\n<p><span style=\"font-size: large;\"><a href=\"https:\/\/www.brenne-au-coeur.com\/wp-content\/uploads\/2024\/04\/culture1.jpg\" rel=\"lightbox[5529]\"><img loading=\"lazy\" decoding=\"async\" class=\"alignright wp-image-5535 size-medium\" src=\"https:\/\/www.brenne-au-coeur.com\/wp-content\/uploads\/2024\/04\/culture1-300x200.jpg\" alt=\"\" width=\"300\" height=\"200\" srcset=\"https:\/\/www.brenne-au-coeur.com\/wp-content\/uploads\/2024\/04\/culture1-300x200.jpg 300w, https:\/\/www.brenne-au-coeur.com\/wp-content\/uploads\/2024\/04\/culture1-150x100.jpg 150w, https:\/\/www.brenne-au-coeur.com\/wp-content\/uploads\/2024\/04\/culture1-768x512.jpg 768w, https:\/\/www.brenne-au-coeur.com\/wp-content\/uploads\/2024\/04\/culture1-930x620.jpg 930w, https:\/\/www.brenne-au-coeur.com\/wp-content\/uploads\/2024\/04\/culture1-272x182.jpg 272w, https:\/\/www.brenne-au-coeur.com\/wp-content\/uploads\/2024\/04\/culture1.jpg 960w\" sizes=\"auto, (max-width: 300px) 100vw, 300px\" \/><\/a>Concr\u00e8tement, alors que nous \u00e9tions en train de travailler \u00e0 notre n\u00e9gociation annuelle obligatoire des salaires de la branche du spectacle vivant public, cette n\u00e9gociation est momentan\u00e9ment interrompue. Le d\u00e9ficit financier qui est en train de se construire rend l\u2019accord difficile \u00e0 atteindre assur\u00e9ment car non financ\u00e9. Pourtant les demandes l\u00e9gitimes des salari\u00e9s devront obtenir une r\u00e9ponse et donc les hausses de salaires risquent de se faire aux d\u00e9pens de l\u2019activit\u00e9 artistique elle-m\u00eame et du volume d\u2019emploi, car pour beaucoup de structures les d\u00e9s\u00e9quilibres \u00e9conomiques provoquent des licenciements voire des liquidations d\u2019entreprises. Nous refusons de poursuivre dans cette voie mortif\u00e8re. <\/span><\/p>\n<p><span style=\"font-size: large;\">Concr\u00e8tement, l\u2019activit\u00e9 artistique est en berne, les \u00e9quipes artistiques ne peuvent plus produire, les coproducteurs et les diffuseurs voient le disponible pour l\u2019activit\u00e9 artistique fondre comme neige au soleil. Un plan social \u00e0 bas bruit est en \u0153uvre. Des milliers d\u2019emplois sont directement menac\u00e9s dans le silence assourdissant des \u00e9lus de la nation. Nous ne pouvons pas l\u2019accepter sans rien dire. Nous ne pouvons pas par ailleurs laisser dire que l\u2019affaire est r\u00e9gl\u00e9e par des astuces budg\u00e9taires, car nous sommes solidaires de tout l\u2019\u00e9cosyst\u00e8me&nbsp;: toute coupe dans le programme 131 impacte directement ou indirectement nos adh\u00e9rents et adh\u00e9rentes. Nous resterons solidaires et d\u00e9termin\u00e9s \u00e0 emp\u00eacher ces mesures gravissimes.<\/span><\/p>\n<p><span style=\"font-size: large;\"><a href=\"https:\/\/www.brenne-au-coeur.com\/wp-content\/uploads\/2024\/04\/culture.jpeg\" rel=\"lightbox[5529]\"><img loading=\"lazy\" decoding=\"async\" class=\"alignleft wp-image-5530 size-medium\" src=\"https:\/\/www.brenne-au-coeur.com\/wp-content\/uploads\/2024\/04\/culture-300x200.jpeg\" alt=\"\" width=\"300\" height=\"200\" srcset=\"https:\/\/www.brenne-au-coeur.com\/wp-content\/uploads\/2024\/04\/culture-300x200.jpeg 300w, https:\/\/www.brenne-au-coeur.com\/wp-content\/uploads\/2024\/04\/culture-150x100.jpeg 150w, https:\/\/www.brenne-au-coeur.com\/wp-content\/uploads\/2024\/04\/culture-768x512.jpeg 768w, https:\/\/www.brenne-au-coeur.com\/wp-content\/uploads\/2024\/04\/culture-930x620.jpeg 930w, https:\/\/www.brenne-au-coeur.com\/wp-content\/uploads\/2024\/04\/culture-272x182.jpeg 272w, https:\/\/www.brenne-au-coeur.com\/wp-content\/uploads\/2024\/04\/culture.jpeg 1024w\" sizes=\"auto, (max-width: 300px) 100vw, 300px\" \/><\/a>Concr\u00e8tement, le plan \u00ab&nbsp;mieux produire mieux diffuser&nbsp;\u00bb sur lequel tous et toutes avons d\u00e9nonc\u00e9 une mise en \u0153uvre chaotique et au-del\u00e0 une logique de concentration dangereuse pour la diversit\u00e9 artistique, ne pourra pas se d\u00e9ployer dans ce contexte nonobstant le maintien de cette ligne budg\u00e9taire. Comment en effet chercher \u00e0 \u00ab&nbsp;mieux&nbsp;\u00bb produire ou \u00ab&nbsp;mieux&nbsp;\u00bb diffuser, quand plus personne ne parvient \u00e0 produire ni \u00e0 diffuser dans des conditions d\u00e9centes&nbsp;? Concr\u00e8tement, le Pass culture est totalement \u00e9pargn\u00e9 des efforts de r\u00e9gulation alors m\u00eame que la masse budg\u00e9taire non consomm\u00e9e en 2023 est importante. Nous en contestons tous et toutes le mod\u00e8le de soutien \u00e0 la seule demande, et continuons de d\u00e9noncer le niveau de financement public qui devrait constituer la premi\u00e8re piste de red\u00e9ploiement dans ce contexte budg\u00e9taire. <\/span><\/p>\n<p><span style=\"font-size: large;\">L\u2019attaque est tellement forte que notre conviction est de rassembler tous les op\u00e9rateurs des services publics ainsi mis en cause&nbsp;: car cette politique ne vise pas seulement la culture, elle vise aussi l\u2019\u00e9ducation nationale, la recherche, la transition \u00e9cologique dans des proportions totalement invraisemblables, les collectivit\u00e9s territoriales, pour ne citer que les services publics indissociablement li\u00e9s \u00e0 la politique culturelle. Mais la sant\u00e9, le logement, la politique de la ville, les affaires \u00e9trang\u00e8res et tant d\u2019autres encore, sont aussi impact\u00e9es. <\/span><\/p>\n<p><span style=\"font-size: large;\"><a href=\"https:\/\/www.brenne-au-coeur.com\/wp-content\/uploads\/2024\/04\/culture-pour-tous.jpg\" rel=\"lightbox[5529]\"><img loading=\"lazy\" decoding=\"async\" class=\"alignright wp-image-5533 size-medium\" src=\"https:\/\/www.brenne-au-coeur.com\/wp-content\/uploads\/2024\/04\/culture-pour-tous-300x112.jpg\" alt=\"\" width=\"300\" height=\"112\" srcset=\"https:\/\/www.brenne-au-coeur.com\/wp-content\/uploads\/2024\/04\/culture-pour-tous-300x112.jpg 300w, https:\/\/www.brenne-au-coeur.com\/wp-content\/uploads\/2024\/04\/culture-pour-tous-150x56.jpg 150w, https:\/\/www.brenne-au-coeur.com\/wp-content\/uploads\/2024\/04\/culture-pour-tous-768x286.jpg 768w, https:\/\/www.brenne-au-coeur.com\/wp-content\/uploads\/2024\/04\/culture-pour-tous.jpg 850w\" sizes=\"auto, (max-width: 300px) 100vw, 300px\" \/><\/a>Bruno Le Maire, premier comptable de ces d\u00e9cisions, r\u00e9p\u00e8te \u00e0 l\u2019envie le tabou gouvernemental contre tout nouvel imp\u00f4t alors que les entreprises du CAC 40 affichent de nouveaux records de profits. Pendant ce temps-l\u00e0, le Premier ministre parasite les n\u00e9gociations des partenaires sociaux sur l\u2019assurance ch\u00f4mage. Le ministre de l\u2019Economie et des finances exprime m\u00eame son souhait d\u00e9finitif de la fin du paritarisme social, et menace une nouvelle fois de s\u2019en prendre \u00e0 celles et ceux qui, dans notre pays, se trouvent priv\u00e9s d\u2019emploi. La mise en cause directe du paritarisme est une ligne rouge extr\u00eamement importante pour nos organisations respectives. Nous appelons d\u2019ailleurs \u00e0 ce que l\u2019accord que nous avons sign\u00e9 le 27 octobre dernier dans le cadre des n\u00e9gociations sur l\u2019assurance ch\u00f4mage, soit repris par le Gouvernement.<\/span><\/p>\n<p><span style=\"font-size: large;\">Le renoncement social et \u00e9cologique de ce Gouvernement est hors de proportion. Nous ne l\u2019acceptons plus. Tous et toutes, nous allons nous organiser pour que nos compatriotes mesurent les enjeux de ce qui est en train de se passer. Des \u00e9lections ont lieu d\u2019ici trois mois, c\u2019est une bonne occasion de faire passer des messages. Nos salles de spectacles, de concert, d\u2019op\u00e9ra, nos pistes de cirque et tous les espaces de diffusion des cr\u00e9ations artistiques sont pleines d\u2019\u00e9lecteurs et \u00e9lectrices, nous allons nous adresser \u00e0 eux. <\/span><\/p>\n<p><span style=\"font-size: large;\"><a href=\"https:\/\/www.brenne-au-coeur.com\/wp-content\/uploads\/2024\/04\/culture2.jpeg\" rel=\"lightbox[5529]\"><img loading=\"lazy\" decoding=\"async\" class=\"alignleft wp-image-5531 size-medium\" src=\"https:\/\/www.brenne-au-coeur.com\/wp-content\/uploads\/2024\/04\/culture2-300x160.jpeg\" alt=\"\" width=\"300\" height=\"160\" srcset=\"https:\/\/www.brenne-au-coeur.com\/wp-content\/uploads\/2024\/04\/culture2-300x160.jpeg 300w, https:\/\/www.brenne-au-coeur.com\/wp-content\/uploads\/2024\/04\/culture2-150x80.jpeg 150w, https:\/\/www.brenne-au-coeur.com\/wp-content\/uploads\/2024\/04\/culture2-768x409.jpeg 768w, https:\/\/www.brenne-au-coeur.com\/wp-content\/uploads\/2024\/04\/culture2.jpeg 845w\" sizes=\"auto, (max-width: 300px) 100vw, 300px\" \/><\/a>Nous portons ensemble trois revendications pr\u00e9cises et urgentes&nbsp;:<\/span><\/p>\n<p><span style=\"font-size: large;\">&#8211; le renoncement aux coupes budg\u00e9taires annonc\u00e9es sur le programme 131<\/span><\/p>\n<p><span style=\"font-size: large;\">&#8211; le refinancement du service public de la culture, des \u00e9quipes artistiques et lieux ind\u00e9pendants, qui \u0153uvrent pour l\u2019int\u00e9r\u00eat g\u00e9n\u00e9ral et de la pr\u00e9servation des emplois, par une mobilisation conjointe des partenaires publics<\/span><\/p>\n<p><span style=\"font-size: large;\">&#8211; la mobilisation du minist\u00e8re de la culture en faveur de la sauvegarde du r\u00e9gime de l\u2019intermittence du spectacle<\/span><\/p>\n<p><span style=\"font-size: large;\">Les signataires&nbsp;:<\/span><\/p>\n<p><span style=\"font-size: large;\">LA CGT SPECTACLE \u2013 F\u00e9d\u00e9ration nationale des syndicats du spectacle, du cin\u00e9ma, de l\u2019audiovisuel et de l\u2019action culturelle CGT. F3C CFDT \u2013 Communication Conseil Culture CFDT. FNAR \u2013 F\u00e9d\u00e9ration nationale des Arts de la rue. FSICPA \u2013 F\u00e9d\u00e9ration des structures ind\u00e9pendantes de cr\u00e9ation et de production artistiques \/ SYNAVI \u2013 Syndicat National des Arts Vivants \/ SCC \u2013 Syndicat des cirques et compagnies de cr\u00e9ation. LES FORCES MUSICALES \u2013 Syndicat professionnel des Op\u00e9ras, Orchestres et Festivals lyriques. PROFEDIM \u2013 Syndicat professionnel des Producteurs, Festivals, Ensembles, Diffuseurs Ind\u00e9pendants de Musique. SFA CGT \u2013 Syndicat Fran\u00e7ais des Artistes-interpr\u00e8tes. SMA \u2013 Syndicat des Musiques Actuelles. SNAM CGT \u2013 Union Nationale des Syndicats d\u2019Artistes Musiciens (Enseignants et Interpr\u00e8tes) de France CGT. SNAPAC \u2013 CFDT \u2013 Syndicat national des Artistes et des Professionnels de l\u2019animation, du Sport et de la Culture. SNMS CGT \u2013 Syndicat National des Metteuses et Metteurs en Sc\u00e8ne. SNSP \u2013 Syndicat National des Sc\u00e8nes publiques. SUD \u2013 Culture \u2013 Syndicat \u00ab&nbsp;Solidaires, Unitaires et D\u00e9mocratiques&nbsp;\u00bb de la Culture. SYNDEAC \u2013 Syndicat national des entreprises artistiques et culturelles. SYNPTAC CGT \u2013 Syndicat National des Professionnel\u00b7le\u00b7s du Th\u00e9\u00e2tre et des Activit\u00e9s Culturelles.<\/span><\/p>\n","protected":false},"excerpt":{"rendered":"<p>Le 13 mars 2024, l\u2019ensemble des organisations employeurs et salari\u00e9s de la branche publique du spectacle vivant ont sign\u00e9 une d\u00e9claration commune. Pour d\u00e9noncer avec force les coupes budg\u00e9taires sans pr\u00e9c\u00e9dent impos\u00e9es au minist\u00e8re de la culture, exiger une r\u00e9ponse \u00e0 leurs trois revendications prioritaires. Voici le texte de cette d\u00e9claration, publi\u00e9e par nos amis&hellip;&nbsp;<a href=\"https:\/\/www.brenne-au-coeur.com\/index.php\/2024\/04\/07\/le-monde-de-la-culture-mobilise\/a-lire\/5529\/\" rel=\"bookmark\">Lire la suite&nbsp;&raquo;<span class=\"screen-reader-text\">Le monde de la culture mobilis\u00e9<\/span><\/a><\/p>\n","protected":false},"author":1,"featured_media":5532,"comment_status":"open","ping_status":"open","sticky":false,"template":"","format":"standard","meta":{"rop_custom_images_group":[],"rop_custom_messages_group":[],"rop_publish_now":"initial","rop_publish_now_accounts":[],"rop_publish_now_history":[],"rop_publish_now_status":"pending","_monsterinsights_skip_tracking":false,"_monsterinsights_sitenote_active":false,"_monsterinsights_sitenote_note":"","_monsterinsights_sitenote_category":0,"neve_meta_sidebar":"","neve_meta_container":"","neve_meta_enable_content_width":"off","neve_meta_content_width":70,"neve_meta_title_alignment":"","neve_meta_author_avatar":"","neve_post_elements_order":"","neve_meta_disable_header":"","neve_meta_disable_footer":"","neve_meta_disable_title":"","_jetpack_memberships_contains_paid_content":false,"footnotes":"","jetpack_publicize_message":"","jetpack_publicize_feature_enabled":true,"jetpack_social_post_already_shared":true,"jetpack_social_options":{"image_generator_settings":{"template":"highway","default_image_id":0,"font":"","enabled":false},"version":2}},"categories":[70],"tags":[34],"class_list":["post-5529","post","type-post","status-publish","format-standard","has-post-thumbnail","hentry","category-a-lire","tag-culture"],"aioseo_notices":[],"jetpack_publicize_connections":[],"jetpack_featured_media_url":"https:\/\/www.brenne-au-coeur.com\/wp-content\/uploads\/2024\/04\/culture3.jpeg","jetpack-related-posts":[],"jetpack_sharing_enabled":true,"_links":{"self":[{"href":"https:\/\/www.brenne-au-coeur.com\/index.php\/wp-json\/wp\/v2\/posts\/5529","targetHints":{"allow":["GET"]}}],"collection":[{"href":"https:\/\/www.brenne-au-coeur.com\/index.php\/wp-json\/wp\/v2\/posts"}],"about":[{"href":"https:\/\/www.brenne-au-coeur.com\/index.php\/wp-json\/wp\/v2\/types\/post"}],"author":[{"embeddable":true,"href":"https:\/\/www.brenne-au-coeur.com\/index.php\/wp-json\/wp\/v2\/users\/1"}],"replies":[{"embeddable":true,"href":"https:\/\/www.brenne-au-coeur.com\/index.php\/wp-json\/wp\/v2\/comments?post=5529"}],"version-history":[{"count":1,"href":"https:\/\/www.brenne-au-coeur.com\/index.php\/wp-json\/wp\/v2\/posts\/5529\/revisions"}],"predecessor-version":[{"id":5536,"href":"https:\/\/www.brenne-au-coeur.com\/index.php\/wp-json\/wp\/v2\/posts\/5529\/revisions\/5536"}],"wp:featuredmedia":[{"embeddable":true,"href":"https:\/\/www.brenne-au-coeur.com\/index.php\/wp-json\/wp\/v2\/media\/5532"}],"wp:attachment":[{"href":"https:\/\/www.brenne-au-coeur.com\/index.php\/wp-json\/wp\/v2\/media?parent=5529"}],"wp:term":[{"taxonomy":"category","embeddable":true,"href":"https:\/\/www.brenne-au-coeur.com\/index.php\/wp-json\/wp\/v2\/categories?post=5529"},{"taxonomy":"post_tag","embeddable":true,"href":"https:\/\/www.brenne-au-coeur.com\/index.php\/wp-json\/wp\/v2\/tags?post=5529"}],"curies":[{"name":"wp","href":"https:\/\/api.w.org\/{rel}","templated":true}]}}