{"id":5517,"date":"2024-04-03T15:52:12","date_gmt":"2024-04-03T13:52:12","guid":{"rendered":"https:\/\/www.brenne-au-coeur.com\/?p=5517"},"modified":"2024-04-03T15:52:12","modified_gmt":"2024-04-03T13:52:12","slug":"goliath-a-mezieres","status":"publish","type":"post","link":"https:\/\/www.brenne-au-coeur.com\/index.php\/2024\/04\/03\/goliath-a-mezieres\/communes\/mezieres-en-brenne\/5517\/","title":{"rendered":"Goliath \u00e0 M\u00e9zi\u00e8res"},"content":{"rendered":"<p><span style=\"font-size: large;\">Le groupe <a href=\"https:\/\/www.facebook.com\/goliathtriochanson\/?paipv=0&amp;eav=AfYeCYScI1DpjAruVEy5t7Su9bj0i3jBCuqH85smEHjO_MYDBG9QLq1eh3iMmMvF4NQ&amp;_rdr\">Goliath<\/a> se produira en concert samedi 6 avril \u00e0 20h30, \u00e0 la salle des f\u00eates de M\u00e9zi\u00e8res. Un spectacle pr\u00e9sent\u00e9 peu de temps apr\u00e8s la sortie de leur album l\u2019\u00c9mancip\u00e9. Un \u00e9v\u00e9nement pr\u00e9sent\u00e9 sur France 3 en fin d\u2019ann\u00e9e 2023.<\/span><\/p>\n<p><span style=\"font-size: large;\"><i>\u00ab\u00a0Le groupe indrien Goliath vient tout juste de sortir son premier album l&rsquo;\u00c9mancip\u00e9e. Un trio compos\u00e9 de Sandra Bourbonnais et de Marie Cosset, amies depuis l&rsquo;enfance et complices dans leurs jeux d&rsquo;\u00e9criture. En 2019, Pierre, le fr\u00e8re de Marie, multi-instrumentiste, a rejoint le duo. Il est devenu un maillon essentiel dans l&rsquo;\u00e9volution de Goliath.<\/i><\/span><\/p>\n<p><span style=\"font-size: large;\"><i>D\u00e9couvrir Goliath dans leur actualit\u00e9, c&rsquo;est une rencontre avec leur album L&rsquo;\u00c9mancip\u00e9e, disponible depuis le 14 octobre. Le visuel compos\u00e9 par Julien Anthonady est a\u00e9rien et onirique. Sur fond rouge, couleur du vivant, le trio en apesanteur, t\u00eate en bas s&rsquo;\u00e9lance vers une triade de nuages. Une invitation dans un paysage de libert\u00e9 en \u00e9cho aux messages port\u00e9s par la musique et les textes. Un juste \u00e9quilibre entre l\u00e9g\u00e8ret\u00e9 et profondeur. Douze titres, douze histoires&nbsp;: Sauvage, L&rsquo;\u00c9mancip\u00e9e, Piano Soul, Caresse, Au-del\u00e0, Ainsi fait, Folle, Soldat, Le Veau d&rsquo;or, Les bras immenses, Louisa, L&rsquo;Aube. Douze textes dans un carnet choisi, un objet qui compte pour qui conna\u00eet la valeur des mots, le travail cisel\u00e9, le don de soi qu&rsquo;ils portent en eux.\u00a0\u00bb<\/i><\/span><\/p>\n<div class=\"nv-iframe-embed\"><div class=\"lyte-wrapper fourthree\" title=\"Goliath - L&amp;#039;&eacute;mancip&eacute;e [live session]\" style=\"width:420px;max-width:100%;margin:5px auto;\"><div class=\"lyMe hidef\" id=\"WYL_NANyh7EarDo\" itemprop=\"video\" itemscope itemtype=\"https:\/\/schema.org\/VideoObject\"><div><meta itemprop=\"thumbnailUrl\" content=\"https:\/\/www.brenne-au-coeur.com\/wp-content\/plugins\/wp-youtube-lyte\/lyteCache.php?origThumbUrl=https%3A%2F%2Fi.ytimg.com%2Fvi%2FNANyh7EarDo%2Fmaxresdefault.jpg\" \/><meta itemprop=\"embedURL\" content=\"https:\/\/www.youtube.com\/embed\/NANyh7EarDo\" \/><meta itemprop=\"duration\" content=\"PT4M23S\" \/><meta itemprop=\"uploadDate\" content=\"2023-10-01T15:30:05Z\" \/><\/div><meta itemprop=\"accessibilityFeature\" content=\"captions\" \/><div id=\"lyte_NANyh7EarDo\" data-src=\"https:\/\/www.brenne-au-coeur.com\/wp-content\/plugins\/wp-youtube-lyte\/lyteCache.php?origThumbUrl=https%3A%2F%2Fi.ytimg.com%2Fvi%2FNANyh7EarDo%2Fmaxresdefault.jpg\" class=\"pL\"><div class=\"tC\"><div class=\"tT\" itemprop=\"name\">Goliath - L&#039;\u00e9mancip\u00e9e [live session]<\/div><\/div><div class=\"play\"><\/div><div class=\"ctrl\"><div class=\"Lctrl\"><\/div><div class=\"Rctrl\"><\/div><\/div><\/div><noscript><a href=\"https:\/\/youtu.be\/NANyh7EarDo\" rel=\"nofollow\"><img loading=\"lazy\" decoding=\"async\" src=\"https:\/\/www.brenne-au-coeur.com\/wp-content\/plugins\/wp-youtube-lyte\/lyteCache.php?origThumbUrl=https%3A%2F%2Fi.ytimg.com%2Fvi%2FNANyh7EarDo%2F0.jpg\" alt=\"Goliath - L&amp;#039;&eacute;mancip&eacute;e [live session]\" width=\"420\" height=\"295\" \/><br \/>Lire cette vid\u00e9o sur YouTube<\/a><\/noscript><meta itemprop=\"description\" content=\"Avec Marie Cosset, Sandra Bourbonnais, Pierre Cosset Image : Julien Athonady Son : Louis Lagrill\u00e8re \/ Studio Septi\u00e8me sens Live session enregistr\u00e9 \u00e0 Bouesse\"><\/div><\/div><div class=\"lL\" style=\"max-width:100%;width:420px;margin:5px auto;\"><\/div><\/div>\n","protected":false},"excerpt":{"rendered":"<p>Le groupe Goliath se produira en concert samedi 6 avril \u00e0 20h30, \u00e0 la salle des f\u00eates de M\u00e9zi\u00e8res. Un spectacle pr\u00e9sent\u00e9 peu de temps apr\u00e8s la sortie de leur album l\u2019\u00c9mancip\u00e9. Un \u00e9v\u00e9nement pr\u00e9sent\u00e9 sur France 3 en fin d\u2019ann\u00e9e 2023. \u00ab\u00a0Le groupe indrien Goliath vient tout juste de sortir son premier album l&rsquo;\u00c9mancip\u00e9e.&hellip;&nbsp;<a href=\"https:\/\/www.brenne-au-coeur.com\/index.php\/2024\/04\/03\/goliath-a-mezieres\/communes\/mezieres-en-brenne\/5517\/\" rel=\"bookmark\">Lire la suite&nbsp;&raquo;<span class=\"screen-reader-text\">Goliath \u00e0 M\u00e9zi\u00e8res<\/span><\/a><\/p>\n","protected":false},"author":1,"featured_media":5518,"comment_status":"open","ping_status":"open","sticky":false,"template":"","format":"standard","meta":{"rop_custom_images_group":[],"rop_custom_messages_group":[],"rop_publish_now":"initial","rop_publish_now_accounts":[],"rop_publish_now_history":[],"rop_publish_now_status":"pending","_monsterinsights_skip_tracking":false,"_monsterinsights_sitenote_active":false,"_monsterinsights_sitenote_note":"","_monsterinsights_sitenote_category":0,"neve_meta_sidebar":"","neve_meta_container":"","neve_meta_enable_content_width":"off","neve_meta_content_width":70,"neve_meta_title_alignment":"","neve_meta_author_avatar":"","neve_post_elements_order":"","neve_meta_disable_header":"","neve_meta_disable_footer":"","neve_meta_disable_title":"","_jetpack_memberships_contains_paid_content":false,"footnotes":"","jetpack_publicize_message":"","jetpack_publicize_feature_enabled":true,"jetpack_social_post_already_shared":true,"jetpack_social_options":{"image_generator_settings":{"template":"highway","default_image_id":0,"font":"","enabled":false},"version":2}},"categories":[12],"tags":[104,64],"class_list":["post-5517","post","type-post","status-publish","format-standard","has-post-thumbnail","hentry","category-mezieres-en-brenne","tag-chansons","tag-concert"],"aioseo_notices":[],"jetpack_publicize_connections":[],"jetpack_featured_media_url":"https:\/\/www.brenne-au-coeur.com\/wp-content\/uploads\/2024\/04\/Affiche-concert.jpg","jetpack-related-posts":[],"jetpack_sharing_enabled":true,"_links":{"self":[{"href":"https:\/\/www.brenne-au-coeur.com\/index.php\/wp-json\/wp\/v2\/posts\/5517","targetHints":{"allow":["GET"]}}],"collection":[{"href":"https:\/\/www.brenne-au-coeur.com\/index.php\/wp-json\/wp\/v2\/posts"}],"about":[{"href":"https:\/\/www.brenne-au-coeur.com\/index.php\/wp-json\/wp\/v2\/types\/post"}],"author":[{"embeddable":true,"href":"https:\/\/www.brenne-au-coeur.com\/index.php\/wp-json\/wp\/v2\/users\/1"}],"replies":[{"embeddable":true,"href":"https:\/\/www.brenne-au-coeur.com\/index.php\/wp-json\/wp\/v2\/comments?post=5517"}],"version-history":[{"count":1,"href":"https:\/\/www.brenne-au-coeur.com\/index.php\/wp-json\/wp\/v2\/posts\/5517\/revisions"}],"predecessor-version":[{"id":5519,"href":"https:\/\/www.brenne-au-coeur.com\/index.php\/wp-json\/wp\/v2\/posts\/5517\/revisions\/5519"}],"wp:featuredmedia":[{"embeddable":true,"href":"https:\/\/www.brenne-au-coeur.com\/index.php\/wp-json\/wp\/v2\/media\/5518"}],"wp:attachment":[{"href":"https:\/\/www.brenne-au-coeur.com\/index.php\/wp-json\/wp\/v2\/media?parent=5517"}],"wp:term":[{"taxonomy":"category","embeddable":true,"href":"https:\/\/www.brenne-au-coeur.com\/index.php\/wp-json\/wp\/v2\/categories?post=5517"},{"taxonomy":"post_tag","embeddable":true,"href":"https:\/\/www.brenne-au-coeur.com\/index.php\/wp-json\/wp\/v2\/tags?post=5517"}],"curies":[{"name":"wp","href":"https:\/\/api.w.org\/{rel}","templated":true}]}}