{"id":5511,"date":"2024-04-02T13:11:26","date_gmt":"2024-04-02T11:11:26","guid":{"rendered":"https:\/\/www.brenne-au-coeur.com\/?p=5511"},"modified":"2024-04-02T13:20:44","modified_gmt":"2024-04-02T11:20:44","slug":"lakme","status":"publish","type":"post","link":"https:\/\/www.brenne-au-coeur.com\/index.php\/2024\/04\/02\/lakme\/jaugette\/5511\/","title":{"rendered":"Lakm\u00e9 s&rsquo;invite pr\u00e8s de chez nous"},"content":{"rendered":"<p><span style=\"font-size: large;\">Le 19 avril, \u00e0 19h30 au Centre culturel Jean B\u00e9nard \u00e0 Buzan\u00e7ais et le 20 avril \u00e0 17h au Manoir de Jaugette sera interpr\u00e9t\u00e9 l\u2019op\u00e9ra Lakm\u00e9 de L\u00e9o Delibes. Il sera donn\u00e9 ici dans une version condens\u00e9e reprenant les airs les plus connus de l\u2019oeuvre et comment\u00e9 de mani\u00e8re ludique pour toucher tous les publics.<\/span><\/p>\n<p><span style=\"font-size: large;\">Donnant la part belle au r\u00f4le-titre \u00e9crit pour une soprano colorature d\u2019extr\u00eame virtuosit\u00e9, ces soir\u00e9es verront s\u2019\u00e9panouir deux des meilleurs talents d\u00e9couverts par le CALM, la britannique Rachel Duckett et le t\u00e9nor fran\u00e7ais Rapha\u00ebl Jardin, tous deux chantant aux c\u00f4t\u00e9s de leur professeur Andr\u00e9 COGNET, baryton de notori\u00e9t\u00e9 internationale, dans le r\u00f4le de Nilakantha.<\/span><\/p>\n<p><span style=\"font-size: large;\">C\u2019est Elizabeth Vidal, soprano m\u00e9diatique et notamment jur\u00e9e de l\u2019\u00e9mission Prodiges sur France 2, qui pr\u00e9sentera les soir\u00e9es. Un pur moment de po\u00e9sie et d\u2019exotisme <\/span><\/p>\n<p><span style=\"font-size: large;\">L\u2019\u0153uvre musicale de Delibes a \u00e9t\u00e9 cr\u00e9\u00e9e le 14 avril 1883 \u00e0 l\u2019Op\u00e9ra Comique \u00e0 Paris, devant Meilhac et Hal\u00e9vy (librettistes de Carmen de Bizet) notamment.<\/span><\/p>\n<p><span style=\"font-size: large;\">Le livret de Lakm\u00e9 a \u00e9t\u00e9 r\u00e9dig\u00e9 par Edmond Gondinet et Philippe Gille. Il est inspir\u00e9 de la nouvelle Le Mariage de Loti (Rarahu) \u00e9crite par Pierre Loti \u00e0 la suite d\u2019un voyage \u00e0 Tahiti. Pourtant, \u00e0 part le cadre orientalisant, Le Mariage de Loti ne semble pas entretenir de liens \u00e9vidents avec l\u2019argument de Lakm\u00e9. De r\u00e9centes recherches \u00e9voquent d\u2019autres sources probables et notamment Les Babouches du Brahmane, sc\u00e8ne de la vie anglo-hindoue, un r\u00e9cit publi\u00e9 en 1853 par Th\u00e9odore Pavie dans son ouvrage Sc\u00e8nes et r\u00e9cits des pays d\u2019outre-mer.<\/span><\/p>\n<div class=\"nv-iframe-embed\"><div class=\"lyte-wrapper fourthree\" title=\"Lakm&eacute; : la bande annonce\" style=\"width:420px;max-width:100%;margin:5px auto;\"><div class=\"lyMe hidef\" id=\"WYL_aubDcYACelk\" itemprop=\"video\" itemscope itemtype=\"https:\/\/schema.org\/VideoObject\"><div><meta itemprop=\"thumbnailUrl\" content=\"https:\/\/www.brenne-au-coeur.com\/wp-content\/plugins\/wp-youtube-lyte\/lyteCache.php?origThumbUrl=https%3A%2F%2Fi.ytimg.com%2Fvi%2FaubDcYACelk%2Fmaxresdefault.jpg\" \/><meta itemprop=\"embedURL\" content=\"https:\/\/www.youtube.com\/embed\/aubDcYACelk\" \/><meta itemprop=\"duration\" content=\"PT4M8S\" \/><meta itemprop=\"uploadDate\" content=\"2022-09-14T14:35:35Z\" \/><\/div><div id=\"lyte_aubDcYACelk\" data-src=\"https:\/\/www.brenne-au-coeur.com\/wp-content\/plugins\/wp-youtube-lyte\/lyteCache.php?origThumbUrl=https%3A%2F%2Fi.ytimg.com%2Fvi%2FaubDcYACelk%2Fmaxresdefault.jpg\" class=\"pL\"><div class=\"tC\"><div class=\"tT\" itemprop=\"name\">Lakm\u00e9 : la bande annonce<\/div><\/div><div class=\"play\"><\/div><div class=\"ctrl\"><div class=\"Lctrl\"><\/div><div class=\"Rctrl\"><\/div><\/div><\/div><noscript><a href=\"https:\/\/youtu.be\/aubDcYACelk\" rel=\"nofollow\"><img loading=\"lazy\" decoding=\"async\" src=\"https:\/\/www.brenne-au-coeur.com\/wp-content\/plugins\/wp-youtube-lyte\/lyteCache.php?origThumbUrl=https%3A%2F%2Fi.ytimg.com%2Fvi%2FaubDcYACelk%2F0.jpg\" alt=\"Lakm&eacute; : la bande annonce\" width=\"420\" height=\"295\" \/><br \/>Lire cette vid\u00e9o sur YouTube<\/a><\/noscript><meta itemprop=\"description\" content=\"Pour la rentr\u00e9e, l&#039;Op\u00e9ra Comique vous propose de (re)d\u00e9couvrir l&#039;un des plus grands chefs-d&#039;\u0153uvre de son r\u00e9pertoire. Bien que faisant parti des titres fran\u00e7ais les plus jou\u00e9 monde, Lakm\u00e9 reste une raret\u00e9 sur la sc\u00e8ne de la salle Favart. Du 28 septembre au 8 octobre 2022, salle Favart Diffusion du spectacle en direct le 6 octobre \u00e0 20h sur Arte Direction musicale Rapha\u00ebl Pichon \u2022 Mise en sc\u00e8ne Laurent Pelly \u2022 Avec Sabine Devieilhe, Fr\u00e9d\u00e9ric Antoun, Ambroisine Br\u00e9, St\u00e9phane Degout, Philippe Est\u00e8phe, Elisabeth Boudreault, Marielou Jacquard, Mireille Delunsch, Fran\u00e7ois Rougier \u2022 Choeur et orchestre Pygmalion Plus d&#039;infos : https:\/\/www.opera-comique.com\/fr\/spectacles\/lakme\"><\/div><\/div><div class=\"lL\" style=\"max-width:100%;width:420px;margin:5px auto;\"><\/div><\/div>\n","protected":false},"excerpt":{"rendered":"<p>Le 19 avril, \u00e0 19h30 au Centre culturel Jean B\u00e9nard \u00e0 Buzan\u00e7ais et le 20 avril \u00e0 17h au Manoir de Jaugette sera interpr\u00e9t\u00e9 l\u2019op\u00e9ra Lakm\u00e9 de L\u00e9o Delibes. Il sera donn\u00e9 ici dans une version condens\u00e9e reprenant les airs les plus connus de l\u2019oeuvre et comment\u00e9 de mani\u00e8re ludique pour toucher tous les publics.&hellip;&nbsp;<a href=\"https:\/\/www.brenne-au-coeur.com\/index.php\/2024\/04\/02\/lakme\/jaugette\/5511\/\" rel=\"bookmark\">Lire la suite&nbsp;&raquo;<span class=\"screen-reader-text\">Lakm\u00e9 s&rsquo;invite pr\u00e8s de chez nous<\/span><\/a><\/p>\n","protected":false},"author":1,"featured_media":5512,"comment_status":"open","ping_status":"open","sticky":false,"template":"","format":"standard","meta":{"rop_custom_images_group":[],"rop_custom_messages_group":[],"rop_publish_now":"initial","rop_publish_now_accounts":[],"rop_publish_now_history":[],"rop_publish_now_status":"pending","_monsterinsights_skip_tracking":false,"_monsterinsights_sitenote_active":false,"_monsterinsights_sitenote_note":"","_monsterinsights_sitenote_category":0,"neve_meta_sidebar":"","neve_meta_container":"","neve_meta_enable_content_width":"off","neve_meta_content_width":70,"neve_meta_title_alignment":"","neve_meta_author_avatar":"","neve_post_elements_order":"","neve_meta_disable_header":"","neve_meta_disable_footer":"","neve_meta_disable_title":"","_jetpack_memberships_contains_paid_content":false,"footnotes":"","jetpack_publicize_message":"","jetpack_publicize_feature_enabled":true,"jetpack_social_post_already_shared":true,"jetpack_social_options":{"image_generator_settings":{"template":"highway","default_image_id":0,"font":"","enabled":false},"version":2}},"categories":[167,63],"tags":[168],"class_list":["post-5511","post","type-post","status-publish","format-standard","has-post-thumbnail","hentry","category-buzancais","category-jaugette","tag-opera"],"aioseo_notices":[],"jetpack_publicize_connections":[],"jetpack_featured_media_url":"https:\/\/www.brenne-au-coeur.com\/wp-content\/uploads\/2024\/04\/Affiche-Lakme.resized.jpg","jetpack-related-posts":[],"jetpack_sharing_enabled":true,"_links":{"self":[{"href":"https:\/\/www.brenne-au-coeur.com\/index.php\/wp-json\/wp\/v2\/posts\/5511","targetHints":{"allow":["GET"]}}],"collection":[{"href":"https:\/\/www.brenne-au-coeur.com\/index.php\/wp-json\/wp\/v2\/posts"}],"about":[{"href":"https:\/\/www.brenne-au-coeur.com\/index.php\/wp-json\/wp\/v2\/types\/post"}],"author":[{"embeddable":true,"href":"https:\/\/www.brenne-au-coeur.com\/index.php\/wp-json\/wp\/v2\/users\/1"}],"replies":[{"embeddable":true,"href":"https:\/\/www.brenne-au-coeur.com\/index.php\/wp-json\/wp\/v2\/comments?post=5511"}],"version-history":[{"count":3,"href":"https:\/\/www.brenne-au-coeur.com\/index.php\/wp-json\/wp\/v2\/posts\/5511\/revisions"}],"predecessor-version":[{"id":5515,"href":"https:\/\/www.brenne-au-coeur.com\/index.php\/wp-json\/wp\/v2\/posts\/5511\/revisions\/5515"}],"wp:featuredmedia":[{"embeddable":true,"href":"https:\/\/www.brenne-au-coeur.com\/index.php\/wp-json\/wp\/v2\/media\/5512"}],"wp:attachment":[{"href":"https:\/\/www.brenne-au-coeur.com\/index.php\/wp-json\/wp\/v2\/media?parent=5511"}],"wp:term":[{"taxonomy":"category","embeddable":true,"href":"https:\/\/www.brenne-au-coeur.com\/index.php\/wp-json\/wp\/v2\/categories?post=5511"},{"taxonomy":"post_tag","embeddable":true,"href":"https:\/\/www.brenne-au-coeur.com\/index.php\/wp-json\/wp\/v2\/tags?post=5511"}],"curies":[{"name":"wp","href":"https:\/\/api.w.org\/{rel}","templated":true}]}}