{"id":548,"date":"2021-07-08T11:59:11","date_gmt":"2021-07-08T09:59:11","guid":{"rendered":"https:\/\/www.brenne-au-coeur.com\/?p=548"},"modified":"2022-05-15T19:51:01","modified_gmt":"2022-05-15T17:51:01","slug":"des-projets-pour-familles-rurales-de-paulnay","status":"publish","type":"post","link":"https:\/\/www.brenne-au-coeur.com\/index.php\/2021\/07\/08\/des-projets-pour-familles-rurales-de-paulnay\/communes\/paulnay\/548\/","title":{"rendered":"Des projets \u00ab\u00a0Familles Rurales\u00a0\u00bb de Paulnay"},"content":{"rendered":"<figure id=\"attachment_615\" aria-describedby=\"caption-attachment-615\" style=\"width: 300px\" class=\"wp-caption alignleft\"><a href=\"https:\/\/www.brenne-au-coeur.com\/wp-content\/uploads\/2022\/04\/Jeunes_familles_rurales_site.jpg\" rel=\"lightbox[548]\"><img loading=\"lazy\" decoding=\"async\" class=\"wp-image-615 size-medium\" src=\"https:\/\/www.brenne-au-coeur.com\/wp-content\/uploads\/2022\/04\/Jeunes_familles_rurales_site-300x186.jpg\" alt=\"\" width=\"300\" height=\"186\" srcset=\"https:\/\/www.brenne-au-coeur.com\/wp-content\/uploads\/2022\/04\/Jeunes_familles_rurales_site-300x186.jpg 300w, https:\/\/www.brenne-au-coeur.com\/wp-content\/uploads\/2022\/04\/Jeunes_familles_rurales_site-1024x633.jpg 1024w, https:\/\/www.brenne-au-coeur.com\/wp-content\/uploads\/2022\/04\/Jeunes_familles_rurales_site-768x475.jpg 768w, https:\/\/www.brenne-au-coeur.com\/wp-content\/uploads\/2022\/04\/Jeunes_familles_rurales_site.jpg 1200w\" sizes=\"auto, (max-width: 300px) 100vw, 300px\" \/><\/a><figcaption id=\"caption-attachment-615\" class=\"wp-caption-text\">Familles Rurales<\/figcaption><\/figure>\n<p>L\u2019assembl\u00e9e g\u00e9n\u00e9rale de l\u2019association s\u2019est tenue jeudi 8 juillet \u00e0 la salle des f\u00eates de <a href=\"https:\/\/www.brenne-au-coeur.com\/index.php\/paulnay\/\">Paulnay<\/a>. Elle a rassembl\u00e9 une vingtaine de personnes. Apr\u00e8s une ann\u00e9e 2020 priv\u00e9e d\u2019une grande partie des activit\u00e9s en raison de la situation sanitaire, la r\u00e9union a permis de fixer de nouveaux projets pour les mois \u00e0 venir. En septembre les travaux manuels, jeux de belote et de p\u00e9tanque reprendront. Une repr\u00e9sentation th\u00e9\u00e2trale avec le mus\u00e9e des ronchons est programm\u00e9e pour le 10 octobre. Un relais biblioth\u00e8que va \u00eatre install\u00e9 dans un ancien abribus. Il a \u00e9t\u00e9 d\u00e9cid\u00e9 \u00e9galement de d\u00e9velopper l\u2019activit\u00e9 en direction des jeunes. L\u2019objectif est que les jeunes du village g\u00e8rent l\u2019organisation des diff\u00e9rentes animations, parmi lesquelles ont \u00e9t\u00e9 cit\u00e9 une journ\u00e9e d\u2019accrobranche, sur le <a href=\"https:\/\/www.france-voyage.com\/tourisme\/lac-eguzon-1575.htm\">lac d\u2019\u00c9guzon<\/a> ou au parc Ast\u00e9rix pendant les vacances de la Toussaint. Plusieurs informations ont \u00e9t\u00e9 communiqu\u00e9es aux participants. La mise en place de \u00ab\u00a0Transport Solidaire\u00a0\u00bb propos\u00e9 par Familles Rurales de M\u00e9zi\u00e8res, ouvert \u00e0 tous les adh\u00e9rents habitant sur le secteur de la communaut\u00e9 de communes \u00ab\u00a0C\u0153ur de Brenne\u00a0\u00bb. Mich\u00e8le Duris, du service d\u2019aide aux consommateurs a pr\u00e9sent\u00e9 ce service de <a href=\"https:\/\/www.famillesrurales.org\/\">Familles Rurales<\/a>, son but et son organisation. Une structure qui renseigne et soutien les particuliers confront\u00e9s \u00e0 des probl\u00e8mes li\u00e9s \u00e0 des litiges sur contrats des voyages, des malfa\u00e7ons pour des travaux, des ventes forc\u00e9es, etc. Une permanence existe au\u00a0: 02 54 08 71 71 ou <a href=\"mailto:conso.indre@famillesrurales.org\">conso.indre@famillesrurales.org<\/a>. \u00c0 l\u2019issue de l\u2019assembl\u00e9e un CA de neuf personnes a \u00e9t\u00e9 \u00e9lu. Il se r\u00e9unira prochainement pour d\u00e9signer les membres du bureau.<\/p>\n","protected":false},"excerpt":{"rendered":"<p>L\u2019assembl\u00e9e g\u00e9n\u00e9rale de l\u2019association s\u2019est tenue jeudi 8 juillet \u00e0 la salle des f\u00eates de Paulnay. Elle a rassembl\u00e9 une vingtaine de personnes. Apr\u00e8s une ann\u00e9e 2020 priv\u00e9e d\u2019une grande partie des activit\u00e9s en raison de la situation sanitaire, la r\u00e9union a permis de fixer de nouveaux projets pour les mois \u00e0 venir. En septembre&hellip;&nbsp;<a href=\"https:\/\/www.brenne-au-coeur.com\/index.php\/2021\/07\/08\/des-projets-pour-familles-rurales-de-paulnay\/communes\/paulnay\/548\/\" rel=\"bookmark\">Lire la suite&nbsp;&raquo;<span class=\"screen-reader-text\">Des projets \u00ab\u00a0Familles Rurales\u00a0\u00bb de Paulnay<\/span><\/a><\/p>\n","protected":false},"author":1,"featured_media":615,"comment_status":"open","ping_status":"open","sticky":false,"template":"","format":"standard","meta":{"rop_custom_images_group":[],"rop_custom_messages_group":[],"rop_publish_now":"initial","rop_publish_now_accounts":[],"rop_publish_now_history":[],"rop_publish_now_status":"pending","_monsterinsights_skip_tracking":false,"_monsterinsights_sitenote_active":false,"_monsterinsights_sitenote_note":"","_monsterinsights_sitenote_category":0,"neve_meta_sidebar":"","neve_meta_container":"","neve_meta_enable_content_width":"off","neve_meta_content_width":70,"neve_meta_title_alignment":"","neve_meta_author_avatar":"","neve_post_elements_order":"","neve_meta_disable_header":"","neve_meta_disable_footer":"","neve_meta_disable_title":"","_jetpack_memberships_contains_paid_content":false,"footnotes":"","jetpack_publicize_message":"","jetpack_publicize_feature_enabled":true,"jetpack_social_post_already_shared":false,"jetpack_social_options":{"image_generator_settings":{"template":"highway","default_image_id":0,"font":"","enabled":false},"version":2}},"categories":[15],"tags":[31],"class_list":["post-548","post","type-post","status-publish","format-standard","has-post-thumbnail","hentry","category-paulnay","tag-associations"],"aioseo_notices":[],"jetpack_publicize_connections":[],"jetpack_featured_media_url":"https:\/\/www.brenne-au-coeur.com\/wp-content\/uploads\/2022\/04\/Jeunes_familles_rurales_site.jpg","jetpack-related-posts":[],"jetpack_sharing_enabled":true,"_links":{"self":[{"href":"https:\/\/www.brenne-au-coeur.com\/index.php\/wp-json\/wp\/v2\/posts\/548","targetHints":{"allow":["GET"]}}],"collection":[{"href":"https:\/\/www.brenne-au-coeur.com\/index.php\/wp-json\/wp\/v2\/posts"}],"about":[{"href":"https:\/\/www.brenne-au-coeur.com\/index.php\/wp-json\/wp\/v2\/types\/post"}],"author":[{"embeddable":true,"href":"https:\/\/www.brenne-au-coeur.com\/index.php\/wp-json\/wp\/v2\/users\/1"}],"replies":[{"embeddable":true,"href":"https:\/\/www.brenne-au-coeur.com\/index.php\/wp-json\/wp\/v2\/comments?post=548"}],"version-history":[{"count":0,"href":"https:\/\/www.brenne-au-coeur.com\/index.php\/wp-json\/wp\/v2\/posts\/548\/revisions"}],"wp:featuredmedia":[{"embeddable":true,"href":"https:\/\/www.brenne-au-coeur.com\/index.php\/wp-json\/wp\/v2\/media\/615"}],"wp:attachment":[{"href":"https:\/\/www.brenne-au-coeur.com\/index.php\/wp-json\/wp\/v2\/media?parent=548"}],"wp:term":[{"taxonomy":"category","embeddable":true,"href":"https:\/\/www.brenne-au-coeur.com\/index.php\/wp-json\/wp\/v2\/categories?post=548"},{"taxonomy":"post_tag","embeddable":true,"href":"https:\/\/www.brenne-au-coeur.com\/index.php\/wp-json\/wp\/v2\/tags?post=548"}],"curies":[{"name":"wp","href":"https:\/\/api.w.org\/{rel}","templated":true}]}}