{"id":5452,"date":"2024-03-17T11:08:06","date_gmt":"2024-03-17T10:08:06","guid":{"rendered":"https:\/\/www.brenne-au-coeur.com\/?p=5452"},"modified":"2024-03-17T11:08:06","modified_gmt":"2024-03-17T10:08:06","slug":"nouvelle-saison-musicale-a-jaugette","status":"publish","type":"post","link":"https:\/\/www.brenne-au-coeur.com\/index.php\/2024\/03\/17\/nouvelle-saison-musicale-a-jaugette\/communes\/obterre\/5452\/","title":{"rendered":"Nouvelle saison musicale \u00e0 Jaugette"},"content":{"rendered":"<p><span style=\"font-size: large;\">Op\u00e9ra, Jeux olympiques, hip-hop, ch\u0153ur\u2026 la saison 2024 de Jaugette promet comme chaque ann\u00e9e, par la vari\u00e9t\u00e9 de ses inspirations et la qualit\u00e9 de ses prestations.<\/span><\/p>\n<p><span style=\"font-size: large;\">Pour cette ann\u00e9e 2024, les rencontres musicales d\u00e9buteront le lundi 15 avril \u00e0 15h au manoir de Jaugette. Sera pr\u00e9sent\u00e9 Nage No Kata. Ensemble multilat\u00e9rale accompagn\u00e9 de ceintures noires de judo. <\/span><\/p>\n<p><span style=\"font-size: large;\">Le 19 avril, \u00e0 19h30 au Centre culturel Jean B\u00e9nard \u00e0 Buzan\u00e7ais et le 20 avril \u00e0 17h au Manoir de Jaugette sera donn\u00e9 une version condens\u00e9e, reprenant les airs les plus connus, du c\u00e9l\u00e8bre op\u00e9ra Lakm\u00e9 de L\u00e9o Delibes.<\/span><\/p>\n<p>&nbsp;<\/p>\n<p>&nbsp;<\/p>\n<div class=\"nv-iframe-embed\"><div class=\"lyte-wrapper fourthree\" title=\"Lakm&eacute; : la bande annonce\" style=\"width:420px;max-width:100%;margin:5px auto;\"><div class=\"lyMe hidef\" id=\"WYL_aubDcYACelk\" itemprop=\"video\" itemscope itemtype=\"https:\/\/schema.org\/VideoObject\"><div><meta itemprop=\"thumbnailUrl\" content=\"https:\/\/www.brenne-au-coeur.com\/wp-content\/plugins\/wp-youtube-lyte\/lyteCache.php?origThumbUrl=https%3A%2F%2Fi.ytimg.com%2Fvi%2FaubDcYACelk%2Fmaxresdefault.jpg\" \/><meta itemprop=\"embedURL\" content=\"https:\/\/www.youtube.com\/embed\/aubDcYACelk\" \/><meta itemprop=\"duration\" content=\"PT4M8S\" \/><meta itemprop=\"uploadDate\" content=\"2022-09-14T14:35:35Z\" \/><\/div><div id=\"lyte_aubDcYACelk\" data-src=\"https:\/\/www.brenne-au-coeur.com\/wp-content\/plugins\/wp-youtube-lyte\/lyteCache.php?origThumbUrl=https%3A%2F%2Fi.ytimg.com%2Fvi%2FaubDcYACelk%2Fmaxresdefault.jpg\" class=\"pL\"><div class=\"tC\"><div class=\"tT\" itemprop=\"name\">Lakm\u00e9 : la bande annonce<\/div><\/div><div class=\"play\"><\/div><div class=\"ctrl\"><div class=\"Lctrl\"><\/div><div class=\"Rctrl\"><\/div><\/div><\/div><noscript><a href=\"https:\/\/youtu.be\/aubDcYACelk\" rel=\"nofollow\"><img loading=\"lazy\" decoding=\"async\" src=\"https:\/\/www.brenne-au-coeur.com\/wp-content\/plugins\/wp-youtube-lyte\/lyteCache.php?origThumbUrl=https%3A%2F%2Fi.ytimg.com%2Fvi%2FaubDcYACelk%2F0.jpg\" alt=\"Lakm&eacute; : la bande annonce\" width=\"420\" height=\"295\" \/><br \/>Lire cette vid\u00e9o sur YouTube<\/a><\/noscript><meta itemprop=\"description\" content=\"Pour la rentr\u00e9e, l&#039;Op\u00e9ra Comique vous propose de (re)d\u00e9couvrir l&#039;un des plus grands chefs-d&#039;\u0153uvre de son r\u00e9pertoire. Bien que faisant parti des titres fran\u00e7ais les plus jou\u00e9 monde, Lakm\u00e9 reste une raret\u00e9 sur la sc\u00e8ne de la salle Favart. Du 28 septembre au 8 octobre 2022, salle Favart Diffusion du spectacle en direct le 6 octobre \u00e0 20h sur Arte Direction musicale Rapha\u00ebl Pichon \u2022 Mise en sc\u00e8ne Laurent Pelly \u2022 Avec Sabine Devieilhe, Fr\u00e9d\u00e9ric Antoun, Ambroisine Br\u00e9, St\u00e9phane Degout, Philippe Est\u00e8phe, Elisabeth Boudreault, Marielou Jacquard, Mireille Delunsch, Fran\u00e7ois Rougier \u2022 Choeur et orchestre Pygmalion Plus d&#039;infos : https:\/\/www.opera-comique.com\/fr\/spectacles\/lakme\"><\/div><\/div><div class=\"lL\" style=\"max-width:100%;width:420px;margin:5px auto;\"><\/div><\/div>\n<p><em>Pr\u00e9sentation de l&rsquo;op\u00e9ra<\/em><\/p>\n<p>&nbsp;<\/p>\n<p><span style=\"font-size: large;\"><strong>Le festival d\u2019\u00e9t\u00e9 se d\u00e9roulera les 19, 20 et 21 juillet.<\/strong> \u00c0 une semaine de l\u2019ouverture des Jeux Olympiques de Paris, cette nouvelle \u00e9dition aura pour th\u00e8me \u00ab\u00a0Musique et sport\u00a0\u00bb. <\/span><\/p>\n<p><span style=\"font-size: large;\">Au programme, cinq concerts dont trois en pr\u00e9sence de sportifs professionnels. Durant ce week-end seront ainsi propos\u00e9s entre autres, des spectacles de danses hip-hop. <\/span><\/p>\n<p><span style=\"font-size: large;\">Le 19 juillet \u00e0 20h, l\u2019\u00e9cole de hip-hop de Vierzon pr\u00e9sentera un diptyque entre hip-hop et musique classique.<\/span><\/p>\n<p><span style=\"font-size: large;\">Le 20 juillet \u00e0 15h, cr\u00e9ation de Match-Retour de Pierre Strauch. la pi\u00e8ce Match de Kagel transforme les musiciens en v\u00e9ritables joueurs de tennis par des gestes th\u00e9\u00e2tralis\u00e9s avec leurs archets de violoncelle, accompagn\u00e9s par la projection d\u2019un match au ralenti.<\/span><\/p>\n<p><span style=\"font-size: large;\">\u00c0 20h, chansons et m\u00e9lodies du Moyen-\u00e2ge \u00e0 nous jours, sous la baguette de l\u2019Ensemble UT Musica Po\u00e9sis.<\/span><\/p>\n<p><span style=\"font-size: large;\">Le 21 juillet \u00e0 15h, l\u2019Op\u00e9ra Freisch\u00fctz de Weber. (Le Franc-tireur) L\u2019\u0153uvre est donn\u00e9e en version sc\u00e9nique avec de grands chanteurs fran\u00e7ais.<\/span><\/p>\n<p><strong><span style=\"font-size: large;\">Le traditionnel concert d\u2019automne sera visible \u00e0 deux reprises.<\/span><\/strong><\/p>\n<p><span style=\"font-size: large;\">Le 14 septembre \u00e0 20h30. Espace Agn\u00e8s Sorel \u00e0 Loches et le 15 septembre \u00e0 16h au Manoir de Jaugette \u00e0 Obterre o\u00f9 se produira la Ma\u00eetrise de Sainte-Croix de Neuilly. Un ch\u0153ur de 50 gar\u00e7ons qui interpr\u00e8te de grandes \u0153uvres comme les requiem de Mozart ou de Faur\u00e9, ainsi que de nombreux chants sacr\u00e9s et profanes, a capella.<\/span><\/p>\n<p><span style=\"font-size: large;\">L\u2019ensemble de la programmation, en d\u00e9tail, est disponible sur le site <a href=\"http:\/\/www.jaugette.com\/\">www.jaugette.com<\/a> <\/span><\/p>\n","protected":false},"excerpt":{"rendered":"<p>Op\u00e9ra, Jeux olympiques, hip-hop, ch\u0153ur\u2026 la saison 2024 de Jaugette promet comme chaque ann\u00e9e, par la vari\u00e9t\u00e9 de ses inspirations et la qualit\u00e9 de ses prestations. Pour cette ann\u00e9e 2024, les rencontres musicales d\u00e9buteront le lundi 15 avril \u00e0 15h au manoir de Jaugette. Sera pr\u00e9sent\u00e9 Nage No Kata. Ensemble multilat\u00e9rale accompagn\u00e9 de ceintures noires&hellip;&nbsp;<a href=\"https:\/\/www.brenne-au-coeur.com\/index.php\/2024\/03\/17\/nouvelle-saison-musicale-a-jaugette\/communes\/obterre\/5452\/\" rel=\"bookmark\">Lire la suite&nbsp;&raquo;<span class=\"screen-reader-text\">Nouvelle saison musicale \u00e0 Jaugette<\/span><\/a><\/p>\n","protected":false},"author":1,"featured_media":5453,"comment_status":"open","ping_status":"open","sticky":false,"template":"","format":"standard","meta":{"rop_custom_images_group":[],"rop_custom_messages_group":[],"rop_publish_now":"initial","rop_publish_now_accounts":[],"rop_publish_now_history":[],"rop_publish_now_status":"pending","_monsterinsights_skip_tracking":false,"_monsterinsights_sitenote_active":false,"_monsterinsights_sitenote_note":"","_monsterinsights_sitenote_category":0,"neve_meta_sidebar":"","neve_meta_container":"","neve_meta_enable_content_width":"off","neve_meta_content_width":70,"neve_meta_title_alignment":"","neve_meta_author_avatar":"","neve_post_elements_order":"","neve_meta_disable_header":"","neve_meta_disable_footer":"","neve_meta_disable_title":"","_jetpack_memberships_contains_paid_content":false,"footnotes":"","jetpack_publicize_message":"","jetpack_publicize_feature_enabled":true,"jetpack_social_post_already_shared":true,"jetpack_social_options":{"image_generator_settings":{"template":"highway","default_image_id":0,"font":"","enabled":false},"version":2}},"categories":[63,14],"tags":[64,80],"class_list":["post-5452","post","type-post","status-publish","format-standard","has-post-thumbnail","hentry","category-jaugette","category-obterre","tag-concert","tag-sport"],"aioseo_notices":[],"jetpack_publicize_connections":[],"jetpack_featured_media_url":"https:\/\/www.brenne-au-coeur.com\/wp-content\/uploads\/2024\/03\/visuelfestival2014-copie.resized.jpg","jetpack-related-posts":[],"jetpack_sharing_enabled":true,"_links":{"self":[{"href":"https:\/\/www.brenne-au-coeur.com\/index.php\/wp-json\/wp\/v2\/posts\/5452","targetHints":{"allow":["GET"]}}],"collection":[{"href":"https:\/\/www.brenne-au-coeur.com\/index.php\/wp-json\/wp\/v2\/posts"}],"about":[{"href":"https:\/\/www.brenne-au-coeur.com\/index.php\/wp-json\/wp\/v2\/types\/post"}],"author":[{"embeddable":true,"href":"https:\/\/www.brenne-au-coeur.com\/index.php\/wp-json\/wp\/v2\/users\/1"}],"replies":[{"embeddable":true,"href":"https:\/\/www.brenne-au-coeur.com\/index.php\/wp-json\/wp\/v2\/comments?post=5452"}],"version-history":[{"count":1,"href":"https:\/\/www.brenne-au-coeur.com\/index.php\/wp-json\/wp\/v2\/posts\/5452\/revisions"}],"predecessor-version":[{"id":5454,"href":"https:\/\/www.brenne-au-coeur.com\/index.php\/wp-json\/wp\/v2\/posts\/5452\/revisions\/5454"}],"wp:featuredmedia":[{"embeddable":true,"href":"https:\/\/www.brenne-au-coeur.com\/index.php\/wp-json\/wp\/v2\/media\/5453"}],"wp:attachment":[{"href":"https:\/\/www.brenne-au-coeur.com\/index.php\/wp-json\/wp\/v2\/media?parent=5452"}],"wp:term":[{"taxonomy":"category","embeddable":true,"href":"https:\/\/www.brenne-au-coeur.com\/index.php\/wp-json\/wp\/v2\/categories?post=5452"},{"taxonomy":"post_tag","embeddable":true,"href":"https:\/\/www.brenne-au-coeur.com\/index.php\/wp-json\/wp\/v2\/tags?post=5452"}],"curies":[{"name":"wp","href":"https:\/\/api.w.org\/{rel}","templated":true}]}}