{"id":5402,"date":"2024-03-16T18:16:58","date_gmt":"2024-03-16T17:16:58","guid":{"rendered":"https:\/\/www.brenne-au-coeur.com\/?p=5402"},"modified":"2024-03-16T18:18:30","modified_gmt":"2024-03-16T17:18:30","slug":"andronie-huet-du-fils-de-communard-au-colon-en-nouvelle-caledonie","status":"publish","type":"post","link":"https:\/\/www.brenne-au-coeur.com\/index.php\/2024\/03\/16\/andronie-huet-du-fils-de-communard-au-colon-en-nouvelle-caledonie\/communes\/mezieres-en-brenne\/5402\/","title":{"rendered":"Andronie Huet, du fils de communard au colon en Nouvelle-Cal\u00e9donie"},"content":{"rendered":"<p align=\"center\">\n<p>&nbsp;<\/p>\n<p><em><span style=\"font-family: Segoe Print, serif;\"><span style=\"font-size: large;\">Je m\u2019appelle Andronie Huet et je vais vous raconter mon histoire de vie, peu banale, qui m\u2019a conduit d\u2019un bourg du centre de la France \u00e0 Noum\u00e9a, en Nouvelle-Cal\u00e9donie. Toute cette \u00e9pop\u00e9e s\u2019est d\u00e9roul\u00e9e dans le dernier quart du XIXe si\u00e8cle et la premi\u00e8re moiti\u00e9 du XXe. <\/span><\/span><\/em><\/p>\n<p align=\"justify\"><em><span style=\"font-family: Segoe Print, serif;\"><span style=\"font-size: large;\">Mon p\u00e8re Alfred, comme ses a\u00efeux, est originaire de M\u00e9zi\u00e8res-en-Brenne (36), aujourd\u2019hui un village de 985 habitants, situ\u00e9 aux confins de la Touraine et du Berry. Ce territoire, parsem\u00e9 de plus de 3000 \u00e9tangs, se nomme la Brenne. Il \u00e9tait peu accessible jusqu\u2019\u00e0 l\u2019arriv\u00e9e du train en 1901. <\/span><\/span><\/em><\/p>\n<p align=\"justify\"><span style=\"font-family: Segoe Print, serif;\"><span style=\"font-size: large;\"><em>C\u2019est probablement dans la rue Napol\u00e9on III (devenue depuis rue du Nord) qu\u2019il fit la connaissance de Marie Journeau, ma m\u00e8re. Elle passait r\u00e9guli\u00e8rement devant son atelier de cordonnier-bottier pour aller travailler dans l\u2019h\u00f4tel dont son fr\u00e8re Jean \u00e9tait propri\u00e9taire, au bout de la m\u00eame rue. Originaire de Sainte-Fauste, minuscule paroisse sise entre Issoudun et Ch\u00e2teauroux, Marie a vraisemblablement \u00e9t\u00e9 recueillie par sa famille au d\u00e9c\u00e8s de ses parents.<\/em> <\/span><\/span><\/p>\n<figure id=\"attachment_5403\" aria-describedby=\"caption-attachment-5403\" style=\"width: 211px\" class=\"wp-caption alignleft\"><a href=\"https:\/\/www.brenne-au-coeur.com\/wp-content\/uploads\/2024\/03\/alfred-et-marie.jpg\" rel=\"lightbox[5402]\"><img loading=\"lazy\" decoding=\"async\" class=\"wp-image-5403 size-medium\" src=\"https:\/\/www.brenne-au-coeur.com\/wp-content\/uploads\/2024\/03\/alfred-et-marie-211x300.jpg\" alt=\"\" width=\"211\" height=\"300\" srcset=\"https:\/\/www.brenne-au-coeur.com\/wp-content\/uploads\/2024\/03\/alfred-et-marie-211x300.jpg 211w, https:\/\/www.brenne-au-coeur.com\/wp-content\/uploads\/2024\/03\/alfred-et-marie-106x150.jpg 106w, https:\/\/www.brenne-au-coeur.com\/wp-content\/uploads\/2024\/03\/alfred-et-marie.jpg 446w\" sizes=\"auto, (max-width: 211px) 100vw, 211px\" \/><\/a><figcaption id=\"caption-attachment-5403\" class=\"wp-caption-text\">Source&nbsp;: Daniel Bidet<\/figcaption><\/figure>\n<p align=\"justify\"><span style=\"font-family: Segoe Print, serif;\"><span style=\"font-size: large;\"><em>D\u00e8s potron-minet, ce 3 juin 1862, Alfred et Marie furent unis par le maire Adolphe Senot, en la maison commune mac\u00e9rienne.<\/em> <\/span><\/span><\/p>\n<p align=\"center\">\n<p align=\"center\"><span style=\"font-size: large;\">\u00a0<\/span><\/p>\n<p align=\"justify\"><em><span style=\"font-family: Segoe Print, serif;\"><span style=\"font-size: large;\">Heureux d\u2019avoir un fils, le 20 f\u00e9vrier 1863, mon p\u00e8re me donna ce curieux pr\u00e9nom d\u2019Andronie (ou Androni ou bien encore Androny, \u00e0 l\u2019anglo-saxonne) d\u2019origine grecque ou latine. La l\u00e9gende familiale dit, qu\u2019apr\u00e8s quelques verres, il aurait emprunt\u00e9 le dictionnaire de l\u2019instituteur du village. En le feuilletant, Alfred a trouv\u00e9 Andronicus qui lui a bien plu \u2026 <\/span><\/span><\/em><\/p>\n<p align=\"justify\"><span style=\"font-family: Segoe Print, serif;\"><span style=\"font-size: large;\"><em>Mathilde, ma s\u0153ur cadette, na\u00eetra en plein \u00e9t\u00e9 1865 et deux ans plus tard, L\u00e9onie qui ne surv\u00e9cut que 24 heures.<\/em> <\/span><\/span><\/p>\n<p align=\"justify\"><em><span style=\"font-family: Segoe Print, serif;\"><span style=\"font-size: large;\">Sans \u00eatre riche, notre famille vivait correctement rue de la Lanterne, autour d\u2019un jardin et d\u2019une vigne. J\u2019ai fr\u00e9quent\u00e9 la maison d\u2019\u00e9cole pour gar\u00e7ons tenue par des religieuses au 11 rue de l\u2019Eglise. <\/span><\/span><\/em><\/p>\n<p align=\"justify\"><span style=\"font-family: Segoe Print, serif;\"><span style=\"font-size: large;\"><em>Je laisse le soin \u00e0 l\u2019une de mes amies de vous raconter les p\u00e9rip\u00e9ties de la grande Histoire qui a chang\u00e9 le cours de ma vie.<\/em> <\/span><\/span><\/p>\n<p align=\"justify\"><span style=\"font-size: large;\">A l\u2019issue d\u2019une journ\u00e9e d\u2019\u00e9meutes, L\u00e9on Gambetta proclama la IIIe R\u00e9publique le 4 septembre 1870 sonnant le glas du Second Empire et la d\u00e9ch\u00e9ance de Napol\u00e9on III. L\u2019empereur avait capitul\u00e9 deux jours auparavant \u00e0 Sedan, face \u00e0 l\u2019arm\u00e9e prussienne qui souhaitait envahir Paris. <\/span><\/p>\n<p align=\"justify\"><span style=\"font-size: large;\">Un gouvernement de d\u00e9fense nationale se met alors en place \u00e0 l\u2019H\u00f4tel de Ville dans le but d\u2019endiguer l\u2019invasion germanique. Rien n\u2019y fait, l\u2019Empire allemand est annonc\u00e9 dans la galerie des Glaces du ch\u00e2teau de Versailles le 18 janvier 1871. Assi\u00e9g\u00e9, souffrant d\u2019une grave famine hivernale et vivant dans des conditions mis\u00e9rables, le peuple parisien se r\u00e9volte. La Commune de Paris d\u00e9bute le 18 mars 1871 dans le quartier de Montmartre. Maintes barricades furent \u00e9rig\u00e9es dans tous les quartiers de la capitale. Tenues par la garde nationale, elles seront le lieu de sanglants affrontements contre l\u2019arm\u00e9e fid\u00e8le au gouvernement en place, r\u00e9fugi\u00e9 \u00e0 Versailles. <a href=\"https:\/\/www.brenne-au-coeur.com\/wp-content\/uploads\/2024\/03\/image-commune-2.jpg\" rel=\"lightbox[5402]\"><img loading=\"lazy\" decoding=\"async\" class=\"alignright wp-image-5405 size-medium\" src=\"https:\/\/www.brenne-au-coeur.com\/wp-content\/uploads\/2024\/03\/image-commune-2-300x223.jpg\" alt=\"\" width=\"300\" height=\"223\" srcset=\"https:\/\/www.brenne-au-coeur.com\/wp-content\/uploads\/2024\/03\/image-commune-2-300x223.jpg 300w, https:\/\/www.brenne-au-coeur.com\/wp-content\/uploads\/2024\/03\/image-commune-2-150x111.jpg 150w, https:\/\/www.brenne-au-coeur.com\/wp-content\/uploads\/2024\/03\/image-commune-2.jpg 717w\" sizes=\"auto, (max-width: 300px) 100vw, 300px\" \/><\/a><\/span><\/p>\n<p align=\"justify\"><span style=\"font-size: large;\"><a href=\"https:\/\/www.brenne-au-coeur.com\/wp-content\/uploads\/2024\/03\/image-commune-1.jpg\" rel=\"lightbox[5402]\"><img loading=\"lazy\" decoding=\"async\" class=\"alignleft wp-image-5404 size-medium\" src=\"https:\/\/www.brenne-au-coeur.com\/wp-content\/uploads\/2024\/03\/image-commune-1-300x295.jpg\" alt=\"\" width=\"300\" height=\"295\" srcset=\"https:\/\/www.brenne-au-coeur.com\/wp-content\/uploads\/2024\/03\/image-commune-1-300x295.jpg 300w, https:\/\/www.brenne-au-coeur.com\/wp-content\/uploads\/2024\/03\/image-commune-1-150x148.jpg 150w, https:\/\/www.brenne-au-coeur.com\/wp-content\/uploads\/2024\/03\/image-commune-1-45x45.jpg 45w, https:\/\/www.brenne-au-coeur.com\/wp-content\/uploads\/2024\/03\/image-commune-1.jpg 564w\" sizes=\"auto, (max-width: 300px) 100vw, 300px\" \/><\/a>En quoi cette p\u00e9riode troubl\u00e9e, r\u00e9volutionnaire vient-elle s\u2019immiscer en Brenne, chez les Huet\u00a0? <\/span><\/p>\n<p align=\"justify\"><span style=\"font-size: large;\">Mobilis\u00e9 sur ordre du gouvernement de d\u00e9fense nationale, Alfred, sans y conna\u00eetre grand-chose, se retrouve \u00e0 Clermont-Ferrand le 4 f\u00e9vrier 1871 dans l\u2019artillerie avec le grade de lieutenant-instructeur.<\/span><\/p>\n<p align=\"justify\"><span style=\"font-size: large;\">Il sera licenci\u00e9 cinq semaines plus tard \u00e0 cause d\u2019une blessure. De retour \u00e0 M\u00e9zi\u00e8res d\u00e9but avril, il d\u00e9cide, sur les conseils du maire et de M Boistard, de \u00ab\u00a0monter\u00a0\u00bb \u00e0 Versailles pour trouver du travail comme ma\u00eetre-bottier, aupr\u00e8s des r\u00e9giments qui se cr\u00e9aient. Ayant employ\u00e9 jusqu\u2019\u00e0 3 ouvriers quelques ann\u00e9es auparavant, Alfred n\u2019avait alors plus d\u2019ouvrage en pays brennou. Sa famille devait vivre \u2026 il laisse \u00e0 Marie 1200 francs, en prend 100 pour lui, d\u00e9pose dans une malle son uniforme d\u2019artillerie, un poignard tremp\u00e9 par le mar\u00e9chal-ferrant Gabard, des balles fabriqu\u00e9es gr\u00e2ce au moule pr\u00eat\u00e9 par Delaunay et le voil\u00e0 parti pour Paris. <\/span><\/p>\n<p align=\"justify\"><span style=\"font-size: large;\">R\u00e9put\u00e9 comme \u00e9tant \u00ab\u00a0une t\u00eate folle\u00a0\u00bb et ayant sem\u00e9 \u00ab\u00a0la terreur\u00a0\u00bb dans son village de naissance, Alfred se joint rapidement aux communards. Il se fit nommer capitaine d\u2019artillerie par la Garde nationale et il prit les commandes de la batterie du 2<sup>\u00e8me<\/sup> arrondissement d\u00e8s le 14 avril. Pour armer les camarades qui tenaient la position, Alfred demanda par \u00e9crit des mousquetons et des sabres d\u2019officiers. <\/span><\/p>\n<figure id=\"attachment_5407\" aria-describedby=\"caption-attachment-5407\" style=\"width: 300px\" class=\"wp-caption alignright\"><a href=\"https:\/\/www.brenne-au-coeur.com\/wp-content\/uploads\/2024\/03\/barricade.jpg\" rel=\"lightbox[5402]\"><img loading=\"lazy\" decoding=\"async\" class=\"wp-image-5407 size-medium\" src=\"https:\/\/www.brenne-au-coeur.com\/wp-content\/uploads\/2024\/03\/barricade-300x288.jpg\" alt=\"\" width=\"300\" height=\"288\" srcset=\"https:\/\/www.brenne-au-coeur.com\/wp-content\/uploads\/2024\/03\/barricade-300x288.jpg 300w, https:\/\/www.brenne-au-coeur.com\/wp-content\/uploads\/2024\/03\/barricade-150x144.jpg 150w, https:\/\/www.brenne-au-coeur.com\/wp-content\/uploads\/2024\/03\/barricade.jpg 722w\" sizes=\"auto, (max-width: 300px) 100vw, 300px\" \/><\/a><figcaption id=\"caption-attachment-5407\" class=\"wp-caption-text\">Source\u00a0: AD 36 \u2013 48J 2B 1320 Barricade du Point-du-Jour-Auteuil \u2013 Source\u00a0: SHD Vincennes<\/figcaption><\/figure>\n<p align=\"justify\"><span style=\"font-size: large;\">Les \u00e9v\u00e8nements se sont encha\u00een\u00e9s \u00e0 une vitesse folle\u00a0: le 29, il se retrouve attach\u00e9 \u00e0 l\u2019\u00e9tat-major du g\u00e9n\u00e9ral Jaroslaw Dombrowski, l\u2019exceptionnel commandant de la place de Paris. Quelques jours plus tard, il prenait le commandement de l\u2019artillerie de Neuilly qu\u2019il \u00e9quipait de mortiers et de canons. Le 12 mai, les bastions 62 (porte d\u2019Auteuil) \u00e0 67 (porte du Point-du-Jour) lui sont attribu\u00e9s. Le communard dirige alors environ 80 soldats. <\/span><\/p>\n<p align=\"justify\">\n<p align=\"justify\"><a href=\"https:\/\/www.brenne-au-coeur.com\/wp-content\/uploads\/2024\/03\/alfred.jpg\" rel=\"lightbox[5402]\"><img loading=\"lazy\" decoding=\"async\" class=\"alignleft wp-image-5406 size-medium\" src=\"https:\/\/www.brenne-au-coeur.com\/wp-content\/uploads\/2024\/03\/alfred-176x300.jpg\" alt=\"\" width=\"176\" height=\"300\" srcset=\"https:\/\/www.brenne-au-coeur.com\/wp-content\/uploads\/2024\/03\/alfred-176x300.jpg 176w, https:\/\/www.brenne-au-coeur.com\/wp-content\/uploads\/2024\/03\/alfred-88x150.jpg 88w, https:\/\/www.brenne-au-coeur.com\/wp-content\/uploads\/2024\/03\/alfred.jpg 564w\" sizes=\"auto, (max-width: 176px) 100vw, 176px\" \/><\/a><\/p>\n<p align=\"justify\"><span style=\"font-size: large;\">\u00a0<\/span><\/p>\n<p align=\"justify\"><span style=\"font-size: large;\">Ce brennou \u00e0 la mauvaise r\u00e9putation \u00e9tait exalt\u00e9 par cette R\u00e9volution de la population parisienne, soutenue par des mouvements identiques \u00e0 Lyon, Marseille, Bordeaux, Le Creusot, Limoges, Toulouse et bien d\u2019autres. Vierzon, Sarlat manifestaient en faveur de la Commune. Son \u00e9nergie rejoignait alors tout son z\u00e8le pour d\u00e9fendre au mieux les positions contre l\u2019arm\u00e9e versaillaise et parvenir \u00e0 la victoire du peuple. <\/span><\/p>\n<p align=\"justify\"><span style=\"font-size: large;\">C\u2019est ainsi que le 17 mai, au cours d\u2019une inspection des remparts, il aurait prononc\u00e9 ces paroles provocantes\u00a0: \u00ab\u00a0Citoyens d\u00e9l\u00e9gu\u00e9s, hier, je fus vous trouver pour r\u00e9clamer des bombes explosives et asphyxiantes que je n\u2019ai pas encore re\u00e7ues. Je vous ai dit que je ne pouvais employer que les grands moyens.\u00a0\u00bb<\/span><\/p>\n<p align=\"justify\"><span style=\"font-size: large;\">Jusqu\u2019\u00e0 la veille de la Semaine sanglante (21 au 28 mai 1871), Alfred rendit les comptes de son action au lieutenant-colonel Wladislas Stawinski, un fid\u00e8le de Dombrowski.<\/span><\/p>\n<figure id=\"attachment_5408\" aria-describedby=\"caption-attachment-5408\" style=\"width: 178px\" class=\"wp-caption alignright\"><a href=\"https:\/\/www.brenne-au-coeur.com\/wp-content\/uploads\/2024\/03\/dico-commune.jpg\" rel=\"lightbox[5402]\"><img loading=\"lazy\" decoding=\"async\" class=\"wp-image-5408 size-medium\" src=\"https:\/\/www.brenne-au-coeur.com\/wp-content\/uploads\/2024\/03\/dico-commune-178x300.jpg\" alt=\"\" width=\"178\" height=\"300\" srcset=\"https:\/\/www.brenne-au-coeur.com\/wp-content\/uploads\/2024\/03\/dico-commune-178x300.jpg 178w, https:\/\/www.brenne-au-coeur.com\/wp-content\/uploads\/2024\/03\/dico-commune-89x150.jpg 89w, https:\/\/www.brenne-au-coeur.com\/wp-content\/uploads\/2024\/03\/dico-commune.jpg 342w\" sizes=\"auto, (max-width: 178px) 100vw, 178px\" \/><\/a><figcaption id=\"caption-attachment-5408\" class=\"wp-caption-text\">Source\u00a0: dictionnaire bibliographique illustr\u00e9 de la Commune de Paris<\/figcaption><\/figure>\n<p align=\"center\">\n<p align=\"center\">\n<p align=\"center\"><span style=\"font-size: large;\">\u00a0<\/span><\/p>\n<p align=\"justify\"><span style=\"font-size: large;\">Les 72 jours de la Commune s\u2019achev\u00e8rent l\u00e0. 120\u00a0000 hommes de \u00ab\u00a0l\u2019arm\u00e9e\u00a0\u00bb de Versailles prirent part \u00e0 l\u2019offensive pour reconqu\u00e9rir Paris et \u00e9craser les 170\u00a0000 \u00ab\u00a0soldats\u00a0\u00bb de la Garde nationale. Le bilan de cette r\u00e9pression&nbsp;: 900 barricades d\u00e9truites, 20\u00a0000 &#8211; 30 000 personnes tu\u00e9es, 40\u00a0000 arrestations. <\/span><\/p>\n<p align=\"justify\"><span style=\"font-size: large;\">C\u2019est l\u00e0 que le destin d\u2019Alfred et de sa famille bascule. <\/span><\/p>\n<p align=\"justify\"><span style=\"font-size: large;\">Ayant mis un mois pour revenir \u00e0 M\u00e9zi\u00e8res, apr\u00e8s s\u2019\u00eatre cach\u00e9 dans la ferme de son oncle \u00e0 Saint-Valentin, pr\u00e8s d\u2019Issoudun et d\u00e9barrass\u00e9 de son trop voyant uniforme, Alfred d\u00e9pit\u00e9 et hargneux reprend le cours de sa vie. Pas pour longtemps\u00a0!<\/span><\/p>\n<p align=\"justify\"><span style=\"font-size: large;\">A l\u2019issue d\u2019une perquisition r\u00e9alis\u00e9e en bonne et due forme le 18 ao\u00fbt par Joseph Barbarin, suppl\u00e9ant de la justice de paix du canton, il est emmen\u00e9 d\u00e8s le lendemain \u00e0 la prison du Blanc.<\/span><\/p>\n<figure id=\"attachment_5410\" aria-describedby=\"caption-attachment-5410\" style=\"width: 300px\" class=\"wp-caption alignright\"><a href=\"https:\/\/www.brenne-au-coeur.com\/wp-content\/uploads\/2024\/03\/prison-du-blanc.jpg\" rel=\"lightbox[5402]\"><img loading=\"lazy\" decoding=\"async\" class=\"wp-image-5410 size-medium\" src=\"https:\/\/www.brenne-au-coeur.com\/wp-content\/uploads\/2024\/03\/prison-du-blanc-300x118.jpg\" alt=\"\" width=\"300\" height=\"118\" srcset=\"https:\/\/www.brenne-au-coeur.com\/wp-content\/uploads\/2024\/03\/prison-du-blanc-300x118.jpg 300w, https:\/\/www.brenne-au-coeur.com\/wp-content\/uploads\/2024\/03\/prison-du-blanc-150x59.jpg 150w, https:\/\/www.brenne-au-coeur.com\/wp-content\/uploads\/2024\/03\/prison-du-blanc-768x301.jpg 768w, https:\/\/www.brenne-au-coeur.com\/wp-content\/uploads\/2024\/03\/prison-du-blanc.jpg 786w\" sizes=\"auto, (max-width: 300px) 100vw, 300px\" \/><\/a><figcaption id=\"caption-attachment-5410\" class=\"wp-caption-text\">La prison rue de la R\u00e9publique au Blanc. Source: AD36 plan Dauvergne<\/figcaption><\/figure>\n<figure id=\"attachment_5409\" aria-describedby=\"caption-attachment-5409\" style=\"width: 300px\" class=\"wp-caption alignleft\"><a href=\"https:\/\/www.brenne-au-coeur.com\/wp-content\/uploads\/2024\/03\/releve-decrou.jpg\" rel=\"lightbox[5402]\"><img loading=\"lazy\" decoding=\"async\" class=\"wp-image-5409 size-medium\" src=\"https:\/\/www.brenne-au-coeur.com\/wp-content\/uploads\/2024\/03\/releve-decrou-300x225.jpg\" alt=\"\" width=\"300\" height=\"225\" srcset=\"https:\/\/www.brenne-au-coeur.com\/wp-content\/uploads\/2024\/03\/releve-decrou-300x225.jpg 300w, https:\/\/www.brenne-au-coeur.com\/wp-content\/uploads\/2024\/03\/releve-decrou-150x112.jpg 150w, https:\/\/www.brenne-au-coeur.com\/wp-content\/uploads\/2024\/03\/releve-decrou.jpg 563w\" sizes=\"auto, (max-width: 300px) 100vw, 300px\" \/><\/a><figcaption id=\"caption-attachment-5409\" class=\"wp-caption-text\">Relev\u00e9 d\u2019\u00e9crou. Source\u00a0: AD36 1112W art 5<\/figcaption><\/figure>\n<p align=\"justify\"><span style=\"font-size: large;\">\u00a0<\/span><\/p>\n<p align=\"justify\"><span style=\"font-size: large;\">Inculp\u00e9 \u00ab\u00a0d\u2019attentat contre la S\u00fbret\u00e9 de l\u2019Etat \u00e0 Paris\u00a0\u00bb et apr\u00e8s quelques interrogatoires, l\u2019ex communard est transf\u00e9r\u00e9 \u00e0 l\u2019Orangerie du ch\u00e2teau de Versailles le 8 septembre 1871. \u00ab\u00a0 Communeux \u00e0 surveiller de pr\u00e8s\u00a0\u00bb est-il indiqu\u00e9 \u00e0 l\u2019attention du gendarme Casanova sur l\u2019ordre de conduite. Bigre\u00a0! <\/span><\/p>\n<p align=\"justify\"><span style=\"font-size: large;\">Comme 46 835 autres r\u00e9volutionnaires, Alfred sera traduit devant un Conseil de Guerre. Pour lui, ce sera le cinqui\u00e8me sur les vingt-six mis en place qui perdureront jusqu\u2019en 1879. <\/span><\/p>\n<figure id=\"attachment_5412\" aria-describedby=\"caption-attachment-5412\" style=\"width: 300px\" class=\"wp-caption alignright\"><a href=\"https:\/\/www.brenne-au-coeur.com\/wp-content\/uploads\/2024\/03\/conseil-de-guerre.png\" rel=\"lightbox[5402]\"><img loading=\"lazy\" decoding=\"async\" class=\"wp-image-5412 size-medium\" src=\"https:\/\/www.brenne-au-coeur.com\/wp-content\/uploads\/2024\/03\/conseil-de-guerre-300x222.png\" alt=\"\" width=\"300\" height=\"222\" srcset=\"https:\/\/www.brenne-au-coeur.com\/wp-content\/uploads\/2024\/03\/conseil-de-guerre-300x222.png 300w, https:\/\/www.brenne-au-coeur.com\/wp-content\/uploads\/2024\/03\/conseil-de-guerre-150x111.png 150w, https:\/\/www.brenne-au-coeur.com\/wp-content\/uploads\/2024\/03\/conseil-de-guerre.png 686w\" sizes=\"auto, (max-width: 300px) 100vw, 300px\" \/><\/a><figcaption id=\"caption-attachment-5412\" class=\"wp-caption-text\">S\u00e9ance du 3e conseil de guerre<\/figcaption><\/figure>\n<p align=\"justify\"><span style=\"font-size: large;\">\u00a0<\/span><\/p>\n<figure id=\"attachment_5411\" aria-describedby=\"caption-attachment-5411\" style=\"width: 300px\" class=\"wp-caption alignleft\"><a href=\"https:\/\/www.brenne-au-coeur.com\/wp-content\/uploads\/2024\/03\/cave-orangerie.png\" rel=\"lightbox[5402]\"><img loading=\"lazy\" decoding=\"async\" class=\"wp-image-5411 size-medium\" src=\"https:\/\/www.brenne-au-coeur.com\/wp-content\/uploads\/2024\/03\/cave-orangerie-300x227.png\" alt=\"\" width=\"300\" height=\"227\" srcset=\"https:\/\/www.brenne-au-coeur.com\/wp-content\/uploads\/2024\/03\/cave-orangerie-300x227.png 300w, https:\/\/www.brenne-au-coeur.com\/wp-content\/uploads\/2024\/03\/cave-orangerie-150x114.png 150w, https:\/\/www.brenne-au-coeur.com\/wp-content\/uploads\/2024\/03\/cave-orangerie.png 675w\" sizes=\"auto, (max-width: 300px) 100vw, 300px\" \/><\/a><figcaption id=\"caption-attachment-5411\" class=\"wp-caption-text\">Caves de l\u2019Orangerie \u00e0 Versailles<\/figcaption><\/figure>\n<p align=\"justify\"><span style=\"font-size: large;\">Condamn\u00e9 le 31 janvier 1872 \u00e0 la d\u00e9gradation civique et \u00e0 la d\u00e9portation dans une enceint\u00e9 fortifi\u00e9e, le p\u00e8re d\u2019Andronie arrive le 6 avril au fort de Qu\u00e9lern, situ\u00e9 en rade de Brest, dans l\u2019attente d\u2019un navire qui le transportera en Nouvelle-Cal\u00e9donie \u2026<\/span><\/p>\n<p align=\"justify\">\u2026 <span style=\"font-size: large;\">le bout du monde \u00e0 17\u00a0000 km \u00e0 vol d\u2019oiseau de la m\u00e9tropole\u00a0!<\/span><\/p>\n<p align=\"justify\"><span style=\"font-size: large;\">Colonie fran\u00e7aise depuis 1853, cette \u00eele, pos\u00e9e au milieu de l\u2019oc\u00e9an Pacifique et libre de toute occupation europ\u00e9enne, a \u00e9t\u00e9 pressentie par Napol\u00e9on III pour y implanter un bagne et pour \u00ab\u00a0r\u00e9g\u00e9n\u00e9rer\u00a0\u00bb les condamn\u00e9s, c&rsquo;est-\u00e0-dire pour leur permettre de demeurer sur place apr\u00e8s l\u2019ex\u00e9cution de leur peine. <\/span><\/p>\n<p align=\"justify\"><span style=\"font-size: large;\">L\u2019arriv\u00e9e progressive d\u2019environ 4250 d\u00e9port\u00e9s issus de la Commune a boulevers\u00e9 et traumatis\u00e9 la population kanake ainsi que les militaires envoy\u00e9s de m\u00e9tropole. Aucune infrastructure n\u2019existait pour recevoir, entre 1872 et 1877, 19 bateaux et leurs transport\u00e9s. <\/span><\/p>\n<figure id=\"attachment_5413\" aria-describedby=\"caption-attachment-5413\" style=\"width: 300px\" class=\"wp-caption alignleft\"><a href=\"https:\/\/www.brenne-au-coeur.com\/wp-content\/uploads\/2024\/03\/la-guerriere.jpg\" rel=\"lightbox[5402]\"><img loading=\"lazy\" decoding=\"async\" class=\"wp-image-5413 size-medium\" src=\"https:\/\/www.brenne-au-coeur.com\/wp-content\/uploads\/2024\/03\/la-guerriere-300x157.jpg\" alt=\"\" width=\"300\" height=\"157\" srcset=\"https:\/\/www.brenne-au-coeur.com\/wp-content\/uploads\/2024\/03\/la-guerriere-300x157.jpg 300w, https:\/\/www.brenne-au-coeur.com\/wp-content\/uploads\/2024\/03\/la-guerriere-150x79.jpg 150w, https:\/\/www.brenne-au-coeur.com\/wp-content\/uploads\/2024\/03\/la-guerriere-768x403.jpg 768w, https:\/\/www.brenne-au-coeur.com\/wp-content\/uploads\/2024\/03\/la-guerriere.jpg 774w\" sizes=\"auto, (max-width: 300px) 100vw, 300px\" \/><\/a><figcaption id=\"caption-attachment-5413\" class=\"wp-caption-text\">La Guerri\u00e8re. Source inconnue<\/figcaption><\/figure>\n<p align=\"justify\"><span style=\"font-size: large;\">C\u2019est ainsi qu\u2019Alfred, avec huit autres camarades indriens enferm\u00e9s dans les soutes de La Guerri\u00e8re appareille le 13 juin 1872 pour l\u2019inconnu. Au terme d\u2019un voyage \u00e9prouvant de 142 jours et 16887 miles nautiques (soit plus de 31200 kilom\u00e8tres), le navire d\u00e9charge ses 900 passagers \u00e0 Noum\u00e9a. <\/span><\/p>\n<p align=\"center\">\n<figure id=\"attachment_5414\" aria-describedby=\"caption-attachment-5414\" style=\"width: 300px\" class=\"wp-caption alignright\"><a href=\"https:\/\/www.brenne-au-coeur.com\/wp-content\/uploads\/2024\/03\/itineraire-deportation.jpg\" rel=\"lightbox[5402]\"><img loading=\"lazy\" decoding=\"async\" class=\"wp-image-5414 size-medium\" src=\"https:\/\/www.brenne-au-coeur.com\/wp-content\/uploads\/2024\/03\/itineraire-deportation-300x194.jpg\" alt=\"\" width=\"300\" height=\"194\" srcset=\"https:\/\/www.brenne-au-coeur.com\/wp-content\/uploads\/2024\/03\/itineraire-deportation-300x194.jpg 300w, https:\/\/www.brenne-au-coeur.com\/wp-content\/uploads\/2024\/03\/itineraire-deportation-1024x663.jpg 1024w, https:\/\/www.brenne-au-coeur.com\/wp-content\/uploads\/2024\/03\/itineraire-deportation-150x97.jpg 150w, https:\/\/www.brenne-au-coeur.com\/wp-content\/uploads\/2024\/03\/itineraire-deportation-768x497.jpg 768w, https:\/\/www.brenne-au-coeur.com\/wp-content\/uploads\/2024\/03\/itineraire-deportation.jpg 1386w\" sizes=\"auto, (max-width: 300px) 100vw, 300px\" \/><\/a><figcaption id=\"caption-attachment-5414\" class=\"wp-caption-text\">Les diff\u00e9rents itin\u00e9raires de la d\u00e9portation. En rouge, la travers\u00e9e de la Guerri\u00e8re. Source\u00a0: La Commune de Paris 1871, J. Chatelut<\/figcaption><\/figure>\n<p align=\"center\"><span style=\"font-size: large;\">c<\/span><\/p>\n<p align=\"justify\">\n<p align=\"justify\">\n<p align=\"justify\">\n<p align=\"justify\"><span style=\"font-family: Segoe Print, serif;\"><span style=\"font-size: large;\">Et nous\u00a0? Que devenions-nous\u00a0? <\/span><\/span><\/p>\n<p align=\"justify\"><span style=\"font-family: Segoe Print, serif;\"><span style=\"font-size: large;\">Dans un premier temps, Marie a v\u00e9cu avec les quelques \u00e9conomies du m\u00e9nage. Ensuite, myst\u00e8re\u00a0!<\/span><\/span><\/p>\n<p align=\"justify\"><span style=\"font-family: Segoe Print, serif;\"><span style=\"font-size: large;\">Toujours est-il que, comme de nombreuses autres familles de communards, le d\u00e9part inattendu de mon p\u00e8re dans cette contr\u00e9e lointaine et inconnue et, \u00e0 priori, \u00e0 vie ou presque nous laissa dans un grand d\u00e9sarroi coupl\u00e9 \u00e0 un manque de revenus. <\/span><\/span><\/p>\n<p align=\"justify\"><span style=\"font-family: Segoe Print, serif;\"><span style=\"font-size: large;\">Conscients du d\u00e9nuement des foyers de d\u00e9port\u00e9s, les d\u00e9put\u00e9s vot\u00e8rent le 25 mars 1873 une loi publi\u00e9e au Journal Officiel le 28, pr\u00e9cisant ceci\u00a0: <\/span><\/span><\/p>\n<p align=\"justify\"><span style=\"font-family: Segoe Print, serif;\"><span style=\"font-size: large;\">\u00ab\u00a0 Les femmes et les enfants des condamn\u00e9s auront la facult\u00e9 d\u2019aller les rejoindre. Dans la limite du cr\u00e9dit sp\u00e9cial ouvert annuellement au budget de la d\u00e9portation, le gouvernement se chargera du transport gratuit des femmes et des enfants de ceux qui sont en mesure, soit par l\u2019exploitation d\u2019une concession, soir par l\u2019exercice d\u2019une industrie, de subvenir aux besoins de leur famille. Dans les m\u00eames limites et en outre du passage gratuit, des subsides en vivres et en v\u00eatements et un abri temporaire pourront \u00eatre accord\u00e9s, \u00e0 l\u2019arriv\u00e9e dans la colonie, aux femmes et aux enfants de ceux qui seront reconnus aptes \u00e0 remplir l\u2019engagement de satisfaire, dans un d\u00e9lai de deux ans, aux besoins de leur famille.\u00a0\u00bb<\/span><\/span><\/p>\n<p align=\"justify\"><span style=\"font-family: Segoe Print, serif;\"><span style=\"font-size: large;\">D\u00e8s le mois de janvier de la m\u00eame ann\u00e9e, Alfred sollicite l\u2019administration p\u00e9nitentiaire pour concr\u00e9tiser ce rapprochement familial. Il sera le seul du d\u00e9partement de l\u2019Indre. <\/span><\/span><\/p>\n<p align=\"justify\"><span style=\"font-family: Segoe Print, serif;\"><span style=\"font-size: large;\">Marie fait rapidement exp\u00e9dier, aux frais de l\u2019Etat, une caisse contenant tout le mat\u00e9riel n\u00e9cessaire au m\u00e9tier de cordonnier. Apr\u00e8s quelques m\u00e9saventures, elle est finalement bien arriv\u00e9e dans le port de Noum\u00e9a. <\/span><\/span><\/p>\n<p align=\"justify\"><span style=\"font-family: Segoe Print, serif;\"><span style=\"font-size: large;\">Parall\u00e8lement, le maire de M\u00e9zi\u00e8res est inform\u00e9 que ses administr\u00e9s devraient prendre un bateau \u00ab\u00a0dans deux ou trois mois environ\u00a0\u00bb. Il en informe aussit\u00f4t ma m\u00e8re qui, soulignons-le, ne sait ni lire, ni \u00e9crire. <\/span><\/span><\/p>\n<p align=\"justify\"><span style=\"font-family: Segoe Print, serif;\"><span style=\"font-size: large;\">C\u2019est avec 500kg de bagages que notre exil d\u00e9bute le 27 juillet 1873 dans la rade du Havre. Le F\u00e9nelon embarque 440 personnes dont 118 femmes et 242 enfants pour une travers\u00e9e de pr\u00e8s de trois mois sur trois oc\u00e9ans. <\/span><\/span><\/p>\n<p align=\"justify\"><span style=\"font-family: Segoe Print, serif;\"><span style=\"font-size: large;\">J\u2019ai 10 ans et ma s\u0153ur Mathilde 7. Pour nous, mais surtout pour Marie, nous voguions vers un monde nouveau et myst\u00e9rieux avec une vie de famille \u00e0 reconstruire. Tout serait bien diff\u00e9rent du Berry\u00a0: le climat, les arbres, les animaux, la nourriture \u2026 et mon \u00e9cole, en retrouverais-je une\u00a0? L\u2019excitation se conjuguait \u00e0 l\u2019inqui\u00e9tude. Mais le courage ne nous manquait pas. <\/span><\/span><\/p>\n<p align=\"justify\"><span style=\"font-family: Segoe Print, serif;\"><span style=\"font-size: large;\">Apr\u00e8s quelques temp\u00eates, deux naissances et neuf d\u00e9c\u00e8s de petits passagers, le contournement du cap de Bonne Esp\u00e9rance, nous accostons enfin le 23 octobre 1873 \u00e0 Noum\u00e9a sur la presqu\u2019\u00eele Ducos. <a href=\"https:\/\/www.brenne-au-coeur.com\/wp-content\/uploads\/2024\/03\/carte-nouvelle-caledonie-2.png\" rel=\"lightbox[5402]\"><img loading=\"lazy\" decoding=\"async\" class=\"alignright wp-image-5416 size-medium\" src=\"https:\/\/www.brenne-au-coeur.com\/wp-content\/uploads\/2024\/03\/carte-nouvelle-caledonie-2-300x225.png\" alt=\"\" width=\"300\" height=\"225\" srcset=\"https:\/\/www.brenne-au-coeur.com\/wp-content\/uploads\/2024\/03\/carte-nouvelle-caledonie-2-300x225.png 300w, https:\/\/www.brenne-au-coeur.com\/wp-content\/uploads\/2024\/03\/carte-nouvelle-caledonie-2-150x113.png 150w, https:\/\/www.brenne-au-coeur.com\/wp-content\/uploads\/2024\/03\/carte-nouvelle-caledonie-2.png 600w\" sizes=\"auto, (max-width: 300px) 100vw, 300px\" \/><\/a><a href=\"https:\/\/www.brenne-au-coeur.com\/wp-content\/uploads\/2024\/03\/carte-nouvelle-caledonie-1.jpg\" rel=\"lightbox[5402]\"><img loading=\"lazy\" decoding=\"async\" class=\"alignleft wp-image-5415 size-full\" src=\"https:\/\/www.brenne-au-coeur.com\/wp-content\/uploads\/2024\/03\/carte-nouvelle-caledonie-1.jpg\" alt=\"\" width=\"250\" height=\"223\" srcset=\"https:\/\/www.brenne-au-coeur.com\/wp-content\/uploads\/2024\/03\/carte-nouvelle-caledonie-1.jpg 250w, https:\/\/www.brenne-au-coeur.com\/wp-content\/uploads\/2024\/03\/carte-nouvelle-caledonie-1-150x134.jpg 150w\" sizes=\"auto, (max-width: 250px) 100vw, 250px\" \/><\/a><\/span><\/span><\/p>\n<p>&nbsp;<\/p>\n<p align=\"justify\"><span style=\"font-family: Segoe Print, serif;\"><span style=\"font-size: large;\">Les retrouvailles ont-elles \u00e9t\u00e9 chaleureuses\u00a0? Elles demeureront secr\u00e8tes \u2026 <\/span><\/span><\/p>\n<p align=\"justify\"><span style=\"font-family: Segoe Print, serif;\"><span style=\"font-size: large;\">Alfred, dont la peine initiale devait le maintenir dans une enceinte fortifi\u00e9e, avait vu cette derni\u00e8re commu\u00e9e en d\u00e9portation \u00ab&nbsp;simple\u00a0\u00bb au vu de sa conduite exemplaire. Ce \u00ab\u00a0privil\u00e8ge\u00a0\u00bb permettait de partir vivre en semi-libert\u00e9, sur l\u2019\u00eele des Pins, situ\u00e9e \u00e0 105 km au sud de la Grande Terre. La famille y est aussit\u00f4t transf\u00e9r\u00e9e et prend ses quartiers probablement \u00e0 proximit\u00e9 de la baie de Kuto. <\/span><\/span><\/p>\n<figure id=\"attachment_5417\" aria-describedby=\"caption-attachment-5417\" style=\"width: 300px\" class=\"wp-caption alignleft\"><a href=\"https:\/\/www.brenne-au-coeur.com\/wp-content\/uploads\/2024\/03\/photo-nouvelle-caledonie-1.jpg\" rel=\"lightbox[5402]\"><img loading=\"lazy\" decoding=\"async\" class=\"wp-image-5417 size-medium\" src=\"https:\/\/www.brenne-au-coeur.com\/wp-content\/uploads\/2024\/03\/photo-nouvelle-caledonie-1-300x200.jpg\" alt=\"\" width=\"300\" height=\"200\" srcset=\"https:\/\/www.brenne-au-coeur.com\/wp-content\/uploads\/2024\/03\/photo-nouvelle-caledonie-1-300x200.jpg 300w, https:\/\/www.brenne-au-coeur.com\/wp-content\/uploads\/2024\/03\/photo-nouvelle-caledonie-1-150x100.jpg 150w, https:\/\/www.brenne-au-coeur.com\/wp-content\/uploads\/2024\/03\/photo-nouvelle-caledonie-1-272x182.jpg 272w, https:\/\/www.brenne-au-coeur.com\/wp-content\/uploads\/2024\/03\/photo-nouvelle-caledonie-1.jpg 672w\" sizes=\"auto, (max-width: 300px) 100vw, 300px\" \/><\/a><figcaption id=\"caption-attachment-5417\" class=\"wp-caption-text\">Photos\u00a0: Chantal Kroliczak \u00a9<\/figcaption><\/figure>\n<figure id=\"attachment_5418\" aria-describedby=\"caption-attachment-5418\" style=\"width: 300px\" class=\"wp-caption alignright\"><a href=\"https:\/\/www.brenne-au-coeur.com\/wp-content\/uploads\/2024\/03\/photo-nouvelle-caledonie-2.jpg\" rel=\"lightbox[5402]\"><img loading=\"lazy\" decoding=\"async\" class=\"wp-image-5418 size-medium\" src=\"https:\/\/www.brenne-au-coeur.com\/wp-content\/uploads\/2024\/03\/photo-nouvelle-caledonie-2-300x200.jpg\" alt=\"\" width=\"300\" height=\"200\" srcset=\"https:\/\/www.brenne-au-coeur.com\/wp-content\/uploads\/2024\/03\/photo-nouvelle-caledonie-2-300x200.jpg 300w, https:\/\/www.brenne-au-coeur.com\/wp-content\/uploads\/2024\/03\/photo-nouvelle-caledonie-2-150x100.jpg 150w, https:\/\/www.brenne-au-coeur.com\/wp-content\/uploads\/2024\/03\/photo-nouvelle-caledonie-2-272x182.jpg 272w, https:\/\/www.brenne-au-coeur.com\/wp-content\/uploads\/2024\/03\/photo-nouvelle-caledonie-2.jpg 675w\" sizes=\"auto, (max-width: 300px) 100vw, 300px\" \/><\/a><figcaption id=\"caption-attachment-5418\" class=\"wp-caption-text\">Photos\u00a0: Chantal Kroliczak \u00a9<\/figcaption><\/figure>\n<p align=\"justify\"><span style=\"font-family: Segoe Print, serif;\"><span style=\"font-size: large;\">\u00d4 surprise\u00a0! Il fait plus de 25 degr\u00e9s dans la journ\u00e9e d\u00e9but novembre et les nuits sont douces\u00a0; la v\u00e9g\u00e9tation, tr\u00e8s dense, refl\u00e8te un beau vert profond au milieu de laquelle se dressent de dr\u00f4les de crayons entour\u00e9s de feuilles. J\u2019apprendrai plus tard qu\u2019il s\u2019agit de pins colonnaires qui mettent plus de 1000 ans \u00e0 cro\u00eetre. Ils sont \u00e0 l\u2019origine du nom de l\u2019\u00eele. <\/span><\/span><\/p>\n<p align=\"justify\">\n<p align=\"center\"><span style=\"font-size: large;\">\u00a0<\/span><\/p>\n<p align=\"justify\"><span style=\"font-family: Segoe Print, serif;\"><span style=\"font-size: large;\">Le quotidien s\u2019organise tant bien que mal. L\u2019Administration, d\u00e9bord\u00e9e mais voulant bien faire, <\/span><\/span><\/p>\n<p align=\"justify\"><span style=\"font-family: Segoe Print, serif;\"><span style=\"font-size: large;\">apporte un peu de mat\u00e9riel n\u00e9cessaire au d\u00e9broussaillage des chemins, \u00e0 nos campements de fortune et \u00e0 notre ravitaillement en vivres. <\/span><\/span><\/p>\n<figure id=\"attachment_5419\" aria-describedby=\"caption-attachment-5419\" style=\"width: 300px\" class=\"wp-caption aligncenter\"><a href=\"https:\/\/www.brenne-au-coeur.com\/wp-content\/uploads\/2024\/03\/archives-varma.jpg\" rel=\"lightbox[5402]\"><img loading=\"lazy\" decoding=\"async\" class=\"wp-image-5419 size-medium\" src=\"https:\/\/www.brenne-au-coeur.com\/wp-content\/uploads\/2024\/03\/archives-varma-300x123.jpg\" alt=\"\" width=\"300\" height=\"123\" srcset=\"https:\/\/www.brenne-au-coeur.com\/wp-content\/uploads\/2024\/03\/archives-varma-300x123.jpg 300w, https:\/\/www.brenne-au-coeur.com\/wp-content\/uploads\/2024\/03\/archives-varma-1024x420.jpg 1024w, https:\/\/www.brenne-au-coeur.com\/wp-content\/uploads\/2024\/03\/archives-varma-150x62.jpg 150w, https:\/\/www.brenne-au-coeur.com\/wp-content\/uploads\/2024\/03\/archives-varma-768x315.jpg 768w, https:\/\/www.brenne-au-coeur.com\/wp-content\/uploads\/2024\/03\/archives-varma.jpg 1080w\" sizes=\"auto, (max-width: 300px) 100vw, 300px\" \/><\/a><figcaption id=\"caption-attachment-5419\" class=\"wp-caption-text\">Source rue des Archives &#8211; Varma<\/figcaption><\/figure>\n<figure id=\"attachment_5420\" aria-describedby=\"caption-attachment-5420\" style=\"width: 222px\" class=\"wp-caption alignleft\"><a href=\"https:\/\/www.brenne-au-coeur.com\/wp-content\/uploads\/2024\/03\/archives-noumea-1.jpg\" rel=\"lightbox[5402]\"><img loading=\"lazy\" decoding=\"async\" class=\"wp-image-5420 size-medium\" src=\"https:\/\/www.brenne-au-coeur.com\/wp-content\/uploads\/2024\/03\/archives-noumea-1-222x300.jpg\" alt=\"\" width=\"222\" height=\"300\" srcset=\"https:\/\/www.brenne-au-coeur.com\/wp-content\/uploads\/2024\/03\/archives-noumea-1-222x300.jpg 222w, https:\/\/www.brenne-au-coeur.com\/wp-content\/uploads\/2024\/03\/archives-noumea-1-111x150.jpg 111w, https:\/\/www.brenne-au-coeur.com\/wp-content\/uploads\/2024\/03\/archives-noumea-1.jpg 571w\" sizes=\"auto, (max-width: 222px) 100vw, 222px\" \/><\/a><figcaption id=\"caption-attachment-5420\" class=\"wp-caption-text\">Source\u00a0: Archives territoriales de Noum\u00e9a \u2013 2J 325<\/figcaption><\/figure>\n<figure id=\"attachment_5421\" aria-describedby=\"caption-attachment-5421\" style=\"width: 232px\" class=\"wp-caption alignright\"><a href=\"https:\/\/www.brenne-au-coeur.com\/wp-content\/uploads\/2024\/03\/archives-noumea-2.jpg\" rel=\"lightbox[5402]\"><img loading=\"lazy\" decoding=\"async\" class=\"wp-image-5421 size-medium\" src=\"https:\/\/www.brenne-au-coeur.com\/wp-content\/uploads\/2024\/03\/archives-noumea-2-232x300.jpg\" alt=\"\" width=\"232\" height=\"300\" srcset=\"https:\/\/www.brenne-au-coeur.com\/wp-content\/uploads\/2024\/03\/archives-noumea-2-232x300.jpg 232w, https:\/\/www.brenne-au-coeur.com\/wp-content\/uploads\/2024\/03\/archives-noumea-2-116x150.jpg 116w, https:\/\/www.brenne-au-coeur.com\/wp-content\/uploads\/2024\/03\/archives-noumea-2.jpg 598w\" sizes=\"auto, (max-width: 232px) 100vw, 232px\" \/><\/a><figcaption id=\"caption-attachment-5421\" class=\"wp-caption-text\">Source\u00a0: Archives territoriales de Noum\u00e9a \u2013 2J 325<\/figcaption><\/figure>\n<p align=\"justify\"><span style=\"font-family: Segoe Print, serif;\"><span style=\"font-size: large;\">En quelques ann\u00e9es, les d\u00e9port\u00e9s vont compl\u00e8tement transformer cette \u00eele paradisiaque initialement occup\u00e9e par une population kanake plut\u00f4t hostile et quelques fr\u00e8res maristes. Avec opini\u00e2tret\u00e9, quelques 3000 ouvriers, artisans et quelques d\u00e9port\u00e9s \u00e9duqu\u00e9s reconstitu\u00e8rent une petite soci\u00e9t\u00e9 avec des villages g\u00e9r\u00e9s par des \u00ab\u00a0maires\u00a0\u00bb, une chapelle, des \u00e9coles, des boutiques, un h\u00f4pital et m\u00eame un journal intitul\u00e9 l\u2019Album. <\/span><\/span><\/p>\n<p align=\"center\"><span style=\"font-size: large;\">\u00a0<\/span><\/p>\n<p align=\"justify\">\n<p align=\"center\"><span style=\"font-size: large;\">\u00a0<\/span><\/p>\n<figure id=\"attachment_5422\" aria-describedby=\"caption-attachment-5422\" style=\"width: 217px\" class=\"wp-caption alignleft\"><a href=\"https:\/\/www.brenne-au-coeur.com\/wp-content\/uploads\/2024\/03\/alfred-dessine-1.jpg\" rel=\"lightbox[5402]\"><img loading=\"lazy\" decoding=\"async\" class=\"wp-image-5422 size-medium\" src=\"https:\/\/www.brenne-au-coeur.com\/wp-content\/uploads\/2024\/03\/alfred-dessine-1-217x300.jpg\" alt=\"\" width=\"217\" height=\"300\" srcset=\"https:\/\/www.brenne-au-coeur.com\/wp-content\/uploads\/2024\/03\/alfred-dessine-1-217x300.jpg 217w, https:\/\/www.brenne-au-coeur.com\/wp-content\/uploads\/2024\/03\/alfred-dessine-1-109x150.jpg 109w, https:\/\/www.brenne-au-coeur.com\/wp-content\/uploads\/2024\/03\/alfred-dessine-1.jpg 609w\" sizes=\"auto, (max-width: 217px) 100vw, 217px\" \/><\/a><figcaption id=\"caption-attachment-5422\" class=\"wp-caption-text\">Alfred dessin\u00e9 par Julien Devicque. Source\u00a0: AD36 &#8211; 48J 2B 1317<\/figcaption><\/figure>\n<figure id=\"attachment_5423\" aria-describedby=\"caption-attachment-5423\" style=\"width: 180px\" class=\"wp-caption alignright\"><a href=\"https:\/\/www.brenne-au-coeur.com\/wp-content\/uploads\/2024\/03\/alfred-dessine-2.jpg\" rel=\"lightbox[5402]\"><img loading=\"lazy\" decoding=\"async\" class=\"wp-image-5423 size-medium\" src=\"https:\/\/www.brenne-au-coeur.com\/wp-content\/uploads\/2024\/03\/alfred-dessine-2-180x300.jpg\" alt=\"\" width=\"180\" height=\"300\" srcset=\"https:\/\/www.brenne-au-coeur.com\/wp-content\/uploads\/2024\/03\/alfred-dessine-2-180x300.jpg 180w, https:\/\/www.brenne-au-coeur.com\/wp-content\/uploads\/2024\/03\/alfred-dessine-2-90x150.jpg 90w, https:\/\/www.brenne-au-coeur.com\/wp-content\/uploads\/2024\/03\/alfred-dessine-2.jpg 501w\" sizes=\"auto, (max-width: 180px) 100vw, 180px\" \/><\/a><figcaption id=\"caption-attachment-5423\" class=\"wp-caption-text\">Photo prise \u00e0 Noum\u00e9a vers 1879. Source\u00a0: AD36 &#8211; 48J 2B 1318<\/figcaption><\/figure>\n<p align=\"justify\"><span style=\"font-family: Segoe Print, serif;\"><span style=\"font-size: large;\">Avec l\u2019initiative bienvenue de ma m\u00e8re, mon p\u00e8re est rapidement devenu indispensable pour chausser correctement le flot des nouveaux arriv\u00e9s et ses camarades d\u00e9j\u00e0 sur place. Il avait son mat\u00e9riel de cordonnier pour fabriquer et r\u00e9parer. De plus, l\u2019Administration p\u00e9nitentiaire lui demanda des bottes pour son personnel. Plusieurs ateliers virent ainsi le jour et prosp\u00e9r\u00e8rent. <\/span><\/span><\/p>\n<p>&nbsp;<\/p>\n<p>&nbsp;<\/p>\n<p><span style=\"font-size: large;\">\u00a0<\/span><\/p>\n<p align=\"justify\"><span style=\"font-family: Segoe Print, serif;\"><span style=\"font-size: large;\">Quelle \u00e9pop\u00e9e pour nous enfants puis adolescents qui nous habitu\u00e2mes \u00e0 cette nouvelle vie, ponctu\u00e9e de d\u00e9pressions climatiques, parfois m\u00eame de cyclones. Nous d\u00e9couvr\u00eemes le taro, le manioc, les letchis, les bananes, les langoustes, les venimeux serpents \u00ab\u00a0tricot ray\u00e9\u00a0\u00bb et tant d\u2019autres choses\u00a0!<\/span><\/span><\/p>\n<p align=\"justify\"><span style=\"font-family: Segoe Print, serif;\"><span style=\"font-size: large;\">Nous avons suivi des cours sur l\u2019\u00eele et \u00e0 Noum\u00e9a. Ayant re\u00e7u une formation en comptabilit\u00e9, j\u2019ai d\u00e9but\u00e9 au service de la Banque Fonci\u00e8re. <\/span><\/span><\/p>\n<p align=\"justify\"><span style=\"font-family: Segoe Print, serif;\"><span style=\"font-size: large;\">Gr\u00e2ce \u00e0 Victor Hugo, qui se d\u00e9menait depuis plusieurs ann\u00e9es et \u00e0 la faveur d\u2019une victoire de la Gauche au S\u00e9nat obtenue le 5 janvier 1879, les insurg\u00e9s de la Commune furent enfin tous amnisti\u00e9s le 12 juillet 1880. <\/span><\/span><\/p>\n<p align=\"justify\"><span style=\"font-family: Segoe Print, serif;\"><span style=\"font-size: large;\">Mais d\u00e8s 1878, les conditions de \u00ab\u00a0d\u00e9tention\u00a0\u00bb d\u2019Alfred s\u2019\u00e9taient assouplies\u00a0: il avait juste l\u2019obligation de rester en Nouvelle-Cal\u00e9donie, obligation lev\u00e9e d\u00e8s le 15 janvier 1879.<\/span><\/span><\/p>\n<figure id=\"attachment_5424\" aria-describedby=\"caption-attachment-5424\" style=\"width: 300px\" class=\"wp-caption aligncenter\"><a href=\"https:\/\/www.brenne-au-coeur.com\/wp-content\/uploads\/2024\/03\/le-tage.jpg\" rel=\"lightbox[5402]\"><img loading=\"lazy\" decoding=\"async\" class=\"wp-image-5424 size-medium\" src=\"https:\/\/www.brenne-au-coeur.com\/wp-content\/uploads\/2024\/03\/le-tage-300x236.jpg\" alt=\"\" width=\"300\" height=\"236\" srcset=\"https:\/\/www.brenne-au-coeur.com\/wp-content\/uploads\/2024\/03\/le-tage-300x236.jpg 300w, https:\/\/www.brenne-au-coeur.com\/wp-content\/uploads\/2024\/03\/le-tage-150x118.jpg 150w, https:\/\/www.brenne-au-coeur.com\/wp-content\/uploads\/2024\/03\/le-tage-768x603.jpg 768w, https:\/\/www.brenne-au-coeur.com\/wp-content\/uploads\/2024\/03\/le-tage.jpg 778w\" sizes=\"auto, (max-width: 300px) 100vw, 300px\" \/><\/a><figcaption id=\"caption-attachment-5424\" class=\"wp-caption-text\">Le Tage \u2013 Source inconnue<\/figcaption><\/figure>\n<p align=\"justify\"><span style=\"font-family: Segoe Print, serif;\"><span style=\"font-size: large;\">Mes parents et Mathilde quitt\u00e8rent d\u00e9finitivement la colonie p\u00e9nitentiaire le 6 avril 1880 \u00e0 bord du Tage. Ils arriv\u00e8rent \u00e0 M\u00e9zi\u00e8res-en-Brenne au mois d\u2019ao\u00fbt et y reprirent leur vie \u00ab\u00a0d\u2019avant\u00a0\u00bb. <\/span><\/span><\/p>\n<p align=\"center\"><span style=\"font-size: large;\">\u00a0<\/span><\/p>\n<p align=\"justify\"><span style=\"font-family: Segoe Print, serif;\"><span style=\"font-size: large;\">Mais pas moi. A 17 ans, le cours de la mienne s\u2019\u00e9crirait dor\u00e9navant sur ce territoire kanak, perdu dans l\u2019oc\u00e9an Pacifique, le bien-nomm\u00e9. <\/span><\/span><\/p>\n<p align=\"justify\"><span style=\"font-size: large;\">A cet \u00e2ge et compte tenu de son adolescence v\u00e9cue sur le territoire cal\u00e9donien d\u00e9sormais bien per\u00e7u, Andronie \u00e9tait quasiment devenu un adulte pouvant se g\u00e9rer seul. <\/span><\/p>\n<p align=\"justify\"><span style=\"font-size: large;\">Il y a tout lieu de penser qu\u2019il est revenu en Berry accomplir son service militaire \u00e0 son vingti\u00e8me anniversaire en prenant le Dupleix, un paquebot-poste de la Compagnie des Messageries maritimes assurant la liaison Noum\u00e9a \u2013 Sidney \u2013 Marseille. <\/span><\/p>\n<p align=\"justify\"><span style=\"font-size: large;\">Cette grande entreprise fran\u00e7aise, n\u00e9e en 1851, a permis \u00e0 des milliers d\u2019hommes et de femmes de relier les nombreuses colonies sous la coupe de l\u2019Etat. Propri\u00e9taire de plus de 200 bateaux, elle s\u2019est constamment adapt\u00e9e aux transports en tout genre en modifiant ses routes et ses escales au gr\u00e9 des besoins et des demandes. <\/span><\/p>\n<p align=\"justify\"><span style=\"font-size: large;\">A partir de fin 1882, Noum\u00e9a b\u00e9n\u00e9ficia d\u2019une ligne r\u00e9guli\u00e8re chaque quinzaine. Les navires empruntaient d\u00e9sormais le r\u00e9cent canal de Suez, r\u00e9duisant consid\u00e9rablement la dur\u00e9e des travers\u00e9es. Les passagers, pourvus d\u2019une cabine, \u00e9taient rarement plus d\u2019une centaine. Par contre, les cales pouvaient contenir plus de 2000 tonnes de marchandises. Le \u00ab\u00a0dernier chic parisien\u00a0\u00bb se retrouvait ainsi dans les magasins de la Grande Terre quelques mois apr\u00e8s sa sortie dans la capitale de la m\u00e9tropole\u00a0! Nous y reviendrons. <a href=\"https:\/\/www.brenne-au-coeur.com\/wp-content\/uploads\/2024\/03\/messagerie-maritime.jpg\" rel=\"lightbox[5402]\"><img loading=\"lazy\" decoding=\"async\" class=\"alignleft wp-image-5425 size-medium\" src=\"https:\/\/www.brenne-au-coeur.com\/wp-content\/uploads\/2024\/03\/messagerie-maritime-192x300.jpg\" alt=\"\" width=\"192\" height=\"300\" srcset=\"https:\/\/www.brenne-au-coeur.com\/wp-content\/uploads\/2024\/03\/messagerie-maritime-192x300.jpg 192w, https:\/\/www.brenne-au-coeur.com\/wp-content\/uploads\/2024\/03\/messagerie-maritime-96x150.jpg 96w, https:\/\/www.brenne-au-coeur.com\/wp-content\/uploads\/2024\/03\/messagerie-maritime.jpg 467w\" sizes=\"auto, (max-width: 192px) 100vw, 192px\" \/><\/a><\/span><\/p>\n<figure id=\"attachment_5426\" aria-describedby=\"caption-attachment-5426\" style=\"width: 300px\" class=\"wp-caption alignright\"><a href=\"https:\/\/www.brenne-au-coeur.com\/wp-content\/uploads\/2024\/03\/registre-militaire.jpg\" rel=\"lightbox[5402]\"><img loading=\"lazy\" decoding=\"async\" class=\"wp-image-5426 size-medium\" src=\"https:\/\/www.brenne-au-coeur.com\/wp-content\/uploads\/2024\/03\/registre-militaire-300x239.jpg\" alt=\"\" width=\"300\" height=\"239\" srcset=\"https:\/\/www.brenne-au-coeur.com\/wp-content\/uploads\/2024\/03\/registre-militaire-300x239.jpg 300w, https:\/\/www.brenne-au-coeur.com\/wp-content\/uploads\/2024\/03\/registre-militaire-150x120.jpg 150w, https:\/\/www.brenne-au-coeur.com\/wp-content\/uploads\/2024\/03\/registre-militaire.jpg 532w\" sizes=\"auto, (max-width: 300px) 100vw, 300px\" \/><\/a><figcaption id=\"caption-attachment-5426\" class=\"wp-caption-text\">Registre matricule militaire. Source\u00a0: AD 36 \u2013 R2150 Le Blanc 1883<\/figcaption><\/figure>\n<p align=\"justify\"><span style=\"font-size: large;\">Affect\u00e9 au 68<sup>e<\/sup> r\u00e9giment d\u2019infanterie le 4 d\u00e9cembre 1884, le fils d\u2019Alfred termine son devoir de citoyen muni d\u2019un certificat de bonne conduite et d\u2019une mise en disponibilit\u00e9 accord\u00e9e le 23 septembre 1885. <\/span><\/p>\n<p align=\"center\"><span style=\"font-size: large;\">\u00a0<\/span><\/p>\n<p align=\"justify\"><span style=\"font-size: large;\">Andronie \u00e9tait alors \u00ab\u00a0voyageur de commerce\u00a0\u00bb en 1886 lorsque l\u2019agent recenseur \u00e0 M\u00e9zi\u00e8res-en-Brenne l\u2019a trouv\u00e9 en visite chez ses parents, rue du Four. <\/span><\/p>\n<p align=\"justify\"><span style=\"font-size: large;\">Il est fort probable que sa \u00ab\u00a0d\u00e9brouille\u00a0\u00bb, sa perspicacit\u00e9 et son sens des affaires lui permirent de s\u2019implanter au mieux dans cette \u00eele en plein essor. De nombreuses opportunit\u00e9s se pr\u00e9sent\u00e8rent \u2026 <\/span><\/p>\n<figure id=\"attachment_5427\" aria-describedby=\"caption-attachment-5427\" style=\"width: 205px\" class=\"wp-caption alignleft\"><a href=\"https:\/\/www.brenne-au-coeur.com\/wp-content\/uploads\/2024\/03\/barbiche.jpg\" rel=\"lightbox[5402]\"><img loading=\"lazy\" decoding=\"async\" class=\"wp-image-5427 size-medium\" src=\"https:\/\/www.brenne-au-coeur.com\/wp-content\/uploads\/2024\/03\/barbiche-205x300.jpg\" alt=\"\" width=\"205\" height=\"300\" srcset=\"https:\/\/www.brenne-au-coeur.com\/wp-content\/uploads\/2024\/03\/barbiche-205x300.jpg 205w, https:\/\/www.brenne-au-coeur.com\/wp-content\/uploads\/2024\/03\/barbiche-102x150.jpg 102w, https:\/\/www.brenne-au-coeur.com\/wp-content\/uploads\/2024\/03\/barbiche.jpg 380w\" sizes=\"auto, (max-width: 205px) 100vw, 205px\" \/><\/a><figcaption id=\"caption-attachment-5427\" class=\"wp-caption-text\">Jules Garnier.<\/figcaption><\/figure>\n<figure id=\"attachment_5428\" aria-describedby=\"caption-attachment-5428\" style=\"width: 300px\" class=\"wp-caption alignright\"><a href=\"https:\/\/www.brenne-au-coeur.com\/wp-content\/uploads\/2024\/03\/nickel.jpg\" rel=\"lightbox[5402]\"><img loading=\"lazy\" decoding=\"async\" class=\"wp-image-5428 size-medium\" src=\"https:\/\/www.brenne-au-coeur.com\/wp-content\/uploads\/2024\/03\/nickel-300x197.jpg\" alt=\"\" width=\"300\" height=\"197\" srcset=\"https:\/\/www.brenne-au-coeur.com\/wp-content\/uploads\/2024\/03\/nickel-300x197.jpg 300w, https:\/\/www.brenne-au-coeur.com\/wp-content\/uploads\/2024\/03\/nickel-150x99.jpg 150w, https:\/\/www.brenne-au-coeur.com\/wp-content\/uploads\/2024\/03\/nickel-768x505.jpg 768w, https:\/\/www.brenne-au-coeur.com\/wp-content\/uploads\/2024\/03\/nickel.jpg 1024w\" sizes=\"auto, (max-width: 300px) 100vw, 300px\" \/><\/a><figcaption id=\"caption-attachment-5428\" class=\"wp-caption-text\">Source\u00a0: Getty museum Minerai de nickel<\/figcaption><\/figure>\n<p align=\"justify\"><span style=\"font-size: large;\">La premi\u00e8re est li\u00e9e \u00e0 la d\u00e9couverte en 1864 de la garni\u00e9rite, du nom de son d\u00e9couvreur le g\u00e9ologue Jules Garnier. Balbutiante, l\u2019exploitation mini\u00e8re du nickel prendra une bonne dizaine d\u2019ann\u00e9es avant la mise en service de la premi\u00e8re usine \u00e0 la pointe Chaleix. Qui aurait pu deviner que le sous-sol cal\u00e9donien contenait environ 30% des r\u00e9serves mondiales de ce minerai indispensable \u00e0 la fabrication de l\u2019acier inoxydable\u00a0? L\u2019or vert assurera la prosp\u00e9rit\u00e9 de l\u2019\u00eele mais sera aussi \u00e0 l\u2019origine de conflits ethniques et d\u2019utilisation servile de bagnards (contrats de chair humaine) et, apr\u00e8s leur d\u00e9part, de Japonais, de N\u00e9o-H\u00e9bridais, de Tonkinois, de Javanais. <\/span><\/p>\n<p align=\"justify\"><span style=\"font-size: large;\">C\u2019est ainsi que le jeune homme devient \u00ab\u00a0comptable du nickel\u00a0\u00bb en 1888 \u00e0 Thio, petit village minier situ\u00e9 sur la c\u00f4te est dans lequel s\u2019implante la S.L.N. (Soci\u00e9t\u00e9 Le Nickel) cofond\u00e9e par John Higginson, d\u2019origine britannique. Le premier directeur Monsieur Wilczynski, le prend comme adjoint. Andronie conservera ce poste jusqu\u2019en 1896. <\/span><\/p>\n<figure id=\"attachment_5429\" aria-describedby=\"caption-attachment-5429\" style=\"width: 300px\" class=\"wp-caption alignnone\"><a href=\"https:\/\/www.brenne-au-coeur.com\/wp-content\/uploads\/2024\/03\/thio-1.jpg\" rel=\"lightbox[5402]\"><img loading=\"lazy\" decoding=\"async\" class=\"wp-image-5429 size-medium\" src=\"https:\/\/www.brenne-au-coeur.com\/wp-content\/uploads\/2024\/03\/thio-1-300x194.jpg\" alt=\"\" width=\"300\" height=\"194\" srcset=\"https:\/\/www.brenne-au-coeur.com\/wp-content\/uploads\/2024\/03\/thio-1-300x194.jpg 300w, https:\/\/www.brenne-au-coeur.com\/wp-content\/uploads\/2024\/03\/thio-1-150x97.jpg 150w, https:\/\/www.brenne-au-coeur.com\/wp-content\/uploads\/2024\/03\/thio-1.jpg 685w\" sizes=\"auto, (max-width: 300px) 100vw, 300px\" \/><\/a><figcaption id=\"caption-attachment-5429\" class=\"wp-caption-text\">Le village de Thio dans les ann\u00e9es 1890<\/figcaption><\/figure>\n<figure id=\"attachment_5430\" aria-describedby=\"caption-attachment-5430\" style=\"width: 300px\" class=\"wp-caption alignright\"><a href=\"https:\/\/www.brenne-au-coeur.com\/wp-content\/uploads\/2024\/03\/thio-2.jpg\" rel=\"lightbox[5402]\"><img loading=\"lazy\" decoding=\"async\" class=\"wp-image-5430 size-medium\" src=\"https:\/\/www.brenne-au-coeur.com\/wp-content\/uploads\/2024\/03\/thio-2-300x233.jpg\" alt=\"\" width=\"300\" height=\"233\" srcset=\"https:\/\/www.brenne-au-coeur.com\/wp-content\/uploads\/2024\/03\/thio-2-300x233.jpg 300w, https:\/\/www.brenne-au-coeur.com\/wp-content\/uploads\/2024\/03\/thio-2-150x117.jpg 150w, https:\/\/www.brenne-au-coeur.com\/wp-content\/uploads\/2024\/03\/thio-2.jpg 663w\" sizes=\"auto, (max-width: 300px) 100vw, 300px\" \/><\/a><figcaption id=\"caption-attachment-5430\" class=\"wp-caption-text\">La maison du directeur de la mine &#8211; Source&nbsp;: mus\u00e9e de la mine de Thio<\/figcaption><\/figure>\n<p align=\"justify\"><span style=\"font-size: large;\">\u00a0La maison du directeur de la mine &#8211; Source&nbsp;: mus\u00e9e de la mine de Thio<\/span><\/p>\n<p align=\"justify\"><span style=\"font-size: large;\">Cette exp\u00e9rience lui permettra de bien conna\u00eetre les rouages de cette exploitation nouvelle qu\u2019il utilisera quelques ann\u00e9es plus tard. <\/span><\/p>\n<p align=\"justify\"><span style=\"font-size: large;\">La seconde opportunit\u00e9 est, indirectement, provoqu\u00e9e par son mariage avec Ani Maestracci le 5 mai 1892. Auguste, le p\u00e8re de cette derni\u00e8re, corse au destin de roman-feuilleton, est implant\u00e9 \u00e0 Noum\u00e9a depuis de nombreuses ann\u00e9es. Conseiller priv\u00e9 du gouvernement local, le patriarche a fond\u00e9 le magasin Maestracci positionn\u00e9 \u00e0 l\u2019angle des rues de l\u2019Alma et de Rivoli dans le centre \u00e9conomique de Noum\u00e9a. Selon l\u2019arrivage des bateaux, on y vend un peu de tout simplifiant la vie quotidienne des Cal\u00e9doniens blancs. De m\u00eame, \u00e0 quelques encablures, le magasin Ballande propose des draps, des po\u00eales, des verres, des boutons et tant d\u2019autres articles. <\/span><\/p>\n<p align=\"justify\">\n<p align=\"justify\">\n<figure id=\"attachment_5431\" aria-describedby=\"caption-attachment-5431\" style=\"width: 300px\" class=\"wp-caption alignleft\"><a href=\"https:\/\/www.brenne-au-coeur.com\/wp-content\/uploads\/2024\/03\/gravure-caledonnienne-1.jpg\" rel=\"lightbox[5402]\"><img loading=\"lazy\" decoding=\"async\" class=\"wp-image-5431 size-medium\" src=\"https:\/\/www.brenne-au-coeur.com\/wp-content\/uploads\/2024\/03\/gravure-caledonnienne-1-300x234.jpg\" alt=\"\" width=\"300\" height=\"234\" srcset=\"https:\/\/www.brenne-au-coeur.com\/wp-content\/uploads\/2024\/03\/gravure-caledonnienne-1-300x234.jpg 300w, https:\/\/www.brenne-au-coeur.com\/wp-content\/uploads\/2024\/03\/gravure-caledonnienne-1-150x117.jpg 150w, https:\/\/www.brenne-au-coeur.com\/wp-content\/uploads\/2024\/03\/gravure-caledonnienne-1.jpg 604w\" sizes=\"auto, (max-width: 300px) 100vw, 300px\" \/><\/a><figcaption id=\"caption-attachment-5431\" class=\"wp-caption-text\">Sources\u00a0: Gravures cal\u00e9doniennes d\u2019antan \u2013 F. Angleviel<\/figcaption><\/figure>\n<p align=\"justify\"><span style=\"font-size: large;\">\u00a0<\/span><\/p>\n<figure id=\"attachment_5432\" aria-describedby=\"caption-attachment-5432\" style=\"width: 300px\" class=\"wp-caption alignright\"><a href=\"https:\/\/www.brenne-au-coeur.com\/wp-content\/uploads\/2024\/03\/gravure-caledonnienne-2.jpg\" rel=\"lightbox[5402]\"><img loading=\"lazy\" decoding=\"async\" class=\"wp-image-5432 size-medium\" src=\"https:\/\/www.brenne-au-coeur.com\/wp-content\/uploads\/2024\/03\/gravure-caledonnienne-2-300x207.jpg\" alt=\"\" width=\"300\" height=\"207\" srcset=\"https:\/\/www.brenne-au-coeur.com\/wp-content\/uploads\/2024\/03\/gravure-caledonnienne-2-300x207.jpg 300w, https:\/\/www.brenne-au-coeur.com\/wp-content\/uploads\/2024\/03\/gravure-caledonnienne-2-150x104.jpg 150w, https:\/\/www.brenne-au-coeur.com\/wp-content\/uploads\/2024\/03\/gravure-caledonnienne-2.jpg 684w\" sizes=\"auto, (max-width: 300px) 100vw, 300px\" \/><\/a><figcaption id=\"caption-attachment-5432\" class=\"wp-caption-text\">ANC \u2013 collection S. Kakou<\/figcaption><\/figure>\n<p align=\"justify\"><span style=\"font-size: large;\">La forte personnalit\u00e9 d\u2019Auguste laisse \u00e0 penser qu\u2019il a autoris\u00e9 cette union par int\u00e9r\u00eat. <\/span><\/p>\n<p align=\"justify\"><span style=\"font-size: large;\">C\u2019est donc presque naturellement qu\u2019Andronie int\u00e8gre l\u2019affaire familiale. Rapidement, l\u2019enseigne devient donc A.Maestracci-A.Huet. De multiples allers-retours en m\u00e9tropole permettent d\u2019acheter jusqu\u2019\u00e0 300 tonnes de marchandises diverses, conditionn\u00e9es en 2500 colis. \u00ab\u00a0Elles sont d\u2019une fra\u00eecheur incontestable et [seront] vendues \u00e0 des prix exceptionnels de bon march\u00e9.\u00a0\u00bb Dans le cadre de l\u2019une des nombreuses \u00e9pid\u00e9mies de chol\u00e9ra<span style=\"color: #7030a0;\">,<\/span> une publicit\u00e9 parue dans le journal la France Australe pr\u00e9cise \u00ab\u00a0 par ces temps d\u2019\u00e9pid\u00e9mie, il est bon de rappeler que nos magasins sont nouvellement construits, que nos marchandises fra\u00eeches sont log\u00e9es dans des locaux non contamin\u00e9s. Les personnes qui voudraient bien nous honorer de leur visite n\u2019auront \u00e0 craindre aucun danger d\u2019infection.\u00a0\u00bb<\/span><\/p>\n<figure id=\"attachment_5433\" aria-describedby=\"caption-attachment-5433\" style=\"width: 300px\" class=\"wp-caption alignnone\"><a href=\"https:\/\/www.brenne-au-coeur.com\/wp-content\/uploads\/2024\/03\/noumea-retro.jpg\" rel=\"lightbox[5402]\"><img loading=\"lazy\" decoding=\"async\" class=\"wp-image-5433 size-medium\" src=\"https:\/\/www.brenne-au-coeur.com\/wp-content\/uploads\/2024\/03\/noumea-retro-300x186.jpg\" alt=\"\" width=\"300\" height=\"186\" srcset=\"https:\/\/www.brenne-au-coeur.com\/wp-content\/uploads\/2024\/03\/noumea-retro-300x186.jpg 300w, https:\/\/www.brenne-au-coeur.com\/wp-content\/uploads\/2024\/03\/noumea-retro-150x93.jpg 150w, https:\/\/www.brenne-au-coeur.com\/wp-content\/uploads\/2024\/03\/noumea-retro.jpg 767w\" sizes=\"auto, (max-width: 300px) 100vw, 300px\" \/><\/a><figcaption id=\"caption-attachment-5433\" class=\"wp-caption-text\">Source&nbsp;: Noum\u00e9a r\u00e9tro 1854-1939 &#8211; Luc Chevalier<\/figcaption><\/figure>\n<p align=\"justify\"><span style=\"font-size: large;\">Andr\u00e9e voit le jour le 20 avril 1893 \u00e0 Noum\u00e9a, rapidement suivie par sa s\u0153ur Marie-Antoinette l\u2019ann\u00e9e suivante. <\/span><\/p>\n<p align=\"justify\"><span style=\"font-size: large;\">Au fil des ann\u00e9es, le magasin se d\u00e9veloppe plut\u00f4t bien, important une kyrielle d\u2019articles indispensables aux colons. <\/span><\/p>\n<figure id=\"attachment_5434\" aria-describedby=\"caption-attachment-5434\" style=\"width: 300px\" class=\"wp-caption alignleft\"><a href=\"https:\/\/www.brenne-au-coeur.com\/wp-content\/uploads\/2024\/03\/maestracci-et-enfants.jpg\" rel=\"lightbox[5402]\"><img loading=\"lazy\" decoding=\"async\" class=\"wp-image-5434 size-medium\" src=\"https:\/\/www.brenne-au-coeur.com\/wp-content\/uploads\/2024\/03\/maestracci-et-enfants-300x295.jpg\" alt=\"\" width=\"300\" height=\"295\" srcset=\"https:\/\/www.brenne-au-coeur.com\/wp-content\/uploads\/2024\/03\/maestracci-et-enfants-300x295.jpg 300w, https:\/\/www.brenne-au-coeur.com\/wp-content\/uploads\/2024\/03\/maestracci-et-enfants-150x148.jpg 150w, https:\/\/www.brenne-au-coeur.com\/wp-content\/uploads\/2024\/03\/maestracci-et-enfants-45x45.jpg 45w, https:\/\/www.brenne-au-coeur.com\/wp-content\/uploads\/2024\/03\/maestracci-et-enfants.jpg 613w\" sizes=\"auto, (max-width: 300px) 100vw, 300px\" \/><\/a><figcaption id=\"caption-attachment-5434\" class=\"wp-caption-text\">Ani Maestracci-Huet et ses trois enfants \u2013 Source\u00a0familiale<\/figcaption><\/figure>\n<p align=\"justify\"><span style=\"font-size: large;\">Le cadet de la famille, Jean, na\u00eet le 7 juillet 1900. <\/span><\/p>\n<p align=\"center\"><span style=\"font-size: large;\">\u00a0<\/span><\/p>\n<p align=\"justify\"><span style=\"font-size: large;\">En 1912, Andronie c\u00e8de sa \u00ab\u00a0maison de commerce\u00a0\u00bb \u00e0 la toute jeune Soci\u00e9t\u00e9 Havraise Cal\u00e9donienne cr\u00e9\u00e9e pour l\u2019occasion. Il y demeurera administrateur d\u00e9l\u00e9gu\u00e9 jusqu\u2019en 1920, date \u00e0 laquelle M Leyraud assurera la direction de cette institution commerciale qui poursuivra son d\u00e9veloppement dans l\u2019une des rues les plus anim\u00e9es de Noum\u00e9a. <\/span><\/p>\n<p align=\"justify\">\n<p align=\"justify\"><span style=\"font-size: large;\">\u00a0<\/span><\/p>\n<figure id=\"attachment_5435\" aria-describedby=\"caption-attachment-5435\" style=\"width: 300px\" class=\"wp-caption alignright\"><img loading=\"lazy\" decoding=\"async\" class=\"wp-image-5435 size-medium\" src=\"https:\/\/www.brenne-au-coeur.com\/wp-content\/uploads\/2024\/03\/noumea-retro-3-300x152.jpg\" alt=\"\" width=\"300\" height=\"152\" srcset=\"https:\/\/www.brenne-au-coeur.com\/wp-content\/uploads\/2024\/03\/noumea-retro-3-300x152.jpg 300w, https:\/\/www.brenne-au-coeur.com\/wp-content\/uploads\/2024\/03\/noumea-retro-3-150x76.jpg 150w, https:\/\/www.brenne-au-coeur.com\/wp-content\/uploads\/2024\/03\/noumea-retro-3-768x390.jpg 768w, https:\/\/www.brenne-au-coeur.com\/wp-content\/uploads\/2024\/03\/noumea-retro-3.jpg 805w\" sizes=\"auto, (max-width: 300px) 100vw, 300px\" \/><figcaption id=\"caption-attachment-5435\" class=\"wp-caption-text\">Archives territoriales Noum\u00e9a \u2013 7J263 &#8211; La France australe<\/figcaption><\/figure>\n<p align=\"justify\"><span style=\"font-family: Segoe Print, serif;\"><span style=\"font-size: large;\">Un chapitre de ma vie cal\u00e9donienne s\u2019ach\u00e8ve. <\/span><\/span><\/p>\n<figure id=\"attachment_5436\" aria-describedby=\"caption-attachment-5436\" style=\"width: 300px\" class=\"wp-caption alignleft\"><a href=\"https:\/\/www.brenne-au-coeur.com\/wp-content\/uploads\/2024\/03\/noumea-retro-4.jpg\" rel=\"lightbox[5402]\"><img loading=\"lazy\" decoding=\"async\" class=\"wp-image-5436 size-medium\" src=\"https:\/\/www.brenne-au-coeur.com\/wp-content\/uploads\/2024\/03\/noumea-retro-4-300x266.jpg\" alt=\"\" width=\"300\" height=\"266\" srcset=\"https:\/\/www.brenne-au-coeur.com\/wp-content\/uploads\/2024\/03\/noumea-retro-4-300x266.jpg 300w, https:\/\/www.brenne-au-coeur.com\/wp-content\/uploads\/2024\/03\/noumea-retro-4-150x133.jpg 150w, https:\/\/www.brenne-au-coeur.com\/wp-content\/uploads\/2024\/03\/noumea-retro-4.jpg 501w\" sizes=\"auto, (max-width: 300px) 100vw, 300px\" \/><\/a><figcaption id=\"caption-attachment-5436\" class=\"wp-caption-text\">Sources\u00a0: Noum\u00e9a r\u00e9tro 1854-1939 &#8211; Luc Chevalier<\/figcaption><\/figure>\n<p align=\"justify\">\n<p align=\"justify\">\n<p align=\"justify\">\n<p align=\"justify\">\n<p align=\"justify\">\n<p align=\"justify\">\n<p align=\"justify\">\n<p align=\"justify\">\n<p align=\"justify\"><span style=\"font-family: Segoe Print, serif;\"><span style=\"font-size: large;\">Je vais d\u00e9sormais me consacrer \u00e0 d\u2019autres affaires \u00e0 d\u00e9velopper en exploitant les ressources naturelles de cette \u00eele enchanteresse que j\u2019appr\u00e9cie de parcourir \u00e0 cheval. <\/span><\/span><\/p>\n<p align=\"justify\"><span style=\"font-family: Segoe Print, serif;\"><span style=\"font-size: large;\">Entre 1908 et 1922, je vais solliciter des permis de recherche pour faire sonder des sous-sols dans l\u2019espoir de trouver des filons de nickel, de fer , de chrome mais aussi de l\u2019huile et du p\u00e9trole. Il n\u2019y avait rien de plus facile \u00e0 l\u2019\u00e9poque. Il suffisait de faire une demande \u00e9crite au chef du service minier et topographique en indiquant tr\u00e8s pr\u00e9cis\u00e9ment le p\u00e9rim\u00e8tre souhait\u00e9, sans omettre de donner un nom \u00e0 cette allocation temporaire de terrain. Tr\u00e8s fr\u00e9quemment, nous indiquions les noms de nos \u00e9pouses, nos filles ou d\u2019autres pr\u00e9noms f\u00e9minins. Apr\u00e8s le paiement d\u2019une taxe sp\u00e9cifique, un poteau-signal \u00e9tait implant\u00e9 \u00e0 un endroit bien d\u00e9termin\u00e9 permettant de concr\u00e9tiser le lieu. Pour \u00e9viter tout probl\u00e8me avec un autre chercheur, il m\u2019est arriv\u00e9, par exemple, d\u2019enterrer \u00ab\u00a0 une bouteille en verre blanc, dans laquelle a \u00e9t\u00e9 introduit un calendrier de poche de l\u2019ann\u00e9e 1919 de la Soci\u00e9t\u00e9 Havraise Cal\u00e9donienne. [\u2026] Cette bouteille a \u00e9t\u00e9 plac\u00e9e \u00e0 18 pas du poteau-signal [\u2026] puis recouverte d\u2019une grosse pierre.\u00a0\u00bb . Ce renseignement n\u2019\u00e9tait bien entendu connu que du service officiel et de moi-m\u00eame. <\/span><\/span><\/p>\n<figure id=\"attachment_5437\" aria-describedby=\"caption-attachment-5437\" style=\"width: 300px\" class=\"wp-caption alignleft\"><a href=\"https:\/\/www.brenne-au-coeur.com\/wp-content\/uploads\/2024\/03\/memorial-bagne-1.jpg\" rel=\"lightbox[5402]\"><img loading=\"lazy\" decoding=\"async\" class=\"wp-image-5437 size-medium\" src=\"https:\/\/www.brenne-au-coeur.com\/wp-content\/uploads\/2024\/03\/memorial-bagne-1-300x203.jpg\" alt=\"\" width=\"300\" height=\"203\" srcset=\"https:\/\/www.brenne-au-coeur.com\/wp-content\/uploads\/2024\/03\/memorial-bagne-1-300x203.jpg 300w, https:\/\/www.brenne-au-coeur.com\/wp-content\/uploads\/2024\/03\/memorial-bagne-1-150x101.jpg 150w, https:\/\/www.brenne-au-coeur.com\/wp-content\/uploads\/2024\/03\/memorial-bagne-1.jpg 715w\" sizes=\"auto, (max-width: 300px) 100vw, 300px\" \/><\/a><figcaption id=\"caption-attachment-5437\" class=\"wp-caption-text\">Sources\u00a0: Archives territoriales Noum\u00e9a -349W21<\/figcaption><\/figure>\n<figure id=\"attachment_5438\" aria-describedby=\"caption-attachment-5438\" style=\"width: 300px\" class=\"wp-caption alignright\"><a href=\"https:\/\/www.brenne-au-coeur.com\/wp-content\/uploads\/2024\/03\/memorial-bagne-2.jpg\" rel=\"lightbox[5402]\"><img loading=\"lazy\" decoding=\"async\" class=\"wp-image-5438 size-medium\" src=\"https:\/\/www.brenne-au-coeur.com\/wp-content\/uploads\/2024\/03\/memorial-bagne-2-300x268.jpg\" alt=\"\" width=\"300\" height=\"268\" srcset=\"https:\/\/www.brenne-au-coeur.com\/wp-content\/uploads\/2024\/03\/memorial-bagne-2-300x268.jpg 300w, https:\/\/www.brenne-au-coeur.com\/wp-content\/uploads\/2024\/03\/memorial-bagne-2-150x134.jpg 150w, https:\/\/www.brenne-au-coeur.com\/wp-content\/uploads\/2024\/03\/memorial-bagne-2.jpg 610w\" sizes=\"auto, (max-width: 300px) 100vw, 300px\" \/><\/a><figcaption id=\"caption-attachment-5438\" class=\"wp-caption-text\">Le m\u00e9morial du bagne cal\u00e9donien \u2013 Louis-Jos\u00e9 Barban\u00e7on<\/figcaption><\/figure>\n<p align=\"justify\"><span style=\"font-family: Segoe Print, serif;\"><span style=\"font-size: large;\">C\u2019est ainsi que j\u2019ai fait au moins explorer pr\u00e8s de 11\u00a0500 hectares de terre en 25 sondages\u00a0: la coul\u00e9e de la Dumb\u00e9a pour une grosse part mais aussi le sud de l\u2019\u00eele, de Prony \u00e0 Yat\u00e9, sans oublier le nord \u00e0 Koumac et Pouembout en passant par Voh. Dans cette r\u00e9gion, j\u2019ai d\u00fb obtenir l\u2019accord de l\u2019indig\u00e8ne Djeo, le chef de la tribu Ouango, pour planter le fameux poteau-signal sous le contr\u00f4le d\u2019un gendarme-fonctionnaire-huissier. <\/span><\/span><\/p>\n<p align=\"justify\">\n<p align=\"justify\"><span style=\"font-size: large;\">\u00a0<\/span><\/p>\n<p align=\"justify\"><span style=\"font-size: large;\">Des archives familiales laissent entendre que des filons miniers de chrome et de zinc ont \u00e9t\u00e9 exploit\u00e9s avec succ\u00e8s. Une concession de gypse de 1918, d\u00e9nomm\u00e9e Ellis II, est m\u00eame entr\u00e9e en production pendant plusieurs ann\u00e9es \u00e0 l\u2019initiative de la S.L.N. qui a \u00ab\u00a0 d\u00e9bord\u00e9\u00a0\u00bb &#8211; volontairement ou non &#8211; de celle d\u2019\u00e0 c\u00f4t\u00e9 lui appartenant, intitul\u00e9e P\u00e9tain\u00a0! Andronie a n\u00e9goci\u00e9 des royalties en cons\u00e9quence avec lesquelles il s\u2019offrira une superbe voiture Panhard-Levassor. Un luxe certain dans le Pacifique Sud. <\/span><\/p>\n<figure id=\"attachment_5439\" aria-describedby=\"caption-attachment-5439\" style=\"width: 300px\" class=\"wp-caption aligncenter\"><a href=\"https:\/\/www.brenne-au-coeur.com\/wp-content\/uploads\/2024\/03\/octobre-1919.jpg\" rel=\"lightbox[5402]\"><img loading=\"lazy\" decoding=\"async\" class=\"wp-image-5439 size-medium\" src=\"https:\/\/www.brenne-au-coeur.com\/wp-content\/uploads\/2024\/03\/octobre-1919-300x190.jpg\" alt=\"\" width=\"300\" height=\"190\" srcset=\"https:\/\/www.brenne-au-coeur.com\/wp-content\/uploads\/2024\/03\/octobre-1919-300x190.jpg 300w, https:\/\/www.brenne-au-coeur.com\/wp-content\/uploads\/2024\/03\/octobre-1919-150x95.jpg 150w, https:\/\/www.brenne-au-coeur.com\/wp-content\/uploads\/2024\/03\/octobre-1919-768x488.jpg 768w, https:\/\/www.brenne-au-coeur.com\/wp-content\/uploads\/2024\/03\/octobre-1919.jpg 879w\" sizes=\"auto, (max-width: 300px) 100vw, 300px\" \/><\/a><figcaption id=\"caption-attachment-5439\" class=\"wp-caption-text\">Photo prise au mois d\u2019octobre 1919 devant la propri\u00e9t\u00e9. Archives familiales<\/figcaption><\/figure>\n<p align=\"justify\"><span style=\"font-size: large;\">Au nord de l\u2019\u00eele, la soci\u00e9t\u00e9 mini\u00e8re du Diahot a \u00e9t\u00e9 cr\u00e9\u00e9e en 1928 pour extraire du plomb et du zinc argentif\u00e8re de la mine M\u00e9r\u00e9trice, avec un projet d\u2019installation d\u2019une usine de flottaison. <\/span><\/p>\n<p align=\"justify\"><span style=\"font-family: Segoe Print, serif;\"><span style=\"font-size: large;\">Au terme de n\u00e9gociations incessantes des prix de vente de ces m\u00e9taux dont les cours internationaux fluctuaient sans cesse, il fallait ensuite g\u00e9rer leur transport dans les ports d\u2019Anvers, d\u2019Hambourg et ailleurs en Europe. Les cales de vapeurs \u00e9taient alors charg\u00e9es de plusieurs centaines de tonnes de minerais. <\/span><\/span><\/p>\n<p align=\"justify\"><span style=\"font-family: Segoe Print, serif;\"><span style=\"font-size: large;\">Au final, ces exploitations mini\u00e8res ont \u00e9t\u00e9 tr\u00e8s profitables et m\u2019ont permis de vivre tr\u00e8s ais\u00e9ment. <\/span><\/span><\/p>\n<p align=\"justify\"><span style=\"font-family: Segoe Print, serif;\"><span style=\"font-size: large;\">Qu\u2019\u00e0 cela ne tienne\u00a0! Je vais m\u2019essayer \u00e0 la politique. Fra\u00eechement \u00e9lu au Conseil g\u00e9n\u00e9ral en 1923, je vais le quitter l\u2019ann\u00e9e suivante \u00e0 l\u2019issue d\u2019une vive opposition de l\u2019assembl\u00e9e au gouverneur d\u2019Arboussier, ce qui entra\u00eenera sa dissolution le 26 ao\u00fbt 1924. <\/span><\/span><\/p>\n<figure id=\"attachment_5440\" aria-describedby=\"caption-attachment-5440\" style=\"width: 300px\" class=\"wp-caption alignleft\"><a href=\"https:\/\/www.brenne-au-coeur.com\/wp-content\/uploads\/2024\/03\/gaiac-1.jpg\" rel=\"lightbox[5402]\"><img loading=\"lazy\" decoding=\"async\" class=\"wp-image-5440 size-medium\" src=\"https:\/\/www.brenne-au-coeur.com\/wp-content\/uploads\/2024\/03\/gaiac-1-300x225.jpg\" alt=\"\" width=\"300\" height=\"225\" srcset=\"https:\/\/www.brenne-au-coeur.com\/wp-content\/uploads\/2024\/03\/gaiac-1-300x225.jpg 300w, https:\/\/www.brenne-au-coeur.com\/wp-content\/uploads\/2024\/03\/gaiac-1-150x113.jpg 150w, https:\/\/www.brenne-au-coeur.com\/wp-content\/uploads\/2024\/03\/gaiac-1.jpg 508w\" sizes=\"auto, (max-width: 300px) 100vw, 300px\" \/><\/a><figcaption id=\"caption-attachment-5440\" class=\"wp-caption-text\">Ga\u00efac<\/figcaption><\/figure>\n<figure id=\"attachment_5441\" aria-describedby=\"caption-attachment-5441\" style=\"width: 300px\" class=\"wp-caption alignright\"><a href=\"https:\/\/www.brenne-au-coeur.com\/wp-content\/uploads\/2024\/03\/gaiac-2.jpg\" rel=\"lightbox[5402]\"><img loading=\"lazy\" decoding=\"async\" class=\"wp-image-5441 size-medium\" src=\"https:\/\/www.brenne-au-coeur.com\/wp-content\/uploads\/2024\/03\/gaiac-2-300x200.jpg\" alt=\"\" width=\"300\" height=\"200\" srcset=\"https:\/\/www.brenne-au-coeur.com\/wp-content\/uploads\/2024\/03\/gaiac-2-300x200.jpg 300w, https:\/\/www.brenne-au-coeur.com\/wp-content\/uploads\/2024\/03\/gaiac-2-150x100.jpg 150w, https:\/\/www.brenne-au-coeur.com\/wp-content\/uploads\/2024\/03\/gaiac-2-272x182.jpg 272w, https:\/\/www.brenne-au-coeur.com\/wp-content\/uploads\/2024\/03\/gaiac-2.jpg 555w\" sizes=\"auto, (max-width: 300px) 100vw, 300px\" \/><\/a><figcaption id=\"caption-attachment-5441\" class=\"wp-caption-text\">Pin colonnaire<\/figcaption><\/figure>\n<p align=\"justify\"><span style=\"font-family: Segoe Print, serif;\"><span style=\"font-size: large;\">Apr\u00e8s ce court interm\u00e8de citoyen, je d\u00e9cide de fonder, avec mon ami Pierre Vernier, la Soci\u00e9t\u00e9 Foresti\u00e8re Cal\u00e9donienne destin\u00e9e \u00e0 exploiter les nombreuses for\u00eats de la Grande Terre aux essences exotiques telles que le bois de ga\u00efac, le tamanou, le niaouli, le pin des Cara\u00efbes et colonnaire, \u2026 <\/span><\/span><\/p>\n<p align=\"justify\">\n<p align=\"justify\"><span style=\"font-size: large;\">\u00a0<\/span><\/p>\n<p align=\"justify\"><span style=\"font-family: Segoe Print, serif;\"><span style=\"font-size: large;\">Dans cette nouvelle aventure, j\u2019embarque mon gendre Jacques Pinelli qui a \u00e9pous\u00e9 en 1913 ma fille a\u00een\u00e9e Andr\u00e9e. Je m\u2019associe \u00e0 \u00ab\u00a0Pinelli bois\u00a0\u00bb qui assure le commerce de bois d\u2019Oregon. Sa soci\u00e9t\u00e9 s\u2019appellera tout simplement \u00ab\u00a0l\u2019Oregon\u00a0\u00bb d\u00e8s 1925. Elle s\u2019installe durablement sur le quai Jules Ferry \u00e0 Noum\u00e9a, au plus pr\u00e8s du chargement des bateaux. <\/span><\/span><\/p>\n<p align=\"justify\"><span style=\"font-family: Segoe Print, serif;\"><span style=\"font-size: large;\">M\u00eame si la retraite n\u2019existe pas, je me d\u00e9gage progressivement de toutes ces affaires pour, \u00e0 65 ans, revenir en m\u00e9tropole et m\u2019y reposer avec ma famille. <\/span><\/span><\/p>\n<p align=\"justify\"><span style=\"font-family: Segoe Print, serif;\"><span style=\"font-size: large;\">Jean, mon fils, poursuit ses \u00e9tudes de m\u00e9decine \u00e0 Paris. <\/span><\/span><\/p>\n<p align=\"justify\"><span style=\"font-family: Segoe Print, serif;\"><span style=\"font-size: large;\">Marie-Antoinette va prochainement \u00e9pouser (le 21\/10\/1929) Lyonnel Mery \u00e0 La Seyne-sur-Mer (83). <\/span><\/span><\/p>\n<figure id=\"attachment_5442\" aria-describedby=\"caption-attachment-5442\" style=\"width: 300px\" class=\"wp-caption alignleft\"><a href=\"https:\/\/www.brenne-au-coeur.com\/wp-content\/uploads\/2024\/03\/la-yarra.jpg\" rel=\"lightbox[5402]\"><img loading=\"lazy\" decoding=\"async\" class=\"wp-image-5442 size-medium\" src=\"https:\/\/www.brenne-au-coeur.com\/wp-content\/uploads\/2024\/03\/la-yarra-300x176.jpg\" alt=\"\" width=\"300\" height=\"176\" srcset=\"https:\/\/www.brenne-au-coeur.com\/wp-content\/uploads\/2024\/03\/la-yarra-300x176.jpg 300w, https:\/\/www.brenne-au-coeur.com\/wp-content\/uploads\/2024\/03\/la-yarra-150x88.jpg 150w, https:\/\/www.brenne-au-coeur.com\/wp-content\/uploads\/2024\/03\/la-yarra-768x451.jpg 768w, https:\/\/www.brenne-au-coeur.com\/wp-content\/uploads\/2024\/03\/la-yarra.jpg 897w\" sizes=\"auto, (max-width: 300px) 100vw, 300px\" \/><\/a><figcaption id=\"caption-attachment-5442\" class=\"wp-caption-text\">Le Yarra. Source\u00a0: messageries-maritimes.org<\/figcaption><\/figure>\n<figure id=\"attachment_5443\" aria-describedby=\"caption-attachment-5443\" style=\"width: 300px\" class=\"wp-caption alignright\"><a href=\"https:\/\/www.brenne-au-coeur.com\/wp-content\/uploads\/2024\/03\/fiche-passager.jpeg\" rel=\"lightbox[5402]\"><img loading=\"lazy\" decoding=\"async\" class=\"wp-image-5443 size-medium\" src=\"https:\/\/www.brenne-au-coeur.com\/wp-content\/uploads\/2024\/03\/fiche-passager-300x197.jpeg\" alt=\"\" width=\"300\" height=\"197\" srcset=\"https:\/\/www.brenne-au-coeur.com\/wp-content\/uploads\/2024\/03\/fiche-passager-300x197.jpeg 300w, https:\/\/www.brenne-au-coeur.com\/wp-content\/uploads\/2024\/03\/fiche-passager-150x99.jpeg 150w, https:\/\/www.brenne-au-coeur.com\/wp-content\/uploads\/2024\/03\/fiche-passager.jpeg 707w\" sizes=\"auto, (max-width: 300px) 100vw, 300px\" \/><\/a><figcaption id=\"caption-attachment-5443\" class=\"wp-caption-text\">Fiche passager. Source\u00a0: Family search<\/figcaption><\/figure>\n<p align=\"justify\"><span style=\"font-size: large;\"><span style=\"font-family: Segoe Print, serif;\">Je n\u2019ai plus qu\u2019\u00e0 profiter au mieux de la vie aupr\u00e8s de mes proches, dans le sud de la France, en r\u00e9gion parisienne et ailleurs mais aussi lors de voyages en bateau qui me ram\u00e8nent toujours sur cette \u00eele du bout du monde que j\u2019affectionne tant et qui n\u00e9cessite ma pr\u00e9sence pour g\u00e9rer quelques affaires courantes. Londres, Bordeaux, New-York, Honolulu, Marseille, Fremantle, Brisbane ne sont que de simples escales \u2026 <\/span><\/span><\/p>\n<p align=\"center\">\n<figure id=\"attachment_5444\" aria-describedby=\"caption-attachment-5444\" style=\"width: 300px\" class=\"wp-caption alignleft\"><a href=\"https:\/\/www.brenne-au-coeur.com\/wp-content\/uploads\/2024\/03\/tombe-1.jpg\" rel=\"lightbox[5402]\"><img loading=\"lazy\" decoding=\"async\" class=\"wp-image-5444 size-medium\" src=\"https:\/\/www.brenne-au-coeur.com\/wp-content\/uploads\/2024\/03\/tombe-1-300x200.jpg\" alt=\"\" width=\"300\" height=\"200\" srcset=\"https:\/\/www.brenne-au-coeur.com\/wp-content\/uploads\/2024\/03\/tombe-1-300x200.jpg 300w, https:\/\/www.brenne-au-coeur.com\/wp-content\/uploads\/2024\/03\/tombe-1-150x100.jpg 150w, https:\/\/www.brenne-au-coeur.com\/wp-content\/uploads\/2024\/03\/tombe-1-272x182.jpg 272w, https:\/\/www.brenne-au-coeur.com\/wp-content\/uploads\/2024\/03\/tombe-1.jpg 641w\" sizes=\"auto, (max-width: 300px) 100vw, 300px\" \/><\/a><figcaption id=\"caption-attachment-5444\" class=\"wp-caption-text\">Photos\u00a0: Chantal Kroliczak \u00a9<\/figcaption><\/figure>\n<figure id=\"attachment_5445\" aria-describedby=\"caption-attachment-5445\" style=\"width: 300px\" class=\"wp-caption alignright\"><a href=\"https:\/\/www.brenne-au-coeur.com\/wp-content\/uploads\/2024\/03\/tombe-2.jpg\" rel=\"lightbox[5402]\"><img loading=\"lazy\" decoding=\"async\" class=\"wp-image-5445 size-medium\" src=\"https:\/\/www.brenne-au-coeur.com\/wp-content\/uploads\/2024\/03\/tombe-2-300x213.jpg\" alt=\"\" width=\"300\" height=\"213\" srcset=\"https:\/\/www.brenne-au-coeur.com\/wp-content\/uploads\/2024\/03\/tombe-2-300x213.jpg 300w, https:\/\/www.brenne-au-coeur.com\/wp-content\/uploads\/2024\/03\/tombe-2-150x106.jpg 150w, https:\/\/www.brenne-au-coeur.com\/wp-content\/uploads\/2024\/03\/tombe-2.jpg 603w\" sizes=\"auto, (max-width: 300px) 100vw, 300px\" \/><\/a><figcaption id=\"caption-attachment-5445\" class=\"wp-caption-text\">Photos\u00a0: Chantal Kroliczak \u00a9<\/figcaption><\/figure>\n<p align=\"justify\"><span style=\"font-size: large;\">Andronie s\u2019est \u00e9teint le 4 septembre 1936 \u00e0 l\u2019h\u00f4pital de Noum\u00e9a, terrass\u00e9, sous les yeux de son \u00e9pouse, par une embolie pulmonaire foudroyante. Il est inhum\u00e9 aupr\u00e8s de sa belle-famille dans le cimeti\u00e8re du 4\u00e8me kilom\u00e8tre, r\u00e9serv\u00e9 aux notables. Lors de ses obs\u00e8ques, suivies par de nombreuses personnalit\u00e9s locales, M Revers\u00e9, pr\u00e9sident du Conseil g\u00e9n\u00e9ral a retrac\u00e9 le parcours de vie du d\u00e9funt. <\/span><\/p>\n<p align=\"justify\">\n<p align=\"center\"><span style=\"font-size: large;\">\u00a0<\/span><\/p>\n<p align=\"justify\"><span style=\"font-size: large;\">Dans les ann\u00e9es qui suivirent, son \u00e9pouse Ani a quitt\u00e9 d\u00e9finitivement la Nouvelle-Cal\u00e9donie pour vivre en \u00cele-de-France. <\/span><\/p>\n<p align=\"justify\"><span style=\"font-size: large;\">Quel dr\u00f4le de destin a eu cet enfant de communard d\u00e9port\u00e9 sur un petit morceau de caillou pos\u00e9 dans le Pacifique Sud \u00e0 17000km de M\u00e9zi\u00e8res-en-Brenne\u00a0! <\/span><\/p>\n<p align=\"justify\"><span style=\"font-size: large;\">Du courage, de la t\u00e9nacit\u00e9 lui ont \u00e9t\u00e9 indispensables pour d\u00e9cider de rester et d\u2019y construire sa vie. Il n\u2019a pas \u00e9t\u00e9 le seul. Des anciens bagnards, des ex-condamn\u00e9s, des hommes et des femmes libres ont choisi de s\u2019enraciner dans cette colonie prometteuse avec ses richesses naturelles. Tout n\u2019a pas \u00e9t\u00e9 simple avec les kanaks autochtones, r\u00e9duits au rang d\u2019indig\u00e8nes sans droits, corv\u00e9ables \u00e0 merci et consid\u00e9r\u00e9s comme des sous-\u00eatres humains. <\/span><\/p>\n<p align=\"justify\"><span style=\"font-size: large;\">Les exploitations mini\u00e8res et foresti\u00e8res aux d\u00e9buts anarchiques, le n\u00e9cessaire commerce, les stigmates des anciens bagnes, l\u2019\u00e9tonnant brassage de populations \u00eeliennes (Tahiti, Wallis et Futuna, Loyaut\u00e9), japonaises, indon\u00e9siennes et europ\u00e9ennes ont contribu\u00e9 \u00e0 structurer une identit\u00e9 cal\u00e9donienne aujourd\u2019hui affirm\u00e9e, vivante et consciente des vicissitudes du pass\u00e9. <\/span><\/p>\n<p align=\"justify\"><span style=\"font-size: large;\">Andronie Huet et sa famille ont \u00e9t\u00e9 des colons, participant \u00e0 l\u2019\u00e9mancipation \u00e9conomique de cette Nouvelle-Cal\u00e9donie affectionn\u00e9e tout en exploitant ses richesses. <\/span><\/p>\n<p align=\"center\"><span style=\"font-size: large;\">\u00a0<\/span><\/p>\n<figure id=\"attachment_5446\" aria-describedby=\"caption-attachment-5446\" style=\"width: 666px\" class=\"wp-caption aligncenter\"><a href=\"https:\/\/www.brenne-au-coeur.com\/wp-content\/uploads\/2024\/03\/ile-des-pins.jpg\" rel=\"lightbox[5402]\"><img loading=\"lazy\" decoding=\"async\" class=\"wp-image-5446\" src=\"https:\/\/www.brenne-au-coeur.com\/wp-content\/uploads\/2024\/03\/ile-des-pins-300x105.jpg\" alt=\"\" width=\"666\" height=\"233\" srcset=\"https:\/\/www.brenne-au-coeur.com\/wp-content\/uploads\/2024\/03\/ile-des-pins-300x105.jpg 300w, https:\/\/www.brenne-au-coeur.com\/wp-content\/uploads\/2024\/03\/ile-des-pins-1024x358.jpg 1024w, https:\/\/www.brenne-au-coeur.com\/wp-content\/uploads\/2024\/03\/ile-des-pins-150x52.jpg 150w, https:\/\/www.brenne-au-coeur.com\/wp-content\/uploads\/2024\/03\/ile-des-pins-768x268.jpg 768w, https:\/\/www.brenne-au-coeur.com\/wp-content\/uploads\/2024\/03\/ile-des-pins.jpg 1386w\" sizes=\"auto, (max-width: 666px) 100vw, 666px\" \/><\/a><figcaption id=\"caption-attachment-5446\" class=\"wp-caption-text\">\u00cele des Pins &#8211; Photo\u00a0: Chantal Kroliczak \u00a9<\/figcaption><\/figure>\n<p align=\"justify\">\n<p align=\"justify\">\n<p align=\"justify\">\n<p align=\"justify\"><strong><em><span style=\"font-size: large;\">Sources <\/span><\/em><\/strong><\/p>\n<p align=\"justify\"><span style=\"font-size: large;\">Pour ce qui concerne Alfred Huet&nbsp;: <\/span><\/p>\n<p align=\"justify\">\n<p>Photo de couverture&nbsp;: Andronie Huet. Source\u00a0: famille Huet<\/p>\n<ul>\n<li>\n<p align=\"justify\"><span style=\"font-size: large;\">Archives d\u00e9partementales de l\u2019Indre\u00a0: \u00e9tat-civil, recensements num\u00e9ris\u00e9s \u2013 R-517 \u2013 R-652 \u2013 1112W-5. E d\u00e9p\u00f4t 2\/3. Remerciement sp\u00e9cial \u00e0 Laetitia Rondet pour sa perspicacit\u00e9. <\/span><\/p>\n<\/li>\n<li>\n<p align=\"justify\"><span style=\"font-size: large;\">Mairie de M\u00e9zi\u00e8res-en-Brenne (reconnaissance de naissance)<\/span><\/p>\n<\/li>\n<li>\n<p align=\"justify\"><span style=\"font-size: large;\">Archives Nationales d\u2019Outre-Mer (ANOM) \u00e0 Aix-en-Provence\u00a0: COL H30 \u2013 COL H85<\/span><\/p>\n<\/li>\n<li>\n<p align=\"justify\"><span style=\"font-size: large;\">Service Historique de la D\u00e9fense (SHD) Vincennes\u00a0: 8J 176 <\/span><\/p>\n<\/li>\n<li>\n<p align=\"justify\"><span style=\"font-size: large;\">Archives de la Pr\u00e9fecture de Police de Paris \u2013 Le Pr\u00e9-Saint-Gervais (93)\u00a0: BA 470<\/span><\/p>\n<\/li>\n<li>\n<p align=\"justify\"><span style=\"font-size: large;\">Soci\u00e9t\u00e9 G\u00e9n\u00e9alogique du Bas-Berry (pal\u00e9ographie, arbre g\u00e9n\u00e9alogique). Tout particuli\u00e8rement Christian Pineau, son Pr\u00e9sident et Michel Soulet. <\/span><\/p>\n<\/li>\n<li>\n<p align=\"justify\"><span style=\"font-size: large;\">Cercle Celtique de Noum\u00e9a et notamment Nadine Le Dily pour ses aimables et pr\u00e9cieuses recherches aux archives locales, dans le cadre du Fil d\u2019Ariane. <\/span><\/p>\n<\/li>\n<li>\n<p align=\"justify\"><span style=\"font-size: large;\">Lucette Lecointe, pour son travail de recherches sur tous les communards indriens.<\/span><\/p>\n<\/li>\n<li>\n<p align=\"justify\"><span style=\"font-size: large;\">Souvenir d\u2019un d\u00e9port\u00e9 en Nouvelle-Cal\u00e9donie (1871), Alfred Julia. Accessible sur BNF-Gallica\u00a0: https:\/\/gallica.bnf.fr\/ark:\/12148\/bpt6k5447356n\/f8.item<\/span><\/p>\n<\/li>\n<li>\n<p align=\"justify\"><span style=\"font-size: large;\">Sites internet\u00a0: <\/span><\/p>\n<\/li>\n<li>\n<p align=\"justify\"><span style=\"color: #0000ff;\"><a href=\"https:\/\/www.commune1871.org\/la-commune-de-paris\/guide-des-sources\/638-service-historique-de-la-defense\"><span style=\"color: #000000;\"><span style=\"font-size: large;\">https:\/\/www.commune1871.org\/la-commune-de-paris\/guide-des-sources\/638-service-historique-de-la-defense<\/span><\/span><\/a><\/span><\/p>\n<\/li>\n<li>\n<p align=\"justify\"><span style=\"color: #0000ff;\"><a href=\"http:\/\/www.notrepresquile.com\/recits\/autres\/fort-quelern-roscanvel.php\"><span style=\"color: #000000;\"><span style=\"font-size: large;\">http:\/\/www.notrepresquile.com\/recits\/autres\/fort-quelern-roscanvel.php<\/span><\/span><\/a><\/span><\/p>\n<\/li>\n<li>\n<p align=\"justify\"><span style=\"font-size: large;\">https:\/\/www.presqu-ile-de-crozon.com\/guerre\/fort-de-quelern-001.php<\/span><\/p>\n<\/li>\n<li>\n<p align=\"justify\"><span style=\"font-size: large;\">Le Petit Journal du 04\/02\/1872 \u2013 n\u00b0 3325\u00a0, des 7 et 8\/09\/1874 \u2013 n\u00b0 4273 et 4274 \u2013 des 03, 4 et 05\/08\/1880 \u2013 n\u00b0 6430 , 6431 et 6432. Gallica<\/span><\/p>\n<\/li>\n<li>\n<p align=\"justify\"><span style=\"font-size: large;\">La Gazette universelle du 09\/06\/1872 \u2013 Le Rappel du 16\/08\/1873 &#8211; Retronews. <\/span><\/p>\n<\/li>\n<li>\n<p align=\"justify\"><span style=\"color: #0000ff;\"><a href=\"http:\/\/www.bernard-guinard.com\/arcticles%20divers\/Convois%20de%20deportes\/Convois_de_deportes.html#:~:text=%2D%20Treizi%C3%A8me%20convoi%2C%205%20mars%201875,l'%C3%AEle%20d'Aix\"><span style=\"color: #000000;\"><span style=\"font-size: large;\">http:\/\/www.bernard-guinard.com\/arcticles%20divers\/Convois%20de%20deportes\/Convois_de_deportes.html#:~:text=%2D%20Treizi%C3%A8me%20convoi%2C%205%20mars%201875,l&rsquo;%C3%AEle%20d&rsquo;Aix<\/span><\/span><\/a><\/span><span style=\"font-size: large;\">.<\/span><\/p>\n<\/li>\n<\/ul>\n<p align=\"justify\"><span style=\"font-size: large;\">Site remarquablement document\u00e9 et fouill\u00e9 de Bernard Guinard dont les sources sont tir\u00e9es des archives de l\u2019ANOM. <\/span><\/p>\n<ul>\n<li>\n<p align=\"justify\"><span style=\"color: #0000ff;\"><a href=\"https:\/\/docplayer.fr\/73952557-Le-voyage-du-fenelon-embarquement-le-27-juillet-1873-au-depart-du-havre-arrivee-en-nouvelle-caledonie-le-23-octobre-1873.html%20-%20AD76%20-%2013P9\"><span style=\"color: #000000;\"><span style=\"font-size: large;\">https:\/\/docplayer.fr\/73952557-Le-voyage-du-fenelon-embarquement-le-27-juillet-1873-au-depart-du-havre-arrivee-en-nouvelle-caledonie-le-23-octobre-1873.html &#8211; AD76 &#8211; 13P9<\/span><\/span><\/a><\/span><span style=\"font-size: large;\"> 376<\/span><\/p>\n<\/li>\n<li>\n<p align=\"justify\"><span style=\"color: #0000ff;\"><a href=\"https:\/\/www.searates.com\/fr\/services\/distances-time\/\"><span style=\"color: #000000;\"><span style=\"font-size: large;\">https:\/\/www.searates.com\/fr\/services\/distances-time\/<\/span><\/span><\/a><\/span><\/p>\n<\/li>\n<li>\n<p align=\"justify\"><span style=\"color: #0000ff;\"><a href=\"https:\/\/www.senat.fr\/histoire\/victor_hugo_et_lamnistie_des_communards\/amnistie_premiers_debats.html\"><span style=\"color: #000000;\"><span style=\"font-size: large;\">https:\/\/www.senat.fr\/histoire\/victor_hugo_et_lamnistie_des_communards\/amnistie_premiers_debats.html<\/span><\/span><\/a><\/span><\/p>\n<\/li>\n<li>\n<p align=\"justify\"><span style=\"font-size: large;\">Journal Officiel du 28\/03\/1873\u00a0: <\/span><span style=\"color: #0000ff;\"><a href=\"https:\/\/gallica.bnf.fr\/ark:\/12148\/bpt6k6218658q\/f1.item\"><span style=\"color: #000000;\"><span style=\"font-size: large;\">https:\/\/gallica.bnf.fr\/ark:\/12148\/bpt6k6218658q\/f1.item<\/span><\/span><\/a><\/span><\/p>\n<\/li>\n<li>\n<p align=\"justify\"><span style=\"font-size: large;\">D\u00e9port\u00e9s et for\u00e7ats de la Commune, de Belleville \u00e0 Noum\u00e9a &#8211; Roger P\u00e9renn\u00e8s \u2013 Ouest France \u00e9ditions &#8211; 1991<\/span><\/p>\n<\/li>\n<li>\n<p align=\"justify\"><span style=\"font-size: large;\">Soci\u00e9t\u00e9 d\u2019Etudes Historiques de la Nouvelle-Cal\u00e9donie \u2013 bulletin 160 \u2013 3<sup>\u00e8me<\/sup> trimestre 2009<\/span><\/p>\n<\/li>\n<li>\n<p align=\"justify\"><span style=\"font-size: large;\">Lettres du bagne \u2013 ANOM \u2013 Collections d\u2019histoires d\u2019outre-mer \u2013 2007<\/span><\/p>\n<\/li>\n<li>\n<p align=\"justify\"><span style=\"font-size: large;\">La vie quotidienne en Nouvelle-Cal\u00e9donie de 1850 \u00e0 nos jours. Jacqueline S\u00e9n\u00e8s \u2013 Hachette \u2013 1985.<\/span><\/p>\n<\/li>\n<li>\n<p align=\"justify\"><span style=\"font-size: large;\">Le Havre colonial de 1880 \u00e0 1960 \u2013 Claude Malon \u2013 Presses universitaires de Rouen et du Havre \u2013 2006 \u2013 th\u00e8se soutenue en 2001. <\/span><\/p>\n<\/li>\n<li>\n<p align=\"justify\"><span style=\"font-size: large;\">M\u00e9morial du bagne cal\u00e9donien &#8211; tome 1&nbsp;: les cha\u00eenes, tome 2&nbsp;: la terre. Louis-Jos\u00e9 Barban\u00e7on &#8211; Editions Pacifique Au vent des \u00eeles, 2020.<\/span><\/p>\n<\/li>\n<li>\n<p align=\"justify\"><span style=\"font-size: large;\">La France ma\u00e7onnique \u2013 L\u00e9o Taxil \u2013 1888 \u2013 page 197. Accessible sur Gallica\u00a0: <\/span><span style=\"color: #0000ff;\"><a href=\"http:\/\/gallica.bnf.fr\/ark:\/12148\/bpt6k82834m\" target=\"_blank\" rel=\"noopener\"><span style=\"color: #000000;\"><span style=\"font-size: large;\">http:\/\/gallica.bnf.fr\/ark:\/12148\/bpt6k82834m<\/span><\/span><\/a><\/span><span style=\"font-size: large;\">\u00a0<\/span><\/p>\n<\/li>\n<li>\n<p align=\"justify\"><span style=\"font-size: large;\">Marie-France Vasseur pour la mise \u00e0 disposition de son acte de propri\u00e9t\u00e9. <\/span><\/p>\n<\/li>\n<li>\n<p align=\"justify\"><span style=\"font-size: large;\">Daniel Bidet pour la photo de mariage. <\/span><\/p>\n<\/li>\n<\/ul>\n<p align=\"justify\"><span style=\"font-size: large;\">Pour Andronie Huet, en sus des sources pr\u00e9cit\u00e9es\u00a0: <\/span><\/p>\n<ul>\n<li>\n<p align=\"justify\"><span style=\"color: #0000ff;\"><a href=\"https:\/\/www.marinersandships.com.au\/\"><span style=\"color: #000000;\"><span style=\"font-size: large;\">https:\/\/www.marinersandships.com.au\/<\/span><\/span><\/a><\/span><\/p>\n<\/li>\n<li>\n<p align=\"justify\"><span style=\"font-size: large;\">Site du National Archives in Australia\u00a0: <\/span><span style=\"color: #0000ff;\"><a href=\"https:\/\/www.naa.gov.au\/\"><span style=\"color: #000000;\"><span style=\"font-size: large;\">https:\/\/www.naa.gov.au\/<\/span><\/span><\/a><\/span><\/p>\n<\/li>\n<li>\n<p align=\"justify\"><span style=\"color: #0000ff;\"><a href=\"https:\/\/www.familysearch.org\/fr\/\"><span style=\"color: #000000;\"><span style=\"font-size: large;\">https:\/\/www.familysearch.org\/fr\/<\/span><\/span><\/a><\/span><\/p>\n<\/li>\n<li>\n<p align=\"justify\"><span style=\"font-size: large;\">Archives territoriales de Nouvelle-Cal\u00e9donie \u00e0 Noum\u00e9a\u00a0: 7J 250 &#8211; 7J 263 &#8211; 349W 12 &#8211; 349 W 21 &#8211; 359W 2 &#8211; 359W 39 &#8211; 359W 51 &#8211; 359W 149 &#8211; 359W 153. <\/span><\/p>\n<\/li>\n<li>\n<p align=\"justify\"><span style=\"font-size: large;\">https:\/\/www.frenchlines.com\/archives\/ &#8211; gazette Messageries maritimes ann\u00e9e 1920 &#8211; cote ANMT &#8211; BIB FL 491.<\/span><\/p>\n<\/li>\n<li>\n<p align=\"justify\"><span style=\"font-size: large;\">Archives d\u00e9partementales de l\u2019Indre &#8211; FRAD036_R_2150_1883_FM_0289.<\/span><\/p>\n<\/li>\n<li>\n<p align=\"justify\"><span style=\"font-size: large;\">ANOM\u00a0: TP 324. <\/span><\/p>\n<\/li>\n<li>\n<p align=\"justify\"><span style=\"font-size: large;\">Patrick Grosjean, Pr\u00e9sident de l\u2019association des Amis du Blanc et de sa r\u00e9gion. <\/span><\/p>\n<\/li>\n<li>\n<p align=\"justify\"><span style=\"font-size: large;\">Madame Lydia Bodmer, archiviste \u00e0 la ville de Noum\u00e9a, qui, gr\u00e2ce \u00e0 ses recherches approfondies et pertinentes, a permis de trouver de nouveaux documents. <\/span><\/p>\n<\/li>\n<li>\n<p align=\"justify\"><span style=\"font-size: large;\">Jacqueline Chichery pour la relecture attentive du texte. <\/span><\/p>\n<\/li>\n<\/ul>\n<p align=\"justify\"><span style=\"font-size: large;\">Et bien entendu, la famille Huet et tout particuli\u00e8rement Christine pour sa collaboration perspicace. <\/span><\/p>\n<p align=\"justify\"><a href=\"https:\/\/www.brenne-au-coeur.com\/wp-content\/uploads\/2024\/03\/acm.jpg\" rel=\"lightbox[5402]\"><img loading=\"lazy\" decoding=\"async\" class=\"aligncenter wp-image-5447 size-medium\" src=\"https:\/\/www.brenne-au-coeur.com\/wp-content\/uploads\/2024\/03\/acm-226x300.jpg\" alt=\"\" width=\"226\" height=\"300\" srcset=\"https:\/\/www.brenne-au-coeur.com\/wp-content\/uploads\/2024\/03\/acm-226x300.jpg 226w, https:\/\/www.brenne-au-coeur.com\/wp-content\/uploads\/2024\/03\/acm-113x150.jpg 113w, https:\/\/www.brenne-au-coeur.com\/wp-content\/uploads\/2024\/03\/acm.jpg 316w\" sizes=\"auto, (max-width: 226px) 100vw, 226px\" \/><\/a><\/p>\n<p align=\"center\"><span style=\"font-size: large;\">Textes r\u00e9dig\u00e9s par Chantal Kroliczak pour le compte de l\u2019Association Culturelle Mac\u00e9rienne<\/span><\/p>\n<p align=\"center\"><span style=\"font-size: large;\">Date de r\u00e9daction\u00a0: mars 2024<\/span><\/p>\n<p align=\"center\"><span style=\"font-size: large;\">Tous droits r\u00e9serv\u00e9s<\/span><\/p>\n<p align=\"justify\">\n","protected":false},"excerpt":{"rendered":"<p>&nbsp; Je m\u2019appelle Andronie Huet et je vais vous raconter mon histoire de vie, peu banale, qui m\u2019a conduit d\u2019un bourg du centre de la France \u00e0 Noum\u00e9a, en Nouvelle-Cal\u00e9donie. Toute cette \u00e9pop\u00e9e s\u2019est d\u00e9roul\u00e9e dans le dernier quart du XIXe si\u00e8cle et la premi\u00e8re moiti\u00e9 du XXe. Mon p\u00e8re Alfred, comme ses a\u00efeux, est&hellip;&nbsp;<a href=\"https:\/\/www.brenne-au-coeur.com\/index.php\/2024\/03\/16\/andronie-huet-du-fils-de-communard-au-colon-en-nouvelle-caledonie\/communes\/mezieres-en-brenne\/5402\/\" rel=\"bookmark\">Lire la suite&nbsp;&raquo;<span class=\"screen-reader-text\">Andronie Huet, du fils de communard au colon en Nouvelle-Cal\u00e9donie<\/span><\/a><\/p>\n","protected":false},"author":2,"featured_media":5448,"comment_status":"open","ping_status":"open","sticky":false,"template":"","format":"standard","meta":{"rop_custom_images_group":[],"rop_custom_messages_group":[],"rop_publish_now":"initial","rop_publish_now_accounts":[],"rop_publish_now_history":[],"rop_publish_now_status":"pending","_monsterinsights_skip_tracking":false,"_monsterinsights_sitenote_active":false,"_monsterinsights_sitenote_note":"","_monsterinsights_sitenote_category":0,"neve_meta_sidebar":"","neve_meta_container":"","neve_meta_enable_content_width":"off","neve_meta_content_width":70,"neve_meta_title_alignment":"","neve_meta_author_avatar":"","neve_post_elements_order":"","neve_meta_disable_header":"","neve_meta_disable_footer":"","neve_meta_disable_title":"","_jetpack_memberships_contains_paid_content":false,"footnotes":"","jetpack_publicize_message":"","jetpack_publicize_feature_enabled":true,"jetpack_social_post_already_shared":true,"jetpack_social_options":{"image_generator_settings":{"template":"highway","default_image_id":0,"font":"","enabled":false},"version":2}},"categories":[12],"tags":[49],"class_list":["post-5402","post","type-post","status-publish","format-standard","has-post-thumbnail","hentry","category-mezieres-en-brenne","tag-histoire"],"aioseo_notices":[],"jetpack_publicize_connections":[],"jetpack_featured_media_url":"https:\/\/www.brenne-au-coeur.com\/wp-content\/uploads\/2024\/03\/andronie-huet.resized.jpg","jetpack-related-posts":[],"jetpack_sharing_enabled":true,"_links":{"self":[{"href":"https:\/\/www.brenne-au-coeur.com\/index.php\/wp-json\/wp\/v2\/posts\/5402","targetHints":{"allow":["GET"]}}],"collection":[{"href":"https:\/\/www.brenne-au-coeur.com\/index.php\/wp-json\/wp\/v2\/posts"}],"about":[{"href":"https:\/\/www.brenne-au-coeur.com\/index.php\/wp-json\/wp\/v2\/types\/post"}],"author":[{"embeddable":true,"href":"https:\/\/www.brenne-au-coeur.com\/index.php\/wp-json\/wp\/v2\/users\/2"}],"replies":[{"embeddable":true,"href":"https:\/\/www.brenne-au-coeur.com\/index.php\/wp-json\/wp\/v2\/comments?post=5402"}],"version-history":[{"count":1,"href":"https:\/\/www.brenne-au-coeur.com\/index.php\/wp-json\/wp\/v2\/posts\/5402\/revisions"}],"predecessor-version":[{"id":5449,"href":"https:\/\/www.brenne-au-coeur.com\/index.php\/wp-json\/wp\/v2\/posts\/5402\/revisions\/5449"}],"wp:featuredmedia":[{"embeddable":true,"href":"https:\/\/www.brenne-au-coeur.com\/index.php\/wp-json\/wp\/v2\/media\/5448"}],"wp:attachment":[{"href":"https:\/\/www.brenne-au-coeur.com\/index.php\/wp-json\/wp\/v2\/media?parent=5402"}],"wp:term":[{"taxonomy":"category","embeddable":true,"href":"https:\/\/www.brenne-au-coeur.com\/index.php\/wp-json\/wp\/v2\/categories?post=5402"},{"taxonomy":"post_tag","embeddable":true,"href":"https:\/\/www.brenne-au-coeur.com\/index.php\/wp-json\/wp\/v2\/tags?post=5402"}],"curies":[{"name":"wp","href":"https:\/\/api.w.org\/{rel}","templated":true}]}}