{"id":5381,"date":"2024-03-11T13:03:01","date_gmt":"2024-03-11T12:03:01","guid":{"rendered":"https:\/\/www.brenne-au-coeur.com\/?p=5381"},"modified":"2024-03-11T13:03:01","modified_gmt":"2024-03-11T12:03:01","slug":"fete-du-court-metrage","status":"publish","type":"post","link":"https:\/\/www.brenne-au-coeur.com\/index.php\/2024\/03\/11\/fete-du-court-metrage\/communes\/martizay\/5381\/","title":{"rendered":"F\u00eate du court-m\u00e9trage"},"content":{"rendered":"<p><span style=\"font-size: large;\">Du 20 au 26 mars 2024, les m\u00e9diath\u00e8ques de Martizay, de M\u00e9zi\u00e8res-en-Brenne et la Communaut\u00e9 de communes \u00ab\u00a0C\u0153ur de Brenne\u00a0\u00bb proposent plusieurs projections gratuites de courts-m\u00e9trages. <\/span><\/p>\n<figure id=\"attachment_5382\" aria-describedby=\"caption-attachment-5382\" style=\"width: 268px\" class=\"wp-caption alignleft\"><a href=\"https:\/\/www.brenne-au-coeur.com\/wp-content\/uploads\/2024\/03\/affiche-court-metrage.jpeg\" rel=\"lightbox[5381]\"><img loading=\"lazy\" decoding=\"async\" class=\"wp-image-5382 size-full\" src=\"https:\/\/www.brenne-au-coeur.com\/wp-content\/uploads\/2024\/03\/affiche-court-metrage.jpeg\" alt=\"\" width=\"268\" height=\"188\" srcset=\"https:\/\/www.brenne-au-coeur.com\/wp-content\/uploads\/2024\/03\/affiche-court-metrage.jpeg 268w, https:\/\/www.brenne-au-coeur.com\/wp-content\/uploads\/2024\/03\/affiche-court-metrage-150x105.jpeg 150w\" sizes=\"auto, (max-width: 268px) 100vw, 268px\" \/><\/a><figcaption id=\"caption-attachment-5382\" class=\"wp-caption-text\">Affiche du festival du court m\u00e9trage de Clermont-Ferrand<\/figcaption><\/figure>\n<p><span style=\"font-size: large;\">L\u2019initiative se situe dans le cadre d\u2019une manifestation nationale, annuelle, La F\u00eate du court m\u00e9trage, qui est n\u00e9e de la volont\u00e9 de mieux faire conna\u00eetre le court m\u00e9trage au plus grand nombre. Cet \u00e9v\u00e8nement est initi\u00e9 par \u00ab\u00a0Faites des Courts, F\u00eate des Films\u00a0\u00bb, une Association cr\u00e9\u00e9e le 28 septembre 2015. <\/span><\/p>\n<p><span style=\"font-size: large;\">Pendant une semaine, cin\u00e9philes ou n\u00e9ophytes, jeunes publics, familles et passionn\u00e9s, explorent la magie du court, partout en France et \u00e0 l&rsquo;international, \u00e0 l&rsquo;occasion de cette grande f\u00eate gratuite et ouverte \u00e0 tous.<\/span><\/p>\n<p><span style=\"font-size: large;\">Le programme est le suivant <\/span><\/p>\n<p><strong><span style=\"font-size: large;\">Mercredi 20 mars \u00e0 14h30, m\u00e9diath\u00e8que de M\u00e9zi\u00e8res-en-Brenne.<\/span><\/strong><\/p>\n<p><span style=\"font-size: large;\">Pour les 5\/7 ans, dur\u00e9e 41 mn.<\/span><\/p>\n<p><span style=\"font-size: large;\">\u00ab\u00a0Un probl\u00e8me\u00a0? Une solution\u00a0\u00bb. Face aux difficult\u00e9s, nos h\u00e9ros savent faire preuve de d\u00e9termination.<\/span><\/p>\n<p><strong><span style=\"font-size: large;\">Mercredi 20 mars \u00e0 20h30, m\u00e9diath\u00e8que de Martizay.<\/span><\/strong><\/p>\n<p><span style=\"font-size: large;\">Pour les 3\/5 ans, dur\u00e9e 30 mn.<\/span><\/p>\n<p><span style=\"font-size: large;\">\u00ab\u00a0Faire \u00e9quipe\u00a0\u00bb. En famille ou entre amis, l\u2019important c\u2019est d\u2019avoir quelqu\u2019un sur qui compter.<\/span><\/p>\n<p><strong><span style=\"font-size: large;\">Samedi 23 mars \u00e0 15h, m\u00e9diath\u00e8que de M\u00e9zi\u00e8res-en-Brenne.<\/span><\/strong><\/p>\n<p><span style=\"font-size: large;\">\u00c0 partir de 8 ans, dur\u00e9e 40 mn.<\/span><\/p>\n<p><span style=\"font-size: large;\">\u00ab\u00a0Image par image\u00a0\u00bb. 24 images\/seconde, vraiment\u00a0? D\u00e9couvrez la pixilation,cette technique d\u2019animation qui r\u00e9alise vos r\u00eaves les plus fous. <\/span><\/p>\n<p><strong><span style=\"font-size: large;\">Lundi 25 mars \u00e0 15h au MARPA de Martizay.<\/span><\/strong><\/p>\n<p><span style=\"font-size: large;\">Tout public, dur\u00e9e 1h28.<\/span><\/p>\n<p><span style=\"font-size: large;\">\u00ab\u00a0En haut de l\u2019affiche\u00a0\u00bb. En cas de crise, pas de panique\u00a0! Nos com\u00e9diens ont la solution.<\/span><\/p>\n<p><span style=\"font-size: large;\">\u00c0 ces s\u00e9ances gratuites, s\u2019ajoutent une projection de courts-m\u00e9trages de jeunes brennous, le <strong>samedi 23 mars \u00e0 18h, au cin\u00e9ma du Blanc<\/strong>. Tarif&nbsp;: 4 \u20ac<\/span><\/p>\n","protected":false},"excerpt":{"rendered":"<p>Du 20 au 26 mars 2024, les m\u00e9diath\u00e8ques de Martizay, de M\u00e9zi\u00e8res-en-Brenne et la Communaut\u00e9 de communes \u00ab\u00a0C\u0153ur de Brenne\u00a0\u00bb proposent plusieurs projections gratuites de courts-m\u00e9trages. L\u2019initiative se situe dans le cadre d\u2019une manifestation nationale, annuelle, La F\u00eate du court m\u00e9trage, qui est n\u00e9e de la volont\u00e9 de mieux faire conna\u00eetre le court m\u00e9trage au&hellip;&nbsp;<a href=\"https:\/\/www.brenne-au-coeur.com\/index.php\/2024\/03\/11\/fete-du-court-metrage\/communes\/martizay\/5381\/\" rel=\"bookmark\">Lire la suite&nbsp;&raquo;<span class=\"screen-reader-text\">F\u00eate du court-m\u00e9trage<\/span><\/a><\/p>\n","protected":false},"author":1,"featured_media":5383,"comment_status":"open","ping_status":"open","sticky":false,"template":"","format":"standard","meta":{"rop_custom_images_group":[],"rop_custom_messages_group":[],"rop_publish_now":"initial","rop_publish_now_accounts":[],"rop_publish_now_history":[],"rop_publish_now_status":"pending","_monsterinsights_skip_tracking":false,"_monsterinsights_sitenote_active":false,"_monsterinsights_sitenote_note":"","_monsterinsights_sitenote_category":0,"neve_meta_sidebar":"","neve_meta_container":"","neve_meta_enable_content_width":"off","neve_meta_content_width":70,"neve_meta_title_alignment":"","neve_meta_author_avatar":"","neve_post_elements_order":"","neve_meta_disable_header":"","neve_meta_disable_footer":"","neve_meta_disable_title":"","_jetpack_memberships_contains_paid_content":false,"footnotes":"","jetpack_publicize_message":"","jetpack_publicize_feature_enabled":true,"jetpack_social_post_already_shared":true,"jetpack_social_options":{"image_generator_settings":{"template":"highway","default_image_id":0,"font":"","enabled":false},"version":2}},"categories":[85,101,11,12],"tags":[47,98],"class_list":["post-5381","post","type-post","status-publish","format-standard","has-post-thumbnail","hentry","category-communaute-de-communes","category-le-blanc","category-martizay","category-mezieres-en-brenne","tag-cinema","tag-festival"],"aioseo_notices":[],"jetpack_publicize_connections":[],"jetpack_featured_media_url":"https:\/\/www.brenne-au-coeur.com\/wp-content\/uploads\/2024\/03\/ProgrammeFCM_mars2024_R.resized.resized.jpg","jetpack-related-posts":[],"jetpack_sharing_enabled":true,"_links":{"self":[{"href":"https:\/\/www.brenne-au-coeur.com\/index.php\/wp-json\/wp\/v2\/posts\/5381","targetHints":{"allow":["GET"]}}],"collection":[{"href":"https:\/\/www.brenne-au-coeur.com\/index.php\/wp-json\/wp\/v2\/posts"}],"about":[{"href":"https:\/\/www.brenne-au-coeur.com\/index.php\/wp-json\/wp\/v2\/types\/post"}],"author":[{"embeddable":true,"href":"https:\/\/www.brenne-au-coeur.com\/index.php\/wp-json\/wp\/v2\/users\/1"}],"replies":[{"embeddable":true,"href":"https:\/\/www.brenne-au-coeur.com\/index.php\/wp-json\/wp\/v2\/comments?post=5381"}],"version-history":[{"count":1,"href":"https:\/\/www.brenne-au-coeur.com\/index.php\/wp-json\/wp\/v2\/posts\/5381\/revisions"}],"predecessor-version":[{"id":5384,"href":"https:\/\/www.brenne-au-coeur.com\/index.php\/wp-json\/wp\/v2\/posts\/5381\/revisions\/5384"}],"wp:featuredmedia":[{"embeddable":true,"href":"https:\/\/www.brenne-au-coeur.com\/index.php\/wp-json\/wp\/v2\/media\/5383"}],"wp:attachment":[{"href":"https:\/\/www.brenne-au-coeur.com\/index.php\/wp-json\/wp\/v2\/media?parent=5381"}],"wp:term":[{"taxonomy":"category","embeddable":true,"href":"https:\/\/www.brenne-au-coeur.com\/index.php\/wp-json\/wp\/v2\/categories?post=5381"},{"taxonomy":"post_tag","embeddable":true,"href":"https:\/\/www.brenne-au-coeur.com\/index.php\/wp-json\/wp\/v2\/tags?post=5381"}],"curies":[{"name":"wp","href":"https:\/\/api.w.org\/{rel}","templated":true}]}}