{"id":5334,"date":"2024-03-02T15:45:06","date_gmt":"2024-03-02T14:45:06","guid":{"rendered":"https:\/\/www.brenne-au-coeur.com\/?p=5334"},"modified":"2024-03-02T15:46:42","modified_gmt":"2024-03-02T14:46:42","slug":"laffrontement-de-pechoire-23-juillet-1944","status":"publish","type":"post","link":"https:\/\/www.brenne-au-coeur.com\/index.php\/2024\/03\/02\/laffrontement-de-pechoire-23-juillet-1944\/communes\/azay-le-ferron-communes\/5334\/","title":{"rendered":"L\u2019affrontement de P\u00eachoire\u00a0: 23 juillet 1944"},"content":{"rendered":"<p><span style=\"color: #000000;\"><span style=\"font-size: large;\">\u00a0<\/span><\/span><\/p>\n<p align=\"center\"><span style=\"color: #000000;\"><span style=\"font-size: large;\">LES CIRCONSTANCES<\/span><\/span><\/p>\n<p align=\"justify\"><span style=\"color: #000000;\"><span style=\"font-size: large;\">Localis\u00e9 sur la D14A, entre Azay-le-Ferron dans l\u2019Indre et Charnizay en Indre-et-Loire, le lieu-dit de P\u00eachoire serait l\u2019\u00e9quivalent berrichon de p\u00eacherie, bien qu\u2019il n\u2019y ait pas d\u2019\u00e9tang \u00e0 toute proximit\u00e9. Les \u00e9tangs Gillet sont situ\u00e9s \u00e0 pr\u00e8s d\u2019un kilom\u00e8tre au sud-ouest de la route. <\/span><\/span><\/p>\n<p align=\"justify\"><span style=\"color: #000000;\"><span style=\"font-size: large;\">Dans cette dense for\u00eat de Preuilly, se dressent en bordure de route une st\u00e8le et huit c\u00e9notaphes qui rappellent l\u2019encerclement des maquis d\u2019Epernon et Carol par des militaires allemands le 23 juillet 1944. <\/span><\/span><\/p>\n<p align=\"justify\"><span style=\"color: #000000;\"><span style=\"font-size: large;\"><img loading=\"lazy\" decoding=\"async\" class=\"size-medium wp-image-5336 alignright\" src=\"https:\/\/www.brenne-au-coeur.com\/wp-content\/uploads\/2024\/03\/resistance-300x157.jpg\" alt=\"\" width=\"300\" height=\"157\" srcset=\"https:\/\/www.brenne-au-coeur.com\/wp-content\/uploads\/2024\/03\/resistance-300x157.jpg 300w, https:\/\/www.brenne-au-coeur.com\/wp-content\/uploads\/2024\/03\/resistance-150x79.jpg 150w, https:\/\/www.brenne-au-coeur.com\/wp-content\/uploads\/2024\/03\/resistance.jpg 600w\" sizes=\"auto, (max-width: 300px) 100vw, 300px\" \/>L\u2019annonce du D\u00e9barquement du 6 juin a signifi\u00e9 aux bellig\u00e9rants la proche fin de la guerre, m\u00eame si maints combats restaient \u00e0 mener sur l\u2019ensemble du territoire pour que l\u2019ennemi regagne son pays et que la France retrouve sa libert\u00e9 et sa souverainet\u00e9, perdues en 1939. Toutes les forces vives nationales ont intensifi\u00e9 leurs actions, sous l\u2019\u00e9gide des mouvements de R\u00e9sistance. De nombreux jeunes hommes, pour la plupart, se cachaient dans des maquis jouant au jeu du chat et de la souris avec ce qui restait de l\u2019arm\u00e9e allemande, de plus en plus d\u00e9sorganis\u00e9e et en d\u00e9route. <\/span><\/span><\/p>\n<p align=\"justify\"><span style=\"color: #000000;\"><span style=\"font-size: large;\">Dans l\u2019Indre, il fut d\u00e9cid\u00e9 &#8211; lors d\u2019une essentielle r\u00e9union le 20 juin \u00e0 M\u00e9zi\u00e8res-en-Brenne \u2013 un commandement unique des F.F.I. (Forces Fran\u00e7aises de l\u2019Int\u00e9rieur) sous la responsabilit\u00e9 militaire du colonel Chomel, alias \u00ab\u00a0Martel\u00a0\u00bb, lui-m\u00eame sous les ordres du colonel Mirguet, dit \u00ab\u00a0Surcouf\u00a0\u00bb. <\/span><\/span><\/p>\n<p align=\"justify\"><span style=\"color: #000000;\"><span style=\"font-size: large;\">Compos\u00e9 de cadres inscrits \u00e0 l\u2019Organisation de R\u00e9sistance Militaire (O.R.A.), de formations de l\u2019Arm\u00e9e Secr\u00e8te (A.S.) et de personnel de l\u2019ex 1<sup>er<\/sup> r\u00e9giment de France, le groupement \u00ab\u00a0Charles Martel\u00a0\u00bb s\u2019organisa en brigades et en bataillons pour structurer un effectif de 3000 hommes dont 150 officiers et 450 sous-officiers d\u00e9compt\u00e9s \u00e0 la mi-septembre 1944. Par manque de temps et de mat\u00e9riel, un nombre cons\u00e9quent de maquisards n\u2019avait re\u00e7u qu\u2019une instruction militaire sommaire leur permettant de se d\u00e9fendre au mieux. <\/span><\/span><\/p>\n<p align=\"justify\"><span style=\"color: #000000;\"><span style=\"font-size: large;\"><a href=\"https:\/\/www.brenne-au-coeur.com\/wp-content\/uploads\/2024\/03\/croix.jpg\" rel=\"lightbox[5334]\"><img loading=\"lazy\" decoding=\"async\" class=\"wp-image-5338 size-medium alignleft\" src=\"https:\/\/www.brenne-au-coeur.com\/wp-content\/uploads\/2024\/03\/croix-182x300.jpg\" alt=\"\" width=\"182\" height=\"300\" srcset=\"https:\/\/www.brenne-au-coeur.com\/wp-content\/uploads\/2024\/03\/croix-182x300.jpg 182w, https:\/\/www.brenne-au-coeur.com\/wp-content\/uploads\/2024\/03\/croix-91x150.jpg 91w, https:\/\/www.brenne-au-coeur.com\/wp-content\/uploads\/2024\/03\/croix.jpg 300w\" sizes=\"auto, (max-width: 182px) 100vw, 182px\" \/><\/a>C\u2019est ainsi que les effectifs de deux compagnies du bataillon Carol et deux du bataillon d\u2019Epernon se trouv\u00e8rent stationn\u00e9s dans la for\u00eat de Preuilly en position d\u00e9fensive. Avec l\u2019aide active de la population locale et du receveur des Postes Delacroix, les bivouacs s\u2019\u00e9taient d\u00e9ploy\u00e9s autour d\u2019une maison foresti\u00e8re et d\u2019un indispensable point d\u2019eau. Les r\u00e9sistants g\u00e9raient les 29 containers d\u2019armes et de munitions enfin parachut\u00e9s dans la nuit du 22 au 23 juillet sur la \u00ab\u00a0drop-zone\u00a0Montgomery\u00bb au sud de Charnizay. \u00ab\u00a0La pirogue est debout dans la cave\u00a0\u00bb avait \u00e9t\u00e9 le code d\u00e9clencheur de l\u2019op\u00e9ration, entendu la veille sur l\u2019unique r\u00e9cepteur radio \u00e0 gal\u00e8ne du maquis. Se remettant d\u2019une nuit blanche, ils faisaient la sieste vers 14h30, en ayant une probable pens\u00e9e pour Olivier Paquin, le fid\u00e8le chauffeur du prince Joachim Murat tu\u00e9 quelques jours auparavant aux c\u00f4t\u00e9s de son illustre sup\u00e9rieur, inhum\u00e9 ce 23 juillet \u00e0 Azay, quand \u2026 <\/span><\/span><\/p>\n<p align=\"justify\"><span style=\"color: #000000;\">\u2026 <span style=\"font-size: large;\">deux colonnes allemandes motoris\u00e9es d\u2019environ 30 camions, dont certains \u00e9quip\u00e9s d\u2019automitrailleuses, fonc\u00e8rent sur le maquis via les routes venant de Charnizay et d\u2019Azay-le-Ferron, prenant en \u00e9tau la place et rendant les \u00e9chappatoires difficiles. L\u2019alerte donn\u00e9e par les postes de garde de Charnizay et de la Raffini\u00e8re ne suffit pas. Pris par surprise, les maquisards aux avant-postes engag\u00e8rent un h\u00e9ro\u00efque et violent combat contre ce commando de repr\u00e9sailles, \u00e9quip\u00e9 d\u2019armes automatiques et de canons l\u00e9gers. N\u00e9anmoins, les Allemands rest\u00e8rent en bord de route, n\u2019osant s\u2019engager dans une for\u00eat qu\u2019ils ne connaissaient pas. <\/span><\/span><\/p>\n<p align=\"justify\"><span style=\"color: #000000;\"><span style=\"font-size: large;\">Une question demeurera \u00e0 jamais sans r\u00e9ponse\u00a0: une d\u00e9nonciation du lieu exact et des r\u00e9sistants stationn\u00e9s est-elle \u00e0 l\u2019origine de cet affrontement&nbsp;? L\u2019arrestation le jour m\u00eame d\u2019un r\u00f4deur \u00e2g\u00e9 d\u2019une vingtaine d\u2019ann\u00e9es, porteur de brassards avec une croix gamm\u00e9e et avec l\u2019insigne de la Milice le laisse pr\u00e9sager. Ayant avou\u00e9 sa solde \u00e0 la Gestapo, il sera ex\u00e9cut\u00e9 \u00e0 la grenade dans la maison foresti\u00e8re par le volontaire charg\u00e9 de sa garde. <\/span><\/span><\/p>\n<p align=\"justify\"><span style=\"color: #000000;\"><span style=\"font-size: large;\">Les diff\u00e9rents groupes \u00ab\u00a0d\u00e9crochent\u00a0\u00bb au fil des heures et se replient en d\u00e9sordre \u00e0 travers bois, vers le ch\u00e2teau de la Bouss\u00e9e et dans des maisons amies. Les bless\u00e9s sont sommairement pris en charge. Le 17<sup>e<\/sup> B.C.P. se retrouvera dans la for\u00eat de Lancosme pendant que le 32<sup>e<\/sup> R.I. se dirigera vers Sainte-Julitte, \u00e0 7km au nord de Charnizay (37). <\/span><\/span><\/p>\n<p align=\"justify\"><span style=\"color: #000000;\"><span style=\"font-size: large;\">Entre temps, l\u2019ennemi s\u2019est empar\u00e9 et a d\u00e9truit le pr\u00e9cieux mat\u00e9riel r\u00e9cemment parachut\u00e9 que les maquisards n\u2019ont pu emmener. <\/span><\/span><\/p>\n<p align=\"justify\"><span style=\"color: #000000;\"><span style=\"font-size: large;\">Il est 5 heures du matin ce lundi 24 juillet 1944. <\/span><\/span><\/p>\n<p align=\"justify\"><span style=\"color: #000000;\"><span style=\"font-size: large;\">Ce m\u00eame jour, Gaston Goblet et Andr\u00e9 Poignard, accompagn\u00e9s d\u2019un camarade, d\u00e9cident de revenir sur le lieu de l\u2019assaut pour r\u00e9cup\u00e9rer des armes et tenter de retrouver les disparus. Les Allemands, qui tiennent toujours la position, les ach\u00e8veront sur place. <\/span><\/span><\/p>\n<p align=\"justify\"><span style=\"color: #000000;\"><span style=\"font-size: large;\">Fin de l\u2019exp\u00e9dition de nettoyage des bellig\u00e9rants. Les r\u00e9centes recherches n\u2019ont pas permis de d\u00e9terminer le nombre de tu\u00e9s c\u00f4t\u00e9 ennemi, ni de retrouver la ou les unit\u00e9s engag\u00e9es. <\/span><\/span><\/p>\n<p align=\"justify\"><span style=\"color: #000000;\"><span style=\"font-size: large;\">Bien entendu, le commandement \u00ab\u00a0Surcouf\u00a0\u00bb a \u00e9t\u00e9 pr\u00e9venu de cette attaque surprise dont les pertes ne sont pas encore \u00e9tablies. Ils seront au final huit maquisards identifi\u00e9s, parfois tardivement. <\/span><\/span><\/p>\n<p align=\"justify\"><span style=\"color: #000000;\"><span style=\"font-size: large;\">Pour ne pas oublier leur m\u00e9moire, le parcours de vie de chaque combattant a \u00e9t\u00e9 retrac\u00e9. <\/span><\/span><\/p>\n<p align=\"justify\"><span style=\"color: #000000;\"><span style=\"font-size: large;\">Nous vous invitons \u00e0 les d\u00e9couvrir apr\u00e8s une pr\u00e9sentation succincte des deux bataillons auxquels ils \u00e9taient rattach\u00e9s\u00a0: le 17<sup>e<\/sup> B.C.P. et le 32<sup>e<\/sup> R.I.<\/span><\/span><\/p>\n<p><span style=\"color: #000000;\"><span style=\"font-size: large;\">SOURCES\u00a0: <\/span><\/span><\/p>\n<ul>\n<li><span style=\"color: #000000;\"><span style=\"font-size: large;\">Les noms de lieux de l\u2019Indre &#8211; St\u00e9phane Gendron \u2013 Acad\u00e9mie du Centre \u2013 2004.<\/span><\/span><\/li>\n<li><span style=\"color: #000000;\"><span style=\"font-size: large;\">Historique des unit\u00e9s combattantes de la R\u00e9sistance \u2013 Indre \u2013 G\u00e9n\u00e9ral de la Barre de Nanteuil \u2013 opuscule du minist\u00e8re des Arm\u00e9es \u2013 Etat-major de l\u2019Arm\u00e9e de Terre \u2013 SHD Vincennes. <\/span><\/span><\/li>\n<li><span style=\"color: #000000;\"><span style=\"font-size: large;\">R\u00e9sistance et Lib\u00e9ration dans l\u2019ouest de l\u2019Indre \u2013 Daniel Chartier \u2013 Nouvelles \u00e9ditions Sutton.<\/span><\/span><\/li>\n<li><span style=\"color: #000000;\"><span style=\"font-size: large;\">Rapport du sous-lieutenant Pierre du 01\/08\/1944 au commandant Charles, jamais publi\u00e9. Communiqu\u00e9 par Patrick Grosjean. <\/span><\/span><\/li>\n<li><span style=\"color: #000000;\"><span style=\"font-size: large;\">SHD Vincennes \u2013 GR 1 K 369 2 \u2013 rapport du lieutenant-colonel R. Costantini du 26\/08\/1947 (Ex commandant du 32<sup>e<\/sup> R.I.).<\/span><\/span><\/li>\n<li><span style=\"color: #000000;\"><span style=\"font-size: large;\">Archives d\u00e9partementales d\u2019Indre-et-Loire \u2013 233J 2 \u2013 233J 7.<\/span><\/span><\/li>\n<li><span style=\"color: #000000;\"><span style=\"font-size: large;\">Julien Chevalier, conservateur de l\u2019ossuaire militaire allemand \u00e0 Huisnes-sur-Mer (50). <\/span><\/span><\/li>\n<\/ul>\n<p align=\"center\"><span style=\"color: #000000;\"> <span style=\"font-size: large;\">Le 17<sup>e<\/sup> Bataillon de Chasseurs \u00e0 Pied (B.C.P.)<\/span><\/span><\/p>\n<p align=\"center\"><span style=\"color: #000000;\"> <span style=\"font-size: large;\">Maquis Carol<\/span><\/span><\/p>\n<p align=\"justify\"><span style=\"color: #000000;\"><span style=\"font-size: large;\"><a href=\"https:\/\/www.brenne-au-coeur.com\/wp-content\/uploads\/2024\/03\/le-bataillon-de-fer.png\" rel=\"lightbox[5334]\"><img loading=\"lazy\" decoding=\"async\" class=\"alignright wp-image-5337 size-medium\" src=\"https:\/\/www.brenne-au-coeur.com\/wp-content\/uploads\/2024\/03\/le-bataillon-de-fer-213x300.png\" alt=\"\" width=\"213\" height=\"300\" srcset=\"https:\/\/www.brenne-au-coeur.com\/wp-content\/uploads\/2024\/03\/le-bataillon-de-fer-213x300.png 213w, https:\/\/www.brenne-au-coeur.com\/wp-content\/uploads\/2024\/03\/le-bataillon-de-fer-107x150.png 107w, https:\/\/www.brenne-au-coeur.com\/wp-content\/uploads\/2024\/03\/le-bataillon-de-fer.png 352w\" sizes=\"auto, (max-width: 213px) 100vw, 213px\" \/><\/a>\u00ab\u00a0Le colonel Chomel se base uniquement sur la formation d\u2019une ossature, compos\u00e9e de cadres, pour constituer une force r\u00e9sistante, fond\u00e9e sur la hi\u00e9rarchie et la discipline militaire. Pour lui, le 17<sup>e<\/sup> B.C.P. repr\u00e9sente un des \u00e9l\u00e9ments qu\u2019il peut esp\u00e9rer r\u00e9organiser. Le capitaine Jean Costa de Beauregard se lance \u00e0 la recherche d\u2019officiers et de sous-officiers de son bataillon. [\u2026] Leur objectif est de rechercher des lieux o\u00f9 il serait possible de rassembler des hommes et de constituer des d\u00e9p\u00f4ts d\u2019armement. Ils les trouvent dans des fermes isol\u00e9es et s\u00fbres. [\u2026] C\u2019est ainsi qu\u2019\u00e0 la fin de 1943 ou au d\u00e9but de 1944, le capitaine de Beauregard (Carol) s\u2019installe dans la Brenne avec 30 \u00e0 40 officiers et sous-officiers. [\u2026] Le premier travail de Carol est de regrouper les hommes, qui sont en majorit\u00e9 des r\u00e9fractaires originaires du pays, dans de petits camps. Sont ainsi constitu\u00e9s des groupes de 30 \u00e0 40 jeunes qui se r\u00e9partissent dans les bois du Devant, les for\u00eats d\u2019Azay et de la F\u00e2, pr\u00e8s de Sainte-Gemme. <\/span><\/span><\/p>\n<p align=\"justify\"><span style=\"color: #000000;\"><span style=\"font-size: large;\">En f\u00e9vrier 1944, on compte ainsi 200 maquisards. [\u2026]<\/span><\/span><\/p>\n<p align=\"justify\"><span style=\"color: #000000;\"><span style=\"font-size: large;\">Le maquis ne poss\u00e8de, au d\u00e9but, que peu d\u2019armement, compos\u00e9 par ce qui avait pu \u00eatre sauv\u00e9 lors de l\u2019arriv\u00e9e des Allemands en 1942 et qui \u00e9tait entrepos\u00e9 dans des lieux divers. Peu \u00e0 peu, le ravitaillement s\u2019effectue par parachutages. [\u2026] Ils comprennent principalement des armes, du mat\u00e9riel d\u2019optique, de transmission et des vivres. Des stocks sont ainsi constitu\u00e9s dans les fermes de la Brenne. <\/span><\/span><\/p>\n<p align=\"justify\"><span style=\"color: #000000;\"><span style=\"font-size: large;\">En aucun cas, le maquis ne monte d\u2019actions directes, soit contre l\u2019ennemi, soit contre les repr\u00e9sentants de l\u2019autorit\u00e9 gouvernementale. Il repr\u00e9sente une installation de zones de regroupement des divers \u00e9l\u00e9ments combattifs et de mise en place du mat\u00e9riel pour le jour J.<\/span><\/span><\/p>\n<p align=\"justify\"><span style=\"color: #000000;\"><span style=\"font-size: large;\">Le 6 juin [\u2026] commence alors la gu\u00e9rilla, l\u2019attaque de petits convois allemands.\u00a0\u00bb<\/span><\/span><\/p>\n<p align=\"center\"><span style=\"color: #000000;\"><span style=\"font-size: large;\">Extrait du livre \u00ab\u00a0l\u2019organisation de la R\u00e9sistance dans l\u2019Indre juin 1940 &#8211; juin 1944\u00a0\u00bb pages 162 et 163. Auto\u00e9dition de Michel Jouanneau. <\/span><\/span><\/p>\n<p align=\"center\"><span style=\"color: #000000;\"><span style=\"font-size: large;\">Le 32<sup>e<\/sup> R\u00e9giment d\u2019Infanterie (R.I.)<\/span><\/span><\/p>\n<p align=\"center\"><span style=\"color: #000000;\"> <span style=\"font-size: large;\">Maquis d\u2019Epernon<\/span><\/span><\/p>\n<p align=\"justify\">\n<p align=\"justify\">\n<p align=\"justify\"><span style=\"color: #000000;\"><span style=\"font-size: large;\">En 1942, le 2e bataillon du 32e RI, arm\u00e9e d&rsquo;armistice, tient garnison dans la r\u00e9gion lochoise sous le commandement du chef de bataillon Ren\u00e9 Costantini. Apr\u00e8s la dissolution de l&rsquo;arm\u00e9e d&rsquo;armistice, le commandant Costantini s&rsquo;int\u00e8gre imm\u00e9diatement \u00e0 l&rsquo;ORA et \u00e9lit domicile \u00e0 Loches.<\/span><\/span><\/p>\n<p align=\"justify\"><span style=\"color: #000000;\"><span style=\"font-size: large;\">Au XVIIe si\u00e8cle, le duc d&rsquo;Epernon avait son si\u00e8ge ducal \u00e0 Loches dont il \u00e9tait le seigneur f\u00e9odal. Il \u00e9tait \u00e9galement gouverneur de la forteresse\u00a0et, \u00e0 ce titre, symbolisait la r\u00e9sistance aux ennemis du royaume.\u00a0C&rsquo;est cela qui fait dire au colonel Chomel, responsable de l&rsquo;ORA dans la r\u00e9gion, rendant visite au commandant&nbsp;: \u00ab\u00a0A l&rsquo;exemple du duc d&rsquo;\u00c9pernon, vous repr\u00e9sentez vous aussi la r\u00e9sistance \u00e0 l&rsquo;ennemi, aussi vous serez \u00ab\u00a0d&rsquo;\u00c9pernon\u00a0\u00bb dans la R\u00e9sistance et la formation dont vous allez prendre le commandement, prendra le nom de maquis d\u2019Epernon.\u00a0\u00bb<br \/>\nLe commandant Costantini prend rapidement des mesures pour la constitution de ce maquis, s&#8217;employant \u00e0 coordonner l&rsquo;ensemble de ce mouvement clandestin.<br \/>\nLe maquis b\u00e9n\u00e9ficie pour son armement de deux parachutages&nbsp;: \u00e0 Luzill\u00e9 (\u00ab\u00a0Poulpe\u00a0\u00bb) et Obterre (\u00ab\u00a0Montgomery\u00a0\u00bb). De m\u00eame, les parachutages dans l&rsquo;Indre (Yzeures-sur-Creuse) contribuent \u00e0 armer le maquis. La zone d&rsquo;action du maquis d&rsquo;\u00c9pernon se situe au sud de l&rsquo;ancienne ligne de d\u00e9marcation dans la zone lochoise rattach\u00e9e \u00e0 l&rsquo;Indre. Il campe successivement en for\u00eat de Preuilly ou dans les bois de Paulmy, de Sainte-Julitte et de la Celle-Guenand. Le maquis d&rsquo;\u00c9pernon est rejoint par le maquis C\u00e9sario qui, lui-m\u00eame, a re\u00e7u le renfort du groupe de l&rsquo;ORA de Bienvault (ce dernier ayant \u00e9t\u00e9 arr\u00eat\u00e9 par les Allemands), et par le groupe Berthault de Manthelan.<\/p>\n<p>Outre les multiples actions de gu\u00e9rilla et de harc\u00e8lement men\u00e9es jusqu&rsquo;au 23 juillet 1944, il faut noter que se succ\u00e8dent de plus amples op\u00e9rations&nbsp;: combats particuli\u00e8rement intenses dans la for\u00eat de Preuilly, dispersion des unit\u00e9s Costantini dans la for\u00eat de Sainte-Julitte, ainsi que du bataillon Carol dans la r\u00e9gion de Buzan\u00e7ais (Indre) et dans le bois des Michodi\u00e8res. A partir du 4 ao\u00fbt, le maquis d&rsquo;\u00c9pernon pratique une s\u00e9rie d&rsquo;attaques de harc\u00e8lement, de sabotages, de coupures de routes par abattage d&rsquo;arbres, destruction de ponts et de cat\u00e9naires. Cette succession d&#8217;embuscades et de coups de mains entrave consid\u00e9rablement la retraite des unit\u00e9s allemandes.<\/p>\n<p>Fin ao\u00fbt 1944, apr\u00e8s la lib\u00e9ration de la r\u00e9gion, le maquis d&rsquo;\u00c9pernon est articul\u00e9 avec un poste de commandement, un \u00e9tat-major et deux bataillons. Le maquis d&rsquo;\u00c9pernon d\u00e9file \u00e0 Tours lib\u00e9r\u00e9e le 4 septembre 1944. Le 32e r\u00e9giment d&rsquo;infanterie vient de rena\u00eetre.<\/span><\/span><\/p>\n<p align=\"center\"><span style=\"color: #000000;\"><span style=\"font-size: large;\">D&rsquo;apr\u00e8s Jack Vivier in c\u00e9d\u00e9rom\u00a0<\/span><\/span><span style=\"color: #000000;\"><span style=\"font-size: large;\"><i>La R\u00e9sistance en Indre-et-Loire<\/i><\/span><\/span><span style=\"color: #000000;\"><span style=\"font-size: large;\">, AERI, 2005. Avec l\u2019aimable autorisation du <\/span><\/span><span style=\"color: #0000ff;\"><u><a href=\"https:\/\/museedelaresistanceenligne.org\/\"><span style=\"color: #000000;\"><span style=\"font-size: large;\">https:\/\/museedelaresistanceenligne.org\/<\/span><\/span><\/a><\/u><\/span><span style=\"color: #000000;\"><span style=\"font-size: large;\"> via Laurent Thiery.<\/span><\/span><\/p>\n<p align=\"center\"><span style=\"color: #000000;\"><span style=\"font-size: large;\">Charles Fabre (1920-1944)<\/span><\/span><\/p>\n<p align=\"justify\"><span style=\"color: #000000;\"><span style=\"font-size: large;\">Charles voit le jour le 24 juin 1920 en Occitanie, \u00e0 20km au sud de N\u00eemes dans le village de Beauvoisin. Albert, son p\u00e8re, est alors cultivateur. Sa m\u00e8re Marie-Louise \u00e9l\u00e8vera trois enfants\u00a0: Alberte, l\u2019ain\u00e9e et Simone, la cadette. Seul fils de la famille, Charles d\u00e8s 16 ans travaille la terre puis les vignes. Il aurait \u00e9t\u00e9 enfant de troupe. <\/span><\/span><\/p>\n<p align=\"justify\"><span style=\"color: #000000;\"><span style=\"font-size: large;\">Initialement enr\u00f4l\u00e9 dans le 1<sup>er<\/sup> r\u00e9giment de France, une unit\u00e9 militaire cr\u00e9\u00e9e en 1943 par le gouvernement de Vichy pour lutter contre la R\u00e9sistance que de nombreux engag\u00e9s finiront par rejoindre, \u00ab\u00a0 Charlot\u00a0\u00bb int\u00e8gre le maquis Carol au 17<sup>e<\/sup> BCP mi-juin 1944. <\/span><\/span><\/p>\n<p align=\"justify\"><span style=\"color: #000000;\"><span style=\"font-size: large;\">Agent de liaison motocycliste, il conduisait un side-car qui l\u2019a amen\u00e9 \u00e0 \u00eatre affubl\u00e9 d\u2019un second surnom\u00a0: \u00ab\u00a0le motard\u00a0\u00bb aux dires de Robert Boutin, son camarade de combat. Ce dernier se souvient s\u2019\u00eatre exerc\u00e9 \u00e0 la conduite du trois roues et \u00e0 des exercices de tirs dans la campagne. Parfois, ils allaient tous les deux flirter avec les jeunes filles brennouses. <\/span><\/span><\/p>\n<p align=\"justify\"><span style=\"color: #000000;\"><span style=\"font-size: large;\">Les deux comp\u00e8res ont aussi fait sauter une citerne d\u2019essence \u00e0 la grenade et tu\u00e9 le chauffeur d\u2019un camion ennemi vers La Roche-Posay. <\/span><\/span><\/p>\n<p align=\"justify\"><span style=\"color: #000000;\"><span style=\"font-size: large;\">Un compte-rendu, r\u00e9dig\u00e9 le 1<sup>er<\/sup> ao\u00fbt 1944, raconte que \u00ab\u00a0Charlot\u00a0\u00bb s\u2019est vu confier ce 23 juillet la garde de trois prisonniers, d\u00e9chargeant ainsi le chef Bastard d\u2019un encombrant fardeau qui l\u2019emp\u00eachait de poursuivre les combats. <\/span><\/span><\/p>\n<p align=\"justify\"><span style=\"color: #000000;\"><span style=\"font-size: large;\">Le corps de ce r\u00e9sistant n\u2019a \u00e9t\u00e9 d\u00e9couvert que le 30 juillet. Il a \u00e9t\u00e9 inhum\u00e9 le lendemain dans le cimeti\u00e8re d\u2019Azay-le-Ferron comme \u00ab\u00a0inconnu\u00a0\u00bb, v\u00eatu d\u2019une veste en treillis de couleur kaki, d\u2019un pantalon et chauss\u00e9 de brodequins. <\/span><\/span><\/p>\n<p align=\"justify\"><span style=\"color: #000000;\"><span style=\"font-size: large;\">Ce n\u2019est que le 2 mai 1945 que les parents du \u00ab\u00a0grand Charles\u00a0\u00bb &#8211; il mesurait 1,80 m &#8211; ont certifi\u00e9 aux gendarmes qu\u2019il s\u2019agissait de leur fils. L\u2019acte de d\u00e9c\u00e8s a \u00e9t\u00e9 rectifi\u00e9 en cons\u00e9quence par jugement du tribunal civil du Blanc le 22 ao\u00fbt de la m\u00eame ann\u00e9e, apr\u00e8s des tristes d\u00e9marches r\u00e9alis\u00e9es par la famille. <\/span><\/span><\/p>\n<p align=\"justify\"><span style=\"color: #000000;\"><span style=\"font-size: large;\">Roger Mor\u00e8ve, maire de M\u00e9zi\u00e8res-en-Brenne et pr\u00e9sident des anciens du maquis Carol, a demand\u00e9 et obtenu que la mention \u00ab\u00a0Mort pour la France\u00a0\u00bb soit inscrite en marge du registre d\u2019\u00e9tat-civil. <\/span><\/span><\/p>\n<p align=\"justify\"><span style=\"color: #000000;\"><span style=\"font-size: large;\">En 1949, Charles Fabre \u00ab\u00a0 patriote courageux\u00a0\u00bb s\u2019est vu d\u00e9cerner \u00e0 tire posthume la Croix de guerre avec \u00e9toile de bronze.<\/span><\/span><\/p>\n<p><span style=\"color: #000000;\"><span style=\"font-size: large;\">SOURCES\u00a0: <\/span><\/span><\/p>\n<ul>\n<li><span style=\"color: #000000;\"><span style=\"font-size: large;\">Archives d\u00e9partementales du Gard.<\/span><\/span><\/li>\n<li><span style=\"color: #000000;\"><span style=\"font-size: large;\">Commune d\u2019Azay-le-Ferron.<\/span><\/span><\/li>\n<li><span style=\"color: #000000;\"><span style=\"font-size: large;\">SHD Vincennes \u2013 GR 16P 213796.<\/span><\/span><\/li>\n<li><span style=\"color: #000000;\"><span style=\"font-size: large;\">Archives d\u00e9partementales de l\u2019Indre \u2013 3U4-353.<\/span><\/span><\/li>\n<li><span style=\"color: #000000;\"><span style=\"font-size: large;\">T\u00e9moignage oral de Robert Boutin du 20\/09\/2023.<\/span><\/span><\/li>\n<li><span style=\"color: #000000;\"><span style=\"font-size: large;\">Rapport du sous-lieutenant Pierre du 01\/08\/1944 au commandant Charles, communiqu\u00e9 par Patrick Grosjean mais jamais publi\u00e9. <\/span><\/span><\/li>\n<\/ul>\n<p>&nbsp;<\/p>\n<p align=\"center\"><span style=\"color: #000000;\"><span style=\"font-size: large;\">Marcel Girard (1924-1944)<\/span><\/span><\/p>\n<p align=\"justify\"><span style=\"color: #000000;\"><span style=\"font-size: large;\"><a href=\"https:\/\/www.brenne-au-coeur.com\/wp-content\/uploads\/2024\/03\/marcel-girard.jpg\" rel=\"lightbox[5334]\"><img loading=\"lazy\" decoding=\"async\" class=\"alignleft wp-image-5344 size-medium\" src=\"https:\/\/www.brenne-au-coeur.com\/wp-content\/uploads\/2024\/03\/marcel-girard-213x300.jpg\" alt=\"\" width=\"213\" height=\"300\" srcset=\"https:\/\/www.brenne-au-coeur.com\/wp-content\/uploads\/2024\/03\/marcel-girard-213x300.jpg 213w, https:\/\/www.brenne-au-coeur.com\/wp-content\/uploads\/2024\/03\/marcel-girard-107x150.jpg 107w, https:\/\/www.brenne-au-coeur.com\/wp-content\/uploads\/2024\/03\/marcel-girard.jpg 316w\" sizes=\"auto, (max-width: 213px) 100vw, 213px\" \/><\/a>Marcel voit le jour le 24 mai 1924 dans le hameau de Cer\u00e7ay sur la commune de Ligueil (37), bourg situ\u00e9 \u00e0 35km au nord de La Roche-Posay. Il est le second et dernier enfant de Louis, journalier et de L\u00e9ontine.<\/span><\/span><\/p>\n<p align=\"justify\"><span style=\"color: #000000;\"><span style=\"font-size: large;\">Les archives n\u2019ont pas permis d\u2019en savoir plus sur cette famille qui est demeur\u00e9e en Touraine.<\/span><\/span><\/p>\n<p align=\"justify\"><span style=\"color: #000000;\"><span style=\"font-size: large;\">Pendant les hostilit\u00e9s, Marcel habitait et travaillait \u00e0 la ferme de la Godi\u00e8re, \u00e0 Paulmy au nord du Grand-Pressigny.<\/span><\/span><\/p>\n<p align=\"justify\"><span style=\"color: #000000;\"><span style=\"font-size: large;\">Il est arriv\u00e9 au maquis d\u2019Epernon \u2013 stationn\u00e9 en for\u00eat de Preuilly \u2013 le 18 juillet 1944 pour y recevoir une formation de combattant. Il fut mortellement bless\u00e9 au cours de l\u2019attaque allemande sans que l\u2019enqu\u00eate diligent\u00e9e par la gendarmerie en 1946 ne puisse \u00e9tablir les circonstances exactes de sa fin.<\/span><\/span><\/p>\n<p align=\"justify\"><span style=\"color: #000000;\"><span style=\"font-size: large;\">Son chef de groupe, le caporal-chef Andr\u00e9 Morin, a n\u00e9anmoins expliqu\u00e9 au chef de bataillon Ren\u00e9 Costantini dans un courrier non dat\u00e9 que son \u00ab\u00a0 tireur Girard a \u00e9t\u00e9 touch\u00e9 d\u00e8s le d\u00e9crochage \u00e0 la Sabli\u00e8re, il m\u2019\u00e9tait impossible de retourner dans cette direction porter secours \u00e0 Girard et chercher le F.M. car, \u00e0 ce moment, les Allemands sautaient des camions pour nous poursuivre.\u00a0\u00bb<\/span><\/span><\/p>\n<p align=\"justify\"><span style=\"color: #000000;\"><span style=\"font-size: large;\">Le secr\u00e9tariat de la mairie de Charnizay qui a enregistr\u00e9 l\u2019acte de d\u00e9c\u00e8s a inscrit dans sa marge \u00ab\u00a0Mort pour la France\u00a0\u00bb.<\/span><\/span><\/p>\n<p><span style=\"color: #000000;\"><span style=\"font-size: large;\">SOURCES\u00a0: <\/span><\/span><\/p>\n<ul>\n<li><span style=\"color: #000000;\"><span style=\"font-size: large;\">Archives d\u00e9partementales d\u2019Indre-et-Loire pour l\u2019\u00e9tat-civil et les recensements en ligne.<\/span><\/span><\/li>\n<\/ul>\n<ul>\n<li><span style=\"color: #000000;\"><span style=\"font-size: large;\">SHD Vincennes 16P 257438 et Caen 21P 195057.<\/span><\/span><\/li>\n<li><span style=\"color: #000000;\"><span style=\"font-size: large;\">Archives d\u00e9partementales d\u2019Indre-et-Loire \u2013 233J 7.<\/span><\/span><\/li>\n<\/ul>\n<p align=\"center\"><span style=\"color: #000000;\"><span style=\"font-size: large;\">Gaston Goblet (1920-1944)<\/span><\/span><\/p>\n<p align=\"justify\"><span style=\"color: #000000;\"><span style=\"font-size: large;\">La famille Goblet est originaire de Bossay-sur-Claise (37) aux confins du sud de la Touraine et \u00e0 quelques kilom\u00e8tres de l\u2019Indre. C\u2019est dans la ferme familiale, au lieu-dit Le Tremble, que Gaston nait le 30 mars 1920. Il est le premier fils d\u2019Auguste et d\u2019Yvonne, cultivateurs. Deux autres enfants suivront. La fratrie passera sa jeunesse \u00e0 la Haute-Touche. <\/span><\/span><\/p>\n<p align=\"justify\"><span style=\"color: #000000;\"><span style=\"font-size: large;\"><a href=\"https:\/\/www.brenne-au-coeur.com\/wp-content\/uploads\/2024\/03\/Gaston-Goblet.jpg\" rel=\"lightbox[5334]\"><img loading=\"lazy\" decoding=\"async\" class=\"alignright wp-image-5343 size-medium\" src=\"https:\/\/www.brenne-au-coeur.com\/wp-content\/uploads\/2024\/03\/Gaston-Goblet-200x300.jpg\" alt=\"\" width=\"200\" height=\"300\" srcset=\"https:\/\/www.brenne-au-coeur.com\/wp-content\/uploads\/2024\/03\/Gaston-Goblet-200x300.jpg 200w, https:\/\/www.brenne-au-coeur.com\/wp-content\/uploads\/2024\/03\/Gaston-Goblet-100x150.jpg 100w, https:\/\/www.brenne-au-coeur.com\/wp-content\/uploads\/2024\/03\/Gaston-Goblet.jpg 310w\" sizes=\"auto, (max-width: 200px) 100vw, 200px\" \/><\/a>Nous retrouvons sa trace dans un chantier de jeunesse en Sa\u00f4ne-et-Loire (71). C\u2019est dans cette r\u00e9gion qu\u2019il rencontre Huguette qui deviendra son \u00e9pouse la veille de No\u00ebl de l\u2019ann\u00e9e 1941. Elle d\u00e9c\u00e8dera le 10 juillet 1942 rendant orphelin de m\u00e8re le jeune Michel n\u00e9 le 16 d\u00e9cembre 1940. <\/span><\/span><\/p>\n<p align=\"justify\"><span style=\"color: #000000;\"><span style=\"font-size: large;\">De retour dans l\u2019Indre, Gaston a travaill\u00e9 \u00e0 la SNCF \u00e0 l\u2019entretien des voies comme homme d\u2019\u00e9quipe avant de rejoindre les maquisards du 17<sup>e<\/sup> B.C.P. d\u00e8s le 6 juin 1944. A l\u2019issue d\u2019une formation acc\u00e9l\u00e9r\u00e9e, il sera rapidement nomm\u00e9 chef de groupe (= sergent). Ayant r\u00e9chapp\u00e9 de l\u2019affrontement du 23 juillet Gaston obtint, d\u00e8s le lendemain, l\u2019autorisation de son chef de revenir sur les lieux avec un vieil autobus pour relever les morts, r\u00e9cup\u00e9rer les \u00e9ventuels bless\u00e9s, les armes, leurs munitions et tout autre mat\u00e9riel abandonn\u00e9. Il \u00e9tait accompagn\u00e9 d\u2019Andr\u00e9 Poignard et de Robert Catoire (?).<\/span><\/span><\/p>\n<p align=\"justify\"><span style=\"color: #000000;\"><span style=\"font-size: large;\">Mais l\u2019ennemi rodait encore. C\u2019est \u00e0 la suite d\u2019une panne du car que Gaston fut fait prisonnier en bordure du parc du ch\u00e2teau de la Bouss\u00e9e. Conduit sur le site de P\u00eachoire, il a \u00e9t\u00e9 \u00ab\u00a0maltrait\u00e9\u00a0\u00bb et durement interrog\u00e9. Les Allemands souhaitaient conna\u00eetre la position de son groupe pour, probablement, poursuivre la tuerie d\u00e9but\u00e9e la veille. L\u2019absolu silence de ce valeureux combattant conduira \u00e0 son ex\u00e9cution de deux balles de revolver dans la nuque. <\/span><\/span><\/p>\n<p align=\"justify\"><span style=\"color: #000000;\"><span style=\"font-size: large;\">Le corps sera d\u00e9couvert sous des b\u00e2ches deux jours plus tard et inhum\u00e9 dans le cimeti\u00e8re d\u2019Azay-le-Ferron. <\/span><\/span><\/p>\n<p align=\"justify\"><span style=\"color: #000000;\"><span style=\"font-size: large;\">Michel, son jeune fils confi\u00e9 \u00e0 son grand-p\u00e8re, a \u00e9t\u00e9 adopt\u00e9 par la Nation au titre de pupille. <\/span><\/span><\/p>\n<p align=\"justify\"><span style=\"color: #000000;\"><span style=\"font-size: large;\">La mention \u00ab\u00a0Mort pour la France\u00a0\u00bb est couch\u00e9e en marge de l\u2019\u00e9tat-civil de Gaston Goblet depuis le 25 novembre 1957. <\/span><\/span><\/p>\n<p align=\"justify\"><span style=\"color: #000000;\"><span style=\"font-size: large;\">SOURCES\u00a0: <\/span><\/span><\/p>\n<ul>\n<li><span style=\"color: #000000;\"><span style=\"font-size: large;\">Archives d\u00e9partementales d\u2019Indre-et-Loire pour les \u00e9tats-civils. <\/span><\/span><\/li>\n<li><span style=\"color: #000000;\"><span style=\"font-size: large;\">Archives d\u00e9partementales de l\u2019Indre \u2013 3U4\u00a0527.<\/span><\/span><\/li>\n<li><span style=\"color: #000000;\"><span style=\"font-size: large;\">SHD Caen \u2013 21P 193528.<\/span><\/span><\/li>\n<li><span style=\"color: #000000;\"><span style=\"font-size: large;\">Mairie d\u2019Azay-le-Ferron.<\/span><\/span><\/li>\n<li><span style=\"color: #000000;\"><span style=\"font-size: large;\">R\u00e9sistance et Lib\u00e9ration dans l\u2019ouest de l\u2019Indre \u2013 Daniel Chartier \u2013 \u00e9ditions Sutton \u2013 pages 54 et 55. <\/span><\/span><\/li>\n<li><span style=\"color: #000000;\"><span style=\"font-size: large;\">Michel Goblet.<\/span><\/span><\/li>\n<\/ul>\n<p align=\"center\"><span style=\"color: #000000;\"><span style=\"font-size: large;\">Maxime Gu\u00e9rineau (1922-1944)<\/span><\/span><\/p>\n<figure id=\"attachment_5341\" aria-describedby=\"caption-attachment-5341\" style=\"width: 300px\" class=\"wp-caption alignleft\"><a href=\"https:\/\/www.brenne-au-coeur.com\/wp-content\/uploads\/2024\/03\/apres-guerre-2.resized.jpg\" rel=\"lightbox[5334]\"><img loading=\"lazy\" decoding=\"async\" class=\"wp-image-5341 size-medium\" src=\"https:\/\/www.brenne-au-coeur.com\/wp-content\/uploads\/2024\/03\/apres-guerre-2.resized-300x223.jpg\" alt=\"\" width=\"300\" height=\"223\" srcset=\"https:\/\/www.brenne-au-coeur.com\/wp-content\/uploads\/2024\/03\/apres-guerre-2.resized-300x223.jpg 300w, https:\/\/www.brenne-au-coeur.com\/wp-content\/uploads\/2024\/03\/apres-guerre-2.resized-150x111.jpg 150w, https:\/\/www.brenne-au-coeur.com\/wp-content\/uploads\/2024\/03\/apres-guerre-2.resized.jpg 318w\" sizes=\"auto, (max-width: 300px) 100vw, 300px\" \/><\/a><figcaption id=\"caption-attachment-5341\" class=\"wp-caption-text\">Photos d\u2019illustration, prises apr\u00e8s-guerre par Guy Mas, photographe du G\u00e9n\u00e9ral de Gaulle pendant le conflit.<\/figcaption><\/figure>\n<p align=\"justify\"><span style=\"color: #000000;\"><span style=\"font-size: large;\">Maxime est peut-\u00eatre le cadet masculin d\u2019une fratrie de deux s\u0153urs dont la famille demeurait \u00e0 Neuil, petite commune rurale situ\u00e9e au nord ouest de Sainte-Maure-de-Touraine. Il y voit le jour le 27 janvier 1922. Son p\u00e8re, Aim\u00e9, exerce le m\u00e9tier de scieur pendant\u00a0que Germaine, sa m\u00e8re, est femme au foyer. <\/span><\/span><\/p>\n<p align=\"justify\"><span style=\"color: #000000;\"><span style=\"font-size: large;\">La famille quitte Neuil peu de temps apr\u00e8s la naissance de Maxime. <\/span><\/span><\/p>\n<p align=\"justify\"><span style=\"color: #000000;\"><span style=\"font-size: large;\">Au moment de l\u2019Occupation, le jeune homme \u00e9tait ouvrier d\u2019usine. En 1941, il est \u00ab\u00a0affect\u00e9 comme travail obligatoire sur les c\u00f4tes\u00a0\u00bb, sans autre pr\u00e9cision. Au cours d\u2019une permission\u00a0l\u2019ann\u00e9e suivante, pour retrouver sa libert\u00e9, il s\u2019est cach\u00e9 dans les bois et il y a travaill\u00e9 comme b\u00fbcheron. Son parcours le conduit \u00e0 passer en zone libre, au mois d\u2019ao\u00fbt 1943, quelque part en Indre-et-Loire. Messieurs Robert et Dourreau h\u00e9bergeront Maxime qui rejoindra le maquis en mai 1944. <\/span><\/span><\/p>\n<p align=\"justify\"><span style=\"color: #000000;\"><span style=\"font-size: large;\">C\u2019est ainsi qu\u2019il est affect\u00e9 au groupe Epernon, sous les ordres du capitaine Desbiens et qu\u2019il se retrouve en for\u00eat de Preuilly, assign\u00e9 \u00e0 la surveillance de la route Charnizay-Azay quand \u2026 <\/span><\/span><\/p>\n<p align=\"justify\"><span style=\"color: #000000;\">\u2026 <span style=\"font-size: large;\">pris sous le feu nourri ennemi ce 23 juillet, l\u2019adjudant Morin en position de repli raconte \u00ab\u00a0 j\u2019ai eu la surprise de voir que Gu\u00e9rineau n\u2019\u00e9tait plus \u00e0 nos c\u00f4t\u00e9s\u00a0; moi et mes deux autres hommes avons appel\u00e9 et fouill\u00e9 les abords quelques instants pour le retrouver, mais en vain.\u00a0\u00bb<\/span><\/span><\/p>\n<p align=\"justify\"><span style=\"color: #000000;\"><span style=\"font-size: large;\">Nul ne saura jamais si Maxime s\u2019est \u00e9gar\u00e9 ou a \u00e9t\u00e9 fait prisonnier. <\/span><\/span><\/p>\n<p align=\"justify\"><span style=\"color: #000000;\"><span style=\"font-size: large;\">Son corps, non identifi\u00e9, a \u00e9t\u00e9 retrouv\u00e9 le 28 juillet 1944 sur la commune de M\u00e9zi\u00e8res-en-Brenne, au lieu-dit les Grandes Salles. Il \u00e9tait cribl\u00e9 de 11 balles dont 9 au niveau de la poitrine, laissant penser \u00e0 une ex\u00e9cution en r\u00e8gle. <\/span><\/span><\/p>\n<p align=\"justify\"><span style=\"color: #000000;\"><span style=\"font-size: large;\">Ce n\u2019est que le 16 mars 1947, au cours d\u2019une exhumation, que sa maman reconna\u00eetra formellement son fils gr\u00e2ce \u00e0 sa dentition et \u00e0 sa ceinture. Un jugement du 17 avril 1947 ordonnera la rectification de l\u2019\u00e9tat-civil. Il est enterr\u00e9 dans le cimeti\u00e8re d\u2019Azay-le-Rideau (37). <\/span><\/span><\/p>\n<p align=\"justify\"><span style=\"color: #000000;\"><span style=\"font-size: large;\">Maxime Gu\u00e9rineau est \u00ab\u00a0 Mort pour la France\u00a0\u00bb depuis le 9 octobre 1947. <\/span><\/span><\/p>\n<p><span style=\"color: #000000;\"><span style=\"font-size: large;\">SOURCES\u00a0: <\/span><\/span><\/p>\n<ul>\n<li><span style=\"color: #000000;\"><span style=\"font-size: large;\">Archives d\u00e9partementales d\u2019Indre-et-Loire pour l\u2019\u00e9tat-civil et les recensements en ligne et 233J 7. <\/span><\/span><\/li>\n<li><span style=\"color: #000000;\"><span style=\"font-size: large;\">Archives d\u00e9partementales de l\u2019Indre, 999W 127.<\/span><\/span><\/li>\n<li><span style=\"color: #000000;\"><span style=\"font-size: large;\">Mairies de M\u00e9zi\u00e8res-en-Brenne et d\u2019Azay-le-Rideau.<\/span><\/span><\/li>\n<li><span style=\"color: #000000;\"><span style=\"font-size: large;\">SHD Vincennes 16P 275159 &#8211; Caen 21P 197542.<\/span><\/span><\/li>\n<\/ul>\n<p align=\"center\"><span style=\"color: #000000;\"><span style=\"font-size: large;\">Abel (Andr\u00e9) Legras (1920-1946)<\/span><\/span><\/p>\n<p align=\"justify\"><span style=\"color: #000000;\"><span style=\"font-size: large;\">C\u2019est \u00e0 une poign\u00e9e de kilom\u00e8tres au nord de Loches, sur la commune de Ch\u00e9digny (37) qu\u2019Abel Jules Pierre <i>Andr\u00e9<\/i> est n\u00e9 le 29 novembre 1920 dans la ferme familiale du lieu-dit La Rochette. <\/span><\/span><\/p>\n<p align=\"justify\"><span style=\"color: #000000;\"><span style=\"font-size: large;\">Il est l\u2019ain\u00e9 d\u2019une fratrie d\u2019au moins 3 enfants\u00a0: sa s\u0153ur Madeleine voit le jour en 1922 suivi par Roger l\u2019ann\u00e9e suivante. Leur p\u00e8re, Abel est cultivateur. Marie, la maman g\u00e8re la maisonn\u00e9e. <\/span><\/span><\/p>\n<p align=\"justify\"><span style=\"color: #000000;\"><span style=\"font-size: large;\">Vers 1930, la famille quitte le village probablement pour Villeneuve-le-Roi (94) en r\u00e9gion parisienne\u00a0o\u00f9 demeuraient les parents d\u2019Abel apr\u00e8s guerre\u00a0? <\/span><\/span><\/p>\n<p align=\"justify\"><span style=\"color: #000000;\"><span style=\"font-size: large;\">Le jeune homme commence \u00e0 apprendre le m\u00e9tier de boulanger. <\/span><\/span><\/p>\n<p align=\"justify\"><span style=\"color: #000000;\"><span style=\"font-size: large;\">Nous le retrouvons le 6 juin 1944, affect\u00e9 \u00e0 la compagnie Bastien du bataillon Carol, sous les ordres de l\u2019aspirant Pierre Ragot. <\/span><\/span><\/p>\n<figure id=\"attachment_5342\" aria-describedby=\"caption-attachment-5342\" style=\"width: 300px\" class=\"wp-caption alignright\"><a href=\"https:\/\/www.brenne-au-coeur.com\/wp-content\/uploads\/2024\/03\/apres-guerre.resized.jpg\" rel=\"lightbox[5334]\"><img loading=\"lazy\" decoding=\"async\" class=\"wp-image-5342 size-medium\" src=\"https:\/\/www.brenne-au-coeur.com\/wp-content\/uploads\/2024\/03\/apres-guerre.resized-300x223.jpg\" alt=\"\" width=\"300\" height=\"223\" srcset=\"https:\/\/www.brenne-au-coeur.com\/wp-content\/uploads\/2024\/03\/apres-guerre.resized-300x223.jpg 300w, https:\/\/www.brenne-au-coeur.com\/wp-content\/uploads\/2024\/03\/apres-guerre.resized-150x112.jpg 150w, https:\/\/www.brenne-au-coeur.com\/wp-content\/uploads\/2024\/03\/apres-guerre.resized.jpg 317w\" sizes=\"auto, (max-width: 300px) 100vw, 300px\" \/><\/a><figcaption id=\"caption-attachment-5342\" class=\"wp-caption-text\">Photos d\u2019illustration, prises apr\u00e8s-guerre par Guy Mas, photographe du G\u00e9n\u00e9ral de Gaulle pendant le conflit.<\/figcaption><\/figure>\n<p align=\"justify\"><span style=\"color: #000000;\"><span style=\"font-size: large;\">Le 23 juillet, le chasseur Legras \u00e9tait guetteur au poste de la Raffini\u00e8re, \u00e0 une centaine de m\u00e8tres d\u2019un fusil mitrailleur. Il signala rapidement la pr\u00e9sence allemande compos\u00e9e de camions transportant des troupes, d\u2019une ambulance et de deux canons l\u00e9gers. L\u2019attaque d\u00e9buta sous les feux nourris de mitraillettes, de grenades et d\u2019un canon de 25 auxquels un fusil mitrailleur fran\u00e7ais r\u00e9pliqua au mieux. C\u2019est en se repliant qu\u2019Abel re\u00e7ut une balle dans le pied et cinq \u00e9clats de grenade \u00e0 la cuisse. Il fut retrouv\u00e9 seul et ayant perdu beaucoup de sang mais les armes toujours \u00e0 la main dans ce qui \u00e9tait commun\u00e9ment appel\u00e9 \u00ab\u00a0l\u2019all\u00e9e jaune\u00a0\u00bb. Les hommes du groupe Bastard le prirent en charge pour le mettre en un lieu plus s\u00fbr. <\/span><\/span><\/p>\n<p align=\"justify\"><span style=\"color: #000000;\"><span style=\"font-size: large;\">Ce combattant du 17<sup>e<\/sup> B.C.P. qui se faisait appeler Andr\u00e9 est d\u00e9c\u00e9d\u00e9 des suites de ses blessures le 18 juin 1946 au domicile de ses parents. <\/span><\/span><\/p>\n<p align=\"justify\"><span style=\"color: #000000;\"><span style=\"font-size: large;\">En d\u00e9pit d\u2019une demande de son p\u00e8re, la mention \u00ab\u00a0Mort pour la France\u00a0\u00bb ne lui a jamais \u00e9t\u00e9 d\u00e9cern\u00e9e. <\/span><\/span><\/p>\n<p><span style=\"color: #000000;\"><span style=\"font-size: large;\">SOURCES\u00a0: <\/span><\/span><\/p>\n<ul>\n<li><span style=\"color: #000000;\"><span style=\"font-size: large;\">Archives d\u00e9partementales du Val-de-Marne pour les recensements en ligne et 7E 730 pour l\u2019acte de d\u00e9c\u00e8s. <\/span><\/span><\/li>\n<li><span style=\"color: #000000;\"><span style=\"font-size: large;\">Archives d\u00e9partementales d\u2019Indre-et-Loire pour l\u2019\u00e9tat-civil et les recensements en ligne. <\/span><\/span><\/li>\n<li><span style=\"color: #000000;\"><span style=\"font-size: large;\">Madame Marie-Sylvie Beuzard qui a permis de retrouver le v\u00e9ritable pr\u00e9nom de naissance d\u2019Abel, \u00e0 partir du document SHD Vincennes GR 19P 36.<\/span><\/span><\/li>\n<\/ul>\n<ul>\n<li><span style=\"color: #000000;\"><span style=\"font-size: large;\">Rapport du sous-lieutenant Pierre du 01\/08\/1944 au commandant Charles, jamais publi\u00e9. Communiqu\u00e9 par Patrick Grosjean. <\/span><\/span><\/li>\n<li><span style=\"color: #000000;\"><span style=\"font-size: large;\">SHD Vincennes \u2013 16P 356830.<\/span><\/span><\/li>\n<\/ul>\n<p>&nbsp;<\/p>\n<p align=\"center\"><span style=\"color: #000000;\"><span style=\"font-size: large;\">Edmond Parent (1926-1944)<\/span><\/span><\/p>\n<p align=\"justify\"><span style=\"color: #000000;\"><span style=\"font-size: large;\">Belges de naissance, D\u00e9sir\u00e9 et Florentine demeuraient temporairement \u00e0 Alfortville (94) lors de la naissance d\u2019Edmond le 17 mai 1926 \u00e0 l\u2019h\u00f4pital de la Piti\u00e9-Salp\u00eatri\u00e8re (Paris 13). Ils exer\u00e7aient les m\u00e9tiers de journalier et de femme de m\u00e9nage. Les archives sont muettes quant \u00e0 l\u2019existence d\u2019une fratrie. <\/span><\/span><\/p>\n<p align=\"justify\"><span style=\"color: #000000;\"><span style=\"font-size: large;\">La maman d\u2019Edmond, remari\u00e9e, vivait \u00e0 Saulg\u00e9 au sud de Montmorillon (86) en 1946. Ce qui expliquerait la pr\u00e9sence du jeune homme dans la r\u00e9gion au chantier de jeunesse 34, vers Douadic \u2026 <\/span><\/span><\/p>\n<p align=\"justify\"><span style=\"color: #000000;\"><span style=\"font-size: large;\">Il a rejoint le maquis Carol comme \u00ab\u00a0volontaire\u00a0\u00bb F.F.I. au mois de juin 1944. <\/span><\/span><\/p>\n<p align=\"justify\"><span style=\"color: #000000;\"><span style=\"font-size: large;\">Selon un t\u00e9moignage oral, Edmond semblait avoir d\u00e9but\u00e9 des \u00e9tudes de s\u00e9minariste. <\/span><\/span><\/p>\n<p align=\"justify\"><span style=\"color: #000000;\"><span style=\"font-size: large;\">O\u00f9 \u00e9tait-il le 23 juillet lors de l\u2019engagement \u00e0 P\u00eachoire\u00a0? <\/span><\/span><\/p>\n<p align=\"justify\"><span style=\"color: #000000;\"><span style=\"font-size: large;\">Son corps, cribl\u00e9 de balles ennemies, n\u2019a \u00e9t\u00e9 retrouv\u00e9 que le 31 en bordure d\u2019une all\u00e9e foresti\u00e8re. <\/span><\/span><\/p>\n<p align=\"justify\"><span style=\"color: #000000;\"><span style=\"font-size: large;\">Enterr\u00e9 \u00ab\u00a0inconnu\u00a0\u00bb dans le cimeti\u00e8re d\u2019Azay-le-Ferron, il fallut r\u00e9aliser, comme pour d\u2019autres camarades de combat, une exhumation le 11 mai 1945 en pr\u00e9sence de sa m\u00e8re qui a confirm\u00e9 reconna\u00eetre son fils. <\/span><\/span><\/p>\n<p align=\"justify\"><span style=\"color: #000000;\"><span style=\"font-size: large;\">Cette derni\u00e8re s\u2019est d\u00e9men\u00e9e aupr\u00e8s des autorit\u00e9s pour faire inscrire la mention \u00ab\u00a0 Mort pour la France\u00a0\u00bb en marge de l\u2019\u00e9tat-civil d\u2019Edmond. Ce qui fut enfin r\u00e9gularis\u00e9 le 31\/12\/1957. <\/span><\/span><\/p>\n<p align=\"justify\"><span style=\"color: #000000;\"><span style=\"font-size: large;\">SOURCES\u00a0: <\/span><\/span><\/p>\n<ul>\n<li><span style=\"color: #000000;\"><span style=\"font-size: large;\">Archives d\u00e9partementales du Val-de-Marne pour l\u2019\u00e9tat-civil et les recensements en ligne.<\/span><\/span><\/li>\n<li><span style=\"color: #000000;\"><span style=\"font-size: large;\">Archives d\u00e9partementales de la Vienne pour les recensements en ligne. <\/span><\/span><\/li>\n<li><span style=\"color: #000000;\"><span style=\"font-size: large;\">Archives d\u00e9partementales de l\u2019Indre, 3U4 &#8211; 353.<\/span><\/span><\/li>\n<li><span style=\"color: #000000;\"><span style=\"font-size: large;\">Mairie de Paris pour l\u2019acte de naissance. <\/span><\/span><\/li>\n<li><span style=\"color: #000000;\"><span style=\"font-size: large;\">Mairie d\u2019Azay-le-Ferron pour l\u2019acte de d\u00e9c\u00e8s. <\/span><\/span><\/li>\n<li><span style=\"color: #000000;\"><span style=\"font-size: large;\">SHD Caen \u2013 21P 125869.<\/span><\/span><\/li>\n<li><span style=\"color: #000000;\"><span style=\"font-size: large;\">T\u00e9moignage oral de Robert Boutin du 20\/09\/2023. <\/span><\/span><\/li>\n<\/ul>\n<p align=\"center\"><span style=\"color: #000000;\"><span style=\"font-size: large;\">Andr\u00e9 Poignard (1921-1944)<\/span><\/span><\/p>\n<p align=\"justify\"><span style=\"color: #000000;\"><span style=\"font-size: large;\">Andr\u00e9 v\u00e9cut sa jeunesse entour\u00e9 de six fr\u00e8res et s\u0153urs dans le hameau de Genouilly sur la commune de Saint-Jean-de-Braye (45), \u00e0 l\u2019est d\u2019Orl\u00e9ans. Jules et Eug\u00e9nie, ses parents, \u00e9taient cultivateurs. Ce premier fils, n\u00e9 le 12 avril 1921, suivra l\u2019ain\u00e9e Madeleine. <\/span><\/span><\/p>\n<p align=\"justify\"><span style=\"color: #000000;\"><span style=\"font-size: large;\">Alors qu\u2019il marchait sur les pas de la destin\u00e9e familiale professionnelle, la Seconde Guerre \u00e9clate. <\/span><\/span><\/p>\n<p align=\"justify\"><span style=\"color: #000000;\"><span style=\"font-size: large;\">Pour une raison inconnue, Andr\u00e9 est engag\u00e9 au mois de mai 1939 dans le 503<sup>e<\/sup> r\u00e9giment de chars de combat \u00e0 Versailles (78). <\/span><\/span><\/p>\n<p align=\"justify\"><span style=\"color: #000000;\"><span style=\"font-size: large;\">Fait prisonnier en Belgique en 1940, il sera lib\u00e9r\u00e9 au motif de soutien de famille, sachant qu\u2019il est l\u2019ain\u00e9 des gar\u00e7ons. <\/span><\/span><\/p>\n<p align=\"justify\"><span style=\"color: #000000;\"><span style=\"font-size: large;\">Le 16 avril 1942, en la maison commune de Ch\u00e9cy, Andr\u00e9 \u00e9pouse Simone. Le couple se s\u00e9parera quelques mois plus tard. <\/span><\/span><\/p>\n<p align=\"justify\"><span style=\"color: #000000;\"><span style=\"font-size: large;\">Nous le retrouvons en juin 1944 au sein du maquis Carol. C\u2019est avec le grade de sergent qu\u2019il participe \u00e0 des embuscades et des \u00ab\u00a0 coups de main contre l\u2019ennemi\u00a0\u00bb. <\/span><\/span><\/p>\n<p align=\"justify\"><span style=\"color: #000000;\"><span style=\"font-size: large;\">Le lendemain de l\u2019engagement de P\u00eachoire, ce valeureux r\u00e9sistant d\u00e9cida avec deux de ses camarades, dont Gaston Goblet, de revenir sur les lieux avec un car pour r\u00e9cup\u00e9rer les bless\u00e9s et pour rechercher les morts de la veille. Des Allemands \u00e9taient, eux aussi, encore pr\u00e9sents. Andr\u00e9 fut tu\u00e9 de balles en pleine t\u00eate. <\/span><\/span><\/p>\n<p align=\"justify\"><span style=\"color: #000000;\"><span style=\"font-size: large;\">Son camarade Robert Catoire, charg\u00e9 avec d\u2019autres de relever les corps, d\u00e9couvrira le sien dans le pr\u00e9 situ\u00e9 devant le ch\u00e2teau de la Bouss\u00e9e. Il sera inhum\u00e9 dans le cimeti\u00e8re d\u2019Azay-le-Ferron le 25 juillet. <\/span><\/span><\/p>\n<p align=\"justify\"><span style=\"color: #000000;\"><span style=\"font-size: large;\">Bien qu\u2019Andr\u00e9 ait \u00e9t\u00e9 identifi\u00e9 par ses compagnons de combat, son beau-p\u00e8re Lucien Labbe, viendra pr\u00e9senter plusieurs photos de son gendre au secr\u00e9taire de mairie le 6 mai 1945 aux fins de confirmer son \u00e9tat-civil. Le n\u00e9cessaire sera alors fait administrativement pour donner un nom \u00e0 ce d\u00e9c\u00e8s d\u2019un \u00ab\u00a0inconnu\u00a0\u00bb. <\/span><\/span><\/p>\n<p align=\"justify\"><span style=\"color: #000000;\"><span style=\"font-size: large;\">En 1946, Andr\u00e9 Poignard a \u00e9t\u00e9 nomm\u00e9 \u00ab\u00a0Mort pour la France\u00a0\u00bb. <\/span><\/span><\/p>\n<p><span style=\"color: #000000;\"><span style=\"font-size: large;\">SOURCES\u00a0: <\/span><\/span><\/p>\n<ul>\n<li><span style=\"color: #000000;\"><span style=\"font-size: large;\">Archives d\u00e9partementales du Loiret pour les recensements en ligne. <\/span><\/span><\/li>\n<li><span style=\"color: #000000;\"><span style=\"font-size: large;\">Mairie d\u2019Orl\u00e9ans pour l\u2019acte de naissance. <\/span><\/span><\/li>\n<li><span style=\"color: #000000;\"><span style=\"font-size: large;\">Mairie de Ch\u00e9cy pour l\u2019acte de mariage. <\/span><\/span><\/li>\n<li><span style=\"color: #000000;\"><span style=\"font-size: large;\">Mairie d\u2019Azay-le-Ferron pour l\u2019acte de d\u00e9c\u00e8s. <\/span><\/span><\/li>\n<li><span style=\"color: #000000;\"><span style=\"font-size: large;\">Archives d\u00e9partementales de l\u2019Indre \u2013 3U4-353.<\/span><\/span><\/li>\n<li><span style=\"color: #000000;\"><span style=\"font-size: large;\">SHD Vincennes \u2013 16P 483023.<\/span><\/span><\/li>\n<\/ul>\n<p align=\"center\"><span style=\"color: #000000;\"><span style=\"font-size: large;\">Andr\u00e9 Puech (1921-1944)<\/span><\/span><\/p>\n<p align=\"justify\"><span style=\"color: #000000;\"><span style=\"font-size: large;\"><a href=\"https:\/\/www.brenne-au-coeur.com\/wp-content\/uploads\/2024\/03\/IMG_7815.resized.resized.jpg\" rel=\"lightbox[5334]\"><img loading=\"lazy\" decoding=\"async\" class=\"alignnone wp-image-5335 size-medium\" src=\"https:\/\/www.brenne-au-coeur.com\/wp-content\/uploads\/2024\/03\/IMG_7815.resized.resized-300x200.jpg\" alt=\"\" width=\"300\" height=\"200\" srcset=\"https:\/\/www.brenne-au-coeur.com\/wp-content\/uploads\/2024\/03\/IMG_7815.resized.resized-300x200.jpg 300w, https:\/\/www.brenne-au-coeur.com\/wp-content\/uploads\/2024\/03\/IMG_7815.resized.resized-150x100.jpg 150w, https:\/\/www.brenne-au-coeur.com\/wp-content\/uploads\/2024\/03\/IMG_7815.resized.resized-272x182.jpg 272w, https:\/\/www.brenne-au-coeur.com\/wp-content\/uploads\/2024\/03\/IMG_7815.resized.resized.jpg 480w\" sizes=\"auto, (max-width: 300px) 100vw, 300px\" \/><\/a>Si ce n\u2019est qu\u2019il soit d\u00e9c\u00e9d\u00e9 le 23 juillet et que son corps ait \u00e9t\u00e9 retrouv\u00e9 vers \u00ab\u00a0la garderie\u00a0\u00bb, une maison utilis\u00e9e par un gardien, la pr\u00e9sence d\u2019Andr\u00e9 dans le maquis demeure un myst\u00e8re. Apr\u00e8s guerre, sa parent\u00e8le n\u2019a pas d\u00e9pos\u00e9 de dossier de reconnaissance comme r\u00e9sistant aupr\u00e8s des autorit\u00e9s comp\u00e9tentes de l\u2019\u00e9poque. <\/span><\/span><\/p>\n<p align=\"justify\"><span style=\"color: #000000;\"><span style=\"font-size: large;\">Andr\u00e9 Puech est n\u00e9 le 8 janvier 1921 au 6 rue de S\u00e9vign\u00e9 au centre de Paris (4<sup>e<\/sup> arrondissement). Son p\u00e8re Maurice exerce le m\u00e9tier de chauffeur et sa m\u00e8re Anne-Marie est m\u00e9nag\u00e8re. <\/span><\/span><\/p>\n<p align=\"justify\"><span style=\"color: #000000;\"><span style=\"font-size: large;\">Dans la seconde partie des ann\u00e9es 30, la famille d\u00e9m\u00e9nage au 18 avenue Gambetta \u00e0 Choisy-le-Roi (Val-de-Marne aujourd\u2019hui). <\/span><\/span><\/p>\n<p align=\"justify\"><span style=\"color: #000000;\"><span style=\"font-size: large;\">Le 18 septembre 1943, Andr\u00e9, secr\u00e9taire, convole en justes noces avec Ginette Maupu, couturi\u00e8re. <\/span><\/span><\/p>\n<p align=\"justify\"><span style=\"color: #000000;\"><span style=\"font-size: large;\">De cette union, Pierrette voit le jour au domicile choisyen* le 22 avril 1944.<\/span><\/span><\/p>\n<p align=\"justify\"><span style=\"color: #000000;\"><span style=\"font-size: large;\">Aux dires de son \u00e9pouse, Andr\u00e9 \u00e9tait dans le Berry depuis le 22 juillet, probablement pour se mettre au service de la R\u00e9sistance. <\/span><\/span><\/p>\n<p align=\"justify\"><span style=\"color: #000000;\"><span style=\"font-size: large;\">Comme d\u2019autres camarades, il a \u00e9t\u00e9 inhum\u00e9 \u00ab\u00a0inconnu\u00a0\u00bb dans le cimeti\u00e8re d\u2019Azay-le-Ferron. Apr\u00e8s une exhumation r\u00e9alis\u00e9e le 25 septembre 1944, les parents et un oncle d\u2019Andr\u00e9 ont confirm\u00e9 son identit\u00e9.<\/span><\/span><\/p>\n<p align=\"justify\"><span style=\"color: #000000;\"><span style=\"font-size: large;\">En 1946, Ginette demeurait avec sa m\u00e8re et sa fille \u00e0 Vitry-sur-Seine. <\/span><\/span><\/p>\n<p><span style=\"color: #000000;\"> <span style=\"font-size: large;\">*choisyen\u00a0: habitant de Choisy-le-Roi<\/span><\/span><\/p>\n<p><span style=\"color: #000000;\"><span style=\"font-size: large;\">SOURCES\u00a0: <\/span><\/span><\/p>\n<ul>\n<li><span style=\"color: #000000;\"><span style=\"font-size: large;\">Commune d\u2019Azay-le-Ferron.<\/span><\/span><\/li>\n<li><span style=\"color: #000000;\"><span style=\"font-size: large;\">Archives de Paris.<\/span><\/span><\/li>\n<li><span style=\"color: #000000;\"><span style=\"font-size: large;\">Archives d\u00e9partementales du Val-de-Marne\u00a0: recensement de 1946 \u00e0 Vitry-sur-Seine (780\/883) et \u00e9tat-civil Choisy-le-Roi 1943-1952 \u2013 4E-1895 \u2013 5E-245 (acte de naissance de Pierrette).<\/span><\/span><\/li>\n<li><span style=\"color: #000000;\"><span style=\"font-size: large;\">Archives d\u00e9partementales de l\u2019Indre \u2013 3U4-353.<\/span><\/span><\/li>\n<li><span style=\"color: #000000;\"><span style=\"font-size: large;\">Absence de dossier au SHD.<\/span><\/span><\/li>\n<\/ul>\n<p>&nbsp;<\/p>\n<p align=\"center\"><span style=\"color: #000000;\"><span style=\"font-size: large;\">Claude Rabineau (1926-1944)<\/span><\/span><\/p>\n<p align=\"justify\"><span style=\"color: #000000;\"><span style=\"font-size: large;\">Tourangelle, la famille Rabineau demeurait au centre du village de Beaulieu-les-Loches (37). Daniel, ma\u00e7on et L\u00e9one, m\u00e9canicienne, y ont accueilli leur fils unique Claude le 29 octobre 1926. <\/span><\/span><\/p>\n<p align=\"justify\"><span style=\"color: #000000;\"><span style=\"font-size: large;\">C\u2019est \u00e0 l\u2019\u00e2ge de 17 ans que le jeune homme rejoint le maquis d\u2019Epernon comme volontaire, sous les ordres du commandant Costantini. <\/span><\/span><\/p>\n<p align=\"justify\"><span style=\"color: #000000;\"><span style=\"font-size: large;\">En formation depuis quelques jours et cantonn\u00e9 aux avant-postes, il a succomb\u00e9 d\u00e8s le d\u00e9but de l\u2019assaut sous les balles de la colonne motoris\u00e9e ennemie. <\/span><\/span><\/p>\n<p align=\"justify\"><span style=\"color: #000000;\"><span style=\"font-size: large;\">Son corps, gisant en bordure du champ dit de la garderie, n\u2019a \u00e9t\u00e9 d\u00e9couvert que le 30 juillet. Le docteur Calas, m\u00e9decin \u00e0 Azay-le-Ferron, a constat\u00e9 que cet inconnu mesurant 1,70 m\u00e8tre portait une chevali\u00e8re et une m\u00e9daille la\u00efque. <\/span><\/span><\/p>\n<p align=\"justify\"><span style=\"color: #000000;\"><span style=\"font-size: large;\">Son p\u00e8re Daniel est venu reconna\u00eetre son fils le 13 octobre 1944 et a fait transporter ses restes dans sa ville natale. <\/span><\/span><\/p>\n<p align=\"justify\"><span style=\"color: #000000;\"><span style=\"font-size: large;\">C\u2019est L\u00e9one, sa m\u00e8re alors devenue veuve, qui obtiendra la citation \u00ab\u00a0Mort pour la France\u00a0\u00bb seulement le 24 juillet 1962. <\/span><\/span><\/p>\n<p><span style=\"color: #000000;\"><span style=\"font-size: large;\">SOURCES\u00a0: <\/span><\/span><\/p>\n<ul>\n<li><span style=\"color: #000000;\"><span style=\"font-size: large;\">Archives d\u00e9partementales d\u2019Indre-et-Loire pour les recensements en ligne. <\/span><\/span><\/li>\n<li><span style=\"color: #000000;\"><span style=\"font-size: large;\">Mairie de Beaulieu-les-Loches pour l\u2019acte de naissance. <\/span><\/span><\/li>\n<li><span style=\"color: #000000;\"><span style=\"font-size: large;\">Mairie d\u2019Azay-le-Ferron pour l\u2019acte de d\u00e9c\u00e8s. <\/span><\/span><\/li>\n<li><span style=\"color: #000000;\"><span style=\"font-size: large;\">Archives d\u00e9partementales de l\u2019Indre \u2013 3U4\u00a0353.<\/span><\/span><\/li>\n<li><span style=\"color: #000000;\"><span style=\"font-size: large;\">SHD Vincennes 16P 496631 et Caen 21P 142586.<\/span><\/span><\/li>\n<\/ul>\n<p align=\"center\">\n<p align=\"center\">\n<p align=\"center\"><span style=\"color: #000000;\"><span style=\"font-size: large;\">TABLEAU SYNTHETIQUE<\/span><\/span><\/p>\n<p>&nbsp;<\/p>\n<p>&nbsp;<\/p>\n<table width=\"732\" cellspacing=\"1\" cellpadding=\"7\">\n<tbody>\n<tr valign=\"top\">\n<td width=\"154\" height=\"35\">\n<p align=\"center\"><span style=\"color: #000000;\"><span style=\"font-family: Calibri, serif;\"><span style=\"font-size: large;\">Nom, pr\u00e9nom<\/span><\/span><\/span><\/p>\n<\/td>\n<td width=\"79\">\n<p align=\"center\"><span style=\"color: #000000;\"><span style=\"font-family: Calibri, serif;\"><span style=\"font-size: large;\">Situation de famille<\/span><\/span><\/span><\/p>\n<\/td>\n<td width=\"33\">\n<p align=\"center\"><span style=\"color: #000000;\"><span style=\"font-family: Calibri, serif;\"><span style=\"font-size: large;\">\u00c2ge<\/span><\/span><\/span><\/p>\n<\/td>\n<td width=\"118\">\n<p align=\"center\"><span style=\"color: #000000;\"><span style=\"font-family: Calibri, serif;\"><span style=\"font-size: large;\">Maquis d\u2019appartenance<\/span><\/span><\/span><\/p>\n<\/td>\n<td width=\"78\">\n<p align=\"center\"><span style=\"color: #000000;\"><span style=\"font-family: Calibri, serif;\"><span style=\"font-size: large;\">Date de la d\u00e9couverte du corps<\/span><\/span><\/span><\/p>\n<\/td>\n<td width=\"77\">\n<p align=\"center\"><span style=\"color: #000000;\"><span style=\"font-family: Calibri, serif;\"><span style=\"font-size: large;\">Lieu du d\u00e9c\u00e8s<\/span><\/span><\/span><\/p>\n<\/td>\n<td width=\"85\">\n<p align=\"center\"><span style=\"color: #000000;\"><span style=\"font-family: Calibri, serif;\"><span style=\"font-size: large;\">Date de l\u2019exhumation<\/span><\/span><\/span><\/p>\n<\/td>\n<\/tr>\n<tr valign=\"top\">\n<td width=\"154\" height=\"4\">\n<p align=\"left\"><span style=\"color: #000000;\"><span style=\"font-family: Calibri, serif;\"><span style=\"font-size: large;\">Fabre Charles<\/span><\/span><\/span><\/p>\n<\/td>\n<td width=\"79\">\n<p align=\"left\"><span style=\"color: #000000;\"><span style=\"font-family: Calibri, serif;\"><span style=\"font-size: large;\">c\u00e9libataire<\/span><\/span><\/span><\/p>\n<\/td>\n<td width=\"33\">\n<p align=\"center\"><span style=\"color: #000000;\"><span style=\"font-family: Calibri, serif;\"><span style=\"font-size: large;\">24<\/span><\/span><\/span><\/p>\n<\/td>\n<td width=\"118\">\n<p align=\"left\"><span style=\"color: #000000;\"><span style=\"font-family: Calibri, serif;\"><span style=\"font-size: large;\">17<sup>e<\/sup> B.C.P. &#8211; Carol<\/span><\/span><\/span><\/p>\n<\/td>\n<td width=\"78\">\n<p align=\"left\"><span style=\"color: #000000;\"><span style=\"font-family: Calibri, serif;\"><span style=\"font-size: large;\">30 juillet <\/span><\/span><\/span><\/p>\n<\/td>\n<td width=\"77\">\n<p align=\"left\"><span style=\"color: #000000;\"><span style=\"font-family: Calibri, serif;\"><span style=\"font-size: large;\">P\u00eachoire<\/span><\/span><\/span><\/p>\n<\/td>\n<td width=\"85\">\n<p align=\"left\"><span style=\"color: #000000;\"><span style=\"font-family: Calibri, serif;\"><span style=\"font-size: large;\">02\/05\/1945<\/span><\/span><\/span><\/p>\n<\/td>\n<\/tr>\n<tr valign=\"top\">\n<td width=\"154\" height=\"23\">\n<p align=\"left\"><span style=\"color: #000000;\"><span style=\"font-family: Calibri, serif;\"><span style=\"font-size: large;\">Girard Marcel <\/span><\/span><\/span><\/p>\n<\/td>\n<td width=\"79\">\n<p align=\"left\"><span style=\"color: #000000;\"><span style=\"font-family: Calibri, serif;\"><span style=\"font-size: large;\">c\u00e9libataire<\/span><\/span><\/span><\/p>\n<\/td>\n<td width=\"33\">\n<p align=\"center\"><span style=\"color: #000000;\"><span style=\"font-family: Calibri, serif;\"><span style=\"font-size: large;\">20<\/span><\/span><\/span><\/p>\n<\/td>\n<td width=\"118\">\n<p align=\"left\"><span style=\"color: #000000;\"><span style=\"font-family: Calibri, serif;\"><span style=\"font-size: large;\">32<sup>e<\/sup> R.I. \u2013 Epernon \u2013 1<sup>e<\/sup> Cie <\/span><\/span><\/span><\/p>\n<\/td>\n<td width=\"78\">\n<p align=\"left\"><span style=\"color: #000000;\"><span style=\"font-family: Calibri, serif;\"><span style=\"font-size: large;\">23 juillet <\/span><\/span><\/span><\/p>\n<\/td>\n<td width=\"77\">\n<p align=\"left\"><span style=\"color: #000000;\"><span style=\"font-family: Calibri, serif;\"><span style=\"font-size: large;\">Charnizay (37)<\/span><\/span><\/span><\/p>\n<\/td>\n<td width=\"85\">\n<p align=\"left\"><span style=\"color: #000000;\"><span style=\"font-family: Calibri, serif;\"><span style=\"font-size: large;\">&#8211;<\/span><\/span><\/span><\/p>\n<\/td>\n<\/tr>\n<tr valign=\"top\">\n<td width=\"154\" height=\"23\">\n<p align=\"left\"><span style=\"color: #000000;\"><span style=\"font-family: Calibri, serif;\"><span style=\"font-size: large;\">Goblet Gaston<\/span><\/span><\/span><\/p>\n<\/td>\n<td width=\"79\">\n<p align=\"left\"><span style=\"color: #000000;\"><span style=\"font-family: Calibri, serif;\"><span style=\"font-size: large;\">mari\u00e9 \u2013 un fils<\/span><\/span><\/span><\/p>\n<\/td>\n<td width=\"33\">\n<p align=\"center\"><span style=\"color: #000000;\"><span style=\"font-family: Calibri, serif;\"><span style=\"font-size: large;\">24<\/span><\/span><\/span><\/p>\n<\/td>\n<td width=\"118\">\n<p align=\"left\"><span style=\"color: #000000;\"><span style=\"font-family: Calibri, serif;\"><span style=\"font-size: large;\">17<sup>e<\/sup> B.C.P. &#8211; Carol<\/span><\/span><\/span><\/p>\n<\/td>\n<td width=\"78\">\n<p align=\"left\"><span style=\"color: #000000;\"><span style=\"font-family: Calibri, serif;\"><span style=\"font-size: large;\">26 juillet <\/span><\/span><\/span><\/p>\n<\/td>\n<td width=\"77\">\n<p align=\"left\"><span style=\"color: #000000;\"><span style=\"font-family: Calibri, serif;\"><span style=\"font-size: large;\">P\u00eachoire<\/span><\/span><\/span><\/p>\n<\/td>\n<td width=\"85\">\n<p align=\"left\"><span style=\"color: #000000;\"><span style=\"font-family: Calibri, serif;\"><span style=\"font-size: large;\">&#8211;<\/span><\/span><\/span><\/p>\n<\/td>\n<\/tr>\n<tr valign=\"top\">\n<td width=\"154\" height=\"23\">\n<p align=\"left\"><span style=\"color: #000000;\"><span style=\"font-family: Calibri, serif;\"><span style=\"font-size: large;\">Gu\u00e9rineau Maxime<\/span><\/span><\/span><\/p>\n<\/td>\n<td width=\"79\">\n<p align=\"left\"><span style=\"color: #000000;\"><span style=\"font-family: Calibri, serif;\"><span style=\"font-size: large;\">c\u00e9libataire<\/span><\/span><\/span><\/p>\n<\/td>\n<td width=\"33\">\n<p align=\"center\"><span style=\"color: #000000;\"><span style=\"font-family: Calibri, serif;\"><span style=\"font-size: large;\">22<\/span><\/span><\/span><\/p>\n<\/td>\n<td width=\"118\">\n<p align=\"left\"><span style=\"color: #000000;\"><span style=\"font-family: Calibri, serif;\"><span style=\"font-size: large;\">32<sup>e<\/sup> R.I. \u2013 Epernon \u2013 1<sup>e<\/sup> Cie<\/span><\/span><\/span><\/p>\n<\/td>\n<td width=\"78\">\n<p align=\"left\"><span style=\"color: #000000;\"><span style=\"font-family: Calibri, serif;\"><span style=\"font-size: large;\">28 juillet <\/span><\/span><\/span><\/p>\n<\/td>\n<td width=\"77\">\n<p align=\"left\"><span style=\"color: #000000;\"><span style=\"font-family: Calibri, serif;\"><span style=\"font-size: large;\">M\u00e9zi\u00e8res-en-Brenne<\/span><\/span><\/span><\/p>\n<\/td>\n<td width=\"85\">\n<p align=\"left\"><span style=\"color: #000000;\"><span style=\"font-family: Calibri, serif;\"><span style=\"font-size: large;\">16\/03\/1947<\/span><\/span><\/span><\/p>\n<\/td>\n<\/tr>\n<tr valign=\"top\">\n<td width=\"154\" height=\"42\">\n<p align=\"left\"><span style=\"color: #000000;\"><span style=\"font-family: Calibri, serif;\"><span style=\"font-size: large;\">Legras Abel (Andr\u00e9)<\/span><\/span><\/span><\/p>\n<\/td>\n<td width=\"79\">\n<p align=\"left\"><span style=\"color: #000000;\"><span style=\"font-family: Calibri, serif;\"><span style=\"font-size: large;\">c\u00e9libataire<\/span><\/span><\/span><\/p>\n<\/td>\n<td width=\"33\">\n<p align=\"center\"><span style=\"color: #000000;\"><span style=\"font-family: Calibri, serif;\"><span style=\"font-size: large;\">23<\/span><\/span><\/span><\/p>\n<\/td>\n<td width=\"118\">\n<p align=\"left\"><span style=\"color: #000000;\"><span style=\"font-family: Calibri, serif;\"><span style=\"font-size: large;\">17<sup>e<\/sup> B.C.P. &#8211; Carol<\/span><\/span><\/span><\/p>\n<\/td>\n<td width=\"78\">\n<p align=\"left\"><span style=\"color: #000000;\"><span style=\"font-family: Calibri, serif;\"><span style=\"font-size: large;\">18 juin 1946 (d\u00e9c\u00e8s)<\/span><\/span><\/span><\/p>\n<\/td>\n<td width=\"77\">\n<p align=\"left\"><span style=\"color: #000000;\"><span style=\"font-family: Calibri, serif;\"><span style=\"font-size: large;\">Villeneuve-le-Roi (94)<\/span><\/span><\/span><\/p>\n<\/td>\n<td width=\"85\">\n<p align=\"left\"><span style=\"color: #000000;\"><span style=\"font-family: Calibri, serif;\"><span style=\"font-size: large;\">&#8211;<\/span><\/span><\/span><\/p>\n<\/td>\n<\/tr>\n<tr valign=\"top\">\n<td width=\"154\" height=\"23\">\n<p align=\"left\"><span style=\"color: #000000;\"><span style=\"font-family: Calibri, serif;\"><span style=\"font-size: large;\">Parent Edmond<\/span><\/span><\/span><\/p>\n<\/td>\n<td width=\"79\">\n<p align=\"left\"><span style=\"color: #000000;\"><span style=\"font-family: Calibri, serif;\"><span style=\"font-size: large;\">c\u00e9libataire<\/span><\/span><\/span><\/p>\n<\/td>\n<td width=\"33\">\n<p align=\"center\"><span style=\"color: #000000;\"><span style=\"font-family: Calibri, serif;\"><span style=\"font-size: large;\">18<\/span><\/span><\/span><\/p>\n<\/td>\n<td width=\"118\">\n<p align=\"left\"><span style=\"color: #000000;\"><span style=\"font-family: Calibri, serif;\"><span style=\"font-size: large;\">17<sup>e<\/sup> B.C.P. &#8211; Carol<\/span><\/span><\/span><\/p>\n<\/td>\n<td width=\"78\">\n<p align=\"left\"><span style=\"color: #000000;\"><span style=\"font-family: Calibri, serif;\"><span style=\"font-size: large;\">31 juillet <\/span><\/span><\/span><\/p>\n<\/td>\n<td width=\"77\">\n<p align=\"left\"><span style=\"color: #000000;\"><span style=\"font-family: Calibri, serif;\"><span style=\"font-size: large;\">P\u00eachoire<\/span><\/span><\/span><\/p>\n<\/td>\n<td width=\"85\">\n<p align=\"left\"><span style=\"color: #000000;\"><span style=\"font-family: Calibri, serif;\"><span style=\"font-size: large;\">11\/05\/1945<\/span><\/span><\/span><\/p>\n<\/td>\n<\/tr>\n<tr valign=\"top\">\n<td width=\"154\" height=\"32\">\n<p align=\"left\"><span style=\"color: #000000;\"><span style=\"font-family: Calibri, serif;\"><span style=\"font-size: large;\">Poignard Andr\u00e9<\/span><\/span><\/span><\/p>\n<\/td>\n<td width=\"79\">\n<p align=\"left\"><span style=\"color: #000000;\"><span style=\"font-family: Calibri, serif;\"><span style=\"font-size: large;\">mari\u00e9 \u2013 sans enfant<\/span><\/span><\/span><\/p>\n<\/td>\n<td width=\"33\">\n<p align=\"center\"><span style=\"color: #000000;\"><span style=\"font-family: Calibri, serif;\"><span style=\"font-size: large;\">23<\/span><\/span><\/span><\/p>\n<\/td>\n<td width=\"118\">\n<p align=\"left\"><span style=\"color: #000000;\"><span style=\"font-family: Calibri, serif;\"><span style=\"font-size: large;\">17<sup>e<\/sup> B.C.P. &#8211; Carol<\/span><\/span><\/span><\/p>\n<\/td>\n<td width=\"78\">\n<p align=\"left\"><span style=\"color: #000000;\"><span style=\"font-family: Calibri, serif;\"><span style=\"font-size: large;\">24 juillet <\/span><\/span><\/span><\/p>\n<\/td>\n<td width=\"77\">\n<p align=\"left\"><span style=\"color: #000000;\"><span style=\"font-family: Calibri, serif;\"><span style=\"font-size: large;\">P\u00eachoire<\/span><\/span><\/span><\/p>\n<\/td>\n<td width=\"85\">\n<p align=\"left\"><span style=\"color: #000000;\"><span style=\"font-family: Calibri, serif;\"><span style=\"font-size: large;\">06\/05\/1945 (simple rapport de gendarmerie)<\/span><\/span><\/span><\/p>\n<\/td>\n<\/tr>\n<tr valign=\"top\">\n<td width=\"154\" height=\"23\">\n<p align=\"left\"><span style=\"color: #000000;\"><span style=\"font-family: Calibri, serif;\"><span style=\"font-size: large;\">Puech Andr\u00e9<\/span><\/span><\/span><\/p>\n<\/td>\n<td width=\"79\">\n<p align=\"left\"><span style=\"color: #000000;\"><span style=\"font-family: Calibri, serif;\"><span style=\"font-size: large;\">mari\u00e9 \u2013 une fille<\/span><\/span><\/span><\/p>\n<\/td>\n<td width=\"33\">\n<p align=\"center\"><span style=\"color: #000000;\"><span style=\"font-family: Calibri, serif;\"><span style=\"font-size: large;\">23<\/span><\/span><\/span><\/p>\n<\/td>\n<td width=\"118\">\n<p align=\"left\"><span style=\"color: #000000;\"><span style=\"font-family: Calibri, serif;\"><span style=\"font-size: large;\">?<\/span><\/span><\/span><\/p>\n<\/td>\n<td width=\"78\">\n<p align=\"left\"><span style=\"color: #000000;\"><span style=\"font-family: Calibri, serif;\"><span style=\"font-size: large;\">25 juillet <\/span><\/span><\/span><\/p>\n<\/td>\n<td width=\"77\">\n<p align=\"left\"><span style=\"color: #000000;\"><span style=\"font-family: Calibri, serif;\"><span style=\"font-size: large;\">P\u00eachoire<\/span><\/span><\/span><\/p>\n<\/td>\n<td width=\"85\">\n<p align=\"left\"><span style=\"color: #000000;\"><span style=\"font-family: Calibri, serif;\"><span style=\"font-size: large;\">25\/09\/1944<\/span><\/span><\/span><\/p>\n<\/td>\n<\/tr>\n<tr valign=\"top\">\n<td width=\"154\" height=\"22\">\n<p align=\"left\"><span style=\"color: #000000;\"><span style=\"font-family: Calibri, serif;\"><span style=\"font-size: large;\">Rabineau Claude<\/span><\/span><\/span><\/p>\n<\/td>\n<td width=\"79\">\n<p align=\"left\"><span style=\"color: #000000;\"><span style=\"font-family: Calibri, serif;\"><span style=\"font-size: large;\">c\u00e9libataire<\/span><\/span><\/span><\/p>\n<\/td>\n<td width=\"33\">\n<p align=\"center\"><span style=\"color: #000000;\"><span style=\"font-family: Calibri, serif;\"><span style=\"font-size: large;\">17<\/span><\/span><\/span><\/p>\n<\/td>\n<td width=\"118\">\n<p align=\"left\"><span style=\"color: #000000;\"><span style=\"font-family: Calibri, serif;\"><span style=\"font-size: large;\">32<sup>e<\/sup> R.I. \u2013 Epernon &#8211; 2<sup>e<\/sup> Cie<\/span><\/span><\/span><\/p>\n<\/td>\n<td width=\"78\">\n<p align=\"left\"><span style=\"color: #000000;\"><span style=\"font-family: Calibri, serif;\"><span style=\"font-size: large;\">30 juillet <\/span><\/span><\/span><\/p>\n<\/td>\n<td width=\"77\">\n<p align=\"left\"><span style=\"color: #000000;\"><span style=\"font-family: Calibri, serif;\"><span style=\"font-size: large;\">P\u00eachoire<\/span><\/span><\/span><\/p>\n<\/td>\n<td width=\"85\">\n<p align=\"left\"><span style=\"color: #000000;\"><span style=\"font-family: Calibri, serif;\"><span style=\"font-size: large;\">13\/10\/1944<\/span><\/span><\/span><\/p>\n<\/td>\n<\/tr>\n<\/tbody>\n<\/table>\n<p>&nbsp;<\/p>\n<p>&nbsp;<\/p>\n<p>&nbsp;<\/p>\n<p align=\"center\"><span style=\"color: #000000;\"><span style=\"font-size: large;\">Photos d\u2019illustration,<\/span><\/span><\/p>\n<p align=\"center\"><span style=\"color: #000000;\"><span style=\"font-size: large;\">prises apr\u00e8s-guerre par Guy Mas, photographe du G\u00e9n\u00e9ral de Gaulle pendant le conflit.<\/span><\/span><\/p>\n<p align=\"center\"><span style=\"color: #000000;\"><span style=\"font-size: large;\">SOURCE\u00a0: ECPAD<\/span><\/span><\/p>\n<p align=\"center\"><span style=\"color: #000000;\"><span style=\"font-size: large;\">CARTE EXPLICATIVE<\/span><\/span><\/p>\n<p align=\"center\">\n<p align=\"center\">\n<p align=\"center\"><a href=\"https:\/\/www.brenne-au-coeur.com\/wp-content\/uploads\/2024\/03\/carte-explicative.resized.jpg\" rel=\"lightbox[5334]\"><img loading=\"lazy\" decoding=\"async\" class=\"alignnone wp-image-5339\" src=\"https:\/\/www.brenne-au-coeur.com\/wp-content\/uploads\/2024\/03\/carte-explicative.resized-300x211.jpg\" alt=\"\" width=\"723\" height=\"508\" srcset=\"https:\/\/www.brenne-au-coeur.com\/wp-content\/uploads\/2024\/03\/carte-explicative.resized-300x211.jpg 300w, https:\/\/www.brenne-au-coeur.com\/wp-content\/uploads\/2024\/03\/carte-explicative.resized-150x106.jpg 150w\" sizes=\"auto, (max-width: 723px) 100vw, 723px\" \/><\/a><\/p>\n<p align=\"center\">\n<p align=\"center\">\n<p align=\"center\">\n<p align=\"center\">\n<p><span style=\"color: #000000;\"><span style=\"font-size: large;\">SOURCE\u00a0: Archives d\u00e9partementales d\u2019Indre-et-Loire \u2013 233J 7.<\/span><\/span><\/p>\n<p><a href=\"http:\/\/evene.lefigaro.fr\/citation\/liberte-appartient-conquise-1908.php\"><span style=\"color: #000000;\"><span style=\"color: #0000ff;\">\u201c<span style=\"font-size: large;\">La libert\u00e9 appartient \u00e0 ceux qui l\u2019ont conquise.\u201d<\/span><\/span><\/span><\/a><\/p>\n<p><span style=\"color: #000000;\"> <span style=\"font-size: large;\"> Andr\u00e9 Malraux lors d\u2019un discours.<\/span><\/span><\/p>\n<p align=\"justify\"><span style=\"color: #000000;\"><span style=\"font-size: large;\">Dans son livre, le colonel Jean Druart a tr\u00e8s justement r\u00e9sum\u00e9 cet affrontement\u00a0: <\/span><\/span><\/p>\n<p align=\"justify\"><span style=\"color: #000000;\"><span style=\"font-size: large;\">\u00ab\u00a0Au sens militaire du terme, ce fut un \u00e9chec, dans la mesure o\u00f9 nous avons d\u00fb abandonner le terrain. [\u2026] Au lendemain, \u2026 nous constations que l\u2019enthousiasme de nos jeunes gens, la coh\u00e9sion de la collectivit\u00e9 fraternelle qu\u2019ils constituaient, la confiance qui les liait \u00e0 leurs cadres, les forces morales pour tout dire s\u2019\u00e9taient forg\u00e9es. Avec elles, c\u2019\u00e9tait l\u2019esp\u00e9rance d\u2019avoir t\u00f4t ou tard le dessus sur l\u2019adversaire.\u00a0\u00bb<\/span><\/span><\/p>\n<p align=\"justify\"><span style=\"color: #000000;\"><span style=\"font-size: large;\">Le premier monument comm\u00e9moratif, \u00e9rig\u00e9 dans la for\u00eat d\u00e8s 1947 gr\u00e2ce \u00e0 la famille Assailly, a permis aux combattants survivants des deux anciens maquis de s\u2019unir \u00e0 nouveau pour rendre hommage \u00e0 leurs compagnons disparus mais aussi pour retrouver ces \u00ab\u00a0forces morales\u00a0\u00bb qui les ont tant port\u00e9s pour parvenir \u00e0 recouvrer la libert\u00e9 de leur pays. <\/span><\/span><\/p>\n<p align=\"justify\"><span style=\"color: #000000;\"><span style=\"font-size: large;\">Au fil du temps, bien qu\u2019il ne soit pas d\u00e9c\u00e9d\u00e9 sur place, le nom d\u2019Abel Legras a \u00e9t\u00e9 ajout\u00e9 sur le second m\u00e9morial dress\u00e9 en bord de route. Indiqu\u00e9 par inadvertance, Andr\u00e9, son pr\u00e9nom d\u2019usage est demeur\u00e9. Un autre Andr\u00e9 nomm\u00e9 Puech, jeune homme arriv\u00e9 au maquis la veille de cet affrontement, n\u2019a jamais \u00e9t\u00e9 r\u00e9pertori\u00e9. Il est pourtant une victime qui m\u00e9rite d\u2019\u00eatre honor\u00e9e au m\u00eame titre que ses camarades. <\/span><\/span><\/p>\n<p align=\"justify\"><span style=\"color: #000000;\"><span style=\"font-size: large;\">L\u2019Histoire n\u2019est jamais fig\u00e9e. Il appartient juste de corriger les faits au fil des \u00e9l\u00e9ments nouveaux d\u00e9couverts. <\/span><\/span><\/p>\n<p align=\"center\"><span style=\"color: #000000;\">\u00a0<\/span><\/p>\n<p align=\"center\"><span style=\"color: #000000;\"><span style=\"font-size: large;\">Textes r\u00e9dig\u00e9s par Chantal Kroliczak pour le compte de l\u2019Association Culturelle Mac\u00e9rienne<\/span><\/span><\/p>\n<p align=\"center\"><span style=\"color: #000000;\"><span style=\"font-size: large;\">Date de r\u00e9daction\u00a0: f\u00e9vrier 2024<\/span><\/span><\/p>\n<p align=\"center\"><span style=\"color: #000000;\"><span style=\"font-size: large;\">Tous droits r\u00e9serv\u00e9s<\/span><\/span><\/p>\n","protected":false},"excerpt":{"rendered":"<p>\u00a0 LES CIRCONSTANCES Localis\u00e9 sur la D14A, entre Azay-le-Ferron dans l\u2019Indre et Charnizay en Indre-et-Loire, le lieu-dit de P\u00eachoire serait l\u2019\u00e9quivalent berrichon de p\u00eacherie, bien qu\u2019il n\u2019y ait pas d\u2019\u00e9tang \u00e0 toute proximit\u00e9. Les \u00e9tangs Gillet sont situ\u00e9s \u00e0 pr\u00e8s d\u2019un kilom\u00e8tre au sud-ouest de la route. Dans cette dense for\u00eat de Preuilly, se dressent&hellip;&nbsp;<a href=\"https:\/\/www.brenne-au-coeur.com\/index.php\/2024\/03\/02\/laffrontement-de-pechoire-23-juillet-1944\/communes\/azay-le-ferron-communes\/5334\/\" rel=\"bookmark\">Lire la suite&nbsp;&raquo;<span class=\"screen-reader-text\">L\u2019affrontement de P\u00eachoire\u00a0: 23 juillet 1944<\/span><\/a><\/p>\n","protected":false},"author":2,"featured_media":5335,"comment_status":"open","ping_status":"open","sticky":false,"template":"","format":"standard","meta":{"rop_custom_images_group":[],"rop_custom_messages_group":[],"rop_publish_now":"initial","rop_publish_now_accounts":[],"rop_publish_now_history":[],"rop_publish_now_status":"pending","_monsterinsights_skip_tracking":false,"_monsterinsights_sitenote_active":false,"_monsterinsights_sitenote_note":"","_monsterinsights_sitenote_category":0,"neve_meta_sidebar":"","neve_meta_container":"","neve_meta_enable_content_width":"off","neve_meta_content_width":70,"neve_meta_title_alignment":"","neve_meta_author_avatar":"","neve_post_elements_order":"","neve_meta_disable_header":"","neve_meta_disable_footer":"","neve_meta_disable_title":"","_jetpack_memberships_contains_paid_content":false,"footnotes":"","jetpack_publicize_message":"","jetpack_publicize_feature_enabled":true,"jetpack_social_post_already_shared":true,"jetpack_social_options":{"image_generator_settings":{"template":"highway","default_image_id":0,"font":"","enabled":false},"version":2}},"categories":[10,164,14],"tags":[49],"class_list":["post-5334","post","type-post","status-publish","format-standard","has-post-thumbnail","hentry","category-azay-le-ferron-communes","category-charnizay","category-obterre","tag-histoire"],"aioseo_notices":[],"jetpack_publicize_connections":[],"jetpack_featured_media_url":"https:\/\/www.brenne-au-coeur.com\/wp-content\/uploads\/2024\/03\/IMG_7815.resized.resized.jpg","jetpack-related-posts":[],"jetpack_sharing_enabled":true,"_links":{"self":[{"href":"https:\/\/www.brenne-au-coeur.com\/index.php\/wp-json\/wp\/v2\/posts\/5334","targetHints":{"allow":["GET"]}}],"collection":[{"href":"https:\/\/www.brenne-au-coeur.com\/index.php\/wp-json\/wp\/v2\/posts"}],"about":[{"href":"https:\/\/www.brenne-au-coeur.com\/index.php\/wp-json\/wp\/v2\/types\/post"}],"author":[{"embeddable":true,"href":"https:\/\/www.brenne-au-coeur.com\/index.php\/wp-json\/wp\/v2\/users\/2"}],"replies":[{"embeddable":true,"href":"https:\/\/www.brenne-au-coeur.com\/index.php\/wp-json\/wp\/v2\/comments?post=5334"}],"version-history":[{"count":1,"href":"https:\/\/www.brenne-au-coeur.com\/index.php\/wp-json\/wp\/v2\/posts\/5334\/revisions"}],"predecessor-version":[{"id":5345,"href":"https:\/\/www.brenne-au-coeur.com\/index.php\/wp-json\/wp\/v2\/posts\/5334\/revisions\/5345"}],"wp:featuredmedia":[{"embeddable":true,"href":"https:\/\/www.brenne-au-coeur.com\/index.php\/wp-json\/wp\/v2\/media\/5335"}],"wp:attachment":[{"href":"https:\/\/www.brenne-au-coeur.com\/index.php\/wp-json\/wp\/v2\/media?parent=5334"}],"wp:term":[{"taxonomy":"category","embeddable":true,"href":"https:\/\/www.brenne-au-coeur.com\/index.php\/wp-json\/wp\/v2\/categories?post=5334"},{"taxonomy":"post_tag","embeddable":true,"href":"https:\/\/www.brenne-au-coeur.com\/index.php\/wp-json\/wp\/v2\/tags?post=5334"}],"curies":[{"name":"wp","href":"https:\/\/api.w.org\/{rel}","templated":true}]}}