{"id":5262,"date":"2024-02-04T19:15:36","date_gmt":"2024-02-04T18:15:36","guid":{"rendered":"https:\/\/www.brenne-au-coeur.com\/?p=5262"},"modified":"2024-02-04T20:08:37","modified_gmt":"2024-02-04T19:08:37","slug":"dynamo-creuse-son-sillon-sur-la-bande-fm","status":"publish","type":"post","link":"https:\/\/www.brenne-au-coeur.com\/index.php\/2024\/02\/04\/dynamo-creuse-son-sillon-sur-la-bande-fm\/le-blanc\/5262\/","title":{"rendered":"Dynamo creuse son sillon sur la bande FM"},"content":{"rendered":"<p><span style=\"font-size: large;\">La radio \u00e9met sur les secteurs du Blanc et d\u2019Argenton, depuis un peu plus d\u2019an, et a d\u00e9j\u00e0 trouv\u00e9 son auditoire. Le <a href=\"https:\/\/www.carrebarre.fr\/\">magazine Carr\u00e9 Barr\u00e9<\/a> y consacre un article (ci-dessous), dans son num\u00e9ro de janvier-f\u00e9vrier. <\/span><\/p>\n<figure id=\"attachment_5263\" aria-describedby=\"caption-attachment-5263\" style=\"width: 300px\" class=\"wp-caption alignleft\"><a href=\"https:\/\/www.brenne-au-coeur.com\/wp-content\/uploads\/2024\/02\/10-BACK-Dynamo.resized.jpg\" rel=\"lightbox[5262]\"><img loading=\"lazy\" decoding=\"async\" class=\"wp-image-5263 size-medium\" src=\"https:\/\/www.brenne-au-coeur.com\/wp-content\/uploads\/2024\/02\/10-BACK-Dynamo.resized-300x200.jpg\" alt=\"\" width=\"300\" height=\"200\" srcset=\"https:\/\/www.brenne-au-coeur.com\/wp-content\/uploads\/2024\/02\/10-BACK-Dynamo.resized-300x200.jpg 300w, https:\/\/www.brenne-au-coeur.com\/wp-content\/uploads\/2024\/02\/10-BACK-Dynamo.resized-150x100.jpg 150w, https:\/\/www.brenne-au-coeur.com\/wp-content\/uploads\/2024\/02\/10-BACK-Dynamo.resized-272x182.jpg 272w, https:\/\/www.brenne-au-coeur.com\/wp-content\/uploads\/2024\/02\/10-BACK-Dynamo.resized.jpg 400w\" sizes=\"auto, (max-width: 300px) 100vw, 300px\" \/><\/a><figcaption id=\"caption-attachment-5263\" class=\"wp-caption-text\">Pendant une \u00e9mission dans les studios @Agence Com&rsquo;Bawa<\/figcaption><\/figure>\n<p>&nbsp;<\/p>\n<p><span style=\"font-size: large;\">Ici Le Blanc. Dynamo parlent aux Blancois\u00b7es et aux Argentonnais\u00b7es&nbsp;!<\/span><\/p>\n<p><span style=\"font-size: large;\">Voil\u00e0 un peu plus d\u2019un an que Radio Dynamo \u00e9met en ondes courtes sur 98.4 FM au Blanc et 96 FM \u00e0 Argenton. En aussi peu de temps, c\u2019est peut dire que l\u2019\u00e9quipe men\u00e9e par Julien Larbalette et Romain Philippe, les co-directeurs d\u2019antenne, a trouv\u00e9 son auditoire et pris son rythme de croisi\u00e8re. Pourtant, l\u2019histoire de la radio associative aura mis du temps \u00e0 s\u2019\u00e9crire. Pour Romain, tout commence en 2018 avec Arnaud Schwarzwaelder, compagnon de route de Free\u2019sons, le collectif qui accompagne les jeunes musiciens du Blanc. Le duo fait acte de candidature aupr\u00e8s du CSA (Conseil Sup\u00e9rieur de l\u2019Audiovisuel devenu l\u2019Arcom en 2022).<\/span><\/p>\n<p><span style=\"font-size: large;\">Une fr\u00e9quence est disponible sur le secteur du Blanc et les deux hommes ont quelques id\u00e9es pour faire vivre le territoire sur la bande FM. Sauf que la r\u00e9ponse n\u2019arrivera pas. Enfin pas tout de suite. \u00ab\u00a0Nous n\u2019avons \u00e9t\u00e9 recontact\u00e9s qu\u2019\u00e0 la fin 2019, se souvient Romain. Moi, j\u2019\u00e9tais pass\u00e9 \u00e0 autre chose, je travaillais dans un chantier d\u2019insertion. Entre temps une fr\u00e9quence s\u2019\u00e9tait \u00e9galement lib\u00e9r\u00e9e sur Argenton et le CSA voulait savoir si nous \u00e9tions toujours candidats. \u00c7a a donn\u00e9 une autre dimension pour un nouveau projet. Nous avons rencontr\u00e9 les gens du PRAJ d\u2019Argenton qui en portaient un \u00e9galement. Entre nous \u00e7a a vite march\u00e9\u00a0!\u00a0\u00bb<\/span><\/p>\n<p><span style=\"font-size: large;\">D\u00e9but 2020, le projet Dynamo prend corps et va se retrouver en concurrence avec 17 autres dossiers. \u00ab&nbsp;Nous proposions un projet de territoire. Il a \u00e9t\u00e9 s\u00e9lectionn\u00e9 fin 2021.&nbsp;\u00bb Les membres de l\u2019association avaient vu juste et vont alors s\u2019astreindre \u00e0 \u00ab&nbsp;cr\u00e9er&nbsp;\u00bb un territoire avec deux antennes. La ligne \u00e9ditoriale posera les bases d\u2019une radio citoyenne \u00ab&nbsp;v\u00e9hiculant des valeurs, mais qui ne servira surtout pas de tribune.&nbsp;\u00bb<\/span><\/p>\n<p><span style=\"font-size: large;\"><a href=\"https:\/\/www.brenne-au-coeur.com\/wp-content\/uploads\/2024\/02\/WhatsApp-Image-2023-09-22-a-15.12.01-1024x768.resized.jpg\" rel=\"lightbox[5262]\"><img loading=\"lazy\" decoding=\"async\" class=\"alignright wp-image-5265 size-medium\" src=\"https:\/\/www.brenne-au-coeur.com\/wp-content\/uploads\/2024\/02\/WhatsApp-Image-2023-09-22-a-15.12.01-1024x768.resized-300x225.jpg\" alt=\"\" width=\"300\" height=\"225\" srcset=\"https:\/\/www.brenne-au-coeur.com\/wp-content\/uploads\/2024\/02\/WhatsApp-Image-2023-09-22-a-15.12.01-1024x768.resized-300x225.jpg 300w, https:\/\/www.brenne-au-coeur.com\/wp-content\/uploads\/2024\/02\/WhatsApp-Image-2023-09-22-a-15.12.01-1024x768.resized-150x113.jpg 150w, https:\/\/www.brenne-au-coeur.com\/wp-content\/uploads\/2024\/02\/WhatsApp-Image-2023-09-22-a-15.12.01-1024x768.resized.jpg 512w\" sizes=\"auto, (max-width: 300px) 100vw, 300px\" \/><\/a>\u00c0 l\u2019automne 2022, Radio Dynamo \u00e9met enfin depuis le studio install\u00e9 au 1e \u00e9tage de Carte Blanche, le tiers-lieu ouvert Chambre des M\u00e9tiers et de l\u2019Artisanat, de la Ligue de l\u2019Enseignement ou d\u2019Indre Nature pour ne citer que ceux-l\u00e0. En outre, \u00ab&nbsp;Big Up&nbsp;\u00bb, l\u2019\u00e9mission de d\u00e9dicaces ou \u00ab&nbsp;Dos Hermanos&nbsp;\u00bb, voyage musical hebdomadaire, ont quant \u00e0 eux rencontr\u00e9 un succ\u00e8s inattendu.<\/span><\/p>\n<p><span style=\"font-size: large;\">\u00abNous avons plein de projets avec les lyc\u00e9es du Blanc et d\u2019Argenton, avec les jeunes d\u00e9crocheurs en processus d\u2019accompagnement\u2026 Nous faisons des ateliers radio, nous couvrons l\u2019actualit\u00e9 locale, les manifestations, les festivals. Depuis l\u2019\u00e9t\u00e9 dernier, nous avons pris un v\u00e9ritable tournant en peaufinant la grille des programmes\u00bb note encore Romain. Il y a tellement de travail que les six membres du conseil d\u2019administration coll\u00e9gial de l\u2019association r\u00e9fl\u00e9chissent \u00e0 la cr\u00e9ation d\u2019un second poste \u00e0 plein temps pour que Julien et Romain se consacrent \u00e0 faire vivre l\u2019antenne o\u00f9 ils re\u00e7oivent le soutien d\u2019une quarantaine de b\u00e9n\u00e9voles et de Tom Vom Dorp, incontournable service civique. Le 28 octobre dernier, Radio Dynamo a mont\u00e9 le son dans les locaux de Carte Blanche histoire de faire savoir qu\u2019elle soufflait sa premi\u00e8re bougie d\u2019anniversaire. \u00abLe nom de Dynamo a \u00e9t\u00e9 choisi parce que nous voulions redynamiser le territoire. Dynamo c\u2019\u00e9tait aussi parce qu\u2019on a bien p\u00e9dal\u00e9 depuis six ans pour y arriver.\u00bb<\/span><\/p>\n<p><span style=\"font-size: large;\">Radio Dynamo<\/span><\/p>\n<p><span style=\"font-size: large;\">98.4FM au Blanc, 96FM \u00e0 Argenton<\/span><\/p>\n<p><span style=\"font-size: large;\">www.radiodynamo.org<\/span><\/p>\n<p><span style=\"font-size: large;\">FB&nbsp;: Radio Dynamo<\/span><\/p>\n<p>En photo annonce de l&rsquo;article, de gauche \u00e0 droite&nbsp;: Julien Labarlette, Romain Philippe et Tom Vom Dorp.<\/p>\n","protected":false},"excerpt":{"rendered":"<p>La radio \u00e9met sur les secteurs du Blanc et d\u2019Argenton, depuis un peu plus d\u2019an, et a d\u00e9j\u00e0 trouv\u00e9 son auditoire. Le magazine Carr\u00e9 Barr\u00e9 y consacre un article (ci-dessous), dans son num\u00e9ro de janvier-f\u00e9vrier. &nbsp; Ici Le Blanc. Dynamo parlent aux Blancois\u00b7es et aux Argentonnais\u00b7es&nbsp;! Voil\u00e0 un peu plus d\u2019un an que Radio Dynamo&hellip;&nbsp;<a href=\"https:\/\/www.brenne-au-coeur.com\/index.php\/2024\/02\/04\/dynamo-creuse-son-sillon-sur-la-bande-fm\/le-blanc\/5262\/\" rel=\"bookmark\">Lire la suite&nbsp;&raquo;<span class=\"screen-reader-text\">Dynamo creuse son sillon sur la bande FM<\/span><\/a><\/p>\n","protected":false},"author":1,"featured_media":5264,"comment_status":"open","ping_status":"open","sticky":false,"template":"","format":"standard","meta":{"rop_custom_images_group":[],"rop_custom_messages_group":[],"rop_publish_now":"initial","rop_publish_now_accounts":[],"rop_publish_now_history":[],"rop_publish_now_status":"pending","_monsterinsights_skip_tracking":false,"_monsterinsights_sitenote_active":false,"_monsterinsights_sitenote_note":"","_monsterinsights_sitenote_category":0,"neve_meta_sidebar":"","neve_meta_container":"","neve_meta_enable_content_width":"off","neve_meta_content_width":70,"neve_meta_title_alignment":"","neve_meta_author_avatar":"","neve_post_elements_order":"","neve_meta_disable_header":"","neve_meta_disable_footer":"","neve_meta_disable_title":"","_jetpack_memberships_contains_paid_content":false,"footnotes":"","jetpack_publicize_message":"","jetpack_publicize_feature_enabled":true,"jetpack_social_post_already_shared":true,"jetpack_social_options":{"image_generator_settings":{"template":"highway","default_image_id":0,"font":"","enabled":false},"version":2}},"categories":[162,101],"tags":[71,163],"class_list":["post-5262","post","type-post","status-publish","format-standard","has-post-thumbnail","hentry","category-argenton","category-le-blanc","tag-animation","tag-medias"],"aioseo_notices":[],"jetpack_publicize_connections":[],"jetpack_featured_media_url":"https:\/\/www.brenne-au-coeur.com\/wp-content\/uploads\/2024\/02\/WhatsApp-Image-2023-10-19-a-11.06.15_e770a6c5.resized.jpg","jetpack-related-posts":[],"jetpack_sharing_enabled":true,"_links":{"self":[{"href":"https:\/\/www.brenne-au-coeur.com\/index.php\/wp-json\/wp\/v2\/posts\/5262","targetHints":{"allow":["GET"]}}],"collection":[{"href":"https:\/\/www.brenne-au-coeur.com\/index.php\/wp-json\/wp\/v2\/posts"}],"about":[{"href":"https:\/\/www.brenne-au-coeur.com\/index.php\/wp-json\/wp\/v2\/types\/post"}],"author":[{"embeddable":true,"href":"https:\/\/www.brenne-au-coeur.com\/index.php\/wp-json\/wp\/v2\/users\/1"}],"replies":[{"embeddable":true,"href":"https:\/\/www.brenne-au-coeur.com\/index.php\/wp-json\/wp\/v2\/comments?post=5262"}],"version-history":[{"count":5,"href":"https:\/\/www.brenne-au-coeur.com\/index.php\/wp-json\/wp\/v2\/posts\/5262\/revisions"}],"predecessor-version":[{"id":5274,"href":"https:\/\/www.brenne-au-coeur.com\/index.php\/wp-json\/wp\/v2\/posts\/5262\/revisions\/5274"}],"wp:featuredmedia":[{"embeddable":true,"href":"https:\/\/www.brenne-au-coeur.com\/index.php\/wp-json\/wp\/v2\/media\/5264"}],"wp:attachment":[{"href":"https:\/\/www.brenne-au-coeur.com\/index.php\/wp-json\/wp\/v2\/media?parent=5262"}],"wp:term":[{"taxonomy":"category","embeddable":true,"href":"https:\/\/www.brenne-au-coeur.com\/index.php\/wp-json\/wp\/v2\/categories?post=5262"},{"taxonomy":"post_tag","embeddable":true,"href":"https:\/\/www.brenne-au-coeur.com\/index.php\/wp-json\/wp\/v2\/tags?post=5262"}],"curies":[{"name":"wp","href":"https:\/\/api.w.org\/{rel}","templated":true}]}}