{"id":5228,"date":"2024-01-27T16:12:15","date_gmt":"2024-01-27T15:12:15","guid":{"rendered":"https:\/\/www.brenne-au-coeur.com\/?p=5228"},"modified":"2024-01-27T17:11:41","modified_gmt":"2024-01-27T16:11:41","slug":"merci-mesdames","status":"publish","type":"post","link":"https:\/\/www.brenne-au-coeur.com\/index.php\/2024\/01\/27\/merci-mesdames\/communes\/mezieres-en-brenne\/5228\/","title":{"rendered":"Merci Mesdames"},"content":{"rendered":"<figure id=\"attachment_5235\" aria-describedby=\"caption-attachment-5235\" style=\"width: 200px\" class=\"wp-caption alignleft\"><a href=\"https:\/\/www.brenne-au-coeur.com\/wp-content\/uploads\/2024\/01\/marie-paule-et-helene.jpg\" rel=\"lightbox[5228]\"><img loading=\"lazy\" decoding=\"async\" class=\"wp-image-5235\" src=\"https:\/\/www.brenne-au-coeur.com\/wp-content\/uploads\/2024\/01\/marie-paule-et-helene-225x300.jpg\" alt=\"\" width=\"200\" height=\"267\" srcset=\"https:\/\/www.brenne-au-coeur.com\/wp-content\/uploads\/2024\/01\/marie-paule-et-helene-225x300.jpg 225w, https:\/\/www.brenne-au-coeur.com\/wp-content\/uploads\/2024\/01\/marie-paule-et-helene-113x150.jpg 113w, https:\/\/www.brenne-au-coeur.com\/wp-content\/uploads\/2024\/01\/marie-paule-et-helene.jpg 346w\" sizes=\"auto, (max-width: 200px) 100vw, 200px\" \/><\/a><figcaption id=\"caption-attachment-5235\" class=\"wp-caption-text\">Marie-Paule Camus (\u00e0 gauche) et H\u00e9l\u00e8ne Andrews-Peraldi devant le portrait d&rsquo;Olympe de Gouges, pour l&rsquo;expo consacr\u00e9e \u00e0 l&rsquo;Indre et la r\u00e9volution.<\/figcaption><\/figure>\n<p><span style=\"font-size: large;\">\u00c0 M\u00e9zi\u00e8res-en-Brenne, chaque mois, l\u2019association Le Moulin propose une nouvelle exposition. H\u00e9l\u00e8ne Andrews-Peraldi organise ces rendez-vous, depuis deux ans. Elle a repris le flambeau, tenu pendant plus de trente ans par Marie-Paule Camus. L\u2019une et l\u2019autre sont anim\u00e9es par une passion pour l\u2019expression artistique et le bonheur de la partag\u00e9e. <\/span><\/p>\n<p><span style=\"font-size: large;\">Samedi 6 janvier 2024, les habitu\u00e9s du Moulin se retrouvent pour d\u00e9couvrir une nouvelle exposition. Il est 18h pass\u00e9e, un gong r\u00e9sonne dans la salle. H\u00e9l\u00e8ne tapote sur un bol chantant tib\u00e9tain. Ce geste d\u00e9sormais rituel, invite l\u2019assistance \u00e0 se rapprocher pour \u00e9couter la pr\u00e9sentation. Ce jour-l\u00e0, elle se limitera \u00e0 une courte introduction, avant de c\u00e9der la parole \u00e0 J\u00e9rome Descoux. Responsable du service \u00e9ducatif des archives d\u00e9partementales, il expliquera le contenu d\u2019une expo itin\u00e9rante intitul\u00e9e \u00ab&nbsp;L\u2019Indre en r\u00e9volution, des Lumi\u00e8res \u00e0 l\u2019Empire&nbsp;\u00bb. Pour les autres expositions, H\u00e9l\u00e8ne assure la pr\u00e9sentation. En termes choisis et pr\u00e9cis, elle entra\u00eene le public dans l\u2019univers des artistes, donne \u00e0 comprendre les \u0153uvres r\u00e9alis\u00e9es, retrace le parcours de leurs cr\u00e9ateurs et engage un dialogue avec eux. H\u00e9l\u00e8ne ne dissimule pas son plaisir, pour faire de ces vernissages un moment de rencontre et de partage. Une dimension p\u00e9dagogique qui n\u2019a rien de bien \u00e9tonnant pour cette enseignante \u00e0 la retraite. Dans le cadre de son activit\u00e9, elle a toujours eu \u00e0 c\u0153ur d\u2019impliquer des artistes. <em>\u00ab&nbsp;J\u2019ai fait un travail en lien avec des danseurs, des peintres, des c\u00e9ramistes, des sculpteurs. Je suis certaine que pour le monde de l\u2019enfance, comme des adultes d\u2019ailleurs, l\u2019art ouvre \u00e0 la cr\u00e9ation, \u00e0 la confiance en soi.\u00a0\u00bb<\/em><\/span><\/p>\n<figure id=\"attachment_5231\" aria-describedby=\"caption-attachment-5231\" style=\"width: 300px\" class=\"wp-caption alignright\"><a href=\"https:\/\/www.brenne-au-coeur.com\/wp-content\/uploads\/2024\/01\/IMG_8031.resized.jpg\" rel=\"lightbox[5228]\"><img loading=\"lazy\" decoding=\"async\" class=\"wp-image-5231 size-medium\" src=\"https:\/\/www.brenne-au-coeur.com\/wp-content\/uploads\/2024\/01\/IMG_8031.resized-300x200.jpg\" alt=\"\" width=\"300\" height=\"200\" srcset=\"https:\/\/www.brenne-au-coeur.com\/wp-content\/uploads\/2024\/01\/IMG_8031.resized-300x200.jpg 300w, https:\/\/www.brenne-au-coeur.com\/wp-content\/uploads\/2024\/01\/IMG_8031.resized-150x100.jpg 150w, https:\/\/www.brenne-au-coeur.com\/wp-content\/uploads\/2024\/01\/IMG_8031.resized-272x182.jpg 272w, https:\/\/www.brenne-au-coeur.com\/wp-content\/uploads\/2024\/01\/IMG_8031.resized.jpg 400w\" sizes=\"auto, (max-width: 300px) 100vw, 300px\" \/><\/a><figcaption id=\"caption-attachment-5231\" class=\"wp-caption-text\">H\u00e9l\u00e8ne entour\u00e9e des peintres pour une expo sur les peintres de la Brenne<\/figcaption><\/figure>\n<p><span style=\"font-size: large;\">Une conviction qui s\u2019appuie sur une exp\u00e9rience concr\u00e8te. Ainsi, elle se souvient avec \u00e9motion, du cas de cet enfant qui ne parlait pas. L\u2019\u00e9l\u00e8ve participe \u00e0 la visite de l\u2019atelier d\u2019un artiste. <em>\u00ab\u00a0Il a prononc\u00e9 ses premiers mots en manipulant de la mati\u00e8re utilis\u00e9e par le sculpteur\u00a0\u00bb.<\/em><\/span><\/p>\n<p><span style=\"font-size: large;\">Placer l\u2019art bien au-del\u00e0 de la seule performance, pour les valeurs humaines qu\u2019il porte. C\u2019est bien ce qui motive la d\u00e9marche d\u2019H\u00e9l\u00e8ne et lui a fait accepter en juillet 2022, la responsabilit\u00e9 pour l\u2019association \u00ab\u00a0Le Moulin\u00a0\u00bb. Une implication presque naturelle, puisqu\u2019elle a accompagn\u00e9, de longue date, Marie-Paule Camus, lorsque celle-ci organisait les expositions. <\/span><\/p>\n<p><span style=\"font-size: large;\">Une t\u00e2che qu\u2019elle a assur\u00e9e sans discontinuit\u00e9 pendant plus de trente ans. <\/span><\/p>\n<figure id=\"attachment_5230\" aria-describedby=\"caption-attachment-5230\" style=\"width: 300px\" class=\"wp-caption alignleft\"><a href=\"https:\/\/www.brenne-au-coeur.com\/wp-content\/uploads\/2024\/01\/expo-bondieu-4.resized.jpg\" rel=\"lightbox[5228]\"><img loading=\"lazy\" decoding=\"async\" class=\"wp-image-5230 size-medium\" src=\"https:\/\/www.brenne-au-coeur.com\/wp-content\/uploads\/2024\/01\/expo-bondieu-4.resized-300x200.jpg\" alt=\"\" width=\"300\" height=\"200\" srcset=\"https:\/\/www.brenne-au-coeur.com\/wp-content\/uploads\/2024\/01\/expo-bondieu-4.resized-300x200.jpg 300w, https:\/\/www.brenne-au-coeur.com\/wp-content\/uploads\/2024\/01\/expo-bondieu-4.resized-150x100.jpg 150w, https:\/\/www.brenne-au-coeur.com\/wp-content\/uploads\/2024\/01\/expo-bondieu-4.resized-272x182.jpg 272w, https:\/\/www.brenne-au-coeur.com\/wp-content\/uploads\/2024\/01\/expo-bondieu-4.resized.jpg 400w\" sizes=\"auto, (max-width: 300px) 100vw, 300px\" \/><\/a><figcaption id=\"caption-attachment-5230\" class=\"wp-caption-text\">Des statuettes de Bernard Bondieu<\/figcaption><\/figure>\n<p><em><span style=\"font-size: large;\">\u00ab\u00a0Je m\u2019occupais des expositions des peintres de la Brenne depuis 1983, au titre de responsable du comit\u00e9 des f\u00eates, explique Marie-Paule. \u00c0 l\u2019\u00e9poque, nous nous installions dans la salle des f\u00eates. Et puis lorsque le Moulin a ouvert en 1989, j\u2019ai accept\u00e9 logiquement de poursuivre cette activit\u00e9. Nous avons utilis\u00e9 cette salle con\u00e7ue dans le but d\u2019accueillir des expos. Nous sommes partis avec l\u2019ambition de les renouveler chaque mois.\u00a0\u00bb<\/span><\/em><\/p>\n<p><span style=\"font-size: large;\">Pari tenu. Marie-Paule confie que la programmation des douze expos par an a \u00e9t\u00e9 assur\u00e9e. Un seul artiste lui a fait d\u00e9faut pendant toutes ces ann\u00e9es, contraignant le prolongement de l\u2019expo d\u00e9j\u00e0 en place. <\/span><\/p>\n<p><span style=\"font-size: large;\">Une telle r\u00e9ussite est le r\u00e9sultat d\u2019un inlassable investissement. Recherche des informations, de documentation, visite des expos dans le d\u00e9partement, accueille des artistes, montage et d\u00e9montage, programmation, publication des dossiers presse. L\u2019ouvrage n\u2019est pas mince. Mais Marie-Paule a pu s\u2019appuyer sur l\u2019aide du personnel de l\u2019association.<\/span><\/p>\n<figure id=\"attachment_5232\" aria-describedby=\"caption-attachment-5232\" style=\"width: 300px\" class=\"wp-caption alignright\"><a href=\"https:\/\/www.brenne-au-coeur.com\/wp-content\/uploads\/2024\/01\/IMG_6838.resized.resized.jpg\" rel=\"lightbox[5228]\"><img loading=\"lazy\" decoding=\"async\" class=\"wp-image-5232 size-medium\" src=\"https:\/\/www.brenne-au-coeur.com\/wp-content\/uploads\/2024\/01\/IMG_6838.resized.resized-300x200.jpg\" alt=\"\" width=\"300\" height=\"200\" srcset=\"https:\/\/www.brenne-au-coeur.com\/wp-content\/uploads\/2024\/01\/IMG_6838.resized.resized-300x200.jpg 300w, https:\/\/www.brenne-au-coeur.com\/wp-content\/uploads\/2024\/01\/IMG_6838.resized.resized-150x100.jpg 150w, https:\/\/www.brenne-au-coeur.com\/wp-content\/uploads\/2024\/01\/IMG_6838.resized.resized-272x182.jpg 272w, https:\/\/www.brenne-au-coeur.com\/wp-content\/uploads\/2024\/01\/IMG_6838.resized.resized.jpg 640w\" sizes=\"auto, (max-width: 300px) 100vw, 300px\" \/><\/a><figcaption id=\"caption-attachment-5232\" class=\"wp-caption-text\">Marie-Paule, pr\u00e9sentant une expo lors d&rsquo;un vernissage<\/figcaption><\/figure>\n<p><span style=\"font-size: large;\"><em>\u00ab\u00a0Monique, notamment m\u2019a apport\u00e9 un solide soutien\u00a0\u00bb<\/em>, se rem\u00e9more-t-elle. <\/span><\/p>\n<p><span style=\"font-size: large;\">Et puis, Marie-Paule vit toute cette p\u00e9riode comme un incomparable enrichissement culturel. Un acc\u00e8s aux diff\u00e9rentes techniques, \u00e0 la singularit\u00e9 de chaque artiste. <em>\u00ab\u00a0J\u2019ai organis\u00e9 des visites d\u2019ateliers, pour nous familiariser avec l\u2019atmosph\u00e8re dans lequel ils \u00e9voluent, leur source d\u2019inspiration.\u00a0\u00bb<\/em><\/span><\/p>\n<p><span style=\"font-size: large;\">Tant de rencontres, d\u2019\u00e9v\u00e9nements, d\u2019\u0153uvres procurent une multitude de souvenirs, tous plus forts les uns que les autres, dont il est difficile d\u2019en d\u00e9gager les plus marquants. Marie-Paule accorde cependant une importance toute particuli\u00e8re \u00e0 la facult\u00e9 des artistes de donner une suite \u00e0 leur passage dans la salle d\u2019exposition. <\/span><\/p>\n<figure id=\"attachment_5234\" aria-describedby=\"caption-attachment-5234\" style=\"width: 300px\" class=\"wp-caption alignleft\"><a href=\"https:\/\/www.brenne-au-coeur.com\/wp-content\/uploads\/2024\/01\/annick-gontier.resized.jpg\" rel=\"lightbox[5228]\"><img loading=\"lazy\" decoding=\"async\" class=\"wp-image-5234 size-medium\" src=\"https:\/\/www.brenne-au-coeur.com\/wp-content\/uploads\/2024\/01\/annick-gontier.resized-300x225.jpg\" alt=\"\" width=\"300\" height=\"225\" srcset=\"https:\/\/www.brenne-au-coeur.com\/wp-content\/uploads\/2024\/01\/annick-gontier.resized-300x225.jpg 300w, https:\/\/www.brenne-au-coeur.com\/wp-content\/uploads\/2024\/01\/annick-gontier.resized-150x113.jpg 150w, https:\/\/www.brenne-au-coeur.com\/wp-content\/uploads\/2024\/01\/annick-gontier.resized.jpg 600w\" sizes=\"auto, (max-width: 300px) 100vw, 300px\" \/><\/a><figcaption id=\"caption-attachment-5234\" class=\"wp-caption-text\">La pastelliste Annick Gontier<\/figcaption><\/figure>\n<p><em><span style=\"font-size: large;\">\u00ab&nbsp;Comment ne pas \u00e9voquer le peintre Mario Alvarado, fondateur du MEBAC (M\u00e9zi\u00e8res En Brenne Art Contemporain). Au d\u00e9but des ann\u00e9es 1990, il a r\u00e9alis\u00e9 avec les enfants de l\u2019\u00e9cole du village une fresque de trente m\u00e8tres, sur le th\u00e8me de la Brenne et du voyage. L\u2019\u0153uvre a \u00e9t\u00e9 expos\u00e9e dans une salle de l\u2019a\u00e9roport d\u2019Orly. Dans le cadre des comit\u00e9s de jumelage, certains artistes fran\u00e7ais nous ont accompagn\u00e9s. C\u2019est le cas du marqueteur Didier Wurtz ou de l\u2019aquarelliste Remy Chevret. Plus r\u00e9cemment la pastelliste Annick Gontier s\u2019est rendu dans des classes de l\u2019\u00e9cole de M\u00e9zi\u00e8res et \u00e0 l\u2019EHPAD pour inviter \u00e0 la pratique de son art.&nbsp;\u00bb<\/span><\/em><\/p>\n<p><span style=\"font-size: large;\">Aujourd\u2019hui, accompagn\u00e9e par V\u00e9ronique et Katie charg\u00e9es de l\u2019accueil du Moulin, H\u00e9l\u00e8ne poursuit le chemin trac\u00e9 par Marie-Paule. Miser sur la vari\u00e9t\u00e9 des genres et des styles. Offrir ce lieu d\u2019expression \u00e0 la peinture, la sculpture, la c\u00e9ramique, la photographie, la mosa\u00efque, la vannerie, le tissage, les vitraux, les objets artisanaux, aux expositions historiques \u00e9galement.<\/span><\/p>\n<figure id=\"attachment_5229\" aria-describedby=\"caption-attachment-5229\" style=\"width: 300px\" class=\"wp-caption alignright\"><a href=\"https:\/\/www.brenne-au-coeur.com\/wp-content\/uploads\/2024\/01\/lovilight-attend.resized.jpg\" rel=\"lightbox[5228]\"><img loading=\"lazy\" decoding=\"async\" class=\"wp-image-5229 size-medium\" src=\"https:\/\/www.brenne-au-coeur.com\/wp-content\/uploads\/2024\/01\/lovilight-attend.resized-300x200.jpg\" alt=\"\" width=\"300\" height=\"200\" srcset=\"https:\/\/www.brenne-au-coeur.com\/wp-content\/uploads\/2024\/01\/lovilight-attend.resized-300x200.jpg 300w, https:\/\/www.brenne-au-coeur.com\/wp-content\/uploads\/2024\/01\/lovilight-attend.resized-150x100.jpg 150w, https:\/\/www.brenne-au-coeur.com\/wp-content\/uploads\/2024\/01\/lovilight-attend.resized-272x182.jpg 272w, https:\/\/www.brenne-au-coeur.com\/wp-content\/uploads\/2024\/01\/lovilight-attend.resized.jpg 720w\" sizes=\"auto, (max-width: 300px) 100vw, 300px\" \/><\/a><figcaption id=\"caption-attachment-5229\" class=\"wp-caption-text\">Bruno Lovisone et ses luminaires qu&rsquo;il exposera en juin 2024<\/figcaption><\/figure>\n<p><span style=\"font-size: large;\">Le programme 2024 illustre ce parti pris de l\u2019\u00e9clectisme avec entre autres, les expositions de graffitis de Ga\u00ebtan Deffontaines et\u00a0 le fluide art de Robert Boscarino en f\u00e9vrier, des photographies de Robert Ansel et des cr\u00e9ations luminaires de Bruno Lovisone en juin, de la peinture de Mario Alvarado pour le MEBAC ou des productions artisanales en d\u00e9cembre. (programme complet \u00e0 la suite de cet article)<\/span><\/p>\n<p><span style=\"font-size: large;\">Le village de M\u00e9zi\u00e8res-en-Brenne peut se r\u00e9jouir de nouveau, en 2024, de b\u00e9n\u00e9ficier des rendez-vous artistiques de qualit\u00e9. Autant d\u2019ouverture sur l\u2019imaginaire et l\u2019inventivit\u00e9 des artistes et d\u2019occasions de se rassembler pour partager les \u00e9motions inh\u00e9rentes \u00e0 toute forme de cr\u00e9ation. Le public le doit en tr\u00e8s grande partie \u00e0 la passion et la pers\u00e9v\u00e9rance de Marie-Paule et H\u00e9l\u00e8ne, \u00e0 qui on a envie tout simplement de dire\u00a0: Merci Mesdames. <\/span><\/p>\n<p>&nbsp;<\/p>\n<p>&nbsp;<\/p>\n<p>Calendrier des expositions en 2024.<\/p>\n<p>Jusqu&rsquo;au 1er f\u00e9vrier, en partenariat avec les Archives d\u00e9partementales de l&rsquo;Indre&nbsp;: \u00ab\u00a0L&rsquo;Indre en r\u00e9volution des Lumi\u00e8res \u00e0 l&rsquo;Empire\u00a0\u00bb<\/p>\n<p>Du 3 au 29 f\u00e9vrier, les graffitis de Ga\u00ebtan Deffontaines et le fuide art de Robert Boscarino.<\/p>\n<p>Du 2 au 28 mars, les photographies de Marie Bastiani<\/p>\n<p>Du 30 mars au 25 avril, les peintures d&rsquo;\u00c9milie Van Herrewghe<\/p>\n<p>Du 27 avril au 30 mai, les peintures et sculptures de Dominique Olsina et Issaka Derm\u00e9<\/p>\n<p>Du 1er juin au 27 juin, les photographies de Robert Ansel et les luminaires de Bruno Lovisone<\/p>\n<p>Du 29 juin au 25 juillet, MEBAC, hommage \u00e0 Mario Alvarado, peintures et sculpture<\/p>\n<p>Du 27 juillet au 29 ao\u00fbt, 38e\u00a0 Salon des peintres de la Brenne,exposition collective<\/p>\n<p>Du 31 ao\u00fbt au 26 septembre, l&rsquo;Art au f\u00e9minin, peintures et sculpture de Sylvie Mini\u00e8re et Muguette Sainson<\/p>\n<p>Du 28 septembre eu 31 octobre, peintures de V\u00e9ronique Despax<\/p>\n<p>Du 2 au 28 novembre,peintures et sculpture de Catherine Vachon, Ariel Est\u00e8ve et Michel Lacou<\/p>\n<p>Du 30 novembre au 2 janvier 12e Salon de la gourmandise, production artisanale<\/p>\n<p>&nbsp;<\/p>\n<p>&nbsp;<\/p>\n","protected":false},"excerpt":{"rendered":"<p>\u00c0 M\u00e9zi\u00e8res-en-Brenne, chaque mois, l\u2019association Le Moulin propose une nouvelle exposition. H\u00e9l\u00e8ne Andrews-Peraldi organise ces rendez-vous, depuis deux ans. Elle a repris le flambeau, tenu pendant plus de trente ans par Marie-Paule Camus. L\u2019une et l\u2019autre sont anim\u00e9es par une passion pour l\u2019expression artistique et le bonheur de la partag\u00e9e. Samedi 6 janvier 2024, les&hellip;&nbsp;<a href=\"https:\/\/www.brenne-au-coeur.com\/index.php\/2024\/01\/27\/merci-mesdames\/communes\/mezieres-en-brenne\/5228\/\" rel=\"bookmark\">Lire la suite&nbsp;&raquo;<span class=\"screen-reader-text\">Merci Mesdames<\/span><\/a><\/p>\n","protected":false},"author":1,"featured_media":5235,"comment_status":"open","ping_status":"open","sticky":false,"template":"","format":"standard","meta":{"rop_custom_images_group":[],"rop_custom_messages_group":[],"rop_publish_now":"initial","rop_publish_now_accounts":[],"rop_publish_now_history":[],"rop_publish_now_status":"pending","_monsterinsights_skip_tracking":false,"_monsterinsights_sitenote_active":false,"_monsterinsights_sitenote_note":"","_monsterinsights_sitenote_category":0,"neve_meta_sidebar":"","neve_meta_container":"","neve_meta_enable_content_width":"off","neve_meta_content_width":70,"neve_meta_title_alignment":"","neve_meta_author_avatar":"","neve_post_elements_order":"","neve_meta_disable_header":"","neve_meta_disable_footer":"","neve_meta_disable_title":"","_jetpack_memberships_contains_paid_content":false,"footnotes":"","jetpack_publicize_message":"","jetpack_publicize_feature_enabled":true,"jetpack_social_post_already_shared":true,"jetpack_social_options":{"image_generator_settings":{"template":"highway","default_image_id":0,"font":"","enabled":false},"version":2}},"categories":[12,54],"tags":[52],"class_list":["post-5228","post","type-post","status-publish","format-standard","has-post-thumbnail","hentry","category-mezieres-en-brenne","category-moulin","tag-exposition"],"aioseo_notices":[],"jetpack_publicize_connections":[],"jetpack_featured_media_url":"https:\/\/www.brenne-au-coeur.com\/wp-content\/uploads\/2024\/01\/marie-paule-et-helene.jpg","jetpack-related-posts":[],"jetpack_sharing_enabled":true,"_links":{"self":[{"href":"https:\/\/www.brenne-au-coeur.com\/index.php\/wp-json\/wp\/v2\/posts\/5228","targetHints":{"allow":["GET"]}}],"collection":[{"href":"https:\/\/www.brenne-au-coeur.com\/index.php\/wp-json\/wp\/v2\/posts"}],"about":[{"href":"https:\/\/www.brenne-au-coeur.com\/index.php\/wp-json\/wp\/v2\/types\/post"}],"author":[{"embeddable":true,"href":"https:\/\/www.brenne-au-coeur.com\/index.php\/wp-json\/wp\/v2\/users\/1"}],"replies":[{"embeddable":true,"href":"https:\/\/www.brenne-au-coeur.com\/index.php\/wp-json\/wp\/v2\/comments?post=5228"}],"version-history":[{"count":2,"href":"https:\/\/www.brenne-au-coeur.com\/index.php\/wp-json\/wp\/v2\/posts\/5228\/revisions"}],"predecessor-version":[{"id":5256,"href":"https:\/\/www.brenne-au-coeur.com\/index.php\/wp-json\/wp\/v2\/posts\/5228\/revisions\/5256"}],"wp:featuredmedia":[{"embeddable":true,"href":"https:\/\/www.brenne-au-coeur.com\/index.php\/wp-json\/wp\/v2\/media\/5235"}],"wp:attachment":[{"href":"https:\/\/www.brenne-au-coeur.com\/index.php\/wp-json\/wp\/v2\/media?parent=5228"}],"wp:term":[{"taxonomy":"category","embeddable":true,"href":"https:\/\/www.brenne-au-coeur.com\/index.php\/wp-json\/wp\/v2\/categories?post=5228"},{"taxonomy":"post_tag","embeddable":true,"href":"https:\/\/www.brenne-au-coeur.com\/index.php\/wp-json\/wp\/v2\/tags?post=5228"}],"curies":[{"name":"wp","href":"https:\/\/api.w.org\/{rel}","templated":true}]}}