{"id":5183,"date":"2024-01-11T17:16:01","date_gmt":"2024-01-11T16:16:01","guid":{"rendered":"https:\/\/www.brenne-au-coeur.com\/?p=5183"},"modified":"2024-01-12T14:07:14","modified_gmt":"2024-01-12T13:07:14","slug":"usine-a-pellets-un-projet-dangereux","status":"publish","type":"post","link":"https:\/\/www.brenne-au-coeur.com\/index.php\/2024\/01\/11\/usine-a-pellets-un-projet-dangereux\/creuse\/5183\/","title":{"rendered":"Usine \u00e0 pellets&nbsp;: un projet dangereux"},"content":{"rendered":"<p><span style=\"font-size: large;\"><a href=\"https:\/\/www.brenne-au-coeur.com\/wp-content\/uploads\/2024\/01\/forets-1.jpeg\" rel=\"lightbox[5183]\"><img loading=\"lazy\" decoding=\"async\" class=\"alignleft wp-image-5187 size-full\" src=\"https:\/\/www.brenne-au-coeur.com\/wp-content\/uploads\/2024\/01\/forets-1.jpeg\" alt=\"\" width=\"259\" height=\"194\" srcset=\"https:\/\/www.brenne-au-coeur.com\/wp-content\/uploads\/2024\/01\/forets-1.jpeg 259w, https:\/\/www.brenne-au-coeur.com\/wp-content\/uploads\/2024\/01\/forets-1-150x112.jpeg 150w\" sizes=\"auto, (max-width: 259px) 100vw, 259px\" \/><\/a>Une usine \u00e0 pellets (granul\u00e9s) du groupe BYOSIL devrait s&rsquo;implanter pr\u00e8s de Gu\u00e9ret. La question concerne la Creuse voisine, mais les r\u00e9percutions sont bien plus vastes en touchant les d\u00e9partements limitrophes. Brenne-au-c\u0153ur soutient l\u2019action d\u2019un collectif d\u2019associations qui s\u2019oppose \u00e0 la cr\u00e9ation de l\u2019usine. Le texte ci-dessous extrait du site de <a href=\"https:\/\/agir.greenvoice.fr\/petitions\/non-a-la-destruction-des-forets-du-centre-france-non-au-projet-biosyl\">Greenvoice<\/a>, en explique les raisons. Une p\u00e9tition est disponible. <\/span><\/p>\n<p><span style=\"font-size: large;\">\u00ab\u00a0La pr\u00e9f\u00e8te de la Creuse se pr\u00e9pare \u00e0 valider l\u2019implantation d\u2019une usine \u00e0 pellets du groupe BYOSIL \u00e0 Gu\u00e9ret via une simple formalit\u00e9 d\u2019enregistrement administratif, sans enqu\u00eate publique ni \u00e9tude d\u2019impact.<\/span><\/p>\n<p><span style=\"font-size: large;\">Selon ses propres promoteurs, cette usine s\u2019approvisionnerait \u00e0 80% dans les for\u00eats de feuillus dans un rayon de 130 km autour de Gu\u00e9ret, avec la n\u00e9cessit\u00e9 de 40 camions par jour et 130 000 T de bois par an, impactant de fait, l\u2019ensemble de la Creuse et les d\u00e9partements limitrophes.<\/span><\/p>\n<p><span style=\"font-size: large;\">Le code forestier et les certifications mises en avant par l\u2019entreprise BIOSYL ne permettent pas de garantir l\u2019absence de bois issus de coupes rases pour la fabrication de granul\u00e9s de bois. Ainsi, dans la Ni\u00e8vre, des camions charg\u00e9s de ch\u00eanes centenaires issus de la destruction des derni\u00e8res for\u00eats de feuillus du Morvan approvisionnent encore aujourd\u2019hui l\u2019usine Biosyl de Cosne sur Loire. <\/span><\/p>\n<p><span style=\"font-size: large;\"><a href=\"https:\/\/www.brenne-au-coeur.com\/wp-content\/uploads\/2024\/01\/forets-2.jpeg\" rel=\"lightbox[5183]\"><img loading=\"lazy\" decoding=\"async\" class=\"alignright wp-image-5186 size-full\" src=\"https:\/\/www.brenne-au-coeur.com\/wp-content\/uploads\/2024\/01\/forets-2.jpeg\" alt=\"\" width=\"296\" height=\"170\" srcset=\"https:\/\/www.brenne-au-coeur.com\/wp-content\/uploads\/2024\/01\/forets-2.jpeg 296w, https:\/\/www.brenne-au-coeur.com\/wp-content\/uploads\/2024\/01\/forets-2-150x86.jpeg 150w\" sizes=\"auto, (max-width: 296px) 100vw, 296px\" \/><\/a>Il ne faut pas oublier qu\u2019en parall\u00e8le sur le territoire, les coupes rases se multiplient. Plusieurs projets bois \u00e9nergies, l\u2019agrandissement de la scierie Farges \u00e0 Egletons et l\u2019export de nos beaux bois vers la Chine mettent d\u00e9j\u00e0 en danger la ressource foresti\u00e8re. Etant donn\u00e9 la configuration de ce massif forestier extr\u00eamement morcel\u00e9 et en l&rsquo;absence de r\u00e9glementation foresti\u00e8re adapt\u00e9e et de contraintes , il est difficilement imaginable que l&rsquo;usine Biosyl, comme les autres utilisateurs de la ressource d\u00e9j\u00e0 en place, s&rsquo;approvisionnent de fa\u00e7on vertueuse.<\/span><\/p>\n<p><span style=\"font-size: large;\">Comment pourrions-nous laisser faire un tel projet, qui par l\u2019accaparement massif d\u2019une ressource sous tension, ne pourra qu\u2019amplifier les difficult\u00e9s d\u2019approvisionnement pour les petites et moyennes entreprises de la fili\u00e8re bois&nbsp;?<\/span><\/p>\n<p><span style=\"font-size: large;\">Destin\u00e9es initialement \u00e0 g\u00e9rer les sous produits de la transformation du bois, les entreprises du bois-\u00e9nergie sont largement soutenues par de l&rsquo;argent public en raison de la \u00ab&nbsp;transition \u00e9nerg\u00e9tique&nbsp;\u00bb alors que leur production est destin\u00e9e \u00e0 br\u00fbler et rel\u00e2cher des gaz \u00e0 effets de serre. Les unit\u00e9s de production de bois d\u2019\u0153uvre et de construction, qui vont permettre le stockage de carbone dans les maisons sont moins soutenues. Il ne s&rsquo;agit pas de s&rsquo;opposer au d\u00e9veloppement \u00e9conomique et de mettre nos for\u00eats sous cloche. Il s&rsquo;agit bien au contraire de redonner \u00e0 nos for\u00eats un statut alliant patrimoine naturel, patrimoine de biodiversit\u00e9 et patrimoine \u00e9conomique.<\/span><\/p>\n<p><span style=\"font-size: large;\"><a href=\"https:\/\/www.brenne-au-coeur.com\/wp-content\/uploads\/2024\/01\/forets-4.jpeg\" rel=\"lightbox[5183]\"><img loading=\"lazy\" decoding=\"async\" class=\"alignleft wp-image-5184 size-full\" src=\"https:\/\/www.brenne-au-coeur.com\/wp-content\/uploads\/2024\/01\/forets-4.jpeg\" alt=\"\" width=\"275\" height=\"183\" srcset=\"https:\/\/www.brenne-au-coeur.com\/wp-content\/uploads\/2024\/01\/forets-4.jpeg 275w, https:\/\/www.brenne-au-coeur.com\/wp-content\/uploads\/2024\/01\/forets-4-150x100.jpeg 150w, https:\/\/www.brenne-au-coeur.com\/wp-content\/uploads\/2024\/01\/forets-4-272x182.jpeg 272w\" sizes=\"auto, (max-width: 275px) 100vw, 275px\" \/><\/a>Comment pourrions-nous agr\u00e9er une d\u00e9cision aussi arbitraire sans qu\u2019aucune \u00e9tude d\u2019impact ne soit r\u00e9alis\u00e9e, sans que les populations concern\u00e9es ne soient vraiment inform\u00e9es et invit\u00e9es \u00e0 donner des avis \u00e9clair\u00e9s&nbsp;?<\/span><\/p>\n<p><span style=\"font-size: large;\">L\u2019une des premi\u00e8res missions r\u00e9galiennes de Mme la Pr\u00e9f\u00e8te est d\u2019assurer la s\u00e9curit\u00e9 de ses concitoyens. Pourtant, en refusant de le soumettre \u00e0 autorisation ICPE, la question des nuisances sonores, du niveau des \u00e9missions de particules fines aussi bien que des potentiels risques d\u2019incendies en zone SEVESO, la Pr\u00e9fecture se refuse inconsid\u00e9r\u00e9ment d\u2019\u00e9valuer et par cons\u00e9quent de pr\u00e9venir les risques r\u00e9els encourus par la ville de Gu\u00e9ret et par tous les habitants de son agglom\u00e9ration.<\/span><\/p>\n<p><span style=\"font-size: large;\">Comment pourrions-nous ne pas nous opposer \u00e0 une d\u00e9gradation planifi\u00e9e de la for\u00eat qui conduira in\u00e9vitablement \u00e0 des risques sanitaires majeurs&nbsp;?<\/span><\/p>\n<p><span style=\"font-size: large;\">Une \u00e9tude de l\u2019Universit\u00e9 de Limoges a ainsi mis en lumi\u00e8re que plusieurs communes du Limousin ne peuvent d\u2019ores-et-d\u00e9j\u00e0 plus s\u2019alimenter en eau du r\u00e9seau \u00e0 cause de la pollution des sources par l\u2019aluminium, ph\u00e9nom\u00e8ne d\u00fb aux coupes rases. Dans l\u2019urgence climatique, il est primordial de pr\u00e9server la qualit\u00e9 de nos sols, de nos eaux et de pr\u00e9server la capacit\u00e9 de puits carbone de nos for\u00eats. Le reboisement apr\u00e8s coupes rases, avanc\u00e9 par les industriels, ne peut r\u00e9pondre \u00e0 la probl\u00e9matique environnementale.<\/span><\/p>\n<p><span style=\"font-size: large;\">Pourtant, il existe une gestion durable de la for\u00eat, il est temps de faire conna\u00eetre et encourager ces pratiques de sylviculture \u00e0 couvert continu, comme les futaies irr\u00e9guli\u00e8res ou jardin\u00e9es.<\/span><\/p>\n<p><span style=\"font-size: large;\"><a href=\"https:\/\/www.brenne-au-coeur.com\/wp-content\/uploads\/2024\/01\/forets-3.jpeg\" rel=\"lightbox[5183]\"><img loading=\"lazy\" decoding=\"async\" class=\"alignright wp-image-5185 size-full\" src=\"https:\/\/www.brenne-au-coeur.com\/wp-content\/uploads\/2024\/01\/forets-3.jpeg\" alt=\"\" width=\"275\" height=\"183\" srcset=\"https:\/\/www.brenne-au-coeur.com\/wp-content\/uploads\/2024\/01\/forets-3.jpeg 275w, https:\/\/www.brenne-au-coeur.com\/wp-content\/uploads\/2024\/01\/forets-3-150x100.jpeg 150w, https:\/\/www.brenne-au-coeur.com\/wp-content\/uploads\/2024\/01\/forets-3-272x182.jpeg 272w\" sizes=\"auto, (max-width: 275px) 100vw, 275px\" \/><\/a>Elus ou simples citoyens de Creuse, du Berry, de Sologne, du Bourbonnais, d\u2019Auvergne et d\u2019ailleurs, nous sommes tous concern\u00e9s par l\u2019installation du projet Biosyl . Nous signons cette p\u00e9tition pour demander \u00e0 Mme la Pr\u00e9f\u00e8te de la Creuse de ne pas donner son autorisation pour ce projet dangereux et d\u00e9l\u00e9t\u00e8re et nous lui demandons de faire en sorte qu\u2019il soit abandonn\u00e9 pour le bien de toutes et tous. \u00a0\u00bb<br \/>\n<\/span><\/p>\n<p><span style=\"font-size: large;\">Soutenu par&nbsp;: Canop\u00e9e For\u00eats Vivantes<\/span><\/p>\n<p><span style=\"font-size: large;\">&#8211; Collectif For\u00eats SyVa<\/span><\/p>\n<p><span style=\"font-size: large;\">&#8211; Groupe For\u00eat du Syndicat de la Montagne Limousine<\/span><\/p>\n<p><span style=\"font-size: large;\">&#8211; Comit\u00e9 de D\u00e9fense du Bois du Chat<\/span><\/p>\n<p><span style=\"font-size: large;\">&#8211; Thierry Thevenin adh\u00e9rent GNSA<\/span><\/p>\n<p><span style=\"font-size: large;\">&#8211; Le Syndicat Simples<\/span><\/p>\n<p><span style=\"font-size: large;\">&#8211; Fa\u00eete et Racines<\/span><\/p>\n<p><span style=\"font-size: large;\">&#8211; Le Comit\u00e9 creusois des Soul\u00e8vements de la Terre<\/span><\/p>\n<p><span style=\"font-size: large;\">&#8211; Michel Barataud (auteur d\u2019\u00e9tudes sur l\u2019\u00e9cologie foresti\u00e8re)<\/span><\/p>\n<p><span style=\"font-size: large;\">&#8211; Sauvons la Goutte Molle<\/span><\/p>\n<p><span style=\"font-size: large;\">&#8211; Collectif For\u00eat Debout<\/span><\/p>\n<p><span style=\"font-size: large;\">&#8211; Les Mouvements du Thaurion<\/span><\/p>\n<p><span style=\"font-size: large;\">&#8211; Le Champ des Possibles<\/span><\/p>\n<p><span style=\"font-size: large;\">&#8211; Les Enforest\u00e9s<\/span><\/p>\n<p><span style=\"font-size: large;\">&#8211; Aupr\u00e8s de Nos arbres<\/span><\/p>\n","protected":false},"excerpt":{"rendered":"<p>Une usine \u00e0 pellets (granul\u00e9s) du groupe BYOSIL devrait s&rsquo;implanter pr\u00e8s de Gu\u00e9ret. La question concerne la Creuse voisine, mais les r\u00e9percutions sont bien plus vastes en touchant les d\u00e9partements limitrophes. Brenne-au-c\u0153ur soutient l\u2019action d\u2019un collectif d\u2019associations qui s\u2019oppose \u00e0 la cr\u00e9ation de l\u2019usine. Le texte ci-dessous extrait du site de Greenvoice, en explique les&hellip;&nbsp;<a href=\"https:\/\/www.brenne-au-coeur.com\/index.php\/2024\/01\/11\/usine-a-pellets-un-projet-dangereux\/creuse\/5183\/\" rel=\"bookmark\">Lire la suite&nbsp;&raquo;<span class=\"screen-reader-text\">Usine \u00e0 pellets&nbsp;: un projet dangereux<\/span><\/a><\/p>\n","protected":false},"author":1,"featured_media":5188,"comment_status":"open","ping_status":"open","sticky":false,"template":"","format":"standard","meta":{"rop_custom_images_group":[],"rop_custom_messages_group":[],"rop_publish_now":"initial","rop_publish_now_accounts":[],"rop_publish_now_history":[],"rop_publish_now_status":"pending","_monsterinsights_skip_tracking":false,"_monsterinsights_sitenote_active":false,"_monsterinsights_sitenote_note":"","_monsterinsights_sitenote_category":0,"neve_meta_sidebar":"","neve_meta_container":"","neve_meta_enable_content_width":"off","neve_meta_content_width":70,"neve_meta_title_alignment":"","neve_meta_author_avatar":"","neve_post_elements_order":"","neve_meta_disable_header":"","neve_meta_disable_footer":"","neve_meta_disable_title":"","_jetpack_memberships_contains_paid_content":false,"footnotes":"","jetpack_publicize_message":"","jetpack_publicize_feature_enabled":true,"jetpack_social_post_already_shared":true,"jetpack_social_options":{"image_generator_settings":{"template":"highway","default_image_id":0,"font":"","enabled":false},"version":2}},"categories":[157],"tags":[31,158],"class_list":["post-5183","post","type-post","status-publish","format-standard","has-post-thumbnail","hentry","category-creuse","tag-associations","tag-ecologie"],"aioseo_notices":[],"jetpack_publicize_connections":[],"jetpack_featured_media_url":"https:\/\/www.brenne-au-coeur.com\/wp-content\/uploads\/2024\/01\/Coupe.jpeg","jetpack-related-posts":[],"jetpack_sharing_enabled":true,"_links":{"self":[{"href":"https:\/\/www.brenne-au-coeur.com\/index.php\/wp-json\/wp\/v2\/posts\/5183","targetHints":{"allow":["GET"]}}],"collection":[{"href":"https:\/\/www.brenne-au-coeur.com\/index.php\/wp-json\/wp\/v2\/posts"}],"about":[{"href":"https:\/\/www.brenne-au-coeur.com\/index.php\/wp-json\/wp\/v2\/types\/post"}],"author":[{"embeddable":true,"href":"https:\/\/www.brenne-au-coeur.com\/index.php\/wp-json\/wp\/v2\/users\/1"}],"replies":[{"embeddable":true,"href":"https:\/\/www.brenne-au-coeur.com\/index.php\/wp-json\/wp\/v2\/comments?post=5183"}],"version-history":[{"count":3,"href":"https:\/\/www.brenne-au-coeur.com\/index.php\/wp-json\/wp\/v2\/posts\/5183\/revisions"}],"predecessor-version":[{"id":5202,"href":"https:\/\/www.brenne-au-coeur.com\/index.php\/wp-json\/wp\/v2\/posts\/5183\/revisions\/5202"}],"wp:featuredmedia":[{"embeddable":true,"href":"https:\/\/www.brenne-au-coeur.com\/index.php\/wp-json\/wp\/v2\/media\/5188"}],"wp:attachment":[{"href":"https:\/\/www.brenne-au-coeur.com\/index.php\/wp-json\/wp\/v2\/media?parent=5183"}],"wp:term":[{"taxonomy":"category","embeddable":true,"href":"https:\/\/www.brenne-au-coeur.com\/index.php\/wp-json\/wp\/v2\/categories?post=5183"},{"taxonomy":"post_tag","embeddable":true,"href":"https:\/\/www.brenne-au-coeur.com\/index.php\/wp-json\/wp\/v2\/tags?post=5183"}],"curies":[{"name":"wp","href":"https:\/\/api.w.org\/{rel}","templated":true}]}}