{"id":5162,"date":"2023-12-30T18:11:23","date_gmt":"2023-12-30T17:11:23","guid":{"rendered":"https:\/\/www.brenne-au-coeur.com\/?p=5162"},"modified":"2023-12-30T18:11:23","modified_gmt":"2023-12-30T17:11:23","slug":"cine-a-villiers","status":"publish","type":"post","link":"https:\/\/www.brenne-au-coeur.com\/index.php\/2023\/12\/30\/cine-a-villiers\/communes\/villiers\/5162\/","title":{"rendered":"Cin\u00e9 \u00e0 Villiers"},"content":{"rendered":"<p><span style=\"font-size: large;\">Vendredi 5 Janvier\u00a0 \u00e0 20h30, la salle des f\u00eates de Villiers prendra encore une fois, des allures de salle de cin\u00e9ma. Premi\u00e8re s\u00e9ance pour la nouvelle ann\u00e9e, au cours de laquelle le public pourra visionner cinq courts-m\u00e9trages.<\/span><\/p>\n<figure id=\"attachment_5165\" aria-describedby=\"caption-attachment-5165\" style=\"width: 300px\" class=\"wp-caption alignleft\"><a href=\"https:\/\/www.brenne-au-coeur.com\/wp-content\/uploads\/2023\/12\/film-06-01.jpg\" rel=\"lightbox[5162]\"><img loading=\"lazy\" decoding=\"async\" class=\"wp-image-5165 size-medium\" src=\"https:\/\/www.brenne-au-coeur.com\/wp-content\/uploads\/2023\/12\/film-06-01-300x169.jpg\" alt=\"\" width=\"300\" height=\"169\" srcset=\"https:\/\/www.brenne-au-coeur.com\/wp-content\/uploads\/2023\/12\/film-06-01-300x169.jpg 300w, https:\/\/www.brenne-au-coeur.com\/wp-content\/uploads\/2023\/12\/film-06-01-150x84.jpg 150w, https:\/\/www.brenne-au-coeur.com\/wp-content\/uploads\/2023\/12\/film-06-01.jpg 628w\" sizes=\"auto, (max-width: 300px) 100vw, 300px\" \/><\/a><figcaption id=\"caption-attachment-5165\" class=\"wp-caption-text\">image du film Renaissance d&rsquo;une pierre taill\u00e9e<\/figcaption><\/figure>\n<p><span style=\"font-size: large;\"><strong>Renaissance d\u2019une pierre taill\u00e9e.<\/strong> <\/span><\/p>\n<p><span style=\"font-size: large;\">R\u00e9alisation d\u2019un pinacle par M\u00e9lanie.<\/span><\/p>\n<p><span style=\"font-size: large;\">Un film du Cam\u00e9ra Photo Club de Loches.<\/span><\/p>\n<p><span style=\"font-size: large;\">Le Cam\u00e9ra Photo Club du Lochois (CPLC) a \u00e9t\u00e9 cr\u00e9\u00e9 en 1966. Il est issu de la r\u00e9union d\u2019une bande de copains f\u00e9rus de cin\u00e9ma d\u2019amateur. Le CPCL jouit d\u2019une belle r\u00e9putation aupr\u00e8s de la ville de Loches et de la Touraine c\u00f4t\u00e9 Sud, permettant des partenariats riches d\u2019activit\u00e9s patrimoniales et artistiques, faisant du Club, fort d\u2019adh\u00e9rents passionn\u00e9s et disponibles, un acteur de la vie Lochoise \u00e0 part enti\u00e8re.<\/span><\/p>\n<figure id=\"attachment_5164\" aria-describedby=\"caption-attachment-5164\" style=\"width: 300px\" class=\"wp-caption alignright\"><a href=\"https:\/\/www.brenne-au-coeur.com\/wp-content\/uploads\/2023\/12\/film-06-01-2.jpeg\" rel=\"lightbox[5162]\"><img loading=\"lazy\" decoding=\"async\" class=\"wp-image-5164 size-medium\" src=\"https:\/\/www.brenne-au-coeur.com\/wp-content\/uploads\/2023\/12\/film-06-01-2-300x169.jpeg\" alt=\"\" width=\"300\" height=\"169\" srcset=\"https:\/\/www.brenne-au-coeur.com\/wp-content\/uploads\/2023\/12\/film-06-01-2-300x169.jpeg 300w, https:\/\/www.brenne-au-coeur.com\/wp-content\/uploads\/2023\/12\/film-06-01-2-150x84.jpeg 150w, https:\/\/www.brenne-au-coeur.com\/wp-content\/uploads\/2023\/12\/film-06-01-2.jpeg 628w\" sizes=\"auto, (max-width: 300px) 100vw, 300px\" \/><\/a><figcaption id=\"caption-attachment-5164\" class=\"wp-caption-text\">Rando challenge<\/figcaption><\/figure>\n<p><span style=\"font-size: large;\"><strong>Rando challenge.<\/strong> <\/span><\/p>\n<p><span style=\"font-size: large;\">Marcher, jouer, trouver, gagner\u2026 ensemble&nbsp;! Une sorte de comp\u00e9tition autour de randonn\u00e9es. Un rendez-vous annuel de la FFRP.<\/span><\/p>\n<p><strong><span style=\"font-size: large;\">\u00c9vasion fiscale \u2013 Parade \u2013 Pop \u2013 Juste \u00e0 point \u2013 Target &#8211; Strike.<\/span><\/strong><\/p>\n<p><span style=\"font-size: large;\">Films d\u2019animation r\u00e9alis\u00e9s par les \u00e9l\u00e8ves de l\u2019\u00c9cole des <\/span><span style=\"font-size: large;\">Nouvelles Images.<\/span><\/p>\n<p>&nbsp;<\/p>\n<figure id=\"attachment_5166\" aria-describedby=\"caption-attachment-5166\" style=\"width: 300px\" class=\"wp-caption alignleft\"><a href=\"https:\/\/www.brenne-au-coeur.com\/wp-content\/uploads\/2023\/12\/film-06-01-4.jpeg\" rel=\"lightbox[5162]\"><img loading=\"lazy\" decoding=\"async\" class=\"wp-image-5166 size-medium\" src=\"https:\/\/www.brenne-au-coeur.com\/wp-content\/uploads\/2023\/12\/film-06-01-4-300x169.jpeg\" alt=\"\" width=\"300\" height=\"169\" srcset=\"https:\/\/www.brenne-au-coeur.com\/wp-content\/uploads\/2023\/12\/film-06-01-4-300x169.jpeg 300w, https:\/\/www.brenne-au-coeur.com\/wp-content\/uploads\/2023\/12\/film-06-01-4-150x84.jpeg 150w, https:\/\/www.brenne-au-coeur.com\/wp-content\/uploads\/2023\/12\/film-06-01-4.jpeg 628w\" sizes=\"auto, (max-width: 300px) 100vw, 300px\" \/><\/a><figcaption id=\"caption-attachment-5166\" class=\"wp-caption-text\">Retirada<\/figcaption><\/figure>\n<p><strong><span style=\"font-size: large;\">Retirada.<\/span><\/strong><\/p>\n<p><span style=\"font-size: large;\">Les r\u00e9fugi\u00e9s espagnols fuient les l\u00e9gions de Franco. Un film du Cam\u00e9ra Club Rochelais.<\/span><\/p>\n<p>&nbsp;<\/p>\n<p>&nbsp;<\/p>\n<p>&nbsp;<\/p>\n<p>&nbsp;<\/p>\n<figure id=\"attachment_5163\" aria-describedby=\"caption-attachment-5163\" style=\"width: 295px\" class=\"wp-caption alignright\"><a href=\"https:\/\/www.brenne-au-coeur.com\/wp-content\/uploads\/2023\/12\/film-06-01-3.resized.jpeg\" rel=\"lightbox[5162]\"><img loading=\"lazy\" decoding=\"async\" class=\"wp-image-5163 size-full\" src=\"https:\/\/www.brenne-au-coeur.com\/wp-content\/uploads\/2023\/12\/film-06-01-3.resized.jpeg\" alt=\"\" width=\"295\" height=\"166\" srcset=\"https:\/\/www.brenne-au-coeur.com\/wp-content\/uploads\/2023\/12\/film-06-01-3.resized.jpeg 295w, https:\/\/www.brenne-au-coeur.com\/wp-content\/uploads\/2023\/12\/film-06-01-3.resized-150x84.jpeg 150w\" sizes=\"auto, (max-width: 295px) 100vw, 295px\" \/><\/a><figcaption id=\"caption-attachment-5163\" class=\"wp-caption-text\">Sortil\u00e8ges<\/figcaption><\/figure>\n<p><span style=\"font-size: large;\"><strong>Sortil\u00e8ges.<\/strong> <\/span><\/p>\n<p><span style=\"font-size: large;\">Se prendre au jeu et aller vers soi\u2026<\/span><\/p>\n<p><span style=\"font-size: large;\">Un film d\u2019Aur\u00e9lie Tripault. <\/span><\/p>\n<p><span style=\"font-size: large;\">Ce film a \u00e9t\u00e9 prim\u00e9 au festival de Beaugency.<\/span><\/p>\n<p><span style=\"font-size: large;\">Le jeu des actrices est tout particuli\u00e8rement remarquable pour des non-professionnels.<\/span><\/p>\n","protected":false},"excerpt":{"rendered":"<p>Vendredi 5 Janvier\u00a0 \u00e0 20h30, la salle des f\u00eates de Villiers prendra encore une fois, des allures de salle de cin\u00e9ma. Premi\u00e8re s\u00e9ance pour la nouvelle ann\u00e9e, au cours de laquelle le public pourra visionner cinq courts-m\u00e9trages. Renaissance d\u2019une pierre taill\u00e9e. R\u00e9alisation d\u2019un pinacle par M\u00e9lanie. Un film du Cam\u00e9ra Photo Club de Loches. Le&hellip;&nbsp;<a href=\"https:\/\/www.brenne-au-coeur.com\/index.php\/2023\/12\/30\/cine-a-villiers\/communes\/villiers\/5162\/\" rel=\"bookmark\">Lire la suite&nbsp;&raquo;<span class=\"screen-reader-text\">Cin\u00e9 \u00e0 Villiers<\/span><\/a><\/p>\n","protected":false},"author":1,"featured_media":5163,"comment_status":"open","ping_status":"open","sticky":false,"template":"","format":"standard","meta":{"rop_custom_images_group":[],"rop_custom_messages_group":[],"rop_publish_now":"initial","rop_publish_now_accounts":[],"rop_publish_now_history":[],"rop_publish_now_status":"pending","_monsterinsights_skip_tracking":false,"_monsterinsights_sitenote_active":false,"_monsterinsights_sitenote_note":"","_monsterinsights_sitenote_category":0,"neve_meta_sidebar":"","neve_meta_container":"","neve_meta_enable_content_width":"off","neve_meta_content_width":70,"neve_meta_title_alignment":"","neve_meta_author_avatar":"","neve_post_elements_order":"","neve_meta_disable_header":"","neve_meta_disable_footer":"","neve_meta_disable_title":"","_jetpack_memberships_contains_paid_content":false,"footnotes":"","jetpack_publicize_message":"","jetpack_publicize_feature_enabled":true,"jetpack_social_post_already_shared":true,"jetpack_social_options":{"image_generator_settings":{"template":"highway","default_image_id":0,"font":"","enabled":false},"version":2}},"categories":[19],"tags":[47],"class_list":["post-5162","post","type-post","status-publish","format-standard","has-post-thumbnail","hentry","category-villiers","tag-cinema"],"aioseo_notices":[],"jetpack_publicize_connections":[],"jetpack_featured_media_url":"https:\/\/www.brenne-au-coeur.com\/wp-content\/uploads\/2023\/12\/film-06-01-3.resized.jpeg","jetpack-related-posts":[],"jetpack_sharing_enabled":true,"_links":{"self":[{"href":"https:\/\/www.brenne-au-coeur.com\/index.php\/wp-json\/wp\/v2\/posts\/5162","targetHints":{"allow":["GET"]}}],"collection":[{"href":"https:\/\/www.brenne-au-coeur.com\/index.php\/wp-json\/wp\/v2\/posts"}],"about":[{"href":"https:\/\/www.brenne-au-coeur.com\/index.php\/wp-json\/wp\/v2\/types\/post"}],"author":[{"embeddable":true,"href":"https:\/\/www.brenne-au-coeur.com\/index.php\/wp-json\/wp\/v2\/users\/1"}],"replies":[{"embeddable":true,"href":"https:\/\/www.brenne-au-coeur.com\/index.php\/wp-json\/wp\/v2\/comments?post=5162"}],"version-history":[{"count":1,"href":"https:\/\/www.brenne-au-coeur.com\/index.php\/wp-json\/wp\/v2\/posts\/5162\/revisions"}],"predecessor-version":[{"id":5167,"href":"https:\/\/www.brenne-au-coeur.com\/index.php\/wp-json\/wp\/v2\/posts\/5162\/revisions\/5167"}],"wp:featuredmedia":[{"embeddable":true,"href":"https:\/\/www.brenne-au-coeur.com\/index.php\/wp-json\/wp\/v2\/media\/5163"}],"wp:attachment":[{"href":"https:\/\/www.brenne-au-coeur.com\/index.php\/wp-json\/wp\/v2\/media?parent=5162"}],"wp:term":[{"taxonomy":"category","embeddable":true,"href":"https:\/\/www.brenne-au-coeur.com\/index.php\/wp-json\/wp\/v2\/categories?post=5162"},{"taxonomy":"post_tag","embeddable":true,"href":"https:\/\/www.brenne-au-coeur.com\/index.php\/wp-json\/wp\/v2\/tags?post=5162"}],"curies":[{"name":"wp","href":"https:\/\/api.w.org\/{rel}","templated":true}]}}