{"id":5157,"date":"2023-12-30T17:17:20","date_gmt":"2023-12-30T16:17:20","guid":{"rendered":"https:\/\/www.brenne-au-coeur.com\/?p=5157"},"modified":"2023-12-30T17:17:20","modified_gmt":"2023-12-30T16:17:20","slug":"ne-jetez-pas-venez-reparer","status":"publish","type":"post","link":"https:\/\/www.brenne-au-coeur.com\/index.php\/2023\/12\/30\/ne-jetez-pas-venez-reparer\/le-blanc\/5157\/","title":{"rendered":"Ne jetez pas, venez r\u00e9parer\u00a0!"},"content":{"rendered":"<p><span style=\"font-size: large;\"><a href=\"https:\/\/www.brenne-au-coeur.com\/wp-content\/uploads\/2023\/12\/2024_01_06_Atelier_LeBlanc.resized.jpeg\" rel=\"lightbox[5157]\"><img loading=\"lazy\" decoding=\"async\" class=\"alignleft wp-image-5160 size-medium\" src=\"https:\/\/www.brenne-au-coeur.com\/wp-content\/uploads\/2023\/12\/2024_01_06_Atelier_LeBlanc.resized-212x300.jpeg\" alt=\"\" width=\"212\" height=\"300\" srcset=\"https:\/\/www.brenne-au-coeur.com\/wp-content\/uploads\/2023\/12\/2024_01_06_Atelier_LeBlanc.resized-212x300.jpeg 212w, https:\/\/www.brenne-au-coeur.com\/wp-content\/uploads\/2023\/12\/2024_01_06_Atelier_LeBlanc.resized-106x150.jpeg 106w, https:\/\/www.brenne-au-coeur.com\/wp-content\/uploads\/2023\/12\/2024_01_06_Atelier_LeBlanc.resized.jpeg 354w\" sizes=\"auto, (max-width: 212px) 100vw, 212px\" \/><\/a>Samedi 06 janvier 2024, de 14h00 \u00e0 17h00 14 quai des Aub\u00e9pins, au Blanc, Reparlab ouvrira ses portes sur la journ\u00e9e pour sensibiliser un large public \u00e0 entretenir et \u00e0 r\u00e9parer des objets du quotidien&nbsp;: \u00e9lectrique, m\u00e9canique, informatique, outillage, petit \u00e9lectrom\u00e9nager, machine \u00e0 coudre&#8230; Apportez-vos appareils en panne, les r\u00e9parateurs b\u00e9n\u00e9voles vous conseilleront et vous accompagneront dans la bonne humeur. L&rsquo;atelier est gratuit et ouvert \u00e0 tous. <\/span><\/p>\n<p><span style=\"font-size: large;\">Reparlab est une association cr\u00e9\u00e9e en 2020. Elle a pour buts de prolonger la dur\u00e9e de vie des objets dans un esprit d&rsquo;\u00e9conomie circulaire, sociale et solidaire le tout dans une d\u00e9marche respectueuse de l&rsquo;environnement.<\/span><\/p>\n<p><span style=\"font-size: large;\">Les ateliers et les formations permettent de promouvoir l&rsquo;entretien, la r\u00e9utilisation, la r\u00e9paration, la transformation, la conception et l&rsquo;innovation.<\/span><\/p>\n<p><span style=\"font-size: large;\">Avec l&rsquo;aide de b\u00e9n\u00e9voles enthousiastes et dynamiques, l&rsquo;association privil\u00e9gie le faire-ensemble pour renforcer le lien social et dynamiser la vie locale sur la ville du Blanc (dans l&rsquo;Indre) et ses environs.<\/span><\/p>\n<p><span style=\"font-size: large;\">Renseignements\u00a0: 06 52 61 14 45 reparlab@mailo.com Facebook reparlab.org<\/span><\/p>\n","protected":false},"excerpt":{"rendered":"<p>Samedi 06 janvier 2024, de 14h00 \u00e0 17h00 14 quai des Aub\u00e9pins, au Blanc, Reparlab ouvrira ses portes sur la journ\u00e9e pour sensibiliser un large public \u00e0 entretenir et \u00e0 r\u00e9parer des objets du quotidien&nbsp;: \u00e9lectrique, m\u00e9canique, informatique, outillage, petit \u00e9lectrom\u00e9nager, machine \u00e0 coudre&#8230; Apportez-vos appareils en panne, les r\u00e9parateurs b\u00e9n\u00e9voles vous conseilleront et vous&hellip;&nbsp;<a href=\"https:\/\/www.brenne-au-coeur.com\/index.php\/2023\/12\/30\/ne-jetez-pas-venez-reparer\/le-blanc\/5157\/\" rel=\"bookmark\">Lire la suite&nbsp;&raquo;<span class=\"screen-reader-text\">Ne jetez pas, venez r\u00e9parer\u00a0!<\/span><\/a><\/p>\n","protected":false},"author":1,"featured_media":5158,"comment_status":"open","ping_status":"open","sticky":false,"template":"","format":"standard","meta":{"rop_custom_images_group":[],"rop_custom_messages_group":[],"rop_publish_now":"initial","rop_publish_now_accounts":[],"rop_publish_now_history":[],"rop_publish_now_status":"pending","_monsterinsights_skip_tracking":false,"_monsterinsights_sitenote_active":false,"_monsterinsights_sitenote_note":"","_monsterinsights_sitenote_category":0,"neve_meta_sidebar":"","neve_meta_container":"","neve_meta_enable_content_width":"off","neve_meta_content_width":70,"neve_meta_title_alignment":"","neve_meta_author_avatar":"","neve_post_elements_order":"","neve_meta_disable_header":"","neve_meta_disable_footer":"","neve_meta_disable_title":"","_jetpack_memberships_contains_paid_content":false,"footnotes":"","jetpack_publicize_message":"","jetpack_publicize_feature_enabled":true,"jetpack_social_post_already_shared":true,"jetpack_social_options":{"image_generator_settings":{"template":"highway","default_image_id":0,"font":"","enabled":false},"version":2}},"categories":[101],"tags":[31,110],"class_list":["post-5157","post","type-post","status-publish","format-standard","has-post-thumbnail","hentry","category-le-blanc","tag-associations","tag-economie"],"aioseo_notices":[],"jetpack_publicize_connections":[],"jetpack_featured_media_url":"https:\/\/www.brenne-au-coeur.com\/wp-content\/uploads\/2023\/12\/REPARLAB-grand-transparent.jpeg","jetpack-related-posts":[],"jetpack_sharing_enabled":true,"_links":{"self":[{"href":"https:\/\/www.brenne-au-coeur.com\/index.php\/wp-json\/wp\/v2\/posts\/5157","targetHints":{"allow":["GET"]}}],"collection":[{"href":"https:\/\/www.brenne-au-coeur.com\/index.php\/wp-json\/wp\/v2\/posts"}],"about":[{"href":"https:\/\/www.brenne-au-coeur.com\/index.php\/wp-json\/wp\/v2\/types\/post"}],"author":[{"embeddable":true,"href":"https:\/\/www.brenne-au-coeur.com\/index.php\/wp-json\/wp\/v2\/users\/1"}],"replies":[{"embeddable":true,"href":"https:\/\/www.brenne-au-coeur.com\/index.php\/wp-json\/wp\/v2\/comments?post=5157"}],"version-history":[{"count":1,"href":"https:\/\/www.brenne-au-coeur.com\/index.php\/wp-json\/wp\/v2\/posts\/5157\/revisions"}],"predecessor-version":[{"id":5161,"href":"https:\/\/www.brenne-au-coeur.com\/index.php\/wp-json\/wp\/v2\/posts\/5157\/revisions\/5161"}],"wp:featuredmedia":[{"embeddable":true,"href":"https:\/\/www.brenne-au-coeur.com\/index.php\/wp-json\/wp\/v2\/media\/5158"}],"wp:attachment":[{"href":"https:\/\/www.brenne-au-coeur.com\/index.php\/wp-json\/wp\/v2\/media?parent=5157"}],"wp:term":[{"taxonomy":"category","embeddable":true,"href":"https:\/\/www.brenne-au-coeur.com\/index.php\/wp-json\/wp\/v2\/categories?post=5157"},{"taxonomy":"post_tag","embeddable":true,"href":"https:\/\/www.brenne-au-coeur.com\/index.php\/wp-json\/wp\/v2\/tags?post=5157"}],"curies":[{"name":"wp","href":"https:\/\/api.w.org\/{rel}","templated":true}]}}