{"id":5149,"date":"2023-12-27T16:40:46","date_gmt":"2023-12-27T15:40:46","guid":{"rendered":"https:\/\/www.brenne-au-coeur.com\/?p=5149"},"modified":"2023-12-27T16:40:46","modified_gmt":"2023-12-27T15:40:46","slug":"conservation-et-protection-de-la-nature-en-brenne","status":"publish","type":"post","link":"https:\/\/www.brenne-au-coeur.com\/index.php\/2023\/12\/27\/conservation-et-protection-de-la-nature-en-brenne\/evenements\/5149\/","title":{"rendered":"Conservation et Protection de la nature en Brenne"},"content":{"rendered":"<p><span style=\"font-size: large;\"><a href=\"https:\/\/www.brenne-au-coeur.com\/wp-content\/uploads\/2023\/12\/brenne-2015-021.resized.jpg\" rel=\"lightbox[5149]\"><img loading=\"lazy\" decoding=\"async\" class=\"alignleft wp-image-5150 size-medium\" src=\"https:\/\/www.brenne-au-coeur.com\/wp-content\/uploads\/2023\/12\/brenne-2015-021.resized-300x200.jpg\" alt=\"\" width=\"300\" height=\"200\" srcset=\"https:\/\/www.brenne-au-coeur.com\/wp-content\/uploads\/2023\/12\/brenne-2015-021.resized-300x200.jpg 300w, https:\/\/www.brenne-au-coeur.com\/wp-content\/uploads\/2023\/12\/brenne-2015-021.resized-150x100.jpg 150w, https:\/\/www.brenne-au-coeur.com\/wp-content\/uploads\/2023\/12\/brenne-2015-021.resized-272x182.jpg 272w, https:\/\/www.brenne-au-coeur.com\/wp-content\/uploads\/2023\/12\/brenne-2015-021.resized.jpg 400w\" sizes=\"auto, (max-width: 300px) 100vw, 300px\" \/><\/a> Jeudi 11 janvier 2024, \u00e0 18h00, salle Carnot (rue Pasteur) au Blanc, l\u2019Universit\u00e9 Inter-g\u00e9n\u00e9ration Populaire Blancoise (UIPB) organise une conf\u00e9rence. Tony Williams, naturaliste pr\u00e9sentera le r\u00f4le des espaces prot\u00e9g\u00e9s. Cette soir\u00e9e constituant la premi\u00e8re partie de ce th\u00e8me consacr\u00e9 \u00e0 la protection de la nature en Brenne. <\/span><\/p>\n<p><span style=\"font-size: large;\">La Brenne est connue depuis longtemps pour ses richesses naturelles. Elle abrite un grand nombre d&rsquo;esp\u00e8ces de plantes et d&rsquo;animaux sauvages (oiseaux en particulier) dont certaines sont rares au niveau national, voire m\u00eame \u00e0 l&rsquo;\u00e9chelle du continent europ\u00e9en. Les premi\u00e8res initiatives de protection de cette nature remarquable sur des sites d\u00e9di\u00e9s se sont organis\u00e9es \u00e0 partir de 1982. Aujourd&rsquo;hui, il n&rsquo;existe pas moins de 8 sites prot\u00e9g\u00e9s dans le Parc naturel r\u00e9gional de Brenne. Les propri\u00e9taires de ces sites sont des entit\u00e9s diverses (associations, communes&#8230;). L\u2019UIPB invite \u00e0 faire le tour de tous les acteurs concern\u00e9s, \u00e0 parler de leurs statuts et de leurs implications en Brenne. Ensuite, sera \u00e9voqu\u00e9 l&rsquo;historique de la protection de la nature en Brenne jusqu&rsquo;\u00e0 aujourd&rsquo;hui.<\/span><\/p>\n<figure id=\"attachment_5153\" aria-describedby=\"caption-attachment-5153\" style=\"width: 300px\" class=\"wp-caption alignright\"><a href=\"https:\/\/www.brenne-au-coeur.com\/wp-content\/uploads\/2023\/12\/uipb.jpeg\" rel=\"lightbox[5149]\"><img loading=\"lazy\" decoding=\"async\" class=\"wp-image-5153 size-medium\" src=\"https:\/\/www.brenne-au-coeur.com\/wp-content\/uploads\/2023\/12\/uipb-300x102.jpeg\" alt=\"\" width=\"300\" height=\"102\" srcset=\"https:\/\/www.brenne-au-coeur.com\/wp-content\/uploads\/2023\/12\/uipb-300x102.jpeg 300w, https:\/\/www.brenne-au-coeur.com\/wp-content\/uploads\/2023\/12\/uipb-150x51.jpeg 150w, https:\/\/www.brenne-au-coeur.com\/wp-content\/uploads\/2023\/12\/uipb.jpeg 385w\" sizes=\"auto, (max-width: 300px) 100vw, 300px\" \/><\/a><figcaption id=\"caption-attachment-5153\" class=\"wp-caption-text\">source&nbsp;: site UIPB<\/figcaption><\/figure>\n<p><span style=\"font-size: large;\">Le site internet de l\u2019UIPB, p\u00e9cise sa vocation. <\/span><\/p>\n<p><span style=\"font-size: large;\"><i>\u00ab&nbsp;Promouvoir le d\u00e9veloppement et la diffusion de toutes les formes de culture aupr\u00e8s de la population, afin de permettre le partage du savoir.&nbsp;\u00bb C\u2019est par ce leitmotiv que nous agissons. <\/i><\/span><\/p>\n<p><span style=\"font-size: large;\"><i>La culture est un \u00e9l\u00e9ment trop souvent mis \u00e0 l\u2019\u00e9cart, et pourtant elle est le fondement essentiel de tout individu.<\/i><\/span><\/p>\n<p><span style=\"font-size: large;\"><i>La connaissance n\u2019est pas une propri\u00e9t\u00e9 priv\u00e9e, elle est \u00e0 tous et pour tous. Elle n\u2019est pas une chose finie, elle se multiplie. Elle n\u2019est pas born\u00e9e, elle doit se propager&nbsp;!<\/i><\/span><\/p>\n<p>Photo annonce article&nbsp;: Robert Ansel<\/p>\n","protected":false},"excerpt":{"rendered":"<p>Jeudi 11 janvier 2024, \u00e0 18h00, salle Carnot (rue Pasteur) au Blanc, l\u2019Universit\u00e9 Inter-g\u00e9n\u00e9ration Populaire Blancoise (UIPB) organise une conf\u00e9rence. Tony Williams, naturaliste pr\u00e9sentera le r\u00f4le des espaces prot\u00e9g\u00e9s. Cette soir\u00e9e constituant la premi\u00e8re partie de ce th\u00e8me consacr\u00e9 \u00e0 la protection de la nature en Brenne. La Brenne est connue depuis longtemps pour ses&hellip;&nbsp;<a href=\"https:\/\/www.brenne-au-coeur.com\/index.php\/2023\/12\/27\/conservation-et-protection-de-la-nature-en-brenne\/evenements\/5149\/\" rel=\"bookmark\">Lire la suite&nbsp;&raquo;<span class=\"screen-reader-text\">Conservation et Protection de la nature en Brenne<\/span><\/a><\/p>\n","protected":false},"author":1,"featured_media":5151,"comment_status":"open","ping_status":"open","sticky":false,"template":"","format":"standard","meta":{"rop_custom_images_group":[],"rop_custom_messages_group":[],"rop_publish_now":"initial","rop_publish_now_accounts":[],"rop_publish_now_history":[],"rop_publish_now_status":"pending","_monsterinsights_skip_tracking":false,"_monsterinsights_sitenote_active":false,"_monsterinsights_sitenote_note":"","_monsterinsights_sitenote_category":0,"neve_meta_sidebar":"","neve_meta_container":"","neve_meta_enable_content_width":"off","neve_meta_content_width":70,"neve_meta_title_alignment":"","neve_meta_author_avatar":"","neve_post_elements_order":"","neve_meta_disable_header":"","neve_meta_disable_footer":"","neve_meta_disable_title":"","_jetpack_memberships_contains_paid_content":false,"footnotes":"","jetpack_publicize_message":"","jetpack_publicize_feature_enabled":true,"jetpack_social_post_already_shared":true,"jetpack_social_options":{"image_generator_settings":{"template":"highway","default_image_id":0,"font":"","enabled":false},"version":2}},"categories":[21,101],"tags":[84,27],"class_list":["post-5149","post","type-post","status-publish","format-standard","has-post-thumbnail","hentry","category-evenements","category-le-blanc","tag-conference","tag-nature"],"aioseo_notices":[],"jetpack_publicize_connections":[],"jetpack_featured_media_url":"https:\/\/www.brenne-au-coeur.com\/wp-content\/uploads\/2023\/12\/Huppe-.jpg","jetpack-related-posts":[],"jetpack_sharing_enabled":true,"_links":{"self":[{"href":"https:\/\/www.brenne-au-coeur.com\/index.php\/wp-json\/wp\/v2\/posts\/5149","targetHints":{"allow":["GET"]}}],"collection":[{"href":"https:\/\/www.brenne-au-coeur.com\/index.php\/wp-json\/wp\/v2\/posts"}],"about":[{"href":"https:\/\/www.brenne-au-coeur.com\/index.php\/wp-json\/wp\/v2\/types\/post"}],"author":[{"embeddable":true,"href":"https:\/\/www.brenne-au-coeur.com\/index.php\/wp-json\/wp\/v2\/users\/1"}],"replies":[{"embeddable":true,"href":"https:\/\/www.brenne-au-coeur.com\/index.php\/wp-json\/wp\/v2\/comments?post=5149"}],"version-history":[{"count":1,"href":"https:\/\/www.brenne-au-coeur.com\/index.php\/wp-json\/wp\/v2\/posts\/5149\/revisions"}],"predecessor-version":[{"id":5154,"href":"https:\/\/www.brenne-au-coeur.com\/index.php\/wp-json\/wp\/v2\/posts\/5149\/revisions\/5154"}],"wp:featuredmedia":[{"embeddable":true,"href":"https:\/\/www.brenne-au-coeur.com\/index.php\/wp-json\/wp\/v2\/media\/5151"}],"wp:attachment":[{"href":"https:\/\/www.brenne-au-coeur.com\/index.php\/wp-json\/wp\/v2\/media?parent=5149"}],"wp:term":[{"taxonomy":"category","embeddable":true,"href":"https:\/\/www.brenne-au-coeur.com\/index.php\/wp-json\/wp\/v2\/categories?post=5149"},{"taxonomy":"post_tag","embeddable":true,"href":"https:\/\/www.brenne-au-coeur.com\/index.php\/wp-json\/wp\/v2\/tags?post=5149"}],"curies":[{"name":"wp","href":"https:\/\/api.w.org\/{rel}","templated":true}]}}