{"id":5125,"date":"2023-12-19T18:42:15","date_gmt":"2023-12-19T17:42:15","guid":{"rendered":"https:\/\/www.brenne-au-coeur.com\/?p=5125"},"modified":"2023-12-19T18:42:15","modified_gmt":"2023-12-19T17:42:15","slug":"concert-de-noel-a-chatillon","status":"publish","type":"post","link":"https:\/\/www.brenne-au-coeur.com\/index.php\/2023\/12\/19\/concert-de-noel-a-chatillon\/chatillon-sur-indre\/5125\/","title":{"rendered":"Concert de No\u00ebl \u00e0 Ch\u00e2tillon"},"content":{"rendered":"<p><span style=\"font-size: large;\">Samedi 16 d\u00e9cembre, en l\u2019\u00e9glise de Ch\u00e2tillon-sur-Indre, un nombreux public est venu assister au traditionnel concert de No\u00ebl, propos\u00e9 par la municipalit\u00e9.<\/span><\/p>\n<p><span style=\"font-size: large;\">Un voyage musical parmi des \u0153uvres de Bellini et Schumann, en passant par Bach, Mozart, Gounod jusqu\u2019\u00e0 Adolphe Adam pour le fameux \u00ab\u00a0Minuit, Chr\u00e9tiens\u00a0\u00bb. Le spectacle a \u00e9t\u00e9 pr\u00e9sent\u00e9 conjointement par les Rencontres musicales de Jaugette gr\u00e2ce \u00e0 l&rsquo;interpr\u00e9tation au piano de Irina Kataeva-Aimard, et la chorale \u00ab\u00a0Ensemble Calliope\u00a0\u00bb compos\u00e9e de Catherine Cardin-dubroca, Martine Gille, Marie-Paul Klein, Odile V\u00e9ronique Leclerc et Marie-Odile Steib. Gerard de Montigny \u00e0 l&rsquo;orgue, a ponctu\u00e9 le concert, au c\u0153ur de cette l&rsquo;\u00e9glise, ancienne coll\u00e9giale, Sainte-Austr\u00e9g\u00e9sile, construite dans la premi\u00e8re moiti\u00e9 du XII\u00e8me si\u00e8cle. Les cent-cinquante personnes pr\u00e9sentes se sont jointes aux chants de No\u00ebl en cl\u00f4ture de cette soir\u00e9e, avant de poursuivre ce moment de partage et de convivialit\u00e9 autour d\u2019un verre de l\u2019amiti\u00e9 offert par l\u2019association \u00ab&nbsp;Rencontres musicales de Jaugette&nbsp;\u00bb.<\/span><\/p>\n<div class=\"nv-iframe-embed\"><div class=\"lyte-wrapper fourthree\" title=\"Concert de No&euml;l - Ch&acirc;tillon-sur-Indre- samedi 16 d&eacute;cembre 2023\" style=\"width:420px;max-width:100%;margin:5px auto;\"><div class=\"lyMe hidef\" id=\"WYL_bdUj7QNW-Dc\" itemprop=\"video\" itemscope itemtype=\"https:\/\/schema.org\/VideoObject\"><div><meta itemprop=\"thumbnailUrl\" content=\"https:\/\/www.brenne-au-coeur.com\/wp-content\/plugins\/wp-youtube-lyte\/lyteCache.php?origThumbUrl=https%3A%2F%2Fi.ytimg.com%2Fvi%2FbdUj7QNW-Dc%2Fmaxresdefault.jpg\" \/><meta itemprop=\"embedURL\" content=\"https:\/\/www.youtube.com\/embed\/bdUj7QNW-Dc\" \/><meta itemprop=\"duration\" content=\"PT3M49S\" \/><meta itemprop=\"uploadDate\" content=\"2023-12-19T17:12:55Z\" \/><\/div><div id=\"lyte_bdUj7QNW-Dc\" data-src=\"https:\/\/www.brenne-au-coeur.com\/wp-content\/plugins\/wp-youtube-lyte\/lyteCache.php?origThumbUrl=https%3A%2F%2Fi.ytimg.com%2Fvi%2FbdUj7QNW-Dc%2Fmaxresdefault.jpg\" class=\"pL\"><div class=\"tC\"><div class=\"tT\" itemprop=\"name\">Concert de No\u00ebl - Ch\u00e2tillon-sur-Indre- samedi 16 d\u00e9cembre 2023<\/div><\/div><div class=\"play\"><\/div><div class=\"ctrl\"><div class=\"Lctrl\"><\/div><div class=\"Rctrl\"><\/div><\/div><\/div><noscript><a href=\"https:\/\/youtu.be\/bdUj7QNW-Dc\" rel=\"nofollow\"><img loading=\"lazy\" decoding=\"async\" src=\"https:\/\/www.brenne-au-coeur.com\/wp-content\/plugins\/wp-youtube-lyte\/lyteCache.php?origThumbUrl=https%3A%2F%2Fi.ytimg.com%2Fvi%2FbdUj7QNW-Dc%2F0.jpg\" alt=\"Concert de No&euml;l - Ch&acirc;tillon-sur-Indre- samedi 16 d&eacute;cembre 2023\" width=\"420\" height=\"295\" \/><br \/>Lire cette vid\u00e9o sur YouTube<\/a><\/noscript><meta itemprop=\"description\" content=\"Concert de No\u00ebl - Ch\u00e2tillon-sur-Indre- samedi 16 d\u00e9cembre 2023\"><\/div><\/div><div class=\"lL\" style=\"max-width:100%;width:420px;margin:5px auto;\"><\/div><\/div>\n","protected":false},"excerpt":{"rendered":"<p>Samedi 16 d\u00e9cembre, en l\u2019\u00e9glise de Ch\u00e2tillon-sur-Indre, un nombreux public est venu assister au traditionnel concert de No\u00ebl, propos\u00e9 par la municipalit\u00e9. Un voyage musical parmi des \u0153uvres de Bellini et Schumann, en passant par Bach, Mozart, Gounod jusqu\u2019\u00e0 Adolphe Adam pour le fameux \u00ab\u00a0Minuit, Chr\u00e9tiens\u00a0\u00bb. Le spectacle a \u00e9t\u00e9 pr\u00e9sent\u00e9 conjointement par les Rencontres&hellip;&nbsp;<a href=\"https:\/\/www.brenne-au-coeur.com\/index.php\/2023\/12\/19\/concert-de-noel-a-chatillon\/chatillon-sur-indre\/5125\/\" rel=\"bookmark\">Lire la suite&nbsp;&raquo;<span class=\"screen-reader-text\">Concert de No\u00ebl \u00e0 Ch\u00e2tillon<\/span><\/a><\/p>\n","protected":false},"author":1,"featured_media":5127,"comment_status":"open","ping_status":"open","sticky":false,"template":"","format":"standard","meta":{"rop_custom_images_group":[],"rop_custom_messages_group":[],"rop_publish_now":"initial","rop_publish_now_accounts":[],"rop_publish_now_history":[],"rop_publish_now_status":"pending","_monsterinsights_skip_tracking":false,"_monsterinsights_sitenote_active":false,"_monsterinsights_sitenote_note":"","_monsterinsights_sitenote_category":0,"neve_meta_sidebar":"","neve_meta_container":"","neve_meta_enable_content_width":"off","neve_meta_content_width":70,"neve_meta_title_alignment":"","neve_meta_author_avatar":"","neve_post_elements_order":"","neve_meta_disable_header":"","neve_meta_disable_footer":"","neve_meta_disable_title":"","_jetpack_memberships_contains_paid_content":false,"footnotes":"","jetpack_publicize_message":"","jetpack_publicize_feature_enabled":true,"jetpack_social_post_already_shared":true,"jetpack_social_options":{"image_generator_settings":{"template":"highway","default_image_id":0,"font":"","enabled":false},"version":2}},"categories":[90],"tags":[64,73],"class_list":["post-5125","post","type-post","status-publish","format-standard","has-post-thumbnail","hentry","category-chatillon-sur-indre","tag-concert","tag-tradition"],"aioseo_notices":[],"jetpack_publicize_connections":[],"jetpack_featured_media_url":"https:\/\/www.brenne-au-coeur.com\/wp-content\/uploads\/2023\/12\/20231216_193503.resized.jpg","jetpack-related-posts":[],"jetpack_sharing_enabled":true,"_links":{"self":[{"href":"https:\/\/www.brenne-au-coeur.com\/index.php\/wp-json\/wp\/v2\/posts\/5125","targetHints":{"allow":["GET"]}}],"collection":[{"href":"https:\/\/www.brenne-au-coeur.com\/index.php\/wp-json\/wp\/v2\/posts"}],"about":[{"href":"https:\/\/www.brenne-au-coeur.com\/index.php\/wp-json\/wp\/v2\/types\/post"}],"author":[{"embeddable":true,"href":"https:\/\/www.brenne-au-coeur.com\/index.php\/wp-json\/wp\/v2\/users\/1"}],"replies":[{"embeddable":true,"href":"https:\/\/www.brenne-au-coeur.com\/index.php\/wp-json\/wp\/v2\/comments?post=5125"}],"version-history":[{"count":1,"href":"https:\/\/www.brenne-au-coeur.com\/index.php\/wp-json\/wp\/v2\/posts\/5125\/revisions"}],"predecessor-version":[{"id":5128,"href":"https:\/\/www.brenne-au-coeur.com\/index.php\/wp-json\/wp\/v2\/posts\/5125\/revisions\/5128"}],"wp:featuredmedia":[{"embeddable":true,"href":"https:\/\/www.brenne-au-coeur.com\/index.php\/wp-json\/wp\/v2\/media\/5127"}],"wp:attachment":[{"href":"https:\/\/www.brenne-au-coeur.com\/index.php\/wp-json\/wp\/v2\/media?parent=5125"}],"wp:term":[{"taxonomy":"category","embeddable":true,"href":"https:\/\/www.brenne-au-coeur.com\/index.php\/wp-json\/wp\/v2\/categories?post=5125"},{"taxonomy":"post_tag","embeddable":true,"href":"https:\/\/www.brenne-au-coeur.com\/index.php\/wp-json\/wp\/v2\/tags?post=5125"}],"curies":[{"name":"wp","href":"https:\/\/api.w.org\/{rel}","templated":true}]}}