{"id":5102,"date":"2023-12-16T18:17:07","date_gmt":"2023-12-16T17:17:07","guid":{"rendered":"https:\/\/www.brenne-au-coeur.com\/?p=5102"},"modified":"2023-12-16T18:21:43","modified_gmt":"2023-12-16T17:21:43","slug":"le-moulin-eveille-les-papilles","status":"publish","type":"post","link":"https:\/\/www.brenne-au-coeur.com\/index.php\/2023\/12\/16\/le-moulin-eveille-les-papilles\/communes\/5102\/","title":{"rendered":"Le moulin \u00e9veille les papilles"},"content":{"rendered":"<p><span style=\"font-family: Arial, Helvetica, sans-serif;\"><a href=\"https:\/\/www.brenne-au-coeur.com\/wp-content\/uploads\/2023\/12\/11_me_salon_de_la_gourmandise_3.resized.jpg\" rel=\"lightbox[5102]\"><img loading=\"lazy\" decoding=\"async\" class=\"alignleft wp-image-5104 size-medium\" src=\"https:\/\/www.brenne-au-coeur.com\/wp-content\/uploads\/2023\/12\/11_me_salon_de_la_gourmandise_3.resized-225x300.jpg\" alt=\"\" width=\"225\" height=\"300\" srcset=\"https:\/\/www.brenne-au-coeur.com\/wp-content\/uploads\/2023\/12\/11_me_salon_de_la_gourmandise_3.resized-225x300.jpg 225w, https:\/\/www.brenne-au-coeur.com\/wp-content\/uploads\/2023\/12\/11_me_salon_de_la_gourmandise_3.resized-768x1024.jpg 768w, https:\/\/www.brenne-au-coeur.com\/wp-content\/uploads\/2023\/12\/11_me_salon_de_la_gourmandise_3.resized-113x150.jpg 113w, https:\/\/www.brenne-au-coeur.com\/wp-content\/uploads\/2023\/12\/11_me_salon_de_la_gourmandise_3.resized.jpg 1125w\" sizes=\"auto, (max-width: 225px) 100vw, 225px\" \/><\/a>Jusqu&rsquo;au 4 janvier, cette derni\u00e8re exposition de l&rsquo;ann\u00e9e se veut gourmande, avec le 11\u00e8me salon de la gourmandise sous toutes ses formes qui se d\u00e9guste d&rsquo;abord par le regard, \u00e0 travers les aquarelles de Fran\u00e7oise Nicoulaud. Elle propose une d\u00e9clinaison de gourmandises. Les pastels et acryliques d&rsquo;Annie Pichonnet mettent, quant \u00e0 elles, la basse-cour \u00e0 l&rsquo;honneur. Fran\u00e7oise Lauchet s&rsquo;adonne aux pastels autour de l&rsquo;art de la maison apr\u00e8s la passion des visages. Carine Pawelko autour de l&rsquo;art de la table, expose des collages sur ardoises et autres objets d\u00e9coratifs de la maison. Deux artisans d&rsquo;art offrent aussi quelques magnifiques objets. Claude Jouhanneau, tourneur sur bois propose entre autres casses noix, coquetiers, cuill\u00e8res \u00e0 sel et \u00e0 miel et sur une table voisine, Pascale Gruenberg pr\u00e9sente des c\u00e9ramiques de toute beaut\u00e9 au gr\u00e9 du gr\u00e8s et de la porcelaine.\u00a0<\/span><\/p>\n<p><span style=\"font-family: Arial, Helvetica, sans-serif;\">C\u00f4t\u00e9 art culinaire, les papilles n&rsquo;\u00e9taient pas en reste car du sal\u00e9 au sucr\u00e9, il y en avait pour tous les go\u00fbts. Des produits gastronomiques propos\u00e9s par 7 producteurs locaux.\u00a0Reflets de Brenne de l&rsquo;auberge du Gr\u00e8be de Lureuil propose des conserves de poissons d&rsquo;eau douce. Les d\u00e9lices d&rsquo;Elo Ange d&rsquo;Arpheuilles ont pour sp\u00e9cialit\u00e9 le foie gras et le canard. Pascal Hillaire de Clion sur Indre agr\u00e9mente les miels et produits de la ruche. Micka\u00ebl Brisse est venu de St Genou avec des babas en bocaux, des berlingots, des amandes enrob\u00e9es et autres douceurs. Les p\u00e2tes \u00e0 tartiner mac\u00e9riennes de Noiseraie production \u00e0 base de pralin\u00e9 travaill\u00e9 dans des poellons de fa\u00e7on artisanale ne manquaient pas \u00e0 l&rsquo;appel. Le tout arros\u00e9 d&rsquo;un Montlouis sur Loire du viticulteur Philippe Galliot. Apr\u00e8s \u00e7a, reste \u00e0 prendre une tisane de Damien et Lucie de Brin d&rsquo;\u00eatre de Saulnay, rois des plantes aromatiques pour faire chanter\u00a0votre cuisine.\u00a0<\/span><\/p>\n<p><span style=\"font-family: Arial, Helvetica, sans-serif;\"><a href=\"https:\/\/www.brenne-au-coeur.com\/wp-content\/uploads\/2023\/12\/11_me_salon_de_la_gourmandise_2.resized.jpg\" rel=\"lightbox[5102]\"><img loading=\"lazy\" decoding=\"async\" class=\"alignright wp-image-5103 size-medium\" src=\"https:\/\/www.brenne-au-coeur.com\/wp-content\/uploads\/2023\/12\/11_me_salon_de_la_gourmandise_2.resized-300x225.jpg\" alt=\"\" width=\"300\" height=\"225\" srcset=\"https:\/\/www.brenne-au-coeur.com\/wp-content\/uploads\/2023\/12\/11_me_salon_de_la_gourmandise_2.resized-300x225.jpg 300w, https:\/\/www.brenne-au-coeur.com\/wp-content\/uploads\/2023\/12\/11_me_salon_de_la_gourmandise_2.resized-1024x768.jpg 1024w, https:\/\/www.brenne-au-coeur.com\/wp-content\/uploads\/2023\/12\/11_me_salon_de_la_gourmandise_2.resized-150x113.jpg 150w, https:\/\/www.brenne-au-coeur.com\/wp-content\/uploads\/2023\/12\/11_me_salon_de_la_gourmandise_2.resized-768x576.jpg 768w, https:\/\/www.brenne-au-coeur.com\/wp-content\/uploads\/2023\/12\/11_me_salon_de_la_gourmandise_2.resized.jpg 1200w\" sizes=\"auto, (max-width: 300px) 100vw, 300px\" \/><\/a>Les gourmands sont\u00a0venus tr\u00e8s nombreux pour ce salon de la gourmandise qui s&rsquo;est conclu\u00a0par une d\u00e9gustation de quelques uns de ces produits locaux tr\u00e8s appr\u00e9ci\u00e9s. Les emplettes sont ouvertes jusqu&rsquo;au 4 janvier.\u00a0<\/span><\/p>\n<p>&nbsp;<\/p>\n<p><span style=\"font-family: Arial, Helvetica, sans-serif;\"><br \/>\n11\u00e8me salon de la gourmandise jusqu&rsquo;au 4 janvier, ouvert le mardi, mercredi, jeudi de 14 h \u00e0 18 h le jeudi et samedi de 9 h 30 \u00e0 12 h 30 et de 14 h \u00e0 18 h, les dimanches de d\u00e9cembre\u00a0 de 9 h 30 \u00e0 12 h 30 et de 14 h \u00e0 17 h et les dimanches 24 et le 31 d\u00e9cembre de 9 h 30 \u00e0 12 h 30. Au 1, rue du Nord. Contact au 02.54.38.12.24<\/span><\/p>\n","protected":false},"excerpt":{"rendered":"<p>Jusqu&rsquo;au 4 janvier, cette derni\u00e8re exposition de l&rsquo;ann\u00e9e se veut gourmande, avec le 11\u00e8me salon de la gourmandise sous toutes ses formes qui se d\u00e9guste d&rsquo;abord par le regard, \u00e0 travers les aquarelles de Fran\u00e7oise Nicoulaud. Elle propose une d\u00e9clinaison de gourmandises. Les pastels et acryliques d&rsquo;Annie Pichonnet mettent, quant \u00e0 elles, la basse-cour \u00e0&hellip;&nbsp;<a href=\"https:\/\/www.brenne-au-coeur.com\/index.php\/2023\/12\/16\/le-moulin-eveille-les-papilles\/communes\/5102\/\" rel=\"bookmark\">Lire la suite&nbsp;&raquo;<span class=\"screen-reader-text\">Le moulin \u00e9veille les papilles<\/span><\/a><\/p>\n","protected":false},"author":15,"featured_media":5104,"comment_status":"open","ping_status":"open","sticky":false,"template":"","format":"standard","meta":{"rop_custom_images_group":[],"rop_custom_messages_group":[],"rop_publish_now":"initial","rop_publish_now_accounts":[],"rop_publish_now_history":[],"rop_publish_now_status":"pending","_monsterinsights_skip_tracking":false,"_monsterinsights_sitenote_active":false,"_monsterinsights_sitenote_note":"","_monsterinsights_sitenote_category":0,"neve_meta_sidebar":"","neve_meta_container":"","neve_meta_enable_content_width":"off","neve_meta_content_width":70,"neve_meta_title_alignment":"","neve_meta_author_avatar":"","neve_post_elements_order":"","neve_meta_disable_header":"","neve_meta_disable_footer":"","neve_meta_disable_title":"","_jetpack_memberships_contains_paid_content":false,"footnotes":"","jetpack_publicize_message":"","jetpack_publicize_feature_enabled":true,"jetpack_social_post_already_shared":true,"jetpack_social_options":{"image_generator_settings":{"template":"highway","default_image_id":0,"font":"","enabled":false},"version":2}},"categories":[8,12,54],"tags":[50,103,46],"class_list":["post-5102","post","type-post","status-publish","format-standard","has-post-thumbnail","hentry","category-communes","category-mezieres-en-brenne","category-moulin","tag-artisanat","tag-gastronomie","tag-peinture"],"aioseo_notices":[],"jetpack_publicize_connections":[],"jetpack_featured_media_url":"https:\/\/www.brenne-au-coeur.com\/wp-content\/uploads\/2023\/12\/11_me_salon_de_la_gourmandise_3.resized.jpg","jetpack-related-posts":[],"jetpack_sharing_enabled":true,"_links":{"self":[{"href":"https:\/\/www.brenne-au-coeur.com\/index.php\/wp-json\/wp\/v2\/posts\/5102","targetHints":{"allow":["GET"]}}],"collection":[{"href":"https:\/\/www.brenne-au-coeur.com\/index.php\/wp-json\/wp\/v2\/posts"}],"about":[{"href":"https:\/\/www.brenne-au-coeur.com\/index.php\/wp-json\/wp\/v2\/types\/post"}],"author":[{"embeddable":true,"href":"https:\/\/www.brenne-au-coeur.com\/index.php\/wp-json\/wp\/v2\/users\/15"}],"replies":[{"embeddable":true,"href":"https:\/\/www.brenne-au-coeur.com\/index.php\/wp-json\/wp\/v2\/comments?post=5102"}],"version-history":[{"count":1,"href":"https:\/\/www.brenne-au-coeur.com\/index.php\/wp-json\/wp\/v2\/posts\/5102\/revisions"}],"predecessor-version":[{"id":5105,"href":"https:\/\/www.brenne-au-coeur.com\/index.php\/wp-json\/wp\/v2\/posts\/5102\/revisions\/5105"}],"wp:featuredmedia":[{"embeddable":true,"href":"https:\/\/www.brenne-au-coeur.com\/index.php\/wp-json\/wp\/v2\/media\/5104"}],"wp:attachment":[{"href":"https:\/\/www.brenne-au-coeur.com\/index.php\/wp-json\/wp\/v2\/media?parent=5102"}],"wp:term":[{"taxonomy":"category","embeddable":true,"href":"https:\/\/www.brenne-au-coeur.com\/index.php\/wp-json\/wp\/v2\/categories?post=5102"},{"taxonomy":"post_tag","embeddable":true,"href":"https:\/\/www.brenne-au-coeur.com\/index.php\/wp-json\/wp\/v2\/tags?post=5102"}],"curies":[{"name":"wp","href":"https:\/\/api.w.org\/{rel}","templated":true}]}}