{"id":5062,"date":"2023-12-02T16:56:20","date_gmt":"2023-12-02T15:56:20","guid":{"rendered":"https:\/\/www.brenne-au-coeur.com\/?p=5062"},"modified":"2023-12-02T17:01:32","modified_gmt":"2023-12-02T16:01:32","slug":"chants-du-monde-a-mezieres","status":"publish","type":"post","link":"https:\/\/www.brenne-au-coeur.com\/index.php\/2023\/12\/02\/chants-du-monde-a-mezieres\/communes\/mezieres-en-brenne\/5062\/","title":{"rendered":"Chants du monde \u00e0 M\u00e9zi\u00e8res"},"content":{"rendered":"<p><span style=\"font-size: large;\">C\u2019est \u00e0 un v\u00e9ritable tour du monde en chansons que nous convie l\u2019association Familles rurales de M\u00e9zi\u00e8re-Saint-Michel. Un spectacle organis\u00e9 au b\u00e9n\u00e9fice du <a href=\"https:\/\/www.afm-telethon.fr\/fr\/evenement-telethon\">T\u00e9l\u00e9thon<\/a>. Ce dimanche 10 d\u00e9cembre apr\u00e8s-midi \u00e0 14h, deux chorales interpr\u00e9teront des chants de leurs r\u00e9pertoires, marqu\u00e9s par la vari\u00e9t\u00e9 des styles et des origines. <\/span><\/p>\n<figure id=\"attachment_5063\" aria-describedby=\"caption-attachment-5063\" style=\"width: 300px\" class=\"wp-caption alignleft\"><a href=\"https:\/\/www.brenne-au-coeur.com\/wp-content\/uploads\/2023\/12\/chorale-mezieres-2.jpg\" rel=\"lightbox[5062]\"><img loading=\"lazy\" decoding=\"async\" class=\"wp-image-5063 size-medium\" src=\"https:\/\/www.brenne-au-coeur.com\/wp-content\/uploads\/2023\/12\/chorale-mezieres-2-300x200.jpg\" alt=\"\" width=\"300\" height=\"200\" srcset=\"https:\/\/www.brenne-au-coeur.com\/wp-content\/uploads\/2023\/12\/chorale-mezieres-2-300x200.jpg 300w, https:\/\/www.brenne-au-coeur.com\/wp-content\/uploads\/2023\/12\/chorale-mezieres-2-1024x682.jpg 1024w, https:\/\/www.brenne-au-coeur.com\/wp-content\/uploads\/2023\/12\/chorale-mezieres-2-150x100.jpg 150w, https:\/\/www.brenne-au-coeur.com\/wp-content\/uploads\/2023\/12\/chorale-mezieres-2-768x512.jpg 768w, https:\/\/www.brenne-au-coeur.com\/wp-content\/uploads\/2023\/12\/chorale-mezieres-2-1536x1023.jpg 1536w, https:\/\/www.brenne-au-coeur.com\/wp-content\/uploads\/2023\/12\/chorale-mezieres-2-930x620.jpg 930w, https:\/\/www.brenne-au-coeur.com\/wp-content\/uploads\/2023\/12\/chorale-mezieres-2-272x182.jpg 272w, https:\/\/www.brenne-au-coeur.com\/wp-content\/uploads\/2023\/12\/chorale-mezieres-2.jpg 1600w\" sizes=\"auto, (max-width: 300px) 100vw, 300px\" \/><\/a><figcaption id=\"caption-attachment-5063\" class=\"wp-caption-text\">La chorale de M\u00e9zi\u00e8res<\/figcaption><\/figure>\n<p><span style=\"font-size: large;\">La chorale de M\u00e9zi\u00e8res chantera Makotoud\u00e9, un chant africain, en canon, Spav\u00ef , une berceuse serbo-croate, Le lion est mort ce soir de Henri Salvador, Dona nobis pacem de Mozart, Dobr\u00f9 noc un chant slovaque, Soy boyero, argentin, banaha, africain, L\u2019inspecteur m\u00e8ne l\u2019enqu\u00eate, un swing jazz et le gospel Glory Glory hallelujah. <\/span><\/p>\n<p><span style=\"font-size: large;\">Un programme qui traduit parfaitement l\u2019\u00e9tat d\u2019esprit de cette chorale, dont l\u2019autre sp\u00e9cificit\u00e9 est sa composition. Son but est en effet de cultiver une dimension interg\u00e9n\u00e9rationnelle, dans une ambiance familiale. Les choristes sont \u00e2g\u00e9s de 8 ans \u00e0 plus de 80 ans. <\/span><\/p>\n<p><span style=\"font-size: large;\">Les chanteuses et chanteurs se produiront de nouveau lors du premier trimestre 2024. Le 23 mars plus pr\u00e9cis\u00e9ment, au cours du carnaval mis en place par l\u2019\u00e9cole de musique de M\u00e9zi\u00e8res, \u00e0 laquelle la chorale est affili\u00e9e.<\/span><\/p>\n<p><span style=\"font-size: large;\">La chorale comprend une trentaine de membres qui sont invit\u00e9s \u00e0 r\u00e9p\u00e9ter chaque mardi soir, sous la direction de Catherine Depont. <\/span><\/p>\n<figure id=\"attachment_5064\" aria-describedby=\"caption-attachment-5064\" style=\"width: 207px\" class=\"wp-caption alignright\"><a href=\"https:\/\/www.brenne-au-coeur.com\/wp-content\/uploads\/2023\/12\/Photo-choeur-du-pays-des-harmonies-Chabris.jpg\" rel=\"lightbox[5062]\"><img loading=\"lazy\" decoding=\"async\" class=\"wp-image-5064\" src=\"https:\/\/www.brenne-au-coeur.com\/wp-content\/uploads\/2023\/12\/Photo-choeur-du-pays-des-harmonies-Chabris-212x300.jpg\" alt=\"\" width=\"207\" height=\"293\" srcset=\"https:\/\/www.brenne-au-coeur.com\/wp-content\/uploads\/2023\/12\/Photo-choeur-du-pays-des-harmonies-Chabris-212x300.jpg 212w, https:\/\/www.brenne-au-coeur.com\/wp-content\/uploads\/2023\/12\/Photo-choeur-du-pays-des-harmonies-Chabris-724x1024.jpg 724w, https:\/\/www.brenne-au-coeur.com\/wp-content\/uploads\/2023\/12\/Photo-choeur-du-pays-des-harmonies-Chabris-106x150.jpg 106w, https:\/\/www.brenne-au-coeur.com\/wp-content\/uploads\/2023\/12\/Photo-choeur-du-pays-des-harmonies-Chabris-768x1087.jpg 768w, https:\/\/www.brenne-au-coeur.com\/wp-content\/uploads\/2023\/12\/Photo-choeur-du-pays-des-harmonies-Chabris.jpg 826w\" sizes=\"auto, (max-width: 207px) 100vw, 207px\" \/><\/a><figcaption id=\"caption-attachment-5064\" class=\"wp-caption-text\">Le ch\u0153ur du pays des harmonies de Chabris<\/figcaption><\/figure>\n<p><span style=\"font-size: large;\">C\u2019est \u00e9galement sous le signe de l\u2019\u00e9clectisme, que le ch\u0153ur du pays des harmonies de Chabris compose son r\u00e9pertoire. \u00ab&nbsp;<em>N<\/em><i>ous interpr\u00e9tons pour l\u2019essentiel, des chants du monde, traditionnels et de la musique classique <\/i>\u00bb, explique Brigitte Moulin, la cheffe de ch\u0153ur. L\u2019ensemble vocal a \u00e9t\u00e9 cr\u00e9\u00e9 en 1985. Il est compos\u00e9 d\u2019une trentaine de choristes qui se retrouvent une fois par semaine. Le groupe s\u2019est produit r\u00e9cemment \u00e0 la Pyramide, la salle de spectacle de la ville de Romorentin. Ce dimanche \u00e0 M\u00e9zi\u00e8res, le ch\u0153ur interpr\u00e9tera Siyahamba, chant traditionnel zoulou, Ti\u00e9b\u00e9 Poi\u00e8m de Dmitri Bortniansky, H\u00e9goak chant traditionnel basque, chant des steppes, Stemning de W Peterson-Berger,El Haderech, chant traditionnel isra\u00e9lien, Les feuilles morts de Joseph Kosma, Weit, weit Weg, de H. Von Goisern, Ave Maria attribu\u00e9 \u00e0 G. Caccini, Rasti Rozmarin, chant traditionnel slov\u00e8ne, <\/span><span style=\"font-size: large;\">Terra Corsa de M. Mallory.<\/span><\/p>\n<p><span style=\"font-size: large;\">L\u2019\u00e9glise de M\u00e9zi\u00e8res, \u00e0 l\u2019acoustique id\u00e9ale pour ce type de concert, offre une nouvelle fois la possibilit\u00e9 de profiter d\u2019un programme all\u00e9chant, prometteur de belles \u00e9vasions.<\/span><\/p>\n<p><span style=\"font-size: large;\">La participation est libre et sera revers\u00e9e au T\u00e9l\u00e9thon.<\/span><\/p>\n","protected":false},"excerpt":{"rendered":"<p>C\u2019est \u00e0 un v\u00e9ritable tour du monde en chansons que nous convie l\u2019association Familles rurales de M\u00e9zi\u00e8re-Saint-Michel. Un spectacle organis\u00e9 au b\u00e9n\u00e9fice du T\u00e9l\u00e9thon. Ce dimanche 10 d\u00e9cembre apr\u00e8s-midi \u00e0 14h, deux chorales interpr\u00e9teront des chants de leurs r\u00e9pertoires, marqu\u00e9s par la vari\u00e9t\u00e9 des styles et des origines. La chorale de M\u00e9zi\u00e8res chantera Makotoud\u00e9, un&hellip;&nbsp;<a href=\"https:\/\/www.brenne-au-coeur.com\/index.php\/2023\/12\/02\/chants-du-monde-a-mezieres\/communes\/mezieres-en-brenne\/5062\/\" rel=\"bookmark\">Lire la suite&nbsp;&raquo;<span class=\"screen-reader-text\">Chants du monde \u00e0 M\u00e9zi\u00e8res<\/span><\/a><\/p>\n","protected":false},"author":1,"featured_media":5065,"comment_status":"open","ping_status":"open","sticky":false,"template":"","format":"standard","meta":{"rop_custom_images_group":[],"rop_custom_messages_group":[],"rop_publish_now":"initial","rop_publish_now_accounts":[],"rop_publish_now_history":[],"rop_publish_now_status":"pending","_monsterinsights_skip_tracking":false,"_monsterinsights_sitenote_active":false,"_monsterinsights_sitenote_note":"","_monsterinsights_sitenote_category":0,"neve_meta_sidebar":"","neve_meta_container":"","neve_meta_enable_content_width":"off","neve_meta_content_width":70,"neve_meta_title_alignment":"","neve_meta_author_avatar":"","neve_post_elements_order":"","neve_meta_disable_header":"","neve_meta_disable_footer":"","neve_meta_disable_title":"","_jetpack_memberships_contains_paid_content":false,"footnotes":"","jetpack_publicize_message":"","jetpack_publicize_feature_enabled":true,"jetpack_social_post_already_shared":true,"jetpack_social_options":{"image_generator_settings":{"template":"highway","default_image_id":0,"font":"","enabled":false},"version":2}},"categories":[92,12],"tags":[31,64],"class_list":["post-5062","post","type-post","status-publish","format-standard","has-post-thumbnail","hentry","category-eglise-de-mezieres-en-brenne","category-mezieres-en-brenne","tag-associations","tag-concert"],"aioseo_notices":[],"jetpack_publicize_connections":[],"jetpack_featured_media_url":"https:\/\/www.brenne-au-coeur.com\/wp-content\/uploads\/2023\/12\/affiche-concert-du-10-decembre.jpg","jetpack-related-posts":[],"jetpack_sharing_enabled":true,"_links":{"self":[{"href":"https:\/\/www.brenne-au-coeur.com\/index.php\/wp-json\/wp\/v2\/posts\/5062","targetHints":{"allow":["GET"]}}],"collection":[{"href":"https:\/\/www.brenne-au-coeur.com\/index.php\/wp-json\/wp\/v2\/posts"}],"about":[{"href":"https:\/\/www.brenne-au-coeur.com\/index.php\/wp-json\/wp\/v2\/types\/post"}],"author":[{"embeddable":true,"href":"https:\/\/www.brenne-au-coeur.com\/index.php\/wp-json\/wp\/v2\/users\/1"}],"replies":[{"embeddable":true,"href":"https:\/\/www.brenne-au-coeur.com\/index.php\/wp-json\/wp\/v2\/comments?post=5062"}],"version-history":[{"count":3,"href":"https:\/\/www.brenne-au-coeur.com\/index.php\/wp-json\/wp\/v2\/posts\/5062\/revisions"}],"predecessor-version":[{"id":5068,"href":"https:\/\/www.brenne-au-coeur.com\/index.php\/wp-json\/wp\/v2\/posts\/5062\/revisions\/5068"}],"wp:featuredmedia":[{"embeddable":true,"href":"https:\/\/www.brenne-au-coeur.com\/index.php\/wp-json\/wp\/v2\/media\/5065"}],"wp:attachment":[{"href":"https:\/\/www.brenne-au-coeur.com\/index.php\/wp-json\/wp\/v2\/media?parent=5062"}],"wp:term":[{"taxonomy":"category","embeddable":true,"href":"https:\/\/www.brenne-au-coeur.com\/index.php\/wp-json\/wp\/v2\/categories?post=5062"},{"taxonomy":"post_tag","embeddable":true,"href":"https:\/\/www.brenne-au-coeur.com\/index.php\/wp-json\/wp\/v2\/tags?post=5062"}],"curies":[{"name":"wp","href":"https:\/\/api.w.org\/{rel}","templated":true}]}}