{"id":5047,"date":"2023-11-26T13:12:55","date_gmt":"2023-11-26T12:12:55","guid":{"rendered":"https:\/\/www.brenne-au-coeur.com\/?p=5047"},"modified":"2023-11-26T13:14:43","modified_gmt":"2023-11-26T12:14:43","slug":"mezieres-a-du-choeur","status":"publish","type":"post","link":"https:\/\/www.brenne-au-coeur.com\/index.php\/2023\/11\/26\/mezieres-a-du-choeur\/communes\/mezieres-en-brenne\/5047\/","title":{"rendered":"M\u00e9zi\u00e8res a du ch\u0153ur"},"content":{"rendered":"<p><span style=\"font-family: Liberation Serif, serif;\"><span style=\"font-size: large;\">La commune de M\u00e9zi\u00e8res a accueilli le temps d&rsquo;un week-end une r\u00e9sidence artistique en permettant aux artistes de l&rsquo;ensemble vocal Elanaveva de se r\u00e9unir. Ce moment de partage et de cr\u00e9ation a abouti sur un concert donn\u00e9 en l&rsquo;\u00e9glise Sainte Marie Madeleine d\u00e9but novembre.\u00a0<\/span><\/span><\/p>\n<p><span style=\"font-family: Liberation Serif, serif;\"><span style=\"font-size: large;\"><a href=\"https:\/\/www.brenne-au-coeur.com\/wp-content\/uploads\/2023\/11\/Concert_Elanaveva__.resized-1.jpg\" rel=\"lightbox[5047]\"><img loading=\"lazy\" decoding=\"async\" class=\"alignleft wp-image-5050 size-medium\" src=\"https:\/\/www.brenne-au-coeur.com\/wp-content\/uploads\/2023\/11\/Concert_Elanaveva__.resized-1-300x225.jpg\" alt=\"\" width=\"300\" height=\"225\" srcset=\"https:\/\/www.brenne-au-coeur.com\/wp-content\/uploads\/2023\/11\/Concert_Elanaveva__.resized-1-300x225.jpg 300w, https:\/\/www.brenne-au-coeur.com\/wp-content\/uploads\/2023\/11\/Concert_Elanaveva__.resized-1-150x113.jpg 150w, https:\/\/www.brenne-au-coeur.com\/wp-content\/uploads\/2023\/11\/Concert_Elanaveva__.resized-1-768x576.jpg 768w, https:\/\/www.brenne-au-coeur.com\/wp-content\/uploads\/2023\/11\/Concert_Elanaveva__.resized-1.jpg 900w\" sizes=\"auto, (max-width: 300px) 100vw, 300px\" \/><\/a>Venu de Tours, le ch\u0153ur de Chambre Elanaveva, cr\u00e9\u00e9 en 2005, compte 30 choristes dirig\u00e9s par la cheffe de ch\u0153ur Isabelle Fa\u00ebs. La plupart d&rsquo;entre eux sont des \u00e9tudiants\u00a0 ou des professionnels de la musique qui se r\u00e9unissent ponctuellement.\u00a0<\/span><\/span><span style=\"font-family: Liberation Serif, serif;\"><span style=\"font-size: large;\"><em>\u00ab&nbsp;Nous avons dormi au g\u00eete Le Moulin et la municipalit\u00e9 nous a gracieusement permis d\u2019acc\u00e9der \u00e0 la salle des f\u00eates pour r\u00e9p\u00e9ter. Ce qui nous a attir\u00e9 ici est d&rsquo;abord le co\u00fbt peu \u00e9lev\u00e9 car\u00a0nous avons besoin de nous r\u00e9unir tous ensemble. Ce n&rsquo;est pas toujours simple de trouver un site. Cette r\u00e9sidence permet de souder le groupe car nous sommes en immersion totale pendant deux jours et le concert en est un bel aboutissement\u00a0\u00bb<\/em><\/span><\/span><span style=\"font-family: Liberation Serif, serif;\"><span style=\"font-size: large;\">\u00a0explique un des organiseurs et choristes.\u00a0<\/span><\/span><\/p>\n<p><span style=\"font-family: Liberation Serif, serif;\"><span style=\"font-size: large;\">Ce fut une belle surprise pour le public de d\u00e9couvrir ce ch\u0153ur, ouvert sur le monde contemporain , qui a propos\u00e9 un spectacle original o\u00f9 tout l&rsquo;espace de la coll\u00e9giale, r\u00e9put\u00e9e pour son acoustique de qualit\u00e9,\u00a0a \u00e9t\u00e9 investi par les choristes. Des sopranes aux basses, des t\u00e9nors aux altis, parfois accompagn\u00e9s d&rsquo;une fl\u00fbte traversi\u00e8re, c&rsquo;est avec\u00a0harmonie et volupt\u00e9 que ces jeunes artistes ont enchant\u00e9\u00a0et donn\u00e9\u00a0des frissons. Une ma\u00eetrise et communion\u00a0parfaites des voix\u00a0s&rsquo;\u00e9levant vers les cieux et un travail incontestable en amont. Ils ont\u00a0largement \u00e9t\u00e9 applaudis par un auditoire conquis. La participation \u00e9tait libre.\u00a0<\/span><\/span><\/p>\n<p><span style=\"font-family: Liberation Serif, serif;\"><span style=\"font-size: large;\">Pour mieux les conna\u00eetre et suivre leur agenda&nbsp;: www.elanaveva.fr\u00a0<\/span><\/span><\/p>\n","protected":false},"excerpt":{"rendered":"<p>La commune de M\u00e9zi\u00e8res a accueilli le temps d&rsquo;un week-end une r\u00e9sidence artistique en permettant aux artistes de l&rsquo;ensemble vocal Elanaveva de se r\u00e9unir. Ce moment de partage et de cr\u00e9ation a abouti sur un concert donn\u00e9 en l&rsquo;\u00e9glise Sainte Marie Madeleine d\u00e9but novembre.\u00a0 Venu de Tours, le ch\u0153ur de Chambre Elanaveva, cr\u00e9\u00e9 en 2005,&hellip;&nbsp;<a href=\"https:\/\/www.brenne-au-coeur.com\/index.php\/2023\/11\/26\/mezieres-a-du-choeur\/communes\/mezieres-en-brenne\/5047\/\" rel=\"bookmark\">Lire la suite&nbsp;&raquo;<span class=\"screen-reader-text\">M\u00e9zi\u00e8res a du ch\u0153ur<\/span><\/a><\/p>\n","protected":false},"author":15,"featured_media":5048,"comment_status":"open","ping_status":"open","sticky":false,"template":"","format":"standard","meta":{"rop_custom_images_group":[],"rop_custom_messages_group":[],"rop_publish_now":"initial","rop_publish_now_accounts":[],"rop_publish_now_history":[],"rop_publish_now_status":"pending","_monsterinsights_skip_tracking":false,"_monsterinsights_sitenote_active":false,"_monsterinsights_sitenote_note":"","_monsterinsights_sitenote_category":0,"neve_meta_sidebar":"","neve_meta_container":"","neve_meta_enable_content_width":"off","neve_meta_content_width":70,"neve_meta_title_alignment":"","neve_meta_author_avatar":"","neve_post_elements_order":"","neve_meta_disable_header":"","neve_meta_disable_footer":"","neve_meta_disable_title":"","_jetpack_memberships_contains_paid_content":false,"footnotes":"","jetpack_publicize_message":"","jetpack_publicize_feature_enabled":true,"jetpack_social_post_already_shared":true,"jetpack_social_options":{"image_generator_settings":{"template":"highway","default_image_id":0,"font":"","enabled":false},"version":2}},"categories":[92,12],"tags":[64],"class_list":["post-5047","post","type-post","status-publish","format-standard","has-post-thumbnail","hentry","category-eglise-de-mezieres-en-brenne","category-mezieres-en-brenne","tag-concert"],"aioseo_notices":[],"jetpack_publicize_connections":[],"jetpack_featured_media_url":"https:\/\/www.brenne-au-coeur.com\/wp-content\/uploads\/2023\/11\/Concert_Elanaveva.resized.jpg","jetpack-related-posts":[],"jetpack_sharing_enabled":true,"_links":{"self":[{"href":"https:\/\/www.brenne-au-coeur.com\/index.php\/wp-json\/wp\/v2\/posts\/5047","targetHints":{"allow":["GET"]}}],"collection":[{"href":"https:\/\/www.brenne-au-coeur.com\/index.php\/wp-json\/wp\/v2\/posts"}],"about":[{"href":"https:\/\/www.brenne-au-coeur.com\/index.php\/wp-json\/wp\/v2\/types\/post"}],"author":[{"embeddable":true,"href":"https:\/\/www.brenne-au-coeur.com\/index.php\/wp-json\/wp\/v2\/users\/15"}],"replies":[{"embeddable":true,"href":"https:\/\/www.brenne-au-coeur.com\/index.php\/wp-json\/wp\/v2\/comments?post=5047"}],"version-history":[{"count":1,"href":"https:\/\/www.brenne-au-coeur.com\/index.php\/wp-json\/wp\/v2\/posts\/5047\/revisions"}],"predecessor-version":[{"id":5051,"href":"https:\/\/www.brenne-au-coeur.com\/index.php\/wp-json\/wp\/v2\/posts\/5047\/revisions\/5051"}],"wp:featuredmedia":[{"embeddable":true,"href":"https:\/\/www.brenne-au-coeur.com\/index.php\/wp-json\/wp\/v2\/media\/5048"}],"wp:attachment":[{"href":"https:\/\/www.brenne-au-coeur.com\/index.php\/wp-json\/wp\/v2\/media?parent=5047"}],"wp:term":[{"taxonomy":"category","embeddable":true,"href":"https:\/\/www.brenne-au-coeur.com\/index.php\/wp-json\/wp\/v2\/categories?post=5047"},{"taxonomy":"post_tag","embeddable":true,"href":"https:\/\/www.brenne-au-coeur.com\/index.php\/wp-json\/wp\/v2\/tags?post=5047"}],"curies":[{"name":"wp","href":"https:\/\/api.w.org\/{rel}","templated":true}]}}