{"id":5038,"date":"2023-11-23T11:34:30","date_gmt":"2023-11-23T10:34:30","guid":{"rendered":"https:\/\/www.brenne-au-coeur.com\/?p=5038"},"modified":"2023-11-23T11:34:30","modified_gmt":"2023-11-23T10:34:30","slug":"repas-pour-le-telethon","status":"publish","type":"post","link":"https:\/\/www.brenne-au-coeur.com\/index.php\/2023\/11\/23\/repas-pour-le-telethon\/communes\/sainte-gemme\/5038\/","title":{"rendered":"Repas pour le T\u00e9l\u00e9thon"},"content":{"rendered":"<figure id=\"attachment_5039\" aria-describedby=\"caption-attachment-5039\" style=\"width: 355px\" class=\"wp-caption alignleft\"><a href=\"https:\/\/www.brenne-au-coeur.com\/wp-content\/uploads\/2023\/11\/Assemblee-generale.resized.jpg\" rel=\"lightbox[5038]\"><img loading=\"lazy\" decoding=\"async\" class=\"wp-image-5039\" src=\"https:\/\/www.brenne-au-coeur.com\/wp-content\/uploads\/2023\/11\/Assemblee-generale.resized-300x225.jpg\" alt=\"\" width=\"355\" height=\"266\" srcset=\"https:\/\/www.brenne-au-coeur.com\/wp-content\/uploads\/2023\/11\/Assemblee-generale.resized-300x225.jpg 300w, https:\/\/www.brenne-au-coeur.com\/wp-content\/uploads\/2023\/11\/Assemblee-generale.resized-150x113.jpg 150w, https:\/\/www.brenne-au-coeur.com\/wp-content\/uploads\/2023\/11\/Assemblee-generale.resized.jpg 354w\" sizes=\"auto, (max-width: 355px) 100vw, 355px\" \/><\/a><figcaption id=\"caption-attachment-5039\" class=\"wp-caption-text\">Partenaires de l&rsquo;espoir agit depuis plusieurs ann\u00e9es<\/figcaption><\/figure>\n<p><span style=\"font-size: large;\">Vendredi 8 d\u00e9cembre, l\u2019association \u00ab\u00a0Partenaire de l\u2019espoir\u00a0\u00bb organise un repas au profit du T\u00e9l\u00e9thon. Il aura lieu \u00e0 partir de 19h30, salle polyvalente de Sainte-Gemme.<\/span><\/p>\n<p><span style=\"font-size: large;\">En raison du nombre de places limit\u00e9, la r\u00e9servation s\u2019effectue jusqu\u2019au 30 novembre.<\/span><\/p>\n<p><span style=\"font-size: large;\">Tous les b\u00e9n\u00e9fices sont int\u00e9gralement revers\u00e9s \u00e0 <a href=\"https:\/\/www.afm-telethon.fr\/fr\">l\u2019AFM<\/a> (Association Fran\u00e7aise contre les Myopathies)<\/span><\/p>\n<p><span style=\"font-size: large;\">Partenaire de l\u2019espoir agit depuis plusieurs ann\u00e9es pour financer les activit\u00e9s de l\u2019AFM. L\u2019association en rappelle les raisons sur son site internet. <\/span><\/p>\n<p><span style=\"font-size: large;\"><i>\u00ab\u00a0Engag\u00e9e dans la recherche scientifique comme dans l\u2019accompagnement des malades et de leurs familles, l\u2019AFM-T\u00e9l\u00e9thon agit de fa\u00e7on ind\u00e9pendante, guid\u00e9e par l\u2019urgence de la maladie \u00e9volutive et l\u2019int\u00e9r\u00eat des malades. Trois missions sont au c\u0153ur de son engagement. <\/i><i>Gu\u00e9rir,aider et communiquer.<\/i><\/span><\/p>\n<p><span style=\"font-size: large;\"><i>Gu\u00e9rir les maladies neuromusculaires, des maladies rares, \u00e9volutives, lourdement invalidantes, c\u2019est la mission prioritaire de l\u2019Association. Pour atteindre son objectif, l\u2019AFM-T\u00e9l\u00e9thon a fait le choix de mener une strat\u00e9gie d\u2019innovation et d\u2019int\u00e9r\u00eat g\u00e9n\u00e9ral qui b\u00e9n\u00e9ficie \u00e0 l\u2019ensemble des maladies rares et \u00e0 des maladies plus fr\u00e9quentes. L\u2019Association cr\u00e9e et d\u00e9veloppe ainsi des laboratoires et des outils qui font progresser la compr\u00e9hension des maladies, la mise au point de th\u00e9rapies innovantes issues de la connaissance des g\u00e8nes et des cellules et leur application \u00e0 l\u2019homme. Ses principes d\u2019action\u202f: l\u2019innovation et l\u2019efficacit\u00e9 th\u00e9rapeutique. <\/i><\/span><\/p>\n<p><span style=\"font-size: large;\"><i>R\u00e9duire les situations de handicap g\u00e9n\u00e9r\u00e9es par la maladie, c\u2019est aider les malades et les familles \u00e0 r\u00e9aliser leur projet de vie, en attendant les traitements. Dans cet objectif, l\u2019AFM\u2011T\u00e9l\u00e9thon m\u00e8ne une lutte sur tous les fronts, de l\u2019acc\u00e8s au diagnostic et \u00e0 des soins adapt\u00e9s \u00e0 l\u2019accompagnement de proximit\u00e9, en privil\u00e9giant la recherche de solutions innovantes et la r\u00e9ponse aux besoins des malades. <\/i><\/span><\/p>\n<p><span style=\"font-size: large;\"><i>Depuis toujours, la communication est consid\u00e9r\u00e9e par l\u2019AFM-T\u00e9l\u00e9thon comme un outil indispensable et primordial au service de son combat. La mission Communiquer vise \u00e0 am\u00e9liorer la connaissance sur les maladies rares, longtemps ignor\u00e9es, encore m\u00e9connues, partager et expliquer les avanc\u00e9es de la recherche et les progr\u00e8s th\u00e9rapeutiques. Elle vise aussi \u00e0 porter la parole des personnes malades et mobiliser le plus grand nombre pour faire avancer son combat.\u00a0\u00bb<\/i><\/span><\/p>\n<p><span style=\"font-size: large;\">Le prix du repas, (couscous, salade, fromage) est de 22 \u20ac (vin compris)<\/span><\/p>\n<p><span style=\"font-size: large;\">Envoyer le ch\u00e8que \u00e0 Michelle Brunet 15 la ronde 36500 Sainte-Gemme \/ 02 54 38 01 87 ou \u00e0 Annick Melin 18 route de touche renard 36500 Sainte-Gemme \/02 54 38 15 21<\/span><\/p>\n","protected":false},"excerpt":{"rendered":"<p>Vendredi 8 d\u00e9cembre, l\u2019association \u00ab\u00a0Partenaire de l\u2019espoir\u00a0\u00bb organise un repas au profit du T\u00e9l\u00e9thon. Il aura lieu \u00e0 partir de 19h30, salle polyvalente de Sainte-Gemme. En raison du nombre de places limit\u00e9, la r\u00e9servation s\u2019effectue jusqu\u2019au 30 novembre. Tous les b\u00e9n\u00e9fices sont int\u00e9gralement revers\u00e9s \u00e0 l\u2019AFM (Association Fran\u00e7aise contre les Myopathies) Partenaire de l\u2019espoir agit&hellip;&nbsp;<a href=\"https:\/\/www.brenne-au-coeur.com\/index.php\/2023\/11\/23\/repas-pour-le-telethon\/communes\/sainte-gemme\/5038\/\" rel=\"bookmark\">Lire la suite&nbsp;&raquo;<span class=\"screen-reader-text\">Repas pour le T\u00e9l\u00e9thon<\/span><\/a><\/p>\n","protected":false},"author":1,"featured_media":5039,"comment_status":"open","ping_status":"open","sticky":false,"template":"","format":"standard","meta":{"rop_custom_images_group":[],"rop_custom_messages_group":[],"rop_publish_now":"initial","rop_publish_now_accounts":[],"rop_publish_now_history":[],"rop_publish_now_status":"pending","_monsterinsights_skip_tracking":false,"_monsterinsights_sitenote_active":false,"_monsterinsights_sitenote_note":"","_monsterinsights_sitenote_category":0,"neve_meta_sidebar":"","neve_meta_container":"","neve_meta_enable_content_width":"off","neve_meta_content_width":70,"neve_meta_title_alignment":"","neve_meta_author_avatar":"","neve_post_elements_order":"","neve_meta_disable_header":"","neve_meta_disable_footer":"","neve_meta_disable_title":"","_jetpack_memberships_contains_paid_content":false,"footnotes":"","jetpack_publicize_message":"","jetpack_publicize_feature_enabled":true,"jetpack_social_post_already_shared":true,"jetpack_social_options":{"image_generator_settings":{"template":"highway","default_image_id":0,"font":"","enabled":false},"version":2}},"categories":[17],"tags":[31],"class_list":["post-5038","post","type-post","status-publish","format-standard","has-post-thumbnail","hentry","category-sainte-gemme","tag-associations"],"aioseo_notices":[],"jetpack_publicize_connections":[],"jetpack_featured_media_url":"https:\/\/www.brenne-au-coeur.com\/wp-content\/uploads\/2023\/11\/Assemblee-generale.resized.jpg","jetpack-related-posts":[],"jetpack_sharing_enabled":true,"_links":{"self":[{"href":"https:\/\/www.brenne-au-coeur.com\/index.php\/wp-json\/wp\/v2\/posts\/5038","targetHints":{"allow":["GET"]}}],"collection":[{"href":"https:\/\/www.brenne-au-coeur.com\/index.php\/wp-json\/wp\/v2\/posts"}],"about":[{"href":"https:\/\/www.brenne-au-coeur.com\/index.php\/wp-json\/wp\/v2\/types\/post"}],"author":[{"embeddable":true,"href":"https:\/\/www.brenne-au-coeur.com\/index.php\/wp-json\/wp\/v2\/users\/1"}],"replies":[{"embeddable":true,"href":"https:\/\/www.brenne-au-coeur.com\/index.php\/wp-json\/wp\/v2\/comments?post=5038"}],"version-history":[{"count":1,"href":"https:\/\/www.brenne-au-coeur.com\/index.php\/wp-json\/wp\/v2\/posts\/5038\/revisions"}],"predecessor-version":[{"id":5040,"href":"https:\/\/www.brenne-au-coeur.com\/index.php\/wp-json\/wp\/v2\/posts\/5038\/revisions\/5040"}],"wp:featuredmedia":[{"embeddable":true,"href":"https:\/\/www.brenne-au-coeur.com\/index.php\/wp-json\/wp\/v2\/media\/5039"}],"wp:attachment":[{"href":"https:\/\/www.brenne-au-coeur.com\/index.php\/wp-json\/wp\/v2\/media?parent=5038"}],"wp:term":[{"taxonomy":"category","embeddable":true,"href":"https:\/\/www.brenne-au-coeur.com\/index.php\/wp-json\/wp\/v2\/categories?post=5038"},{"taxonomy":"post_tag","embeddable":true,"href":"https:\/\/www.brenne-au-coeur.com\/index.php\/wp-json\/wp\/v2\/tags?post=5038"}],"curies":[{"name":"wp","href":"https:\/\/api.w.org\/{rel}","templated":true}]}}