{"id":5026,"date":"2023-11-20T09:07:21","date_gmt":"2023-11-20T08:07:21","guid":{"rendered":"https:\/\/www.brenne-au-coeur.com\/?p=5026"},"modified":"2023-11-20T09:07:21","modified_gmt":"2023-11-20T08:07:21","slug":"5026","status":"publish","type":"post","link":"https:\/\/www.brenne-au-coeur.com\/index.php\/2023\/11\/20\/5026\/breves\/5026\/","title":{"rendered":""},"content":{"rendered":"<p><span style=\"font-size: large;\">Le secret des arbres samedi 02 d\u00e9cembre 2023 <\/span><span style=\"font-size: large;\">\u00e0 Saulnay <\/span><span style=\"font-size: large;\">de 14<\/span><span style=\"font-size: large;\">h<\/span><span style=\"font-size: large;\">30 \u00e0 17<\/span><span style=\"font-size: large;\">h<\/span><span style=\"font-size: large;\">00. Rendez-vous&nbsp;: Place de l&rsquo;\u00e9glise. <\/span><span style=\"font-size: large;\">Organis\u00e9 par le PNR.<\/span><span style=\"font-size: large;\"> Animat<\/span><span style=\"font-size: large;\">rice <\/span><span style=\"font-size: large;\">Emilie Mitchell. Les arbres: ces g\u00e9ants qui nous apportent leur ombre salvatrice l&rsquo;\u00e9t\u00e9, leurs feuilles comme protection contre l&rsquo;impr\u00e9visible averse, leurs fruits d\u00e9licieux quand vient l&rsquo;automne &#8230; A quoi ressemblent-ils en plein hiver? Une petite balade \u00e0 la rencontre de ce qui distingue un arbre d&rsquo;un autre en saison hivernale. Bourgeons en massues violac\u00e9es, \u00e9corce aux fissures saumon\u00e9e, rameaux oppos\u00e9s d\u00e9cuss\u00e9s .. tout un univers \u00e0 red\u00e9couvrir et un vocabulaire botanique \u00e0 s&rsquo;approprier le tout parsem\u00e9 de quelques petites \u00ab\u00a0histoires d&rsquo;arbres\u00a0\u00bb cont\u00e9es&#8230;<\/span><\/p>\n<p><span style=\"font-size: large;\">R\u00e9servation obligatoire. Mini 3 pers. &#8211; maxi 12 pers. Porter des v\u00eatements chauds aux couleurs neutres adapt\u00e9s \u00e0 la m\u00e9t\u00e9o&nbsp;; pantalon. Pr\u00e9voir des chaussures adapt\u00e9es, des bottes si le terrain est humide. Petite balade de 2h30. Pr\u00e9voir un panier et un petit calepin pour prendre des notes. <\/span><span style=\"font-size: large;\">Tarifs\u00a0: Adulte plein tarif&nbsp;: 9 \u20ac Tarif enfant \u00e0 partir de 8 ans&nbsp;: 2 <\/span><span style=\"font-size: large;\">\u20ac <\/span><span style=\"font-size: large;\">Renseignements \/ R\u00e9servation 02 54 28 12 13 (Maison du Parc) 02 54 28 11 00 (Maison de la Nature et de la R\u00e9serve) 02 54 28 20 28 (Office de tourisme Destination Brenne) tourisme@parc-naturel-brenne.fr <a href=\"http:\/\/www.destination-brenne.fr\/\">www.destination-brenne.fr<\/a><\/span><\/p>\n","protected":false},"excerpt":{"rendered":"<p>Le secret des arbres samedi 02 d\u00e9cembre 2023 \u00e0 Saulnay de 14h30 \u00e0 17h00. Rendez-vous&nbsp;: Place de l&rsquo;\u00e9glise. Organis\u00e9 par le PNR. Animatrice Emilie Mitchell. Les arbres: ces g\u00e9ants qui nous apportent leur ombre salvatrice l&rsquo;\u00e9t\u00e9, leurs feuilles comme protection contre l&rsquo;impr\u00e9visible averse, leurs fruits d\u00e9licieux quand vient l&rsquo;automne &#8230; A quoi ressemblent-ils en plein&hellip;&nbsp;<a href=\"https:\/\/www.brenne-au-coeur.com\/index.php\/2023\/11\/20\/5026\/breves\/5026\/\" rel=\"bookmark\">Lire la suite&nbsp;&raquo;<span class=\"screen-reader-text\"><\/span><\/a><\/p>\n","protected":false},"author":1,"featured_media":0,"comment_status":"open","ping_status":"open","sticky":false,"template":"","format":"standard","meta":{"rop_custom_images_group":[],"rop_custom_messages_group":[],"rop_publish_now":"initial","rop_publish_now_accounts":[],"rop_publish_now_history":[],"rop_publish_now_status":"pending","_monsterinsights_skip_tracking":false,"_monsterinsights_sitenote_active":false,"_monsterinsights_sitenote_note":"","_monsterinsights_sitenote_category":0,"neve_meta_sidebar":"","neve_meta_container":"","neve_meta_enable_content_width":"off","neve_meta_content_width":70,"neve_meta_title_alignment":"","neve_meta_author_avatar":"","neve_post_elements_order":"","neve_meta_disable_header":"","neve_meta_disable_footer":"","neve_meta_disable_title":"","_jetpack_memberships_contains_paid_content":false,"footnotes":"","jetpack_publicize_message":"","jetpack_publicize_feature_enabled":true,"jetpack_social_post_already_shared":true,"jetpack_social_options":{"image_generator_settings":{"template":"highway","default_image_id":0,"font":"","enabled":false},"version":2}},"categories":[124],"tags":[],"class_list":["post-5026","post","type-post","status-publish","format-standard","hentry","category-breves"],"aioseo_notices":[],"jetpack_publicize_connections":[],"jetpack_featured_media_url":"","jetpack-related-posts":[],"jetpack_sharing_enabled":true,"_links":{"self":[{"href":"https:\/\/www.brenne-au-coeur.com\/index.php\/wp-json\/wp\/v2\/posts\/5026","targetHints":{"allow":["GET"]}}],"collection":[{"href":"https:\/\/www.brenne-au-coeur.com\/index.php\/wp-json\/wp\/v2\/posts"}],"about":[{"href":"https:\/\/www.brenne-au-coeur.com\/index.php\/wp-json\/wp\/v2\/types\/post"}],"author":[{"embeddable":true,"href":"https:\/\/www.brenne-au-coeur.com\/index.php\/wp-json\/wp\/v2\/users\/1"}],"replies":[{"embeddable":true,"href":"https:\/\/www.brenne-au-coeur.com\/index.php\/wp-json\/wp\/v2\/comments?post=5026"}],"version-history":[{"count":1,"href":"https:\/\/www.brenne-au-coeur.com\/index.php\/wp-json\/wp\/v2\/posts\/5026\/revisions"}],"predecessor-version":[{"id":5027,"href":"https:\/\/www.brenne-au-coeur.com\/index.php\/wp-json\/wp\/v2\/posts\/5026\/revisions\/5027"}],"wp:attachment":[{"href":"https:\/\/www.brenne-au-coeur.com\/index.php\/wp-json\/wp\/v2\/media?parent=5026"}],"wp:term":[{"taxonomy":"category","embeddable":true,"href":"https:\/\/www.brenne-au-coeur.com\/index.php\/wp-json\/wp\/v2\/categories?post=5026"},{"taxonomy":"post_tag","embeddable":true,"href":"https:\/\/www.brenne-au-coeur.com\/index.php\/wp-json\/wp\/v2\/tags?post=5026"}],"curies":[{"name":"wp","href":"https:\/\/api.w.org\/{rel}","templated":true}]}}