{"id":5008,"date":"2023-11-17T16:06:36","date_gmt":"2023-11-17T15:06:36","guid":{"rendered":"https:\/\/www.brenne-au-coeur.com\/?p=5008"},"modified":"2023-11-17T16:06:36","modified_gmt":"2023-11-17T15:06:36","slug":"le-point-de-croix-sexpose-2","status":"publish","type":"post","link":"https:\/\/www.brenne-au-coeur.com\/index.php\/2023\/11\/17\/le-point-de-croix-sexpose-2\/communes\/azay-le-ferron-communes\/5008\/","title":{"rendered":"Le point de croix s\u2019expose"},"content":{"rendered":"<figure id=\"attachment_5010\" aria-describedby=\"caption-attachment-5010\" style=\"width: 300px\" class=\"wp-caption alignleft\"><a href=\"https:\/\/www.brenne-au-coeur.com\/wp-content\/uploads\/2023\/11\/expo-pdecroix1.resized.jpg\" rel=\"lightbox[5008]\"><img loading=\"lazy\" decoding=\"async\" class=\"wp-image-5010 size-medium\" src=\"https:\/\/www.brenne-au-coeur.com\/wp-content\/uploads\/2023\/11\/expo-pdecroix1.resized-300x225.jpg\" alt=\"\" width=\"300\" height=\"225\" srcset=\"https:\/\/www.brenne-au-coeur.com\/wp-content\/uploads\/2023\/11\/expo-pdecroix1.resized-300x225.jpg 300w, https:\/\/www.brenne-au-coeur.com\/wp-content\/uploads\/2023\/11\/expo-pdecroix1.resized-150x113.jpg 150w, https:\/\/www.brenne-au-coeur.com\/wp-content\/uploads\/2023\/11\/expo-pdecroix1.resized.jpg 461w\" sizes=\"auto, (max-width: 300px) 100vw, 300px\" \/><\/a><figcaption id=\"caption-attachment-5010\" class=\"wp-caption-text\">Un tableau expos\u00e9 \u00e0 la m\u00e9diath\u00e8que d&rsquo;Azay-le-Ferron<\/figcaption><\/figure>\n<p><span style=\"font-size: large;\">L\u2019association \u00ab\u00a0Point de croix\u00a0\u00bb expose ses r\u00e9alisations \u00e0 la m\u00e9diath\u00e8que d\u2019Azay-le-Ferron, jusqu\u2019au 27 novembre. Samedi 25 novembre, une exposition vente se d\u00e9roulera de 10h \u00e0 17h. Les brodeuses pr\u00e9senteront une grande quantit\u00e9 et vari\u00e9t\u00e9 d\u2019ouvrages. En plus des tableaux, seront propos\u00e9s napperons, pendouilles, maniques et bien d\u2019autres cr\u00e9ations. <\/span><\/p>\n<p><span style=\"font-size: large;\">Vendredi 8 d\u00e9cembre, l\u2019association participera au march\u00e9 de No\u00ebl d\u2019Azay-le-Ferron. Le 19 d\u00e9cembre, se tiendra l\u2019assembl\u00e9e g\u00e9n\u00e9rale. Elle mettra un point final \u00e0 son activit\u00e9 (pour 2023), et ach\u00e8vera ainsi une ann\u00e9e marqu\u00e9e par plusieurs rendez-vous importants. En f\u00e9vrier et mars, la m\u00e9diath\u00e8que de Martizay a accueilli les r\u00e9alisations des brodeuses. <\/span><\/p>\n<p><span style=\"font-size: large;\">Entre le 24 et le 26 mars, \u00ab\u00a0Point de croix\u00a0\u00bb a organis\u00e9 pour ses adh\u00e9rentes, une visite du salon des loisirs cr\u00e9atifs \u00e0 Loches. En avril, carnaval sur le th\u00e8me m\u00e9dical. Chaque brodeuse a cr\u00e9\u00e9 un petit ouvrage symbolisant le th\u00e8me.<\/span><\/p>\n<p><span style=\"font-size: large;\">2024 approche \u00e0 grands pas, et des activit\u00e9s sont d\u2019ores et d\u00e9j\u00e0 programm\u00e9es. Une visite du salon de la broderie \u00e0 Buzan\u00e7ais est pr\u00e9vue entre le 1<sup>er<\/sup> et le 3 mars. Dans le courant du premier semestre, des cartes et enveloppes brod\u00e9es seront confectionn\u00e9es. Puis \u00e0 partir de septembre, cap sur 2025 o\u00f9 l\u2019association c\u00e9l\u00e9brera son 25<sup>e<\/sup> anniversaire. Ses adh\u00e9rentes s\u2019attelleront \u00e0 la pr\u00e9paration de cet \u00e9v\u00e9nement.<\/span><\/p>\n<figure id=\"attachment_5009\" aria-describedby=\"caption-attachment-5009\" style=\"width: 300px\" class=\"wp-caption alignright\"><img loading=\"lazy\" decoding=\"async\" class=\"wp-image-5009 size-medium\" src=\"https:\/\/www.brenne-au-coeur.com\/wp-content\/uploads\/2023\/11\/expopdecroix-2-300x225.jpg\" alt=\"\" width=\"300\" height=\"225\" srcset=\"https:\/\/www.brenne-au-coeur.com\/wp-content\/uploads\/2023\/11\/expopdecroix-2-300x225.jpg 300w, https:\/\/www.brenne-au-coeur.com\/wp-content\/uploads\/2023\/11\/expopdecroix-2-150x113.jpg 150w, https:\/\/www.brenne-au-coeur.com\/wp-content\/uploads\/2023\/11\/expopdecroix-2.jpg 461w\" sizes=\"auto, (max-width: 300px) 100vw, 300px\" \/><figcaption id=\"caption-attachment-5009\" class=\"wp-caption-text\">Les rencontres du mardi, de Point de croix.<\/figcaption><\/figure>\n<p><span style=\"font-size: large;\">Les personnes int\u00e9ress\u00e9es par la broderie, la r\u00e9alisation d\u2019objets, de tableaux peuvent rejoindre les brodeuses de \u00ab\u00a0Point de croix\u00a0\u00bb. Elles se retrouvent deux mardis par mois de 14h \u00e0 17h, \u00e0 la salle de r\u00e9union de la m\u00e9diath\u00e8que d\u2019Azay-le-Ferron. Pour tous renseignements <a href=\"mailto:associationpointdecroix.azayleferron@orange.fr\">associationpointdecroix.azayleferron@orange.fr<\/a> <\/span><\/p>\n<p><span style=\"font-size: large;\">Le bureau est compos\u00e9 de C\u00e9line Barnier, pr\u00e9sidente, Marie-France Hodot, tr\u00e9sori\u00e8re et Marie Souchet, secr\u00e9taire.<\/span><\/p>\n","protected":false},"excerpt":{"rendered":"<p>L\u2019association \u00ab\u00a0Point de croix\u00a0\u00bb expose ses r\u00e9alisations \u00e0 la m\u00e9diath\u00e8que d\u2019Azay-le-Ferron, jusqu\u2019au 27 novembre. Samedi 25 novembre, une exposition vente se d\u00e9roulera de 10h \u00e0 17h. Les brodeuses pr\u00e9senteront une grande quantit\u00e9 et vari\u00e9t\u00e9 d\u2019ouvrages. En plus des tableaux, seront propos\u00e9s napperons, pendouilles, maniques et bien d\u2019autres cr\u00e9ations. Vendredi 8 d\u00e9cembre, l\u2019association participera au march\u00e9&hellip;&nbsp;<a href=\"https:\/\/www.brenne-au-coeur.com\/index.php\/2023\/11\/17\/le-point-de-croix-sexpose-2\/communes\/azay-le-ferron-communes\/5008\/\" rel=\"bookmark\">Lire la suite&nbsp;&raquo;<span class=\"screen-reader-text\">Le point de croix s\u2019expose<\/span><\/a><\/p>\n","protected":false},"author":1,"featured_media":5011,"comment_status":"open","ping_status":"open","sticky":false,"template":"","format":"standard","meta":{"rop_custom_images_group":[],"rop_custom_messages_group":[],"rop_publish_now":"initial","rop_publish_now_accounts":[],"rop_publish_now_history":[],"rop_publish_now_status":"pending","_monsterinsights_skip_tracking":false,"_monsterinsights_sitenote_active":false,"_monsterinsights_sitenote_note":"","_monsterinsights_sitenote_category":0,"neve_meta_sidebar":"","neve_meta_container":"","neve_meta_enable_content_width":"off","neve_meta_content_width":70,"neve_meta_title_alignment":"","neve_meta_author_avatar":"","neve_post_elements_order":"","neve_meta_disable_header":"","neve_meta_disable_footer":"","neve_meta_disable_title":"","_jetpack_memberships_contains_paid_content":false,"footnotes":"","jetpack_publicize_message":"","jetpack_publicize_feature_enabled":true,"jetpack_social_post_already_shared":true,"jetpack_social_options":{"image_generator_settings":{"template":"highway","default_image_id":0,"font":"","enabled":false},"version":2}},"categories":[10],"tags":[31,52],"class_list":["post-5008","post","type-post","status-publish","format-standard","has-post-thumbnail","hentry","category-azay-le-ferron-communes","tag-associations","tag-exposition"],"aioseo_notices":[],"jetpack_publicize_connections":[],"jetpack_featured_media_url":"https:\/\/www.brenne-au-coeur.com\/wp-content\/uploads\/2023\/11\/expo-pdecroix.resized.jpg","jetpack-related-posts":[],"jetpack_sharing_enabled":true,"_links":{"self":[{"href":"https:\/\/www.brenne-au-coeur.com\/index.php\/wp-json\/wp\/v2\/posts\/5008","targetHints":{"allow":["GET"]}}],"collection":[{"href":"https:\/\/www.brenne-au-coeur.com\/index.php\/wp-json\/wp\/v2\/posts"}],"about":[{"href":"https:\/\/www.brenne-au-coeur.com\/index.php\/wp-json\/wp\/v2\/types\/post"}],"author":[{"embeddable":true,"href":"https:\/\/www.brenne-au-coeur.com\/index.php\/wp-json\/wp\/v2\/users\/1"}],"replies":[{"embeddable":true,"href":"https:\/\/www.brenne-au-coeur.com\/index.php\/wp-json\/wp\/v2\/comments?post=5008"}],"version-history":[{"count":1,"href":"https:\/\/www.brenne-au-coeur.com\/index.php\/wp-json\/wp\/v2\/posts\/5008\/revisions"}],"predecessor-version":[{"id":5012,"href":"https:\/\/www.brenne-au-coeur.com\/index.php\/wp-json\/wp\/v2\/posts\/5008\/revisions\/5012"}],"wp:featuredmedia":[{"embeddable":true,"href":"https:\/\/www.brenne-au-coeur.com\/index.php\/wp-json\/wp\/v2\/media\/5011"}],"wp:attachment":[{"href":"https:\/\/www.brenne-au-coeur.com\/index.php\/wp-json\/wp\/v2\/media?parent=5008"}],"wp:term":[{"taxonomy":"category","embeddable":true,"href":"https:\/\/www.brenne-au-coeur.com\/index.php\/wp-json\/wp\/v2\/categories?post=5008"},{"taxonomy":"post_tag","embeddable":true,"href":"https:\/\/www.brenne-au-coeur.com\/index.php\/wp-json\/wp\/v2\/tags?post=5008"}],"curies":[{"name":"wp","href":"https:\/\/api.w.org\/{rel}","templated":true}]}}