{"id":4918,"date":"2023-10-28T15:40:12","date_gmt":"2023-10-28T13:40:12","guid":{"rendered":"https:\/\/www.brenne-au-coeur.com\/?p=4918"},"modified":"2023-10-28T15:40:12","modified_gmt":"2023-10-28T13:40:12","slug":"la-mort-et-si-on-en-parlait","status":"publish","type":"post","link":"https:\/\/www.brenne-au-coeur.com\/index.php\/2023\/10\/28\/la-mort-et-si-on-en-parlait\/communes\/mezieres-en-brenne\/4918\/","title":{"rendered":"La mort\u00a0? Et si on en parlait&nbsp;?"},"content":{"rendered":"<p><span style=\"font-size: large;\"><a href=\"https:\/\/www.brenne-au-coeur.com\/wp-content\/uploads\/2023\/10\/Poster-novembre_animations-sur-la-mort-4.resized.jpg\" rel=\"lightbox[4918]\"><img loading=\"lazy\" decoding=\"async\" class=\"alignleft wp-image-4919 size-medium\" src=\"https:\/\/www.brenne-au-coeur.com\/wp-content\/uploads\/2023\/10\/Poster-novembre_animations-sur-la-mort-4.resized-300x212.jpg\" alt=\"\" width=\"300\" height=\"212\" srcset=\"https:\/\/www.brenne-au-coeur.com\/wp-content\/uploads\/2023\/10\/Poster-novembre_animations-sur-la-mort-4.resized-300x212.jpg 300w, https:\/\/www.brenne-au-coeur.com\/wp-content\/uploads\/2023\/10\/Poster-novembre_animations-sur-la-mort-4.resized-150x106.jpg 150w, https:\/\/www.brenne-au-coeur.com\/wp-content\/uploads\/2023\/10\/Poster-novembre_animations-sur-la-mort-4.resized-768x543.jpg 768w, https:\/\/www.brenne-au-coeur.com\/wp-content\/uploads\/2023\/10\/Poster-novembre_animations-sur-la-mort-4.resized.jpg 827w\" sizes=\"auto, (max-width: 300px) 100vw, 300px\" \/><\/a>La m\u00e9diath\u00e8que de M\u00e9zi\u00e8res-en-Brenne propose quatre animations entre le 4 et le 25 novembre. Exposition, rencontres-d\u00e9bats sur un th\u00e8me souvent d\u00e9licat \u00e0 aborder. L\u2019id\u00e9e \u00e9tant de faciliter l\u2019\u00e9change, de partager exp\u00e9riences et ressentis.<\/span><\/p>\n<p><span style=\"font-size: large;\">\u00ab\u00a0<i>Ne chantez pas la mort c\u2019est un sujet morbide, le mot seul jette un froid aussit\u00f4t qu\u2019il est dit. Les gens du show-business vous pr\u00e9diront le bide. C\u2019est un sujet tabou pour po\u00e8te maudit<\/i>\u00a0\u00bb, chantait L\u00e9o Ferr\u00e9.<\/span><\/p>\n<p><span style=\"font-size: large;\"><a href=\"https:\/\/m.facebook.com\/p\/M%C3%A9diath%C3%A8que-de-M%C3%A9zi%C3%A8res-en-Brenne-Officiel-100083298251233\/\">La m\u00e9diath\u00e8que de M\u00e9zi\u00e8res-en-Brenne<\/a> a d\u00e9cid\u00e9 de relever le d\u00e9fi. \u00c0 d\u00e9faut de la chanter, elle propose d\u2019en parler. \u00ab\u00a0<i>C<\/i><i>e sujet correspond \u00e0 une volont\u00e9 <\/i><i>de <\/i><i>proposer des th\u00e8mes qui int\u00e9resse<\/i><i>nt<\/i><i> tout le monde<\/i>\u00a0\u00bb, explique \u00c9milie Renoncet, responsable de la m\u00e9diath\u00e8que. Et de fait, s\u2019il existe une r\u00e9alit\u00e9 qui s\u2019impose \u00e0 tous, c\u2019est bien la mort. Et pas seulement parce que chacune et chacun d\u2019entre nous y sera confront\u00e9. Le d\u00e9c\u00e8s d\u2019un proche pose par exemple de nombreux questionnements, comme sur la mani\u00e8re de le dire aux enfants, sur le sens donn\u00e9 \u00e0 l\u2019organisation des obs\u00e8ques etc. La f\u00eate des morts le 2 novembre, est un c\u00e9r\u00e9monial incontournable pour la plupart des familles. Elle invite \u00e0 t\u00e9moigner respect et souvenirs \u00e0 l\u2019\u00e9gard de nos chers disparus. <\/span><\/p>\n<p><span style=\"font-size: large;\">La mort fait donc partie du quotidien, ce n\u2019est pas pour autant un sujet facile \u00e0 d\u00e9battre.<\/span><\/p>\n<p><span style=\"font-size: large;\">Raison pour laquelle, l\u2019initiative de la m\u00e9diath\u00e8que peut se r\u00e9v\u00e9ler d\u2019une utilit\u00e9 certaine. \u00ab\u00a0<i>Nous n\u2019en parlerons pas <\/i><i>n\u2019importe commen<\/i><i>t, pr\u00e9cise \u00c9milie Renoncet.<\/i><i> On essaiera d\u2019y mettre de la joie, on n\u2019aura pas peur des mots (enfin on essaiera), on accueillera les \u00e9motions, on y mettra un peu de po\u00e9sie et de r\u00e9confort, une pointe d\u2019administratif aussi&nbsp;!\u00a0\u00bb<\/i><\/span><\/p>\n<p><span style=\"font-size: large;\"><a href=\"https:\/\/www.brenne-au-coeur.com\/wp-content\/uploads\/2023\/10\/Dia-de-los-Muertos.resized.jpg\" rel=\"lightbox[4918]\"><img loading=\"lazy\" decoding=\"async\" class=\"alignright wp-image-4922 size-medium\" src=\"https:\/\/www.brenne-au-coeur.com\/wp-content\/uploads\/2023\/10\/Dia-de-los-Muertos.resized-211x300.jpg\" alt=\"\" width=\"211\" height=\"300\" srcset=\"https:\/\/www.brenne-au-coeur.com\/wp-content\/uploads\/2023\/10\/Dia-de-los-Muertos.resized-211x300.jpg 211w, https:\/\/www.brenne-au-coeur.com\/wp-content\/uploads\/2023\/10\/Dia-de-los-Muertos.resized-105x150.jpg 105w, https:\/\/www.brenne-au-coeur.com\/wp-content\/uploads\/2023\/10\/Dia-de-los-Muertos.resized.jpg 291w\" sizes=\"auto, (max-width: 211px) 100vw, 211px\" \/><\/a>Le premier rendez-vous aura lieu le samedi 4 novembre \u00e0 14h30&nbsp;: \u00ab\u00a0<i>Dia des los Muertos<\/i>&nbsp;\u00bb, exposition (durant le mois de novembre) pour comprendre comment on f\u00eate les morts au Mexique. Za\u00efda et <a href=\"https:\/\/m.facebook.com\/p\/Jean-Audigane-Contes-100082946254269\/\">Jean Audigane<\/a> montreront ce qu\u2019est une offrenda. Ils pr\u00e9senteront la fabrication de t\u00eates de morts. Za\u00efda exposera \u00e9galement des objets d\u2019artisanat mexicain qui seront en vente.<\/span><\/p>\n<p><span style=\"font-size: large;\">A partir de 6 ans et adultes. <\/span><\/p>\n<p>&nbsp;<\/p>\n<p><span style=\"font-size: large;\"><a href=\"https:\/\/www.brenne-au-coeur.com\/wp-content\/uploads\/2023\/10\/Affiche_Parentheses-La-mort_11-23-.resized.jpg\" rel=\"lightbox[4918]\"><img loading=\"lazy\" decoding=\"async\" class=\"alignleft wp-image-4921 size-medium\" src=\"https:\/\/www.brenne-au-coeur.com\/wp-content\/uploads\/2023\/10\/Affiche_Parentheses-La-mort_11-23-.resized-211x300.jpg\" alt=\"\" width=\"211\" height=\"300\" srcset=\"https:\/\/www.brenne-au-coeur.com\/wp-content\/uploads\/2023\/10\/Affiche_Parentheses-La-mort_11-23-.resized-211x300.jpg 211w, https:\/\/www.brenne-au-coeur.com\/wp-content\/uploads\/2023\/10\/Affiche_Parentheses-La-mort_11-23-.resized-105x150.jpg 105w, https:\/\/www.brenne-au-coeur.com\/wp-content\/uploads\/2023\/10\/Affiche_Parentheses-La-mort_11-23-.resized.jpg 291w\" sizes=\"auto, (max-width: 211px) 100vw, 211px\" \/><\/a>Samedi 18 novembre \u00e0 15h&nbsp;: \u00ab\u00a0<i>Parler de la mort avec les enfants<\/i>\u00a0\u00bb. Il s\u2019agit l\u00e0 d\u2019un atelier parent\/enfants dans le cadre des parenth\u00e8ses de la m\u00e9diath\u00e8que. \u00c9voquer la mort avec des enfants semble toujours tr\u00e8s compliqu\u00e9. Le besoin d\u2019en d\u00e9battre n\u2019est pas superflu. La rencontre sera anim\u00e9e par <a href=\"https:\/\/sylvie-therapeute.fr\/\">Sylvie Eti\u00e8ve<\/a>, th\u00e9rapeute.. Apr\u00e8s avoir exerc\u00e9 diff\u00e9rentes fonctions au sein de l\u2019enseignement, elle devient th\u00e9rapeute familiale, conjugale \u00e0 partir de 2016. Elle propose ses services \u00e0 celles et ceux qui souhaitent am\u00e9liorer leur vie ou qui veulent faire le point pour aller mieux.<\/span><\/p>\n<p>&nbsp;<\/p>\n<p>&nbsp;<\/p>\n<p>&nbsp;<\/p>\n<p><span style=\"font-size: large;\"><a href=\"https:\/\/www.brenne-au-coeur.com\/wp-content\/uploads\/2023\/10\/cafe-mortel-et-altelier.resized.jpg\" rel=\"lightbox[4918]\"><img loading=\"lazy\" decoding=\"async\" class=\"alignright wp-image-4923 size-medium\" src=\"https:\/\/www.brenne-au-coeur.com\/wp-content\/uploads\/2023\/10\/cafe-mortel-et-altelier.resized-211x300.jpg\" alt=\"\" width=\"211\" height=\"300\" srcset=\"https:\/\/www.brenne-au-coeur.com\/wp-content\/uploads\/2023\/10\/cafe-mortel-et-altelier.resized-211x300.jpg 211w, https:\/\/www.brenne-au-coeur.com\/wp-content\/uploads\/2023\/10\/cafe-mortel-et-altelier.resized-105x150.jpg 105w, https:\/\/www.brenne-au-coeur.com\/wp-content\/uploads\/2023\/10\/cafe-mortel-et-altelier.resized.jpg 291w\" sizes=\"auto, (max-width: 211px) 100vw, 211px\" \/><\/a><\/span><\/p>\n<p><span style=\"font-size: large;\">Vendredi 24 novembre \u00e0 18h30&nbsp;: Caf\u00e9 mortel, moment convivial anim\u00e9 par <a href=\"https:\/\/noemierobert.carrd.co\/\">No\u00e9mie Robert<\/a>, conteuse et c\u00e9l\u00e9brante fun\u00e9raire. L\u2019id\u00e9e est d\u2019ouvrir un espace de lib\u00e9ration de la parole. Les participants se retrouvent dans un lieu chaleureux. Le Caf\u00e9 mortel se poursuit autour d\u2019un verre pour faire de ce moment de partage une partie int\u00e9grante de la rencontre. Aussi chacun est invit\u00e9 \u00e0 apporter quelque chose \u00e0 grignoter. <\/span><\/p>\n<p><span style=\"font-size: large;\">Samedi 25 novembre \u00e0 14h&nbsp;: Pr\u00e9pare ta valise du grand d\u00e9part, atelier anim\u00e9 par No\u00e9mie Robert, pour exprimer ses volont\u00e9s fun\u00e9raires, histoire de laisser une boussole \u00e0 ceux qui restent\u2026 (inscription plus que conseill\u00e9e, les places sont tr\u00e8s limit\u00e9es, dur\u00e9e de l\u2019atelier&nbsp;: 3h)<\/span><\/p>\n","protected":false},"excerpt":{"rendered":"<p>La m\u00e9diath\u00e8que de M\u00e9zi\u00e8res-en-Brenne propose quatre animations entre le 4 et le 25 novembre. Exposition, rencontres-d\u00e9bats sur un th\u00e8me souvent d\u00e9licat \u00e0 aborder. L\u2019id\u00e9e \u00e9tant de faciliter l\u2019\u00e9change, de partager exp\u00e9riences et ressentis. \u00ab\u00a0Ne chantez pas la mort c\u2019est un sujet morbide, le mot seul jette un froid aussit\u00f4t qu\u2019il est dit. Les gens du&hellip;&nbsp;<a href=\"https:\/\/www.brenne-au-coeur.com\/index.php\/2023\/10\/28\/la-mort-et-si-on-en-parlait\/communes\/mezieres-en-brenne\/4918\/\" rel=\"bookmark\">Lire la suite&nbsp;&raquo;<span class=\"screen-reader-text\">La mort\u00a0? Et si on en parlait&nbsp;?<\/span><\/a><\/p>\n","protected":false},"author":1,"featured_media":4922,"comment_status":"open","ping_status":"open","sticky":false,"template":"","format":"standard","meta":{"rop_custom_images_group":[],"rop_custom_messages_group":[],"rop_publish_now":"initial","rop_publish_now_accounts":[],"rop_publish_now_history":[],"rop_publish_now_status":"pending","_monsterinsights_skip_tracking":false,"_monsterinsights_sitenote_active":false,"_monsterinsights_sitenote_note":"","_monsterinsights_sitenote_category":0,"neve_meta_sidebar":"","neve_meta_container":"","neve_meta_enable_content_width":"off","neve_meta_content_width":70,"neve_meta_title_alignment":"","neve_meta_author_avatar":"","neve_post_elements_order":"","neve_meta_disable_header":"","neve_meta_disable_footer":"","neve_meta_disable_title":"","_jetpack_memberships_contains_paid_content":false,"footnotes":"","jetpack_publicize_message":"","jetpack_publicize_feature_enabled":true,"jetpack_social_post_already_shared":true,"jetpack_social_options":{"image_generator_settings":{"template":"highway","default_image_id":0,"font":"","enabled":false},"version":2}},"categories":[59,12],"tags":[50,52,33],"class_list":["post-4918","post","type-post","status-publish","format-standard","has-post-thumbnail","hentry","category-mediatheque","category-mezieres-en-brenne","tag-artisanat","tag-exposition","tag-rencontres"],"aioseo_notices":[],"jetpack_publicize_connections":[],"jetpack_featured_media_url":"https:\/\/www.brenne-au-coeur.com\/wp-content\/uploads\/2023\/10\/Dia-de-los-Muertos.resized.jpg","jetpack-related-posts":[],"jetpack_sharing_enabled":true,"_links":{"self":[{"href":"https:\/\/www.brenne-au-coeur.com\/index.php\/wp-json\/wp\/v2\/posts\/4918","targetHints":{"allow":["GET"]}}],"collection":[{"href":"https:\/\/www.brenne-au-coeur.com\/index.php\/wp-json\/wp\/v2\/posts"}],"about":[{"href":"https:\/\/www.brenne-au-coeur.com\/index.php\/wp-json\/wp\/v2\/types\/post"}],"author":[{"embeddable":true,"href":"https:\/\/www.brenne-au-coeur.com\/index.php\/wp-json\/wp\/v2\/users\/1"}],"replies":[{"embeddable":true,"href":"https:\/\/www.brenne-au-coeur.com\/index.php\/wp-json\/wp\/v2\/comments?post=4918"}],"version-history":[{"count":1,"href":"https:\/\/www.brenne-au-coeur.com\/index.php\/wp-json\/wp\/v2\/posts\/4918\/revisions"}],"predecessor-version":[{"id":4924,"href":"https:\/\/www.brenne-au-coeur.com\/index.php\/wp-json\/wp\/v2\/posts\/4918\/revisions\/4924"}],"wp:featuredmedia":[{"embeddable":true,"href":"https:\/\/www.brenne-au-coeur.com\/index.php\/wp-json\/wp\/v2\/media\/4922"}],"wp:attachment":[{"href":"https:\/\/www.brenne-au-coeur.com\/index.php\/wp-json\/wp\/v2\/media?parent=4918"}],"wp:term":[{"taxonomy":"category","embeddable":true,"href":"https:\/\/www.brenne-au-coeur.com\/index.php\/wp-json\/wp\/v2\/categories?post=4918"},{"taxonomy":"post_tag","embeddable":true,"href":"https:\/\/www.brenne-au-coeur.com\/index.php\/wp-json\/wp\/v2\/tags?post=4918"}],"curies":[{"name":"wp","href":"https:\/\/api.w.org\/{rel}","templated":true}]}}