{"id":4903,"date":"2023-10-24T16:38:16","date_gmt":"2023-10-24T14:38:16","guid":{"rendered":"https:\/\/www.brenne-au-coeur.com\/?p=4903"},"modified":"2023-10-24T16:38:16","modified_gmt":"2023-10-24T14:38:16","slug":"les-pigeonniers-une-page-de-lhistoire-de-france","status":"publish","type":"post","link":"https:\/\/www.brenne-au-coeur.com\/index.php\/2023\/10\/24\/les-pigeonniers-une-page-de-lhistoire-de-france\/communes\/mezieres-en-brenne\/4903\/","title":{"rendered":"Les pigeonniers\u00a0: une page de l\u2019histoire de France"},"content":{"rendered":"<p><span style=\"font-size: large;\">Les colombiers de Brenne et de ses abords. Tel \u00e9tait le th\u00e8me de la conf\u00e9rence organis\u00e9 par l\u2019Association Culturelle Mac\u00e9rienne, vendredi 20 octobre \u00e0 la salle des f\u00eates de M\u00e9zi\u00e8res-en-Brenne, pr\u00e9sent\u00e9 par Patrick Grosjean, pr\u00e9sident de l\u2019Association des amis du Blanc et de sa r\u00e9gion. <\/span><\/p>\n<p>&nbsp;<\/p>\n<figure id=\"attachment_4908\" aria-describedby=\"caption-attachment-4908\" style=\"width: 225px\" class=\"wp-caption alignleft\"><a href=\"https:\/\/www.brenne-au-coeur.com\/wp-content\/uploads\/2023\/10\/pigeonniermezieres.resized.jpg\" rel=\"lightbox[4903]\"><img loading=\"lazy\" decoding=\"async\" class=\"wp-image-4908 size-medium\" src=\"https:\/\/www.brenne-au-coeur.com\/wp-content\/uploads\/2023\/10\/pigeonniermezieres.resized-225x300.jpg\" alt=\"\" width=\"225\" height=\"300\" srcset=\"https:\/\/www.brenne-au-coeur.com\/wp-content\/uploads\/2023\/10\/pigeonniermezieres.resized-225x300.jpg 225w, https:\/\/www.brenne-au-coeur.com\/wp-content\/uploads\/2023\/10\/pigeonniermezieres.resized-113x150.jpg 113w, https:\/\/www.brenne-au-coeur.com\/wp-content\/uploads\/2023\/10\/pigeonniermezieres.resized.jpg 346w\" sizes=\"auto, (max-width: 225px) 100vw, 225px\" \/><\/a><figcaption id=\"caption-attachment-4908\" class=\"wp-caption-text\">\u00a0L&rsquo;ancien pigeonnier de M\u00e9zi\u00e8res-en-Brenne<\/figcaption><\/figure>\n<p><span style=\"font-size: large;\">Au c\u0153ur du village de M\u00e9zi\u00e8res-en-Brenne, face \u00e0 la Mairie, s\u2019\u00e9l\u00e8ve une tour, rare vestige du ch\u00e2teau. Parmi les passants qui pr\u00eatent attention \u00e0 cet \u00e9difice, bien peu sans doute, imaginent qu\u2019il fut am\u00e9nag\u00e9 en pigeonnier. Aujourd\u2019hui passer de mode, ce type de construction est devenu marginal et peu accessible, car conserv\u00e9 pour l\u2019essentiel dans des propri\u00e9t\u00e9s priv\u00e9es. Pourtant les pigeonniers ou colombiers ( deux termes synonymes) ont connu leurs heures de gloires, pour l\u2019essentiel entre le 15<sup>e<\/sup> et 17<sup>e<\/sup> si\u00e8cle. Environ 42000 ont \u00e9t\u00e9 construits sous l\u2019ancien r\u00e9gime. <\/span><\/p>\n<p><span style=\"font-size: large;\">\u00ab<i>\u00a0Tous les seigneurs en voulaient\u00a0<\/i>\u00bb, a expliqu\u00e9 Patrick Grosjean. \u00c0 cette expansion quasi-fr\u00e9n\u00e9tique, plusieurs raisons. L\u2019aspect alimentaire \u00e9tait non n\u00e9gligeable. La viande de pigeonneaux, pr\u00e9sentait un attrait, gr\u00e2ce \u00e0 sa finesse. Les colombiers permettaient \u00e9galement de r\u00e9cup\u00e9rer un engrais recherch\u00e9. La fiente de pigeon est reconnue pour sa qualit\u00e9. La possession de pigeonniers constituait par ailleurs, un marqueur social. Elle indiquait le niveau de fortune de la grande bourgeoisie naissante. Les nouveaux riches de l\u2019\u00e9poque. R\u00e9serv\u00e9s \u00e0 une certaine caste de la soci\u00e9t\u00e9, ce n\u2019est pas un hasard si leur d\u00e9veloppement connut une interruption brutale le 4 ao\u00fbt 1789, avec l\u2019abolition des privil\u00e8ges.<\/span><\/p>\n<p><span style=\"font-size: large;\">Plus tard, \u00e0 partir du 18<sup>e<\/sup> si\u00e8cle, l\u2019\u00e9levage de pigeons voyageurs a \u00e9t\u00e9 mis en valeur pour un usage militaire. <\/span><\/p>\n<p><span style=\"font-size: large;\"><img loading=\"lazy\" decoding=\"async\" class=\"size-full wp-image-4906 alignright\" src=\"https:\/\/www.brenne-au-coeur.com\/wp-content\/uploads\/2023\/10\/pigeonnier-2.resized.jpg\" alt=\"\" width=\"299\" height=\"299\" srcset=\"https:\/\/www.brenne-au-coeur.com\/wp-content\/uploads\/2023\/10\/pigeonnier-2.resized.jpg 299w, https:\/\/www.brenne-au-coeur.com\/wp-content\/uploads\/2023\/10\/pigeonnier-2.resized-150x150.jpg 150w, https:\/\/www.brenne-au-coeur.com\/wp-content\/uploads\/2023\/10\/pigeonnier-2.resized-45x45.jpg 45w\" sizes=\"auto, (max-width: 299px) 100vw, 299px\" \/>Si l\u2019engouement pour ces volatiles fut g\u00e9n\u00e9ral, l\u2019implantation des pigeonniers est remarquable en particulier dans le sud. P\u00e9rigord, Quercy, Languedoc notamment.<\/span><\/p>\n<p><span style=\"font-size: large;\">\u00ab\u00a0<i>Il en existe aussi dans d\u2019autres r\u00e9gions. En Normandie, en Touraine et dans le Poitou\u00a0\u00bb a pr\u00e9cis\u00e9 le conf\u00e9rencier. \u00ab\u00a0Le c\u0153ur de la Brenne n\u2019est pas l<\/i><i>e lieu<\/i><i> o\u00f9 ces \u00e9difices ont \u00e9t\u00e9 b\u00e2tis en grand nombre\u00a0<\/i>\u00bb, a-t-il poursuivi.<\/span><\/p>\n<p><span style=\"font-size: large;\">La raison tient \u00e0 la nature du terrain de la r\u00e9gion aux mille \u00e9tangs, peu propice aux cultures indispensables \u00e0 l\u2019\u00e9levage des pigeons. Les pigeonniers sont plus fr\u00e9quents, sur le sol des contr\u00e9es limitrophes du Poitou et de la Touraine.<\/span><\/p>\n<p><span style=\"font-size: large;\">\u00ab&nbsp;<i>L\u2019existence plus marqu\u00e9e de colombiers aux abords de la Brenne, explique d\u2019ailleurs le titre de cette conf\u00e9rence<\/i>\u00a0\u00bb, a soulign\u00e9 Patrick Grosjean. <\/span><\/p>\n<p><span style=\"font-size: large;\">Quel que soit le territoire, les types de pigeonniers pr\u00e9sentent des caract\u00e8res communs et des diff\u00e9rences. Vari\u00e9t\u00e9s et similitudes pour lesquelles le conf\u00e9rencier a consacr\u00e9 une partie de son expos\u00e9. Les boulins (cavit\u00e9s dans lesquelles se logent les pigeons), sont toujours creus\u00e9s dans les murs, align\u00e9s par rang\u00e9es r\u00e9guli\u00e8res. <\/span><\/p>\n<p><span style=\"font-size: large;\">\u00ab&nbsp;<i>Il existe deux dispositions, note Patrick Grosjean. Des pigeonniers dits de pied. Les boulins sont positionn\u00e9s \u00e0 partir du sol. Et ceux dits d\u2019\u00e9tages. Les premi\u00e8res lignes se trouvant plus en hauteur<\/i>.\u00a0\u00bb <\/span><\/p>\n<p><span style=\"font-size: large;\">Au cours de son propos, le pr\u00e9sident de l\u2019association des amis du Blanc, lui-m\u00eame propri\u00e9taire d\u2019un colombier, a expliqu\u00e9 les conditions d\u2019exploitation et les diverses techniques pratiqu\u00e9es.<\/span><\/p>\n<p><span style=\"font-size: large;\"><img loading=\"lazy\" decoding=\"async\" class=\" wp-image-4904 alignleft\" src=\"https:\/\/www.brenne-au-coeur.com\/wp-content\/uploads\/2023\/10\/interieur-dun-pigeonnier.resized.jpg\" alt=\"\" width=\"233\" height=\"302\" srcset=\"https:\/\/www.brenne-au-coeur.com\/wp-content\/uploads\/2023\/10\/interieur-dun-pigeonnier.resized.jpg 162w, https:\/\/www.brenne-au-coeur.com\/wp-content\/uploads\/2023\/10\/interieur-dun-pigeonnier.resized-116x150.jpg 116w\" sizes=\"auto, (max-width: 233px) 100vw, 233px\" \/>Si l\u2019am\u00e9nagement int\u00e9rieur est tr\u00e8s ressemblant, la forme des \u00e9difices varie. Elles sont souvent cylindriques ou carr\u00e9es, parfois polygonales. De m\u00eame les mat\u00e9riaux employ\u00e9s sont, selon les cas, en briques, en gr\u00e8s ou en ardoise. <\/span><\/p>\n<p><span style=\"font-size: large;\">Diaporama \u00e0 l\u2019appui, l\u2019assistance a pu mesurer la qualit\u00e9 esth\u00e9tique de ces architectures, au-del\u00e0 de leur aspect purement utilitaire. <\/span><\/p>\n<p><span style=\"font-size: large;\">Certaines constructions, parmi les plus anciennes, sont encore accessibles aujourd\u2019hui. Patrick Grosjean en a pr\u00e9sent\u00e9 quelques-unes.<\/span><\/p>\n<p><span style=\"font-size: large;\">Celles, du prieur\u00e9 de Puychevier \u00e0 M\u00e9rigny datant du 15<sup>e<\/sup> si\u00e8cle, des vieux Cottets \u00e0 Saint-Pierre de Maill\u00e9, de l\u2019h\u00f4tel Ch\u00e2tillon de Villemorand, au Blanc.<\/span><\/p>\n<p><span style=\"font-size: large;\">Elles t\u00e9moignent toutes, des modes de vie, de la consommation et de l\u2019organisation de la soci\u00e9t\u00e9 qui marqu\u00e8rent une \u00e9poque significative de l\u2019histoire de notre pays. <\/span><\/p>\n","protected":false},"excerpt":{"rendered":"<p>Les colombiers de Brenne et de ses abords. Tel \u00e9tait le th\u00e8me de la conf\u00e9rence organis\u00e9 par l\u2019Association Culturelle Mac\u00e9rienne, vendredi 20 octobre \u00e0 la salle des f\u00eates de M\u00e9zi\u00e8res-en-Brenne, pr\u00e9sent\u00e9 par Patrick Grosjean, pr\u00e9sident de l\u2019Association des amis du Blanc et de sa r\u00e9gion. &nbsp; Au c\u0153ur du village de M\u00e9zi\u00e8res-en-Brenne, face \u00e0 la&hellip;&nbsp;<a href=\"https:\/\/www.brenne-au-coeur.com\/index.php\/2023\/10\/24\/les-pigeonniers-une-page-de-lhistoire-de-france\/communes\/mezieres-en-brenne\/4903\/\" rel=\"bookmark\">Lire la suite&nbsp;&raquo;<span class=\"screen-reader-text\">Les pigeonniers\u00a0: une page de l\u2019histoire de France<\/span><\/a><\/p>\n","protected":false},"author":1,"featured_media":4905,"comment_status":"open","ping_status":"open","sticky":false,"template":"","format":"standard","meta":{"rop_custom_images_group":[],"rop_custom_messages_group":[],"rop_publish_now":"initial","rop_publish_now_accounts":[],"rop_publish_now_history":[],"rop_publish_now_status":"pending","_monsterinsights_skip_tracking":false,"_monsterinsights_sitenote_active":false,"_monsterinsights_sitenote_note":"","_monsterinsights_sitenote_category":0,"neve_meta_sidebar":"","neve_meta_container":"","neve_meta_enable_content_width":"off","neve_meta_content_width":70,"neve_meta_title_alignment":"","neve_meta_author_avatar":"","neve_post_elements_order":"","neve_meta_disable_header":"","neve_meta_disable_footer":"","neve_meta_disable_title":"","_jetpack_memberships_contains_paid_content":false,"footnotes":"","jetpack_publicize_message":"","jetpack_publicize_feature_enabled":true,"jetpack_social_post_already_shared":true,"jetpack_social_options":{"image_generator_settings":{"template":"highway","default_image_id":0,"font":"","enabled":false},"version":2}},"categories":[12],"tags":[84,49],"class_list":["post-4903","post","type-post","status-publish","format-standard","has-post-thumbnail","hentry","category-mezieres-en-brenne","tag-conference","tag-histoire"],"aioseo_notices":[],"jetpack_publicize_connections":[],"jetpack_featured_media_url":"https:\/\/www.brenne-au-coeur.com\/wp-content\/uploads\/2023\/10\/pigeonnier-1.resized.jpg","jetpack-related-posts":[],"jetpack_sharing_enabled":true,"_links":{"self":[{"href":"https:\/\/www.brenne-au-coeur.com\/index.php\/wp-json\/wp\/v2\/posts\/4903","targetHints":{"allow":["GET"]}}],"collection":[{"href":"https:\/\/www.brenne-au-coeur.com\/index.php\/wp-json\/wp\/v2\/posts"}],"about":[{"href":"https:\/\/www.brenne-au-coeur.com\/index.php\/wp-json\/wp\/v2\/types\/post"}],"author":[{"embeddable":true,"href":"https:\/\/www.brenne-au-coeur.com\/index.php\/wp-json\/wp\/v2\/users\/1"}],"replies":[{"embeddable":true,"href":"https:\/\/www.brenne-au-coeur.com\/index.php\/wp-json\/wp\/v2\/comments?post=4903"}],"version-history":[{"count":1,"href":"https:\/\/www.brenne-au-coeur.com\/index.php\/wp-json\/wp\/v2\/posts\/4903\/revisions"}],"predecessor-version":[{"id":4909,"href":"https:\/\/www.brenne-au-coeur.com\/index.php\/wp-json\/wp\/v2\/posts\/4903\/revisions\/4909"}],"wp:featuredmedia":[{"embeddable":true,"href":"https:\/\/www.brenne-au-coeur.com\/index.php\/wp-json\/wp\/v2\/media\/4905"}],"wp:attachment":[{"href":"https:\/\/www.brenne-au-coeur.com\/index.php\/wp-json\/wp\/v2\/media?parent=4903"}],"wp:term":[{"taxonomy":"category","embeddable":true,"href":"https:\/\/www.brenne-au-coeur.com\/index.php\/wp-json\/wp\/v2\/categories?post=4903"},{"taxonomy":"post_tag","embeddable":true,"href":"https:\/\/www.brenne-au-coeur.com\/index.php\/wp-json\/wp\/v2\/tags?post=4903"}],"curies":[{"name":"wp","href":"https:\/\/api.w.org\/{rel}","templated":true}]}}