{"id":49,"date":"2022-02-04T14:14:25","date_gmt":"2022-02-04T13:14:25","guid":{"rendered":"http:\/\/www.brenne-au-coeur.com\/?p=49"},"modified":"2022-05-15T09:23:28","modified_gmt":"2022-05-15T07:23:28","slug":"conquis-par-la-brenne","status":"publish","type":"post","link":"https:\/\/www.brenne-au-coeur.com\/index.php\/2022\/02\/04\/conquis-par-la-brenne\/communes\/martizay\/49\/","title":{"rendered":"Conquis par la Brenne"},"content":{"rendered":"<figure id=\"attachment_584\" aria-describedby=\"caption-attachment-584\" style=\"width: 184px\" class=\"wp-caption alignleft\"><a href=\"https:\/\/www.brenne-au-coeur.com\/wp-content\/uploads\/2022\/04\/Daniel_Orts_Oiseau_01_site-186x300.jpg\" rel=\"lightbox[49]\"><img loading=\"lazy\" decoding=\"async\" class=\"wp-image-584\" src=\"https:\/\/www.brenne-au-coeur.com\/wp-content\/uploads\/2022\/04\/Daniel_Orts_Oiseau_01_site-186x300.jpg\" alt=\"\" width=\"184\" height=\"296\" \/><\/a><figcaption id=\"caption-attachment-584\" class=\"wp-caption-text\">Daniel Orts \u00a9\ufe0f<\/figcaption><\/figure>\n<p><span style=\"font-size: large;\">Conquis par la Brenne et la richesse de sa faune, cet Aveyronnais <\/span><span style=\"font-size: large;\">s\u2019<\/span><span style=\"font-size: large;\">est install\u00e9 \u00e0 Martizay depuis 2018. Il a tout derni\u00e8rement expos\u00e9 <\/span><span style=\"font-size: large;\">s<\/span><span style=\"font-size: large;\">es photographies \u00e0 la m\u00e9diath\u00e8que d\u2019Azay-le-Ferron, <\/span><span style=\"font-size: large;\">et propos\u00e9 <\/span><span style=\"font-size: large;\">une rencontre <\/span><span style=\"font-size: large;\">aux visiteurs<\/span><span style=\"font-size: large;\">, <\/span><span style=\"font-size: large;\">afin de<\/span> <span style=\"font-size: large;\">prodigu<\/span><span style=\"font-size: large;\">er<\/span><span style=\"font-size: large;\"> quelques conseils. <\/span><\/p>\n<p><span style=\"font-size: large;\">L<\/span><span style=\"font-size: large;\">es photos des animaux sauvages pris <\/span><span style=\"font-size: large;\">dans leur milieu naturel ont toujours quelque chose de magique et de fascinant. Les clich\u00e9s de Daniel Orts pr\u00e9sent\u00e9s \u00e0 la m\u00e9diath\u00e8que d\u2019Azay, ne d\u00e9rogent pas \u00e0 la r\u00e8gle. Le visiteur <\/span><span style=\"font-size: large;\">a pu <\/span><span style=\"font-size: large;\">partag<\/span><span style=\"font-size: large;\">er<\/span><span style=\"font-size: large;\"> en un coup d\u2019\u0153il, la vie d\u2019un martin p\u00eacheur sur un arbre, d\u2019une guifette moustac en plein vol, d\u2019un cerf <\/span><span style=\"font-size: large;\">\u00e0<\/span><span style=\"font-size: large;\"> l\u2019or\u00e9e d\u2019un bois. L\u2019exposition a plong\u00e9 le public au c\u0153ur d<\/span><span style=\"font-size: large;\">e la<\/span><span style=\"font-size: large;\"> nature brennouse et d<\/span><span style=\"font-size: large;\">e sa<\/span><span style=\"font-size: large;\"> faune riche et vari\u00e9e, <\/span><span style=\"font-size: large;\">mais difficile \u00e0 approcher. Observer quelques secondes, <\/span><span style=\"font-size: large;\">au cours d\u2019une promenade,<\/span><span style=\"font-size: large;\"> un \u00e9cureuil ou un chevreuil est <\/span><span style=\"font-size: large;\">souvent r\u00e9serv\u00e9 aux chanceux<\/span><span style=\"font-size: large;\">. <\/span><span style=\"font-size: large;\">Alors, les saisir dans l\u2019objectif d\u2019un appareil photo, rel\u00e8ve pour les non-initi\u00e9s, de l\u2019exploit. Comment s\u2019y prendre donc, pour r\u00e9aliser de telles prises de vue\u00a0? <\/span><span style=\"font-size: large;\">En r\u00e9ponse \u00e0 <\/span><span style=\"font-size: large;\">cette simple question, aucune formule magique.<\/span><\/p>\n<figure id=\"attachment_583\" aria-describedby=\"caption-attachment-583\" style=\"width: 300px\" class=\"wp-caption alignright\"><a href=\"https:\/\/www.brenne-au-coeur.com\/wp-content\/uploads\/2022\/04\/Daniel_Orts_Lapin_site.jpg\" rel=\"lightbox[49]\"><img loading=\"lazy\" decoding=\"async\" class=\"wp-image-583 size-medium\" src=\"https:\/\/www.brenne-au-coeur.com\/wp-content\/uploads\/2022\/04\/Daniel_Orts_Lapin_site-300x186.jpg\" alt=\"\" width=\"300\" height=\"186\" srcset=\"https:\/\/www.brenne-au-coeur.com\/wp-content\/uploads\/2022\/04\/Daniel_Orts_Lapin_site-300x186.jpg 300w, https:\/\/www.brenne-au-coeur.com\/wp-content\/uploads\/2022\/04\/Daniel_Orts_Lapin_site-1024x633.jpg 1024w, https:\/\/www.brenne-au-coeur.com\/wp-content\/uploads\/2022\/04\/Daniel_Orts_Lapin_site-768x475.jpg 768w, https:\/\/www.brenne-au-coeur.com\/wp-content\/uploads\/2022\/04\/Daniel_Orts_Lapin_site.jpg 1200w\" sizes=\"auto, (max-width: 300px) 100vw, 300px\" \/><\/a><figcaption id=\"caption-attachment-583\" class=\"wp-caption-text\">Daniel Orts \u00a9\ufe0f<\/figcaption><\/figure>\n<p><span style=\"font-size: large;\">Daniel Orts a <\/span><span style=\"font-size: large;\">sug<\/span><span style=\"font-size: large;\">g<\/span><span style=\"font-size: large;\">\u00e9r\u00e9<\/span><span style=\"font-size: large;\"> une s\u00e9rie de conseils, <\/span><span style=\"font-size: large;\">r\u00e9<\/span><span style=\"font-size: large;\">sum\u00e9<\/span><span style=\"font-size: large;\">s<\/span> <span style=\"font-size: large;\">en<\/span> <span style=\"font-size: large;\">deux ma\u00eetres mots\u00a0: <\/span><span style=\"font-size: large;\">connaissance et <\/span><span style=\"font-size: large;\">pers\u00e9v\u00e9rance. <\/span><span style=\"font-size: large;\">Il<\/span><span style=\"font-size: large;\">s concernent tout autant, la pratique <\/span><span style=\"font-size: large;\">photographique <\/span><span style=\"font-size: large;\">que <\/span><span style=\"font-size: large;\">la nature et les esp\u00e8ces <\/span><span style=\"font-size: large;\">vis\u00e9es<\/span><span style=\"font-size: large;\">. <\/span><span style=\"font-size: large;\">Car p<\/span><span style=\"font-size: large;\">hotographier des animaux <\/span><span style=\"font-size: large;\">demande une connaissance de leur mode de vie. \u00ab\u00a0Il faut savoir s\u2019immerger dans leur monde, en les d\u00e9rangeant le moins possible\u00a0\u00bb, insiste Daniel. Pour cela, il \u00e9graine <\/span><span style=\"font-size: large;\">des principes \u00e0 ne pas oublier. Ne pas s\u2019approcher trop pr\u00e8s des animaux. <\/span><span style=\"font-size: large;\">\u00c9viter de progresser dans le sens du vent.<\/span><span style=\"font-size: large;\"> Tenir compte des sp\u00e9cificit\u00e9s des diff\u00e9rentes esp\u00e8ces. De leur sensibilit\u00e9 acoustique, de leur perception au rayonnement \u00e9lectro magn\u00e9tique, <\/span><span style=\"font-size: large;\">notamment<\/span><span style=\"font-size: large;\">. <\/span><span style=\"font-size: large;\">Le d\u00e9placement, dans les zones habit\u00e9es par les animaux, ne s\u2019improvise pas, tout comme l\u2019autre technique qui consiste de se mettre \u00e0 l\u2019aff\u00fbt. L\u00e0 encore pour un abri efficace, <\/span><span style=\"font-size: large;\">pas de secrets, des basiques \u00e0 retenir\u00a0:<\/span><span style=\"font-size: large;\"> mat\u00e9riel et v\u00eatements de camouflage sont de rigueur. \u00ab\u00a0N\u2019h\u00e9sitez pas \u00e0 utiliser votre voiture pour en faire un lieu d\u2019observation\u00a0\u00bb, c<\/span><span style=\"font-size: large;\">onseille<\/span><span style=\"font-size: large;\"> Daniel Orts. <\/span><span style=\"font-size: large;\">Si la capture d\u2019image animali\u00e8re est assimil\u00e9e la plupart du temps aux \u00e9volutions d\u2019esp\u00e8ces en libert\u00e9, le photographe a rappel\u00e9 qu\u2019elle peut aussi se concevoir par la visite de parcs zoologiques ou parmi les animaux domestiques qui nous entourent. Un \u0153il attentif est en mesure de <\/span><span style=\"font-size: large;\">fixer<\/span><span style=\"font-size: large;\"> nos compagnons dans des attitudes <\/span><span style=\"font-size: large;\">surprenantes. <\/span><span style=\"font-size: large;\">Dans tous les cas, la qualit\u00e9 des clich\u00e9s r\u00e9sulte d\u2019une pratique r\u00e9guli\u00e8re. \u00ab\u00a0Elle suppose aussi, note Daniel, de s\u2019interroger pr\u00e9alablement sur le sens que nous voulons donner \u00e0 la photo. Correspond-elle \u00e0 une recherche d\u2019ambiance, d\u2019attitude, ou de lumi\u00e8re\u00a0?\u00a0\u00bb.<\/span><\/p>\n<figure id=\"attachment_582\" aria-describedby=\"caption-attachment-582\" style=\"width: 300px\" class=\"wp-caption alignleft\"><a href=\"https:\/\/www.brenne-au-coeur.com\/wp-content\/uploads\/2022\/04\/Daniel_Orts_Cerfs_site.jpg\" rel=\"lightbox[49]\"><img loading=\"lazy\" decoding=\"async\" class=\"wp-image-582 size-medium\" src=\"https:\/\/www.brenne-au-coeur.com\/wp-content\/uploads\/2022\/04\/Daniel_Orts_Cerfs_site-300x186.jpg\" alt=\"\" width=\"300\" height=\"186\" srcset=\"https:\/\/www.brenne-au-coeur.com\/wp-content\/uploads\/2022\/04\/Daniel_Orts_Cerfs_site-300x186.jpg 300w, https:\/\/www.brenne-au-coeur.com\/wp-content\/uploads\/2022\/04\/Daniel_Orts_Cerfs_site-1024x633.jpg 1024w, https:\/\/www.brenne-au-coeur.com\/wp-content\/uploads\/2022\/04\/Daniel_Orts_Cerfs_site-768x475.jpg 768w, https:\/\/www.brenne-au-coeur.com\/wp-content\/uploads\/2022\/04\/Daniel_Orts_Cerfs_site.jpg 1200w\" sizes=\"auto, (max-width: 300px) 100vw, 300px\" \/><\/a><figcaption id=\"caption-attachment-582\" class=\"wp-caption-text\">Daniel Orts \u00a9\ufe0f<\/figcaption><\/figure>\n<p><span style=\"font-size: large;\">Cette r\u00e9flexion sur la finalit\u00e9 de la photo, ce savoir-faire, peut \u00eatre renforc\u00e9e par une indispensable culture de la photo. Daniel Orts invite les amateurs de photographie \u00e0 approfondir leur connaissance par la lecture de revues, de livres, la visite d\u2019expositions. Comme pour de nombreuses disciplines, la photo r\u00e9clame formation et information, disponibles sur internet. Elles concernent tout particuli\u00e8rement le mat\u00e9riel qu\u2019il faut choisir avec soin. Ce loisir n\u00e9cessite un mat\u00e9riel de qualit\u00e9, mais qu\u2019il faut adapter aux besoins r\u00e9els. \u00ab\u00a0Lorsque l\u2019on s\u2019initie \u00e0 la photo, il ne sert \u00e0 rien de se sur\u00e9quiper en investissant plusieurs milliers d\u2019euros. La technique en elle-m\u00eame ne fait pas le bon photographe\u00a0\u00bb. On l\u2019aura compris, la photographie animali\u00e8re est exigeante. Elle procure beaucoup de joie et de satisfaction aux amoureux de la nature si le pratiquant sait emprunter le chemin de la connaissance et de la patience. <\/span><\/p>\n<p><span style=\"font-size: large;\">\u00a0<\/span><\/p>\n","protected":false},"excerpt":{"rendered":"<p>Conquis par la Brenne et la richesse de sa faune, cet Aveyronnais s\u2019est install\u00e9 \u00e0 Martizay depuis 2018. Il a tout derni\u00e8rement expos\u00e9 ses photographies \u00e0 la m\u00e9diath\u00e8que d\u2019Azay-le-Ferron, et propos\u00e9 une rencontre aux visiteurs, afin de prodiguer quelques conseils. Les photos des animaux sauvages pris dans leur milieu naturel ont toujours quelque chose de&hellip;&nbsp;<a href=\"https:\/\/www.brenne-au-coeur.com\/index.php\/2022\/02\/04\/conquis-par-la-brenne\/communes\/martizay\/49\/\" rel=\"bookmark\">Lire la suite&nbsp;&raquo;<span class=\"screen-reader-text\">Conquis par la Brenne<\/span><\/a><\/p>\n","protected":false},"author":1,"featured_media":673,"comment_status":"open","ping_status":"open","sticky":false,"template":"","format":"standard","meta":{"rop_custom_images_group":[],"rop_custom_messages_group":[],"rop_publish_now":"initial","rop_publish_now_accounts":[],"rop_publish_now_history":[],"rop_publish_now_status":"pending","_monsterinsights_skip_tracking":false,"_monsterinsights_sitenote_active":false,"_monsterinsights_sitenote_note":"","_monsterinsights_sitenote_category":0,"neve_meta_sidebar":"","neve_meta_container":"","neve_meta_enable_content_width":"off","neve_meta_content_width":70,"neve_meta_title_alignment":"","neve_meta_author_avatar":"","neve_post_elements_order":"","neve_meta_disable_header":"","neve_meta_disable_footer":"","neve_meta_disable_title":"","_jetpack_memberships_contains_paid_content":false,"footnotes":"","jetpack_publicize_message":"","jetpack_publicize_feature_enabled":true,"jetpack_social_post_already_shared":false,"jetpack_social_options":{"image_generator_settings":{"template":"highway","default_image_id":0,"font":"","enabled":false},"version":2}},"categories":[11],"tags":[27],"class_list":["post-49","post","type-post","status-publish","format-standard","has-post-thumbnail","hentry","category-martizay","tag-nature"],"aioseo_notices":[],"jetpack_publicize_connections":[],"jetpack_featured_media_url":"https:\/\/www.brenne-au-coeur.com\/wp-content\/uploads\/2022\/04\/Daniel_Orts_Oiseau_01_site.jpg","jetpack-related-posts":[],"jetpack_sharing_enabled":true,"_links":{"self":[{"href":"https:\/\/www.brenne-au-coeur.com\/index.php\/wp-json\/wp\/v2\/posts\/49","targetHints":{"allow":["GET"]}}],"collection":[{"href":"https:\/\/www.brenne-au-coeur.com\/index.php\/wp-json\/wp\/v2\/posts"}],"about":[{"href":"https:\/\/www.brenne-au-coeur.com\/index.php\/wp-json\/wp\/v2\/types\/post"}],"author":[{"embeddable":true,"href":"https:\/\/www.brenne-au-coeur.com\/index.php\/wp-json\/wp\/v2\/users\/1"}],"replies":[{"embeddable":true,"href":"https:\/\/www.brenne-au-coeur.com\/index.php\/wp-json\/wp\/v2\/comments?post=49"}],"version-history":[{"count":0,"href":"https:\/\/www.brenne-au-coeur.com\/index.php\/wp-json\/wp\/v2\/posts\/49\/revisions"}],"wp:featuredmedia":[{"embeddable":true,"href":"https:\/\/www.brenne-au-coeur.com\/index.php\/wp-json\/wp\/v2\/media\/673"}],"wp:attachment":[{"href":"https:\/\/www.brenne-au-coeur.com\/index.php\/wp-json\/wp\/v2\/media?parent=49"}],"wp:term":[{"taxonomy":"category","embeddable":true,"href":"https:\/\/www.brenne-au-coeur.com\/index.php\/wp-json\/wp\/v2\/categories?post=49"},{"taxonomy":"post_tag","embeddable":true,"href":"https:\/\/www.brenne-au-coeur.com\/index.php\/wp-json\/wp\/v2\/tags?post=49"}],"curies":[{"name":"wp","href":"https:\/\/api.w.org\/{rel}","templated":true}]}}